{"id":91888,"date":"2022-08-12T22:10:29","date_gmt":"2022-08-12T22:10:29","guid":{"rendered":"https:\/\/www.nettali.com\/?p=91888"},"modified":"2022-08-12T22:23:22","modified_gmt":"2022-08-12T22:23:22","slug":"diplomate-senegalaise-violentee-la-version-de-lambassade-du-senegal-au-canada","status":"publish","type":"post","link":"https:\/\/www.nettali.com\/2022\/08\/12\/diplomate-senegalaise-violentee-la-version-de-lambassade-du-senegal-au-canada\/","title":{"rendered":"DIPLOMATE S\u00c9N\u00c9GALAISE \u00a0VIOLENT\u00c9E \u2013 La version de l\u2019ambassade du S\u00e9n\u00e9gal au Canada"},"content":{"rendered":"<p><strong>NETTALI.COM - L\u2019arrestation, dont les circonstances encore troubles font l\u2019objet d\u2019une enqu\u00eate de la police des polices qu\u00e9b\u00e9coise, avait suscit\u00e9 l\u2019indignation de Dakar.<\/strong><\/p>\n<p>Selon les m\u00e9dias canadiens, la diplomate s\u00e9n\u00e9galaise devait plus de 45\u00a0000\u00a0dollars canadiens (34\u00a0000\u00a0euros) de dommages \u00e0 son propri\u00e9taire pour avoir gravement d\u00e9t\u00e9rior\u00e9 son logement.<\/p>\n<p>Une ordonnance du tribunal administratif du logement, exploit\u00e9 lundi 8\u00a0ao\u00fbt, par Radio-Canada notait que la diplomate s\u00e9n\u00e9galaise avait \u00e9t\u00e9 condamn\u00e9e le 2\u00a0juin pour\u00a0<em>\u00ab\u00a0loyer non pay\u00e9\u00a0\u00bb<\/em>\u00a0et\u00a0<em>\u00ab\u00a0dommages-int\u00e9r\u00eats pour dommages au logement\u00bb<\/em>.<\/p>\n<p>L\u2019ambassade du S\u00e9n\u00e9gal au Canada explique que contrairement \u00e0 ce qui a \u00e9t\u00e9 relat\u00e9 par la presse, la S\u00e9n\u00e9galaise et plut\u00f4t une victime dans cette affaire (Voir la lettre d\u2019explication ci-jointe)<\/p>\n<p>Le 2 Ao\u00fbt dernier, la police Canadienne a fait une descente d'une rare violence au domicile d'une diplomate s\u00e9n\u00e9galaise, si on en croit la note du . En effet, d\u2019apr\u00e8s minist\u00e8re des Affaires \u00e9trang\u00e8res et des S\u00e9n\u00e9galais de l\u2019Ext\u00e9rieur, c'est \"<em style=\"font-weight: inherit;\">au cours de cette op\u00e9ration, que la police canadienne a exerc\u00e9 sur la diplomate une violence physique et morale humiliante, devant t\u00e9moins, et en pr\u00e9sence de ses enfants mineurs.\"<\/em><\/p>\n<p><em style=\"font-weight: inherit;\">\"Malgr\u00e9 le rappel du statut de diplomate de la victime et de l'inviolabilit\u00e9 de son domicile, les \u00e9l\u00e9ments de la police canadienne l'ont menott\u00e9e et sauvagement tabass\u00e9e, au point qu'elle a du mal \u00e0 respirer, ce qui a conduit son \u00e9vacuation par ambulance \u00e0 l'h\u00f4pital<\/em>\u201d, se d\u00e9sole le MAESE.<\/p>\n<p>Devant \"<em style=\"font-weight: inherit;\">ces faits inacceptables et injustifiables, le minist\u00e8re des Affaires \u00e9trang\u00e8res et des S\u00e9n\u00e9galais de l\u2019Ext\u00e9rieur a imm\u00e9diatement convoqu\u00e9 la Charg\u00e9e d\u2019affaires de l\u2019Ambassade du Canada \u00e0 Dakar pour d\u00e9noncer vigoureusement et condamner fermement cet acte raciste et barbare\"<\/em>.<\/p>\n<p>Aussi, une note de protestation a \u00e9t\u00e9 envoy\u00e9e aux autorit\u00e9s canadiennes via l'ambassade du Canada \u00e0 Dakar et celle du S\u00e9n\u00e9gal \u00e0 Ottawa. Le S\u00e9n\u00e9gal a aussi exig\u00e9 \u201cqu'une enqu\u00eate soit diligent\u00e9e sans d\u00e9lai et que des poursuites soient men\u00e9es contre les auteurs de cette agression inadmissible.\u201d<\/p>\n<p>Le MAESE indique que le S\u00e9n\u00e9gal se r\u00e9serve \"<em style=\"font-weight: inherit;\">le droit d'exercer toute autre action appropri\u00e9e et demande incessamment aux autorit\u00e9s canadiennes de veiller <\/em><em style=\"font-weight: inherit;\">\u00e0 ce que pareils actes ne se reproduisent<\/em>\".<\/p>\n\n\t\t<style type=\"text\/css\">\n\t\t\t#gallery-1 {\n\t\t\t\tmargin: auto;\n\t\t\t}\n\t\t\t#gallery-1 .gallery-item {\n\t\t\t\tfloat: left;\n\t\t\t\tmargin-top: 10px;\n\t\t\t\ttext-align: center;\n\t\t\t\twidth: 100%;\n\t\t\t}\n\t\t\t#gallery-1 img {\n\t\t\t\tborder: 2px solid #cfcfcf;\n\t\t\t}\n\t\t\t#gallery-1 .gallery-caption {\n\t\t\t\tmargin-left: 0;\n\t\t\t}\n\t\t\t\/* see gallery_shortcode() in wp-includes\/media.php *\/\n\t\t<\/style>\n\t\t<div id='gallery-1' class='gallery galleryid-91888 gallery-columns-1 gallery-size-full'><dl class='gallery-item'>\n\t\t\t<dt class='gallery-icon portrait'>\n\t\t\t\t<a href='https:\/\/www.nettali.com\/2022\/08\/12\/diplomate-senegalaise-violentee-la-version-de-lambassade-du-senegal-au-canada\/1-19\/'><img width=\"720\" height=\"952\" src=\"https:\/\/www.nettali.com\/wp-content\/uploads\/2022\/08\/1-2.jpeg\" class=\"attachment-full size-full\" alt=\"\" loading=\"lazy\" srcset=\"https:\/\/www.nettali.com\/wp-content\/uploads\/2022\/08\/1-2.jpeg 720w, https:\/\/www.nettali.com\/wp-content\/uploads\/2022\/08\/1-2-227x300.jpeg 227w\" sizes=\"(max-width: 720px) 100vw, 720px\" \/><\/a>\n\t\t\t<\/dt><\/dl><br style=\"clear: both\" \/><dl class='gallery-item'>\n\t\t\t<dt class='gallery-icon portrait'>\n\t\t\t\t<a href='https:\/\/www.nettali.com\/2022\/08\/12\/diplomate-senegalaise-violentee-la-version-de-lambassade-du-senegal-au-canada\/2-21\/'><img width=\"720\" height=\"942\" src=\"https:\/\/www.nettali.com\/wp-content\/uploads\/2022\/08\/2-2.jpeg\" class=\"attachment-full size-full\" alt=\"\" loading=\"lazy\" srcset=\"https:\/\/www.nettali.com\/wp-content\/uploads\/2022\/08\/2-2.jpeg 720w, https:\/\/www.nettali.com\/wp-content\/uploads\/2022\/08\/2-2-229x300.jpeg 229w\" sizes=\"(max-width: 720px) 100vw, 720px\" \/><\/a>\n\t\t\t<\/dt><\/dl><br style=\"clear: both\" \/><dl class='gallery-item'>\n\t\t\t<dt class='gallery-icon portrait'>\n\t\t\t\t<a href='https:\/\/www.nettali.com\/2022\/08\/12\/diplomate-senegalaise-violentee-la-version-de-lambassade-du-senegal-au-canada\/3-17\/'><img width=\"720\" height=\"945\" src=\"https:\/\/www.nettali.com\/wp-content\/uploads\/2022\/08\/3-2.jpeg\" class=\"attachment-full size-full\" alt=\"\" loading=\"lazy\" srcset=\"https:\/\/www.nettali.com\/wp-content\/uploads\/2022\/08\/3-2.jpeg 720w, https:\/\/www.nettali.com\/wp-content\/uploads\/2022\/08\/3-2-229x300.jpeg 229w\" sizes=\"(max-width: 720px) 100vw, 720px\" \/><\/a>\n\t\t\t<\/dt><\/dl><br style=\"clear: both\" \/><dl class='gallery-item'>\n\t\t\t<dt class='gallery-icon portrait'>\n\t\t\t\t<a href='https:\/\/www.nettali.com\/2022\/08\/12\/diplomate-senegalaise-violentee-la-version-de-lambassade-du-senegal-au-canada\/4-13\/'><img width=\"720\" height=\"927\" src=\"https:\/\/www.nettali.com\/wp-content\/uploads\/2022\/08\/4-2.jpeg\" class=\"attachment-full size-full\" alt=\"\" loading=\"lazy\" srcset=\"https:\/\/www.nettali.com\/wp-content\/uploads\/2022\/08\/4-2.jpeg 720w, https:\/\/www.nettali.com\/wp-content\/uploads\/2022\/08\/4-2-233x300.jpeg 233w, https:\/\/www.nettali.com\/wp-content\/uploads\/2022\/08\/4-2-400x516.jpeg 400w\" sizes=\"(max-width: 720px) 100vw, 720px\" \/><\/a>\n\t\t\t<\/dt><\/dl><br style=\"clear: both\" \/><dl class='gallery-item'>\n\t\t\t<dt class='gallery-icon portrait'>\n\t\t\t\t<a href='https:\/\/www.nettali.com\/2022\/08\/12\/diplomate-senegalaise-violentee-la-version-de-lambassade-du-senegal-au-canada\/5-11\/'><img width=\"720\" height=\"958\" src=\"https:\/\/www.nettali.com\/wp-content\/uploads\/2022\/08\/5-2.jpeg\" class=\"attachment-full size-full\" alt=\"\" loading=\"lazy\" srcset=\"https:\/\/www.nettali.com\/wp-content\/uploads\/2022\/08\/5-2.jpeg 720w, https:\/\/www.nettali.com\/wp-content\/uploads\/2022\/08\/5-2-225x300.jpeg 225w\" sizes=\"(max-width: 720px) 100vw, 720px\" \/><\/a>\n\t\t\t<\/dt><\/dl><br style=\"clear: both\" \/>\n\t\t<\/div>\n\n<p>&nbsp;<\/p>\n<p>&nbsp;<\/p>\n<div class='share-to-whatsapp-wrapper'><div class='share-on-whsp'>PARTAGER SUR : <\/div><a data-text='DIPLOMATE S\u00c9N\u00c9GALAISE \u00a0VIOLENT\u00c9E \u2013 La version de l\u2019ambassade du S\u00e9n\u00e9gal au Canada' data-link='https:\/\/www.nettali.com\/2022\/08\/12\/diplomate-senegalaise-violentee-la-version-de-lambassade-du-senegal-au-canada\/' class='whatsapp-button whatsapp-share'>WhatsApp<\/a><div class='clear '><\/div><\/div>","protected":false},"excerpt":{"rendered":"<p>NETTALI.COM - L\u2019arrestation, dont les circonstances encore troubles font l\u2019objet d\u2019une enqu\u00eate de la police des polices qu\u00e9b\u00e9coise, avait suscit\u00e9 l\u2019indignation de Dakar. Selon les m\u00e9dias canadiens, la diplomate s\u00e9n\u00e9galaise devait plus de 45\u00a0000\u00a0dollars canadiens (34\u00a0000\u00a0euros) de dommages \u00e0 son propri\u00e9taire pour avoir gravement d\u00e9t\u00e9rior\u00e9 son logement. Une ordonnance du tribunal administratif du logement, exploit\u00e9 [&hellip;]<\/p>\n","protected":false},"author":4,"featured_media":91894,"comment_status":"open","ping_status":"open","sticky":false,"template":"","format":"standard","meta":{"_et_pb_use_builder":"","_et_pb_old_content":""},"categories":[3],"tags":[],"yoast_head":"<!-- This site is optimized with the Yoast SEO Premium plugin v17.8 (Yoast SEO v17.8) - https:\/\/yoast.com\/wordpress\/plugins\/seo\/ -->\n<title>DIPLOMATE S\u00c9N\u00c9GALAISE \u00a0VIOLENT\u00c9E \u2013 La version de l\u2019ambassade du S\u00e9n\u00e9gal au Canada | Nettali.com<\/title>\n<meta name=\"robots\" content=\"index, follow, max-snippet:-1, max-image-preview:large, max-video-preview:-1\" \/>\n<link rel=\"canonical\" href=\"https:\/\/www.nettali.com\/2022\/08\/12\/diplomate-senegalaise-violentee-la-version-de-lambassade-du-senegal-au-canada\/\" \/>\n<meta property=\"og:locale\" content=\"fr_FR\" \/>\n<meta property=\"og:type\" content=\"article\" \/>\n<meta property=\"og:title\" content=\"DIPLOMATE S\u00c9N\u00c9GALAISE \u00a0VIOLENT\u00c9E \u2013 La version de l\u2019ambassade du S\u00e9n\u00e9gal au Canada\" \/>\n<meta property=\"og:description\" content=\"NETTALI.COM - L\u2019arrestation, dont les circonstances encore troubles font l\u2019objet d\u2019une enqu\u00eate de la police des polices qu\u00e9b\u00e9coise, avait suscit\u00e9 l\u2019indignation de Dakar. Selon les m\u00e9dias canadiens, la diplomate s\u00e9n\u00e9galaise devait plus de 45\u00a0000\u00a0dollars canadiens (34\u00a0000\u00a0euros) de dommages \u00e0 son propri\u00e9taire pour avoir gravement d\u00e9t\u00e9rior\u00e9 son logement. Une ordonnance du tribunal administratif du logement, exploit\u00e9 [&hellip;]\" \/>\n<meta property=\"og:url\" content=\"https:\/\/www.nettali.com\/2022\/08\/12\/diplomate-senegalaise-violentee-la-version-de-lambassade-du-senegal-au-canada\/\" \/>\n<meta property=\"og:site_name\" content=\"Nettali.com\" \/>\n<meta property=\"article:publisher\" content=\"https:\/\/www.facebook.com\/nettalicom\" \/>\n<meta property=\"article:published_time\" content=\"2022-08-12T22:10:29+00:00\" \/>\n<meta property=\"article:modified_time\" content=\"2022-08-12T22:23:22+00:00\" \/>\n<meta property=\"og:image\" content=\"https:\/\/www.nettali.com\/wp-content\/uploads\/2022\/08\/canada-police.jpeg\" \/>\n\t<meta property=\"og:image:width\" content=\"1957\" \/>\n\t<meta property=\"og:image:height\" content=\"1190\" \/>\n<meta name=\"twitter:card\" content=\"summary_large_image\" \/>\n<meta name=\"twitter:label1\" content=\"\u00c9crit par\" \/>\n\t<meta name=\"twitter:data1\" content=\"Daouda\" \/>\n\t<meta name=\"twitter:label2\" content=\"Dur\u00e9e de lecture estim\u00e9e\" \/>\n\t<meta name=\"twitter:data2\" content=\"2 minutes\" \/>\n<script type=\"application\/ld+json\" class=\"yoast-schema-graph\">{\"@context\":\"https:\/\/schema.org\",\"@graph\":[{\"@type\":\"WebSite\",\"@id\":\"https:\/\/www.nettali.com\/#website\",\"url\":\"https:\/\/www.nettali.com\/\",\"name\":\"Nettali.com\",\"description\":\"Le rendez-vous critique du Net\",\"potentialAction\":[{\"@type\":\"SearchAction\",\"target\":{\"@type\":\"EntryPoint\",\"urlTemplate\":\"https:\/\/www.nettali.com\/?s={search_term_string}\"},\"query-input\":\"required name=search_term_string\"}],\"inLanguage\":\"fr-FR\"},{\"@type\":\"ImageObject\",\"@id\":\"https:\/\/www.nettali.com\/2022\/08\/12\/diplomate-senegalaise-violentee-la-version-de-lambassade-du-senegal-au-canada\/#primaryimage\",\"inLanguage\":\"fr-FR\",\"url\":\"https:\/\/www.nettali.com\/wp-content\/uploads\/2022\/08\/canada-police.jpeg\",\"contentUrl\":\"https:\/\/www.nettali.com\/wp-content\/uploads\/2022\/08\/canada-police.jpeg\",\"width\":1957,\"height\":1190},{\"@type\":\"WebPage\",\"@id\":\"https:\/\/www.nettali.com\/2022\/08\/12\/diplomate-senegalaise-violentee-la-version-de-lambassade-du-senegal-au-canada\/#webpage\",\"url\":\"https:\/\/www.nettali.com\/2022\/08\/12\/diplomate-senegalaise-violentee-la-version-de-lambassade-du-senegal-au-canada\/\",\"name\":\"DIPLOMATE S\\u00c9N\\u00c9GALAISE \\u00a0VIOLENT\\u00c9E \\u2013 La version de l\\u2019ambassade du S\\u00e9n\\u00e9gal au Canada | Nettali.com\",\"isPartOf\":{\"@id\":\"https:\/\/www.nettali.com\/#website\"},\"primaryImageOfPage\":{\"@id\":\"https:\/\/www.nettali.com\/2022\/08\/12\/diplomate-senegalaise-violentee-la-version-de-lambassade-du-senegal-au-canada\/#primaryimage\"},\"datePublished\":\"2022-08-12T22:10:29+00:00\",\"dateModified\":\"2022-08-12T22:23:22+00:00\",\"author\":{\"@id\":\"https:\/\/www.nettali.com\/#\/schema\/person\/3317e0bb3aa1da309fbf7b2780901bf4\"},\"breadcrumb\":{\"@id\":\"https:\/\/www.nettali.com\/2022\/08\/12\/diplomate-senegalaise-violentee-la-version-de-lambassade-du-senegal-au-canada\/#breadcrumb\"},\"inLanguage\":\"fr-FR\",\"potentialAction\":[{\"@type\":\"ReadAction\",\"target\":[\"https:\/\/www.nettali.com\/2022\/08\/12\/diplomate-senegalaise-violentee-la-version-de-lambassade-du-senegal-au-canada\/\"]}]},{\"@type\":\"BreadcrumbList\",\"@id\":\"https:\/\/www.nettali.com\/2022\/08\/12\/diplomate-senegalaise-violentee-la-version-de-lambassade-du-senegal-au-canada\/#breadcrumb\",\"itemListElement\":[{\"@type\":\"ListItem\",\"position\":1,\"name\":\"Accueil\",\"item\":\"https:\/\/www.nettali.com\/\"},{\"@type\":\"ListItem\",\"position\":2,\"name\":\"DIPLOMATE S\\u00c9N\\u00c9GALAISE \\u00a0VIOLENT\\u00c9E \\u2013 La version de l\\u2019ambassade du S\\u00e9n\\u00e9gal au Canada\"}]},{\"@type\":\"Person\",\"@id\":\"https:\/\/www.nettali.com\/#\/schema\/person\/3317e0bb3aa1da309fbf7b2780901bf4\",\"name\":\"Daouda\",\"image\":{\"@type\":\"ImageObject\",\"@id\":\"https:\/\/www.nettali.com\/#personlogo\",\"inLanguage\":\"fr-FR\",\"url\":\"https:\/\/secure.gravatar.com\/avatar\/8d143b5a49345098ddcfee1c49c2f47c?s=96&d=mm&r=g\",\"contentUrl\":\"https:\/\/secure.gravatar.com\/avatar\/8d143b5a49345098ddcfee1c49c2f47c?s=96&d=mm&r=g\",\"caption\":\"Daouda\"},\"sameAs\":[\"https:\/\/www.nettali.com\"]}]}<\/script>\n<!-- \/ Yoast SEO Premium plugin. -->","yoast_head_json":{"title":"DIPLOMATE S\u00c9N\u00c9GALAISE \u00a0VIOLENT\u00c9E \u2013 La version de l\u2019ambassade du S\u00e9n\u00e9gal au Canada | Nettali.com","robots":{"index":"index","follow":"follow","max-snippet":"max-snippet:-1","max-image-preview":"max-image-preview:large","max-video-preview":"max-video-preview:-1"},"canonical":"https:\/\/www.nettali.com\/2022\/08\/12\/diplomate-senegalaise-violentee-la-version-de-lambassade-du-senegal-au-canada\/","og_locale":"fr_FR","og_type":"article","og_title":"DIPLOMATE S\u00c9N\u00c9GALAISE \u00a0VIOLENT\u00c9E \u2013 La version de l\u2019ambassade du S\u00e9n\u00e9gal au Canada","og_description":"NETTALI.COM - L\u2019arrestation, dont les circonstances encore troubles font l\u2019objet d\u2019une enqu\u00eate de la police des polices qu\u00e9b\u00e9coise, avait suscit\u00e9 l\u2019indignation de Dakar. Selon les m\u00e9dias canadiens, la diplomate s\u00e9n\u00e9galaise devait plus de 45\u00a0000\u00a0dollars canadiens (34\u00a0000\u00a0euros) de dommages \u00e0 son propri\u00e9taire pour avoir gravement d\u00e9t\u00e9rior\u00e9 son logement. Une ordonnance du tribunal administratif du logement, exploit\u00e9 [&hellip;]","og_url":"https:\/\/www.nettali.com\/2022\/08\/12\/diplomate-senegalaise-violentee-la-version-de-lambassade-du-senegal-au-canada\/","og_site_name":"Nettali.com","article_publisher":"https:\/\/www.facebook.com\/nettalicom","article_published_time":"2022-08-12T22:10:29+00:00","article_modified_time":"2022-08-12T22:23:22+00:00","og_image":[{"width":1957,"height":1190,"url":"https:\/\/www.nettali.com\/wp-content\/uploads\/2022\/08\/canada-police.jpeg","type":"image\/jpeg"}],"twitter_card":"summary_large_image","twitter_misc":{"\u00c9crit par":"Daouda","Dur\u00e9e de lecture estim\u00e9e":"2 minutes"},"schema":{"@context":"https:\/\/schema.org","@graph":[{"@type":"WebSite","@id":"https:\/\/www.nettali.com\/#website","url":"https:\/\/www.nettali.com\/","name":"Nettali.com","description":"Le rendez-vous critique du Net","potentialAction":[{"@type":"SearchAction","target":{"@type":"EntryPoint","urlTemplate":"https:\/\/www.nettali.com\/?s={search_term_string}"},"query-input":"required name=search_term_string"}],"inLanguage":"fr-FR"},{"@type":"ImageObject","@id":"https:\/\/www.nettali.com\/2022\/08\/12\/diplomate-senegalaise-violentee-la-version-de-lambassade-du-senegal-au-canada\/#primaryimage","inLanguage":"fr-FR","url":"https:\/\/www.nettali.com\/wp-content\/uploads\/2022\/08\/canada-police.jpeg","contentUrl":"https:\/\/www.nettali.com\/wp-content\/uploads\/2022\/08\/canada-police.jpeg","width":1957,"height":1190},{"@type":"WebPage","@id":"https:\/\/www.nettali.com\/2022\/08\/12\/diplomate-senegalaise-violentee-la-version-de-lambassade-du-senegal-au-canada\/#webpage","url":"https:\/\/www.nettali.com\/2022\/08\/12\/diplomate-senegalaise-violentee-la-version-de-lambassade-du-senegal-au-canada\/","name":"DIPLOMATE S\u00c9N\u00c9GALAISE \u00a0VIOLENT\u00c9E \u2013 La version de l\u2019ambassade du S\u00e9n\u00e9gal au Canada | Nettali.com","isPartOf":{"@id":"https:\/\/www.nettali.com\/#website"},"primaryImageOfPage":{"@id":"https:\/\/www.nettali.com\/2022\/08\/12\/diplomate-senegalaise-violentee-la-version-de-lambassade-du-senegal-au-canada\/#primaryimage"},"datePublished":"2022-08-12T22:10:29+00:00","dateModified":"2022-08-12T22:23:22+00:00","author":{"@id":"https:\/\/www.nettali.com\/#\/schema\/person\/3317e0bb3aa1da309fbf7b2780901bf4"},"breadcrumb":{"@id":"https:\/\/www.nettali.com\/2022\/08\/12\/diplomate-senegalaise-violentee-la-version-de-lambassade-du-senegal-au-canada\/#breadcrumb"},"inLanguage":"fr-FR","potentialAction":[{"@type":"ReadAction","target":["https:\/\/www.nettali.com\/2022\/08\/12\/diplomate-senegalaise-violentee-la-version-de-lambassade-du-senegal-au-canada\/"]}]},{"@type":"BreadcrumbList","@id":"https:\/\/www.nettali.com\/2022\/08\/12\/diplomate-senegalaise-violentee-la-version-de-lambassade-du-senegal-au-canada\/#breadcrumb","itemListElement":[{"@type":"ListItem","position":1,"name":"Accueil","item":"https:\/\/www.nettali.com\/"},{"@type":"ListItem","position":2,"name":"DIPLOMATE S\u00c9N\u00c9GALAISE \u00a0VIOLENT\u00c9E \u2013 La version de l\u2019ambassade du S\u00e9n\u00e9gal au Canada"}]},{"@type":"Person","@id":"https:\/\/www.nettali.com\/#\/schema\/person\/3317e0bb3aa1da309fbf7b2780901bf4","name":"Daouda","image":{"@type":"ImageObject","@id":"https:\/\/www.nettali.com\/#personlogo","inLanguage":"fr-FR","url":"https:\/\/secure.gravatar.com\/avatar\/8d143b5a49345098ddcfee1c49c2f47c?s=96&d=mm&r=g","contentUrl":"https:\/\/secure.gravatar.com\/avatar\/8d143b5a49345098ddcfee1c49c2f47c?s=96&d=mm&r=g","caption":"Daouda"},"sameAs":["https:\/\/www.nettali.com"]}]}},"_links":{"self":[{"href":"https:\/\/www.nettali.com\/rest\/wp\/v2\/posts\/91888"}],"collection":[{"href":"https:\/\/www.nettali.com\/rest\/wp\/v2\/posts"}],"about":[{"href":"https:\/\/www.nettali.com\/rest\/wp\/v2\/types\/post"}],"author":[{"embeddable":true,"href":"https:\/\/www.nettali.com\/rest\/wp\/v2\/users\/4"}],"replies":[{"embeddable":true,"href":"https:\/\/www.nettali.com\/rest\/wp\/v2\/comments?post=91888"}],"version-history":[{"count":2,"href":"https:\/\/www.nettali.com\/rest\/wp\/v2\/posts\/91888\/revisions"}],"predecessor-version":[{"id":91896,"href":"https:\/\/www.nettali.com\/rest\/wp\/v2\/posts\/91888\/revisions\/91896"}],"wp:featuredmedia":[{"embeddable":true,"href":"https:\/\/www.nettali.com\/rest\/wp\/v2\/media\/91894"}],"wp:attachment":[{"href":"https:\/\/www.nettali.com\/rest\/wp\/v2\/media?parent=91888"}],"wp:term":[{"taxonomy":"category","embeddable":true,"href":"https:\/\/www.nettali.com\/rest\/wp\/v2\/categories?post=91888"},{"taxonomy":"post_tag","embeddable":true,"href":"https:\/\/www.nettali.com\/rest\/wp\/v2\/tags?post=91888"}],"curies":[{"name":"wp","href":"https:\/\/api.w.org\/{rel}","templated":true}]}}