{"id":91821,"date":"2022-08-12T07:34:35","date_gmt":"2022-08-12T07:34:35","guid":{"rendered":"https:\/\/www.nettali.com\/?p=91821"},"modified":"2022-08-12T07:34:35","modified_gmt":"2022-08-12T07:34:35","slug":"revalorisation-de-leurs-salaire-les-travailleurs-des-collectivites-territoriales-annoncent-une-marche-et-une-greve-generale","status":"publish","type":"post","link":"https:\/\/www.nettali.com\/2022\/08\/12\/revalorisation-de-leurs-salaire-les-travailleurs-des-collectivites-territoriales-annoncent-une-marche-et-une-greve-generale\/","title":{"rendered":"REVALORISATION DE LEURS SALAIRE - Les travailleurs des collectivit\u00e9s territoriales annoncent une marche et une gr\u00e8ve g\u00e9n\u00e9rale"},"content":{"rendered":"<p><strong>NETTALI.COM- Les travailleurs des collectivit\u00e9s territoriales n\u2019appr\u00e9cient pas le fait que leurs salaires ne soient pas revaloris\u00e9s \u00e0 l\u2019instar des agents de l\u2019administration. Ils ont pr\u00e9vu une marche nationale le 23 Ao\u00fbt prochain et n\u2019excluent pas une gr\u00e8ve g\u00e9n\u00e9rale pour exiger une g\u00e9n\u00e9ralisation de la mesure.<\/strong><\/p>\n<p>Depuis le 1<sup>er<\/sup>\u00a0mai 2022, les salaires des agents de l\u2019administration ont \u00e9t\u00e9 revaloris\u00e9s par l\u2019Etat. Les travailleurs des collectivit\u00e9s territoriales ne sont pas concern\u00e9s par cette mesure prise par le Chef de l\u2019Etat et entr\u00e9e en vigueur le 1<sup>er<\/sup> mai 2022. Ce que Sidya Ndiaye, pr\u00e9sident de la F\u00e9d\u00e9ration g\u00e9n\u00e9rale des travailleurs du S\u00e9n\u00e9gal (Fgts), qualifie d\u2019\u00a0\u00ab\u00a0i<em>niquit\u00e9 sociale<\/em>\u00a0\u00bb. Pour d\u00e9noncer cette situation, les agents de la fonction publique locale ont d\u00e9cid\u00e9 d\u2019organiser une marche nationale le 23 ao\u00fbt prochain. Ils n\u2019excluent pas \u00e9galement une gr\u00e8ve g\u00e9n\u00e9rale.<\/p>\n<p>D\u2019apr\u00e8s le syndicaliste, ils ont droit \u00e0 cette revalorisation conform\u00e9ment \u00e0 la loi 2011-08 du 30 mars 2011, relative au statut g\u00e9n\u00e9ral des fonctionnaires des collectivit\u00e9s territoriales. \u00ab\u00a0<em>Cette loi stipule clairement en son article 29 que toute remise en ordre ou revalorisation des traitements ou des suppl\u00e9ments pour charge familiale ou de tout \u00e9l\u00e9ments de la r\u00e9mun\u00e9ration applicable aux autres fonctionnaires de l\u2019Etat, s\u2019applique d\u2019office \u00e0 la r\u00e9mun\u00e9ration\u00a0des fonctionnaires\u00a0 des collectivit\u00e9s territoriales<\/em> \u00bb, renseigne Sidya Ndiaye qui exige \u00ab\u00a0<em>l\u2019application d\u2019office de la loi.\u00a0<\/em>\u00bb D\u2019autant plus qu\u2019argue-t-il, \u00ab<em> en ne respectant pas la loi, le gouvernement met en p\u00e9ril la stabilit\u00e9 et la paix sociale dans les 603 collectivit\u00e9s territoriales du pays, puisque l\u2019intersyndicale ne restera pas passive devant cette injustice et n\u2019acceptera plus la marginalisation des travailleurs des collectivit\u00e9s territoriales<\/em>\u00bb.<\/p>\n<div class='share-to-whatsapp-wrapper'><div class='share-on-whsp'>PARTAGER SUR : <\/div><a data-text='REVALORISATION DE LEURS SALAIRE - Les travailleurs des collectivit\u00e9s territoriales annoncent une marche et une gr\u00e8ve g\u00e9n\u00e9rale' data-link='https:\/\/www.nettali.com\/2022\/08\/12\/revalorisation-de-leurs-salaire-les-travailleurs-des-collectivites-territoriales-annoncent-une-marche-et-une-greve-generale\/' class='whatsapp-button whatsapp-share'>WhatsApp<\/a><div class='clear '><\/div><\/div>","protected":false},"excerpt":{"rendered":"<p>NETTALI.COM- Les travailleurs des collectivit\u00e9s territoriales n\u2019appr\u00e9cient pas le fait que leurs salaires ne soient pas revaloris\u00e9s \u00e0 l\u2019instar des agents de l\u2019administration. Ils ont pr\u00e9vu une marche nationale le 23 Ao\u00fbt prochain et n\u2019excluent pas une gr\u00e8ve g\u00e9n\u00e9rale pour exiger une g\u00e9n\u00e9ralisation de la mesure. Depuis le 1er\u00a0mai 2022, les salaires des agents de [&hellip;]<\/p>\n","protected":false},"author":6,"featured_media":91822,"comment_status":"open","ping_status":"open","sticky":false,"template":"","format":"standard","meta":{"_et_pb_use_builder":"","_et_pb_old_content":""},"categories":[3],"tags":[],"yoast_head":"<!-- This site is optimized with the Yoast SEO Premium plugin v17.8 (Yoast SEO v17.8) - https:\/\/yoast.com\/wordpress\/plugins\/seo\/ -->\n<title>REVALORISATION DE LEURS SALAIRE - Les travailleurs des collectivit\u00e9s territoriales annoncent une marche et une gr\u00e8ve g\u00e9n\u00e9rale | Nettali.com<\/title>\n<meta name=\"robots\" content=\"index, follow, max-snippet:-1, max-image-preview:large, max-video-preview:-1\" \/>\n<link rel=\"canonical\" href=\"https:\/\/www.nettali.com\/2022\/08\/12\/revalorisation-de-leurs-salaire-les-travailleurs-des-collectivites-territoriales-annoncent-une-marche-et-une-greve-generale\/\" \/>\n<meta property=\"og:locale\" content=\"fr_FR\" \/>\n<meta property=\"og:type\" content=\"article\" \/>\n<meta property=\"og:title\" content=\"REVALORISATION DE LEURS SALAIRE - Les travailleurs des collectivit\u00e9s territoriales annoncent une marche et une gr\u00e8ve g\u00e9n\u00e9rale\" \/>\n<meta property=\"og:description\" content=\"NETTALI.COM- Les travailleurs des collectivit\u00e9s territoriales n\u2019appr\u00e9cient pas le fait que leurs salaires ne soient pas revaloris\u00e9s \u00e0 l\u2019instar des agents de l\u2019administration. Ils ont pr\u00e9vu une marche nationale le 23 Ao\u00fbt prochain et n\u2019excluent pas une gr\u00e8ve g\u00e9n\u00e9rale pour exiger une g\u00e9n\u00e9ralisation de la mesure. Depuis le 1er\u00a0mai 2022, les salaires des agents de [&hellip;]\" \/>\n<meta property=\"og:url\" content=\"https:\/\/www.nettali.com\/2022\/08\/12\/revalorisation-de-leurs-salaire-les-travailleurs-des-collectivites-territoriales-annoncent-une-marche-et-une-greve-generale\/\" \/>\n<meta property=\"og:site_name\" content=\"Nettali.com\" \/>\n<meta property=\"article:publisher\" content=\"https:\/\/www.facebook.com\/nettalicom\" \/>\n<meta property=\"article:published_time\" content=\"2022-08-12T07:34:35+00:00\" \/>\n<meta property=\"og:image\" content=\"https:\/\/www.nettali.com\/wp-content\/uploads\/2022\/08\/8455042-13279255.jpg\" \/>\n\t<meta property=\"og:image:width\" content=\"255\" \/>\n\t<meta property=\"og:image:height\" content=\"197\" \/>\n<meta name=\"twitter:card\" content=\"summary_large_image\" \/>\n<meta name=\"twitter:label1\" content=\"\u00c9crit par\" \/>\n\t<meta name=\"twitter:data1\" content=\"Fatou\" \/>\n\t<meta name=\"twitter:label2\" content=\"Dur\u00e9e de lecture estim\u00e9e\" \/>\n\t<meta name=\"twitter:data2\" content=\"2 minutes\" \/>\n<script type=\"application\/ld+json\" class=\"yoast-schema-graph\">{\"@context\":\"https:\/\/schema.org\",\"@graph\":[{\"@type\":\"WebSite\",\"@id\":\"https:\/\/www.nettali.com\/#website\",\"url\":\"https:\/\/www.nettali.com\/\",\"name\":\"Nettali.com\",\"description\":\"Le rendez-vous critique du Net\",\"potentialAction\":[{\"@type\":\"SearchAction\",\"target\":{\"@type\":\"EntryPoint\",\"urlTemplate\":\"https:\/\/www.nettali.com\/?s={search_term_string}\"},\"query-input\":\"required name=search_term_string\"}],\"inLanguage\":\"fr-FR\"},{\"@type\":\"ImageObject\",\"@id\":\"https:\/\/www.nettali.com\/2022\/08\/12\/revalorisation-de-leurs-salaire-les-travailleurs-des-collectivites-territoriales-annoncent-une-marche-et-une-greve-generale\/#primaryimage\",\"inLanguage\":\"fr-FR\",\"url\":\"https:\/\/www.nettali.com\/wp-content\/uploads\/2022\/08\/8455042-13279255.jpg\",\"contentUrl\":\"https:\/\/www.nettali.com\/wp-content\/uploads\/2022\/08\/8455042-13279255.jpg\",\"width\":255,\"height\":197},{\"@type\":\"WebPage\",\"@id\":\"https:\/\/www.nettali.com\/2022\/08\/12\/revalorisation-de-leurs-salaire-les-travailleurs-des-collectivites-territoriales-annoncent-une-marche-et-une-greve-generale\/#webpage\",\"url\":\"https:\/\/www.nettali.com\/2022\/08\/12\/revalorisation-de-leurs-salaire-les-travailleurs-des-collectivites-territoriales-annoncent-une-marche-et-une-greve-generale\/\",\"name\":\"REVALORISATION DE LEURS SALAIRE - Les travailleurs des collectivit\\u00e9s territoriales annoncent une marche et une gr\\u00e8ve g\\u00e9n\\u00e9rale | Nettali.com\",\"isPartOf\":{\"@id\":\"https:\/\/www.nettali.com\/#website\"},\"primaryImageOfPage\":{\"@id\":\"https:\/\/www.nettali.com\/2022\/08\/12\/revalorisation-de-leurs-salaire-les-travailleurs-des-collectivites-territoriales-annoncent-une-marche-et-une-greve-generale\/#primaryimage\"},\"datePublished\":\"2022-08-12T07:34:35+00:00\",\"dateModified\":\"2022-08-12T07:34:35+00:00\",\"author\":{\"@id\":\"https:\/\/www.nettali.com\/#\/schema\/person\/418274a86bdf87caff7a3ef476bd0bbf\"},\"breadcrumb\":{\"@id\":\"https:\/\/www.nettali.com\/2022\/08\/12\/revalorisation-de-leurs-salaire-les-travailleurs-des-collectivites-territoriales-annoncent-une-marche-et-une-greve-generale\/#breadcrumb\"},\"inLanguage\":\"fr-FR\",\"potentialAction\":[{\"@type\":\"ReadAction\",\"target\":[\"https:\/\/www.nettali.com\/2022\/08\/12\/revalorisation-de-leurs-salaire-les-travailleurs-des-collectivites-territoriales-annoncent-une-marche-et-une-greve-generale\/\"]}]},{\"@type\":\"BreadcrumbList\",\"@id\":\"https:\/\/www.nettali.com\/2022\/08\/12\/revalorisation-de-leurs-salaire-les-travailleurs-des-collectivites-territoriales-annoncent-une-marche-et-une-greve-generale\/#breadcrumb\",\"itemListElement\":[{\"@type\":\"ListItem\",\"position\":1,\"name\":\"Accueil\",\"item\":\"https:\/\/www.nettali.com\/\"},{\"@type\":\"ListItem\",\"position\":2,\"name\":\"REVALORISATION DE LEURS SALAIRE - Les travailleurs des collectivit\\u00e9s territoriales annoncent une marche et une gr\\u00e8ve g\\u00e9n\\u00e9rale\"}]},{\"@type\":\"Person\",\"@id\":\"https:\/\/www.nettali.com\/#\/schema\/person\/418274a86bdf87caff7a3ef476bd0bbf\",\"name\":\"Fatou\",\"image\":{\"@type\":\"ImageObject\",\"@id\":\"https:\/\/www.nettali.com\/#personlogo\",\"inLanguage\":\"fr-FR\",\"url\":\"https:\/\/secure.gravatar.com\/avatar\/5a9442a2bee7b4dcf167cab035858e9a?s=96&d=mm&r=g\",\"contentUrl\":\"https:\/\/secure.gravatar.com\/avatar\/5a9442a2bee7b4dcf167cab035858e9a?s=96&d=mm&r=g\",\"caption\":\"Fatou\"},\"sameAs\":[\"https:\/\/www.nettali.com\"]}]}<\/script>\n<!-- \/ Yoast SEO Premium plugin. -->","yoast_head_json":{"title":"REVALORISATION DE LEURS SALAIRE - Les travailleurs des collectivit\u00e9s territoriales annoncent une marche et une gr\u00e8ve g\u00e9n\u00e9rale | Nettali.com","robots":{"index":"index","follow":"follow","max-snippet":"max-snippet:-1","max-image-preview":"max-image-preview:large","max-video-preview":"max-video-preview:-1"},"canonical":"https:\/\/www.nettali.com\/2022\/08\/12\/revalorisation-de-leurs-salaire-les-travailleurs-des-collectivites-territoriales-annoncent-une-marche-et-une-greve-generale\/","og_locale":"fr_FR","og_type":"article","og_title":"REVALORISATION DE LEURS SALAIRE - Les travailleurs des collectivit\u00e9s territoriales annoncent une marche et une gr\u00e8ve g\u00e9n\u00e9rale","og_description":"NETTALI.COM- Les travailleurs des collectivit\u00e9s territoriales n\u2019appr\u00e9cient pas le fait que leurs salaires ne soient pas revaloris\u00e9s \u00e0 l\u2019instar des agents de l\u2019administration. Ils ont pr\u00e9vu une marche nationale le 23 Ao\u00fbt prochain et n\u2019excluent pas une gr\u00e8ve g\u00e9n\u00e9rale pour exiger une g\u00e9n\u00e9ralisation de la mesure. Depuis le 1er\u00a0mai 2022, les salaires des agents de [&hellip;]","og_url":"https:\/\/www.nettali.com\/2022\/08\/12\/revalorisation-de-leurs-salaire-les-travailleurs-des-collectivites-territoriales-annoncent-une-marche-et-une-greve-generale\/","og_site_name":"Nettali.com","article_publisher":"https:\/\/www.facebook.com\/nettalicom","article_published_time":"2022-08-12T07:34:35+00:00","og_image":[{"width":255,"height":197,"url":"https:\/\/www.nettali.com\/wp-content\/uploads\/2022\/08\/8455042-13279255.jpg","type":"image\/jpeg"}],"twitter_card":"summary_large_image","twitter_misc":{"\u00c9crit par":"Fatou","Dur\u00e9e de lecture estim\u00e9e":"2 minutes"},"schema":{"@context":"https:\/\/schema.org","@graph":[{"@type":"WebSite","@id":"https:\/\/www.nettali.com\/#website","url":"https:\/\/www.nettali.com\/","name":"Nettali.com","description":"Le rendez-vous critique du Net","potentialAction":[{"@type":"SearchAction","target":{"@type":"EntryPoint","urlTemplate":"https:\/\/www.nettali.com\/?s={search_term_string}"},"query-input":"required name=search_term_string"}],"inLanguage":"fr-FR"},{"@type":"ImageObject","@id":"https:\/\/www.nettali.com\/2022\/08\/12\/revalorisation-de-leurs-salaire-les-travailleurs-des-collectivites-territoriales-annoncent-une-marche-et-une-greve-generale\/#primaryimage","inLanguage":"fr-FR","url":"https:\/\/www.nettali.com\/wp-content\/uploads\/2022\/08\/8455042-13279255.jpg","contentUrl":"https:\/\/www.nettali.com\/wp-content\/uploads\/2022\/08\/8455042-13279255.jpg","width":255,"height":197},{"@type":"WebPage","@id":"https:\/\/www.nettali.com\/2022\/08\/12\/revalorisation-de-leurs-salaire-les-travailleurs-des-collectivites-territoriales-annoncent-une-marche-et-une-greve-generale\/#webpage","url":"https:\/\/www.nettali.com\/2022\/08\/12\/revalorisation-de-leurs-salaire-les-travailleurs-des-collectivites-territoriales-annoncent-une-marche-et-une-greve-generale\/","name":"REVALORISATION DE LEURS SALAIRE - Les travailleurs des collectivit\u00e9s territoriales annoncent une marche et une gr\u00e8ve g\u00e9n\u00e9rale | Nettali.com","isPartOf":{"@id":"https:\/\/www.nettali.com\/#website"},"primaryImageOfPage":{"@id":"https:\/\/www.nettali.com\/2022\/08\/12\/revalorisation-de-leurs-salaire-les-travailleurs-des-collectivites-territoriales-annoncent-une-marche-et-une-greve-generale\/#primaryimage"},"datePublished":"2022-08-12T07:34:35+00:00","dateModified":"2022-08-12T07:34:35+00:00","author":{"@id":"https:\/\/www.nettali.com\/#\/schema\/person\/418274a86bdf87caff7a3ef476bd0bbf"},"breadcrumb":{"@id":"https:\/\/www.nettali.com\/2022\/08\/12\/revalorisation-de-leurs-salaire-les-travailleurs-des-collectivites-territoriales-annoncent-une-marche-et-une-greve-generale\/#breadcrumb"},"inLanguage":"fr-FR","potentialAction":[{"@type":"ReadAction","target":["https:\/\/www.nettali.com\/2022\/08\/12\/revalorisation-de-leurs-salaire-les-travailleurs-des-collectivites-territoriales-annoncent-une-marche-et-une-greve-generale\/"]}]},{"@type":"BreadcrumbList","@id":"https:\/\/www.nettali.com\/2022\/08\/12\/revalorisation-de-leurs-salaire-les-travailleurs-des-collectivites-territoriales-annoncent-une-marche-et-une-greve-generale\/#breadcrumb","itemListElement":[{"@type":"ListItem","position":1,"name":"Accueil","item":"https:\/\/www.nettali.com\/"},{"@type":"ListItem","position":2,"name":"REVALORISATION DE LEURS SALAIRE - Les travailleurs des collectivit\u00e9s territoriales annoncent une marche et une gr\u00e8ve g\u00e9n\u00e9rale"}]},{"@type":"Person","@id":"https:\/\/www.nettali.com\/#\/schema\/person\/418274a86bdf87caff7a3ef476bd0bbf","name":"Fatou","image":{"@type":"ImageObject","@id":"https:\/\/www.nettali.com\/#personlogo","inLanguage":"fr-FR","url":"https:\/\/secure.gravatar.com\/avatar\/5a9442a2bee7b4dcf167cab035858e9a?s=96&d=mm&r=g","contentUrl":"https:\/\/secure.gravatar.com\/avatar\/5a9442a2bee7b4dcf167cab035858e9a?s=96&d=mm&r=g","caption":"Fatou"},"sameAs":["https:\/\/www.nettali.com"]}]}},"_links":{"self":[{"href":"https:\/\/www.nettali.com\/rest\/wp\/v2\/posts\/91821"}],"collection":[{"href":"https:\/\/www.nettali.com\/rest\/wp\/v2\/posts"}],"about":[{"href":"https:\/\/www.nettali.com\/rest\/wp\/v2\/types\/post"}],"author":[{"embeddable":true,"href":"https:\/\/www.nettali.com\/rest\/wp\/v2\/users\/6"}],"replies":[{"embeddable":true,"href":"https:\/\/www.nettali.com\/rest\/wp\/v2\/comments?post=91821"}],"version-history":[{"count":3,"href":"https:\/\/www.nettali.com\/rest\/wp\/v2\/posts\/91821\/revisions"}],"predecessor-version":[{"id":91825,"href":"https:\/\/www.nettali.com\/rest\/wp\/v2\/posts\/91821\/revisions\/91825"}],"wp:featuredmedia":[{"embeddable":true,"href":"https:\/\/www.nettali.com\/rest\/wp\/v2\/media\/91822"}],"wp:attachment":[{"href":"https:\/\/www.nettali.com\/rest\/wp\/v2\/media?parent=91821"}],"wp:term":[{"taxonomy":"category","embeddable":true,"href":"https:\/\/www.nettali.com\/rest\/wp\/v2\/categories?post=91821"},{"taxonomy":"post_tag","embeddable":true,"href":"https:\/\/www.nettali.com\/rest\/wp\/v2\/tags?post=91821"}],"curies":[{"name":"wp","href":"https:\/\/api.w.org\/{rel}","templated":true}]}}