{"id":91780,"date":"2022-08-11T16:53:59","date_gmt":"2022-08-11T16:53:59","guid":{"rendered":"https:\/\/www.nettali.com\/?p=91780"},"modified":"2022-08-11T16:53:59","modified_gmt":"2022-08-11T16:53:59","slug":"maroc-vahid-halilhodzic-limoge-a-3-mois-du-mondial-2022","status":"publish","type":"post","link":"https:\/\/www.nettali.com\/2022\/08\/11\/maroc-vahid-halilhodzic-limoge-a-3-mois-du-mondial-2022\/","title":{"rendered":"MAROC - Vahid Halilhodzic limog\u00e9 \u00e0 3 mois du Mondial 2022"},"content":{"rendered":"<p><strong>NETTALI.COM - La F\u00e9d\u00e9ration royale marocaine de football a mis un terme, ce jeudi 11 ao\u00fbt, \u00e0 sa collaboration avec le s\u00e9lectionneur de l'\u00e9quipe nationale. Vahid Halilhodzic se s\u00e9pare ainsi des Lions de l'Atlas apr\u00e8s avoir r\u00e9ussi leur qualification pour la prochaine Coupe du Monde au Qatar.<\/strong><\/p>\n<p>L\u2019aventure se termine pour Vahid Halilhodzic. L\u2019entra\u00eeneur bosnien a \u00e9t\u00e9 d\u00e9mis de ses fonctions par la f\u00e9d\u00e9ration royale marocaine de football. Ce dernier \u00e9tait dans le viseur de ses dirigeants en raison de ses mauvaises relations avec plusieurs stars, \u00e0 commencer par Hakim Ziyech. Walid Regragui est pressenti pour lui succ\u00e9der, \u00e0 quelques mois de la Coupe du monde au Qatar.<\/p>\n<p><strong>Le communiqu\u00e9 de la f\u00e9d\u00e9ration royale de football<\/strong><\/p>\n<p>\"<em>En raison des divergences de points de vue entre la F\u00e9d\u00e9ration Royale Marocaine de Football (FRMF) et l\u2019entraineur de l\u2019Equipe Nationale 'A\u200b', M. Vahid Halilhodzic au sujet de la pr\u00e9paration idoine des Lions de l\u2019Atlas pour la phase finale 22\u00e8me \u00e9dition de la Coupe du Monde Qatar 2022, les deux parties ont convenu de se s\u00e9parer \u00e0 l\u2019amiable.<\/em><br \/>\n<em>A cet effet, la FRMF remercie M.Halilhodzic pour le travail accompli durant sa mission \u00e0 la t\u00eate de l\u2019Equipe Nationale dont principalement la qualification pour la prochaine Coupe du Monde gr\u00e2ce \u00e0 une s\u00e9lection disposant de jeunes joueurs talentueux, et prometteurs.<\/em><br \/>\n<em>De son c\u00f4t\u00e9, M.Vahid Halilhodzic souhaite plein succ\u00e8s au Onze National dans l\u2019avenir.<\/em><br \/>\n<em>La FRMF rappelle qu\u2019elle mobilisera tous les moyens afin d\u2019assurer \u00e0 l\u2019Equipe Nationale une bonne pr\u00e9paration au Mondial 2022<\/em>.\"<\/p>\n<div class='share-to-whatsapp-wrapper'><div class='share-on-whsp'>PARTAGER SUR : <\/div><a data-text='MAROC - Vahid Halilhodzic limog\u00e9 \u00e0 3 mois du Mondial 2022' data-link='https:\/\/www.nettali.com\/2022\/08\/11\/maroc-vahid-halilhodzic-limoge-a-3-mois-du-mondial-2022\/' class='whatsapp-button whatsapp-share'>WhatsApp<\/a><div class='clear '><\/div><\/div>","protected":false},"excerpt":{"rendered":"<p>NETTALI.COM - La F\u00e9d\u00e9ration royale marocaine de football a mis un terme, ce jeudi 11 ao\u00fbt, \u00e0 sa collaboration avec le s\u00e9lectionneur de l'\u00e9quipe nationale. Vahid Halilhodzic se s\u00e9pare ainsi des Lions de l'Atlas apr\u00e8s avoir r\u00e9ussi leur qualification pour la prochaine Coupe du Monde au Qatar. L\u2019aventure se termine pour Vahid Halilhodzic. L\u2019entra\u00eeneur bosnien [&hellip;]<\/p>\n","protected":false},"author":5,"featured_media":91781,"comment_status":"open","ping_status":"open","sticky":false,"template":"","format":"standard","meta":{"_et_pb_use_builder":"","_et_pb_old_content":""},"categories":[6],"tags":[],"yoast_head":"<!-- This site is optimized with the Yoast SEO Premium plugin v17.8 (Yoast SEO v17.8) - https:\/\/yoast.com\/wordpress\/plugins\/seo\/ -->\n<title>MAROC - Vahid Halilhodzic limog\u00e9 \u00e0 3 mois du Mondial 2022 | Nettali.com<\/title>\n<meta name=\"robots\" content=\"index, follow, max-snippet:-1, max-image-preview:large, max-video-preview:-1\" \/>\n<link rel=\"canonical\" href=\"https:\/\/www.nettali.com\/2022\/08\/11\/maroc-vahid-halilhodzic-limoge-a-3-mois-du-mondial-2022\/\" \/>\n<meta property=\"og:locale\" content=\"fr_FR\" \/>\n<meta property=\"og:type\" content=\"article\" \/>\n<meta property=\"og:title\" content=\"MAROC - Vahid Halilhodzic limog\u00e9 \u00e0 3 mois du Mondial 2022\" \/>\n<meta property=\"og:description\" content=\"NETTALI.COM - La F\u00e9d\u00e9ration royale marocaine de football a mis un terme, ce jeudi 11 ao\u00fbt, \u00e0 sa collaboration avec le s\u00e9lectionneur de l&#039;\u00e9quipe nationale. Vahid Halilhodzic se s\u00e9pare ainsi des Lions de l&#039;Atlas apr\u00e8s avoir r\u00e9ussi leur qualification pour la prochaine Coupe du Monde au Qatar. L\u2019aventure se termine pour Vahid Halilhodzic. L\u2019entra\u00eeneur bosnien [&hellip;]\" \/>\n<meta property=\"og:url\" content=\"https:\/\/www.nettali.com\/2022\/08\/11\/maroc-vahid-halilhodzic-limoge-a-3-mois-du-mondial-2022\/\" \/>\n<meta property=\"og:site_name\" content=\"Nettali.com\" \/>\n<meta property=\"article:publisher\" content=\"https:\/\/www.facebook.com\/nettalicom\" \/>\n<meta property=\"article:published_time\" content=\"2022-08-11T16:53:59+00:00\" \/>\n<meta property=\"og:image\" content=\"https:\/\/www.nettali.com\/wp-content\/uploads\/2022\/08\/30ba3.jpg\" \/>\n\t<meta property=\"og:image:width\" content=\"640\" \/>\n\t<meta property=\"og:image:height\" content=\"427\" \/>\n<meta name=\"twitter:card\" content=\"summary_large_image\" \/>\n<meta name=\"twitter:label1\" content=\"\u00c9crit par\" \/>\n\t<meta name=\"twitter:data1\" content=\"Ibrahima\" \/>\n\t<meta name=\"twitter:label2\" content=\"Dur\u00e9e de lecture estim\u00e9e\" \/>\n\t<meta name=\"twitter:data2\" content=\"2 minutes\" \/>\n<script type=\"application\/ld+json\" class=\"yoast-schema-graph\">{\"@context\":\"https:\/\/schema.org\",\"@graph\":[{\"@type\":\"WebSite\",\"@id\":\"https:\/\/www.nettali.com\/#website\",\"url\":\"https:\/\/www.nettali.com\/\",\"name\":\"Nettali.com\",\"description\":\"Le rendez-vous critique du Net\",\"potentialAction\":[{\"@type\":\"SearchAction\",\"target\":{\"@type\":\"EntryPoint\",\"urlTemplate\":\"https:\/\/www.nettali.com\/?s={search_term_string}\"},\"query-input\":\"required name=search_term_string\"}],\"inLanguage\":\"fr-FR\"},{\"@type\":\"ImageObject\",\"@id\":\"https:\/\/www.nettali.com\/2022\/08\/11\/maroc-vahid-halilhodzic-limoge-a-3-mois-du-mondial-2022\/#primaryimage\",\"inLanguage\":\"fr-FR\",\"url\":\"https:\/\/www.nettali.com\/wp-content\/uploads\/2022\/08\/30ba3.jpg\",\"contentUrl\":\"https:\/\/www.nettali.com\/wp-content\/uploads\/2022\/08\/30ba3.jpg\",\"width\":640,\"height\":427},{\"@type\":\"WebPage\",\"@id\":\"https:\/\/www.nettali.com\/2022\/08\/11\/maroc-vahid-halilhodzic-limoge-a-3-mois-du-mondial-2022\/#webpage\",\"url\":\"https:\/\/www.nettali.com\/2022\/08\/11\/maroc-vahid-halilhodzic-limoge-a-3-mois-du-mondial-2022\/\",\"name\":\"MAROC - Vahid Halilhodzic limog\\u00e9 \\u00e0 3 mois du Mondial 2022 | Nettali.com\",\"isPartOf\":{\"@id\":\"https:\/\/www.nettali.com\/#website\"},\"primaryImageOfPage\":{\"@id\":\"https:\/\/www.nettali.com\/2022\/08\/11\/maroc-vahid-halilhodzic-limoge-a-3-mois-du-mondial-2022\/#primaryimage\"},\"datePublished\":\"2022-08-11T16:53:59+00:00\",\"dateModified\":\"2022-08-11T16:53:59+00:00\",\"author\":{\"@id\":\"https:\/\/www.nettali.com\/#\/schema\/person\/bb147657c2986240405a608162b9bb23\"},\"breadcrumb\":{\"@id\":\"https:\/\/www.nettali.com\/2022\/08\/11\/maroc-vahid-halilhodzic-limoge-a-3-mois-du-mondial-2022\/#breadcrumb\"},\"inLanguage\":\"fr-FR\",\"potentialAction\":[{\"@type\":\"ReadAction\",\"target\":[\"https:\/\/www.nettali.com\/2022\/08\/11\/maroc-vahid-halilhodzic-limoge-a-3-mois-du-mondial-2022\/\"]}]},{\"@type\":\"BreadcrumbList\",\"@id\":\"https:\/\/www.nettali.com\/2022\/08\/11\/maroc-vahid-halilhodzic-limoge-a-3-mois-du-mondial-2022\/#breadcrumb\",\"itemListElement\":[{\"@type\":\"ListItem\",\"position\":1,\"name\":\"Accueil\",\"item\":\"https:\/\/www.nettali.com\/\"},{\"@type\":\"ListItem\",\"position\":2,\"name\":\"MAROC - Vahid Halilhodzic limog\\u00e9 \\u00e0 3 mois du Mondial 2022\"}]},{\"@type\":\"Person\",\"@id\":\"https:\/\/www.nettali.com\/#\/schema\/person\/bb147657c2986240405a608162b9bb23\",\"name\":\"Ibrahima\",\"image\":{\"@type\":\"ImageObject\",\"@id\":\"https:\/\/www.nettali.com\/#personlogo\",\"inLanguage\":\"fr-FR\",\"url\":\"https:\/\/secure.gravatar.com\/avatar\/26a8a81f09f0dd7624c9d5c36c9ba3a2?s=96&d=mm&r=g\",\"contentUrl\":\"https:\/\/secure.gravatar.com\/avatar\/26a8a81f09f0dd7624c9d5c36c9ba3a2?s=96&d=mm&r=g\",\"caption\":\"Ibrahima\"},\"sameAs\":[\"https:\/\/www.nettali.com\"]}]}<\/script>\n<!-- \/ Yoast SEO Premium plugin. -->","yoast_head_json":{"title":"MAROC - Vahid Halilhodzic limog\u00e9 \u00e0 3 mois du Mondial 2022 | Nettali.com","robots":{"index":"index","follow":"follow","max-snippet":"max-snippet:-1","max-image-preview":"max-image-preview:large","max-video-preview":"max-video-preview:-1"},"canonical":"https:\/\/www.nettali.com\/2022\/08\/11\/maroc-vahid-halilhodzic-limoge-a-3-mois-du-mondial-2022\/","og_locale":"fr_FR","og_type":"article","og_title":"MAROC - Vahid Halilhodzic limog\u00e9 \u00e0 3 mois du Mondial 2022","og_description":"NETTALI.COM - La F\u00e9d\u00e9ration royale marocaine de football a mis un terme, ce jeudi 11 ao\u00fbt, \u00e0 sa collaboration avec le s\u00e9lectionneur de l'\u00e9quipe nationale. Vahid Halilhodzic se s\u00e9pare ainsi des Lions de l'Atlas apr\u00e8s avoir r\u00e9ussi leur qualification pour la prochaine Coupe du Monde au Qatar. L\u2019aventure se termine pour Vahid Halilhodzic. L\u2019entra\u00eeneur bosnien [&hellip;]","og_url":"https:\/\/www.nettali.com\/2022\/08\/11\/maroc-vahid-halilhodzic-limoge-a-3-mois-du-mondial-2022\/","og_site_name":"Nettali.com","article_publisher":"https:\/\/www.facebook.com\/nettalicom","article_published_time":"2022-08-11T16:53:59+00:00","og_image":[{"width":640,"height":427,"url":"https:\/\/www.nettali.com\/wp-content\/uploads\/2022\/08\/30ba3.jpg","type":"image\/jpeg"}],"twitter_card":"summary_large_image","twitter_misc":{"\u00c9crit par":"Ibrahima","Dur\u00e9e de lecture estim\u00e9e":"2 minutes"},"schema":{"@context":"https:\/\/schema.org","@graph":[{"@type":"WebSite","@id":"https:\/\/www.nettali.com\/#website","url":"https:\/\/www.nettali.com\/","name":"Nettali.com","description":"Le rendez-vous critique du Net","potentialAction":[{"@type":"SearchAction","target":{"@type":"EntryPoint","urlTemplate":"https:\/\/www.nettali.com\/?s={search_term_string}"},"query-input":"required name=search_term_string"}],"inLanguage":"fr-FR"},{"@type":"ImageObject","@id":"https:\/\/www.nettali.com\/2022\/08\/11\/maroc-vahid-halilhodzic-limoge-a-3-mois-du-mondial-2022\/#primaryimage","inLanguage":"fr-FR","url":"https:\/\/www.nettali.com\/wp-content\/uploads\/2022\/08\/30ba3.jpg","contentUrl":"https:\/\/www.nettali.com\/wp-content\/uploads\/2022\/08\/30ba3.jpg","width":640,"height":427},{"@type":"WebPage","@id":"https:\/\/www.nettali.com\/2022\/08\/11\/maroc-vahid-halilhodzic-limoge-a-3-mois-du-mondial-2022\/#webpage","url":"https:\/\/www.nettali.com\/2022\/08\/11\/maroc-vahid-halilhodzic-limoge-a-3-mois-du-mondial-2022\/","name":"MAROC - Vahid Halilhodzic limog\u00e9 \u00e0 3 mois du Mondial 2022 | Nettali.com","isPartOf":{"@id":"https:\/\/www.nettali.com\/#website"},"primaryImageOfPage":{"@id":"https:\/\/www.nettali.com\/2022\/08\/11\/maroc-vahid-halilhodzic-limoge-a-3-mois-du-mondial-2022\/#primaryimage"},"datePublished":"2022-08-11T16:53:59+00:00","dateModified":"2022-08-11T16:53:59+00:00","author":{"@id":"https:\/\/www.nettali.com\/#\/schema\/person\/bb147657c2986240405a608162b9bb23"},"breadcrumb":{"@id":"https:\/\/www.nettali.com\/2022\/08\/11\/maroc-vahid-halilhodzic-limoge-a-3-mois-du-mondial-2022\/#breadcrumb"},"inLanguage":"fr-FR","potentialAction":[{"@type":"ReadAction","target":["https:\/\/www.nettali.com\/2022\/08\/11\/maroc-vahid-halilhodzic-limoge-a-3-mois-du-mondial-2022\/"]}]},{"@type":"BreadcrumbList","@id":"https:\/\/www.nettali.com\/2022\/08\/11\/maroc-vahid-halilhodzic-limoge-a-3-mois-du-mondial-2022\/#breadcrumb","itemListElement":[{"@type":"ListItem","position":1,"name":"Accueil","item":"https:\/\/www.nettali.com\/"},{"@type":"ListItem","position":2,"name":"MAROC - Vahid Halilhodzic limog\u00e9 \u00e0 3 mois du Mondial 2022"}]},{"@type":"Person","@id":"https:\/\/www.nettali.com\/#\/schema\/person\/bb147657c2986240405a608162b9bb23","name":"Ibrahima","image":{"@type":"ImageObject","@id":"https:\/\/www.nettali.com\/#personlogo","inLanguage":"fr-FR","url":"https:\/\/secure.gravatar.com\/avatar\/26a8a81f09f0dd7624c9d5c36c9ba3a2?s=96&d=mm&r=g","contentUrl":"https:\/\/secure.gravatar.com\/avatar\/26a8a81f09f0dd7624c9d5c36c9ba3a2?s=96&d=mm&r=g","caption":"Ibrahima"},"sameAs":["https:\/\/www.nettali.com"]}]}},"_links":{"self":[{"href":"https:\/\/www.nettali.com\/rest\/wp\/v2\/posts\/91780"}],"collection":[{"href":"https:\/\/www.nettali.com\/rest\/wp\/v2\/posts"}],"about":[{"href":"https:\/\/www.nettali.com\/rest\/wp\/v2\/types\/post"}],"author":[{"embeddable":true,"href":"https:\/\/www.nettali.com\/rest\/wp\/v2\/users\/5"}],"replies":[{"embeddable":true,"href":"https:\/\/www.nettali.com\/rest\/wp\/v2\/comments?post=91780"}],"version-history":[{"count":3,"href":"https:\/\/www.nettali.com\/rest\/wp\/v2\/posts\/91780\/revisions"}],"predecessor-version":[{"id":91789,"href":"https:\/\/www.nettali.com\/rest\/wp\/v2\/posts\/91780\/revisions\/91789"}],"wp:featuredmedia":[{"embeddable":true,"href":"https:\/\/www.nettali.com\/rest\/wp\/v2\/media\/91781"}],"wp:attachment":[{"href":"https:\/\/www.nettali.com\/rest\/wp\/v2\/media?parent=91780"}],"wp:term":[{"taxonomy":"category","embeddable":true,"href":"https:\/\/www.nettali.com\/rest\/wp\/v2\/categories?post=91780"},{"taxonomy":"post_tag","embeddable":true,"href":"https:\/\/www.nettali.com\/rest\/wp\/v2\/tags?post=91780"}],"curies":[{"name":"wp","href":"https:\/\/api.w.org\/{rel}","templated":true}]}}