{"id":91775,"date":"2022-08-11T14:25:58","date_gmt":"2022-08-11T14:25:58","guid":{"rendered":"https:\/\/www.nettali.com\/?p=91775"},"modified":"2022-08-12T08:19:18","modified_gmt":"2022-08-12T08:19:18","slug":"macky-sall-les-agresseurs-et-les-casseurs-nont-pas-leur-place-a-lecole-ni-a-luniversite","status":"publish","type":"post","link":"https:\/\/www.nettali.com\/2022\/08\/11\/macky-sall-les-agresseurs-et-les-casseurs-nont-pas-leur-place-a-lecole-ni-a-luniversite\/","title":{"rendered":"MACKY SALL - \u00ab\u00a0Les agresseurs et les casseurs n\u2019ont pas leur place \u00e0 l\u2019\u00e9cole ni \u00e0 l\u2019universit\u00e9\u00a0\u00bb"},"content":{"rendered":"<p><strong>NETTALI.COM - Le Pr\u00e9sident de la R\u00e9publique avertit les \u00e9l\u00e8ves et \u00e9tudiants qui commettent des actes de vandalisme dans les \u00e9tablissements scolaires. Selon lui, les agresseurs et les casseurs n\u2019ont pas leur place \u00e0 l\u2019\u00e9cole ni \u00e0 l\u2019universit\u00e9.<\/strong><\/p>\n<p>Venu pr\u00e9sider la c\u00e9r\u00e9monie de remise des prix du concours g\u00e9n\u00e9ral de l\u2019\u00e9dition 2022, le pr\u00e9sident de la R\u00e9publique, Macky Sall, a d\u00e9nonc\u00e9 certaines d\u00e9rives constat\u00e9es au sein des \u00e9tablissements scolaires et qui n\u2019honorent pas l\u2019\u00e9cole s\u00e9n\u00e9galaise. \u00ab\u00a0<em>Notre soci\u00e9t\u00e9 est pers\u00e9cut\u00e9e par la violence physique, la violence verbale et la fr\u00e9n\u00e9sie des \u00ab Fake-news<\/em>\u00a0<em>\u00bb, la manipulation et les r\u00e9seaux sociaux. Dans ce tourbillon des temps modernes, la jeunesse semble \u00eatre en perte de rep\u00e8res allant jusqu\u2019\u00e0 verser parfois dans un mim\u00e9tisme de mauvais go\u00fbt.\u00a0 Je pense \u00e0 la pratique choquante et malsaine de violences sur des enseignants et de saccages d\u2019infrastructures et de mat\u00e9riels scolaires<\/em>\u00bb, a relev\u00e9 le chef de l\u2019Etat.<\/p>\n<p>Avant d\u2019ajouter\u00a0:\u00a0\u00ab<em> les agresseurs et les casseurs, qui constituent heureusement une infime minorit\u00e9, n\u2019ont pas leur place \u00e0 l\u2019\u00e9cole ni \u00e0 l\u2019universit\u00e9. Nous devons tous agir fermement pour mettre fin \u00e0 ces d\u00e9rives. Pouvoirs publics, partenaires sociaux mais \u00e9galement les familles, responsables au premier chef, de l\u2019\u00e9ducation de leurs enfants\u00a0<\/em>\u00bb.<\/p>\n<p>Auparavant, le Pr\u00e9sident de la R\u00e9publique a indiqu\u00e9 que notre syst\u00e8me \u00e9ducatif doit davantage int\u00e9grer le num\u00e9rique comme contenu p\u00e9dagogique et outil d\u2019encadrement et de performances. Mais, relativise-t-il : \u00ab\u00a0<em>tout n\u2019est pas que science, math\u00e9matique et technologie<\/em>\u00a0\u00bb. A son avis, il nous faut aussi mieux promouvoir l\u2019enseignement des humanit\u00e9s et des valeurs. Car, \u00e0 son avis, ce sont les humanit\u00e9s et les valeurs qui nous relient \u00e0 notre histoire, forgent notre identit\u00e9, cimentent notre vivre ensemble et nous servent de bouclier face aux risques d\u2019acculturation et d\u2019assimilation. \u00ab\u00a0<em>Nous devons poursuivre l\u2019\u0153uvre d\u2019ancrage dans nos valeurs de cultures et de civilisations. L\u2019\u00e9cole doit en effet rester une valeur refuge qui nous renvoie aux faits et figures embl\u00e9matiques qui marquent notre histoire et notre pr\u00e9sent pour former notre patrimoine mat\u00e9riel et immat\u00e9riel\u00a0<\/em>\u00bb, souligne-t-il.<\/p>\n<div class='share-to-whatsapp-wrapper'><div class='share-on-whsp'>PARTAGER SUR : <\/div><a data-text='MACKY SALL - \u00ab\u00a0Les agresseurs et les casseurs n\u2019ont pas leur place \u00e0 l\u2019\u00e9cole ni \u00e0 l\u2019universit\u00e9\u00a0\u00bb' data-link='https:\/\/www.nettali.com\/2022\/08\/11\/macky-sall-les-agresseurs-et-les-casseurs-nont-pas-leur-place-a-lecole-ni-a-luniversite\/' class='whatsapp-button whatsapp-share'>WhatsApp<\/a><div class='clear '><\/div><\/div>","protected":false},"excerpt":{"rendered":"<p>NETTALI.COM - Le Pr\u00e9sident de la R\u00e9publique avertit les \u00e9l\u00e8ves et \u00e9tudiants qui commettent des actes de vandalisme dans les \u00e9tablissements scolaires. Selon lui, les agresseurs et les casseurs n\u2019ont pas leur place \u00e0 l\u2019\u00e9cole ni \u00e0 l\u2019universit\u00e9. Venu pr\u00e9sider la c\u00e9r\u00e9monie de remise des prix du concours g\u00e9n\u00e9ral de l\u2019\u00e9dition 2022, le pr\u00e9sident de [&hellip;]<\/p>\n","protected":false},"author":6,"featured_media":1176,"comment_status":"open","ping_status":"open","sticky":false,"template":"","format":"standard","meta":{"_et_pb_use_builder":"","_et_pb_old_content":""},"categories":[3],"tags":[],"yoast_head":"<!-- This site is optimized with the Yoast SEO Premium plugin v17.8 (Yoast SEO v17.8) - https:\/\/yoast.com\/wordpress\/plugins\/seo\/ -->\n<title>MACKY SALL - \u00ab\u00a0Les agresseurs et les casseurs n\u2019ont pas leur place \u00e0 l\u2019\u00e9cole ni \u00e0 l\u2019universit\u00e9\u00a0\u00bb | Nettali.com<\/title>\n<meta name=\"robots\" content=\"index, follow, max-snippet:-1, max-image-preview:large, max-video-preview:-1\" \/>\n<link rel=\"canonical\" href=\"https:\/\/www.nettali.com\/2022\/08\/11\/macky-sall-les-agresseurs-et-les-casseurs-nont-pas-leur-place-a-lecole-ni-a-luniversite\/\" \/>\n<meta property=\"og:locale\" content=\"fr_FR\" \/>\n<meta property=\"og:type\" content=\"article\" \/>\n<meta property=\"og:title\" content=\"MACKY SALL - \u00ab\u00a0Les agresseurs et les casseurs n\u2019ont pas leur place \u00e0 l\u2019\u00e9cole ni \u00e0 l\u2019universit\u00e9\u00a0\u00bb\" \/>\n<meta property=\"og:description\" content=\"NETTALI.COM - Le Pr\u00e9sident de la R\u00e9publique avertit les \u00e9l\u00e8ves et \u00e9tudiants qui commettent des actes de vandalisme dans les \u00e9tablissements scolaires. Selon lui, les agresseurs et les casseurs n\u2019ont pas leur place \u00e0 l\u2019\u00e9cole ni \u00e0 l\u2019universit\u00e9. Venu pr\u00e9sider la c\u00e9r\u00e9monie de remise des prix du concours g\u00e9n\u00e9ral de l\u2019\u00e9dition 2022, le pr\u00e9sident de [&hellip;]\" \/>\n<meta property=\"og:url\" content=\"https:\/\/www.nettali.com\/2022\/08\/11\/macky-sall-les-agresseurs-et-les-casseurs-nont-pas-leur-place-a-lecole-ni-a-luniversite\/\" \/>\n<meta property=\"og:site_name\" content=\"Nettali.com\" \/>\n<meta property=\"article:publisher\" content=\"https:\/\/www.facebook.com\/nettalicom\" \/>\n<meta property=\"article:published_time\" content=\"2022-08-11T14:25:58+00:00\" \/>\n<meta property=\"article:modified_time\" content=\"2022-08-12T08:19:18+00:00\" \/>\n<meta property=\"og:image\" content=\"https:\/\/www.nettali.com\/wp-content\/uploads\/2019\/03\/macky-sall.jpg\" \/>\n\t<meta property=\"og:image:width\" content=\"720\" \/>\n\t<meta property=\"og:image:height\" content=\"474\" \/>\n<meta name=\"twitter:card\" content=\"summary_large_image\" \/>\n<meta name=\"twitter:label1\" content=\"\u00c9crit par\" \/>\n\t<meta name=\"twitter:data1\" content=\"Fatou\" \/>\n\t<meta name=\"twitter:label2\" content=\"Dur\u00e9e de lecture estim\u00e9e\" \/>\n\t<meta name=\"twitter:data2\" content=\"2 minutes\" \/>\n<script type=\"application\/ld+json\" class=\"yoast-schema-graph\">{\"@context\":\"https:\/\/schema.org\",\"@graph\":[{\"@type\":\"WebSite\",\"@id\":\"https:\/\/www.nettali.com\/#website\",\"url\":\"https:\/\/www.nettali.com\/\",\"name\":\"Nettali.com\",\"description\":\"Le rendez-vous critique du Net\",\"potentialAction\":[{\"@type\":\"SearchAction\",\"target\":{\"@type\":\"EntryPoint\",\"urlTemplate\":\"https:\/\/www.nettali.com\/?s={search_term_string}\"},\"query-input\":\"required name=search_term_string\"}],\"inLanguage\":\"fr-FR\"},{\"@type\":\"ImageObject\",\"@id\":\"https:\/\/www.nettali.com\/2022\/08\/11\/macky-sall-les-agresseurs-et-les-casseurs-nont-pas-leur-place-a-lecole-ni-a-luniversite\/#primaryimage\",\"inLanguage\":\"fr-FR\",\"url\":\"https:\/\/www.nettali.com\/wp-content\/uploads\/2019\/03\/macky-sall.jpg\",\"contentUrl\":\"https:\/\/www.nettali.com\/wp-content\/uploads\/2019\/03\/macky-sall.jpg\",\"width\":720,\"height\":474},{\"@type\":\"WebPage\",\"@id\":\"https:\/\/www.nettali.com\/2022\/08\/11\/macky-sall-les-agresseurs-et-les-casseurs-nont-pas-leur-place-a-lecole-ni-a-luniversite\/#webpage\",\"url\":\"https:\/\/www.nettali.com\/2022\/08\/11\/macky-sall-les-agresseurs-et-les-casseurs-nont-pas-leur-place-a-lecole-ni-a-luniversite\/\",\"name\":\"MACKY SALL - \\u00ab\\u00a0Les agresseurs et les casseurs n\\u2019ont pas leur place \\u00e0 l\\u2019\\u00e9cole ni \\u00e0 l\\u2019universit\\u00e9\\u00a0\\u00bb | Nettali.com\",\"isPartOf\":{\"@id\":\"https:\/\/www.nettali.com\/#website\"},\"primaryImageOfPage\":{\"@id\":\"https:\/\/www.nettali.com\/2022\/08\/11\/macky-sall-les-agresseurs-et-les-casseurs-nont-pas-leur-place-a-lecole-ni-a-luniversite\/#primaryimage\"},\"datePublished\":\"2022-08-11T14:25:58+00:00\",\"dateModified\":\"2022-08-12T08:19:18+00:00\",\"author\":{\"@id\":\"https:\/\/www.nettali.com\/#\/schema\/person\/418274a86bdf87caff7a3ef476bd0bbf\"},\"breadcrumb\":{\"@id\":\"https:\/\/www.nettali.com\/2022\/08\/11\/macky-sall-les-agresseurs-et-les-casseurs-nont-pas-leur-place-a-lecole-ni-a-luniversite\/#breadcrumb\"},\"inLanguage\":\"fr-FR\",\"potentialAction\":[{\"@type\":\"ReadAction\",\"target\":[\"https:\/\/www.nettali.com\/2022\/08\/11\/macky-sall-les-agresseurs-et-les-casseurs-nont-pas-leur-place-a-lecole-ni-a-luniversite\/\"]}]},{\"@type\":\"BreadcrumbList\",\"@id\":\"https:\/\/www.nettali.com\/2022\/08\/11\/macky-sall-les-agresseurs-et-les-casseurs-nont-pas-leur-place-a-lecole-ni-a-luniversite\/#breadcrumb\",\"itemListElement\":[{\"@type\":\"ListItem\",\"position\":1,\"name\":\"Accueil\",\"item\":\"https:\/\/www.nettali.com\/\"},{\"@type\":\"ListItem\",\"position\":2,\"name\":\"MACKY SALL - \\u00ab\\u00a0Les agresseurs et les casseurs n\\u2019ont pas leur place \\u00e0 l\\u2019\\u00e9cole ni \\u00e0 l\\u2019universit\\u00e9\\u00a0\\u00bb\"}]},{\"@type\":\"Person\",\"@id\":\"https:\/\/www.nettali.com\/#\/schema\/person\/418274a86bdf87caff7a3ef476bd0bbf\",\"name\":\"Fatou\",\"image\":{\"@type\":\"ImageObject\",\"@id\":\"https:\/\/www.nettali.com\/#personlogo\",\"inLanguage\":\"fr-FR\",\"url\":\"https:\/\/secure.gravatar.com\/avatar\/5a9442a2bee7b4dcf167cab035858e9a?s=96&d=mm&r=g\",\"contentUrl\":\"https:\/\/secure.gravatar.com\/avatar\/5a9442a2bee7b4dcf167cab035858e9a?s=96&d=mm&r=g\",\"caption\":\"Fatou\"},\"sameAs\":[\"https:\/\/www.nettali.com\"]}]}<\/script>\n<!-- \/ Yoast SEO Premium plugin. -->","yoast_head_json":{"title":"MACKY SALL - \u00ab\u00a0Les agresseurs et les casseurs n\u2019ont pas leur place \u00e0 l\u2019\u00e9cole ni \u00e0 l\u2019universit\u00e9\u00a0\u00bb | Nettali.com","robots":{"index":"index","follow":"follow","max-snippet":"max-snippet:-1","max-image-preview":"max-image-preview:large","max-video-preview":"max-video-preview:-1"},"canonical":"https:\/\/www.nettali.com\/2022\/08\/11\/macky-sall-les-agresseurs-et-les-casseurs-nont-pas-leur-place-a-lecole-ni-a-luniversite\/","og_locale":"fr_FR","og_type":"article","og_title":"MACKY SALL - \u00ab\u00a0Les agresseurs et les casseurs n\u2019ont pas leur place \u00e0 l\u2019\u00e9cole ni \u00e0 l\u2019universit\u00e9\u00a0\u00bb","og_description":"NETTALI.COM - Le Pr\u00e9sident de la R\u00e9publique avertit les \u00e9l\u00e8ves et \u00e9tudiants qui commettent des actes de vandalisme dans les \u00e9tablissements scolaires. Selon lui, les agresseurs et les casseurs n\u2019ont pas leur place \u00e0 l\u2019\u00e9cole ni \u00e0 l\u2019universit\u00e9. Venu pr\u00e9sider la c\u00e9r\u00e9monie de remise des prix du concours g\u00e9n\u00e9ral de l\u2019\u00e9dition 2022, le pr\u00e9sident de [&hellip;]","og_url":"https:\/\/www.nettali.com\/2022\/08\/11\/macky-sall-les-agresseurs-et-les-casseurs-nont-pas-leur-place-a-lecole-ni-a-luniversite\/","og_site_name":"Nettali.com","article_publisher":"https:\/\/www.facebook.com\/nettalicom","article_published_time":"2022-08-11T14:25:58+00:00","article_modified_time":"2022-08-12T08:19:18+00:00","og_image":[{"width":720,"height":474,"url":"https:\/\/www.nettali.com\/wp-content\/uploads\/2019\/03\/macky-sall.jpg","type":"image\/jpeg"}],"twitter_card":"summary_large_image","twitter_misc":{"\u00c9crit par":"Fatou","Dur\u00e9e de lecture estim\u00e9e":"2 minutes"},"schema":{"@context":"https:\/\/schema.org","@graph":[{"@type":"WebSite","@id":"https:\/\/www.nettali.com\/#website","url":"https:\/\/www.nettali.com\/","name":"Nettali.com","description":"Le rendez-vous critique du Net","potentialAction":[{"@type":"SearchAction","target":{"@type":"EntryPoint","urlTemplate":"https:\/\/www.nettali.com\/?s={search_term_string}"},"query-input":"required name=search_term_string"}],"inLanguage":"fr-FR"},{"@type":"ImageObject","@id":"https:\/\/www.nettali.com\/2022\/08\/11\/macky-sall-les-agresseurs-et-les-casseurs-nont-pas-leur-place-a-lecole-ni-a-luniversite\/#primaryimage","inLanguage":"fr-FR","url":"https:\/\/www.nettali.com\/wp-content\/uploads\/2019\/03\/macky-sall.jpg","contentUrl":"https:\/\/www.nettali.com\/wp-content\/uploads\/2019\/03\/macky-sall.jpg","width":720,"height":474},{"@type":"WebPage","@id":"https:\/\/www.nettali.com\/2022\/08\/11\/macky-sall-les-agresseurs-et-les-casseurs-nont-pas-leur-place-a-lecole-ni-a-luniversite\/#webpage","url":"https:\/\/www.nettali.com\/2022\/08\/11\/macky-sall-les-agresseurs-et-les-casseurs-nont-pas-leur-place-a-lecole-ni-a-luniversite\/","name":"MACKY SALL - \u00ab\u00a0Les agresseurs et les casseurs n\u2019ont pas leur place \u00e0 l\u2019\u00e9cole ni \u00e0 l\u2019universit\u00e9\u00a0\u00bb | Nettali.com","isPartOf":{"@id":"https:\/\/www.nettali.com\/#website"},"primaryImageOfPage":{"@id":"https:\/\/www.nettali.com\/2022\/08\/11\/macky-sall-les-agresseurs-et-les-casseurs-nont-pas-leur-place-a-lecole-ni-a-luniversite\/#primaryimage"},"datePublished":"2022-08-11T14:25:58+00:00","dateModified":"2022-08-12T08:19:18+00:00","author":{"@id":"https:\/\/www.nettali.com\/#\/schema\/person\/418274a86bdf87caff7a3ef476bd0bbf"},"breadcrumb":{"@id":"https:\/\/www.nettali.com\/2022\/08\/11\/macky-sall-les-agresseurs-et-les-casseurs-nont-pas-leur-place-a-lecole-ni-a-luniversite\/#breadcrumb"},"inLanguage":"fr-FR","potentialAction":[{"@type":"ReadAction","target":["https:\/\/www.nettali.com\/2022\/08\/11\/macky-sall-les-agresseurs-et-les-casseurs-nont-pas-leur-place-a-lecole-ni-a-luniversite\/"]}]},{"@type":"BreadcrumbList","@id":"https:\/\/www.nettali.com\/2022\/08\/11\/macky-sall-les-agresseurs-et-les-casseurs-nont-pas-leur-place-a-lecole-ni-a-luniversite\/#breadcrumb","itemListElement":[{"@type":"ListItem","position":1,"name":"Accueil","item":"https:\/\/www.nettali.com\/"},{"@type":"ListItem","position":2,"name":"MACKY SALL - \u00ab\u00a0Les agresseurs et les casseurs n\u2019ont pas leur place \u00e0 l\u2019\u00e9cole ni \u00e0 l\u2019universit\u00e9\u00a0\u00bb"}]},{"@type":"Person","@id":"https:\/\/www.nettali.com\/#\/schema\/person\/418274a86bdf87caff7a3ef476bd0bbf","name":"Fatou","image":{"@type":"ImageObject","@id":"https:\/\/www.nettali.com\/#personlogo","inLanguage":"fr-FR","url":"https:\/\/secure.gravatar.com\/avatar\/5a9442a2bee7b4dcf167cab035858e9a?s=96&d=mm&r=g","contentUrl":"https:\/\/secure.gravatar.com\/avatar\/5a9442a2bee7b4dcf167cab035858e9a?s=96&d=mm&r=g","caption":"Fatou"},"sameAs":["https:\/\/www.nettali.com"]}]}},"_links":{"self":[{"href":"https:\/\/www.nettali.com\/rest\/wp\/v2\/posts\/91775"}],"collection":[{"href":"https:\/\/www.nettali.com\/rest\/wp\/v2\/posts"}],"about":[{"href":"https:\/\/www.nettali.com\/rest\/wp\/v2\/types\/post"}],"author":[{"embeddable":true,"href":"https:\/\/www.nettali.com\/rest\/wp\/v2\/users\/6"}],"replies":[{"embeddable":true,"href":"https:\/\/www.nettali.com\/rest\/wp\/v2\/comments?post=91775"}],"version-history":[{"count":3,"href":"https:\/\/www.nettali.com\/rest\/wp\/v2\/posts\/91775\/revisions"}],"predecessor-version":[{"id":91779,"href":"https:\/\/www.nettali.com\/rest\/wp\/v2\/posts\/91775\/revisions\/91779"}],"wp:featuredmedia":[{"embeddable":true,"href":"https:\/\/www.nettali.com\/rest\/wp\/v2\/media\/1176"}],"wp:attachment":[{"href":"https:\/\/www.nettali.com\/rest\/wp\/v2\/media?parent=91775"}],"wp:term":[{"taxonomy":"category","embeddable":true,"href":"https:\/\/www.nettali.com\/rest\/wp\/v2\/categories?post=91775"},{"taxonomy":"post_tag","embeddable":true,"href":"https:\/\/www.nettali.com\/rest\/wp\/v2\/tags?post=91775"}],"curies":[{"name":"wp","href":"https:\/\/api.w.org\/{rel}","templated":true}]}}