{"id":91751,"date":"2022-08-11T07:42:41","date_gmt":"2022-08-11T07:42:41","guid":{"rendered":"https:\/\/www.nettali.com\/?p=91751"},"modified":"2022-08-11T14:27:36","modified_gmt":"2022-08-11T14:27:36","slug":"compagnonnage-a-lassemblee-nationale-pape-diop-se-prononce-aujourdhui","status":"publish","type":"post","link":"https:\/\/www.nettali.com\/2022\/08\/11\/compagnonnage-a-lassemblee-nationale-pape-diop-se-prononce-aujourdhui\/","title":{"rendered":"COMPAGNONNAGE A L\u2019ASSEMBLEE NATIONALE - \u00a0Pape Diop se prononce aujourd\u2019hui"},"content":{"rendered":"<p><strong>NETTALI.COM - Pape Diop, le pr\u00e9sident de Bokk Gis Gis, se positionne comme \u00abfaiseur de roi\u00bb entre\u00a0 \u00abBenno\u00bb Bokk Yaakaar et l\u2019intercoalition \u00abYewwi-Wallu\u00bb. \u00a0Il compte faire face \u00e0 la presse ce jeudi pour\u00a0 annoncer s\u2019il va accompagner l\u2019opposition \u00e0 l\u2019Assembl\u00e9e nationale ou s\u2019il va renforcer le camp pr\u00e9sidentiel.<\/strong><\/p>\n<p>La r\u00e9v\u00e9lation est de L\u2019Observateur. L\u2019ancien maire de Dakar et ex-pr\u00e9sident de l\u2019Assembl\u00e9e nationale va rencontrer la presse ce jeudi et va se prononcer sur son compagnonnage \u00e0 l\u2019h\u00e9micycle. On saura s\u2019il ira avec le camp pr\u00e9sidentiel ou s\u2019il compte renforcer l\u2019opposition repr\u00e9sent\u00e9e par l\u2019intercoalition \u00abYewi-Wallu\u00bb.<\/p>\n<p>Le journal croit savoir que sa d\u00e9cision est prise et \u00a0que tout s\u2019est jou\u00e9 \u00e0 Diourbel o\u00f9 Pape Diop s\u2019\u00e9tait rendu hier, mercredi, pour s\u2019entretenir avec le khalife g\u00e9n\u00e9ral des mourides, Serigne Mountakha Mback\u00e9, qui y est en retraite. Au terme de l\u2019audience que lui a accord\u00e9e le chef de la communaut\u00e9 mouride, le leader de Bokk Gis Gis a choisi la voie qu\u2019il va suivre \u00e0 l\u2019Assembl\u00e9e nationale. D\u00e9cision qu\u2019il va rendre publique, aujourd\u2019hui.<\/p>\n<p>&nbsp;<\/p>\n<div class='share-to-whatsapp-wrapper'><div class='share-on-whsp'>PARTAGER SUR : <\/div><a data-text='COMPAGNONNAGE A L\u2019ASSEMBLEE NATIONALE - \u00a0Pape Diop se prononce aujourd\u2019hui' data-link='https:\/\/www.nettali.com\/2022\/08\/11\/compagnonnage-a-lassemblee-nationale-pape-diop-se-prononce-aujourdhui\/' class='whatsapp-button whatsapp-share'>WhatsApp<\/a><div class='clear '><\/div><\/div>","protected":false},"excerpt":{"rendered":"<p>NETTALI.COM - Pape Diop, le pr\u00e9sident de Bokk Gis Gis, se positionne comme \u00abfaiseur de roi\u00bb entre\u00a0 \u00abBenno\u00bb Bokk Yaakaar et l\u2019intercoalition \u00abYewwi-Wallu\u00bb. \u00a0Il compte faire face \u00e0 la presse ce jeudi pour\u00a0 annoncer s\u2019il va accompagner l\u2019opposition \u00e0 l\u2019Assembl\u00e9e nationale ou s\u2019il va renforcer le camp pr\u00e9sidentiel. La r\u00e9v\u00e9lation est de L\u2019Observateur. L\u2019ancien maire [&hellip;]<\/p>\n","protected":false},"author":4,"featured_media":72539,"comment_status":"open","ping_status":"open","sticky":false,"template":"","format":"standard","meta":{"_et_pb_use_builder":"","_et_pb_old_content":""},"categories":[2],"tags":[],"yoast_head":"<!-- This site is optimized with the Yoast SEO Premium plugin v17.8 (Yoast SEO v17.8) - https:\/\/yoast.com\/wordpress\/plugins\/seo\/ -->\n<title>COMPAGNONNAGE A L\u2019ASSEMBLEE NATIONALE - \u00a0Pape Diop se prononce aujourd\u2019hui | Nettali.com<\/title>\n<meta name=\"robots\" content=\"index, follow, max-snippet:-1, max-image-preview:large, max-video-preview:-1\" \/>\n<link rel=\"canonical\" href=\"https:\/\/www.nettali.com\/2022\/08\/11\/compagnonnage-a-lassemblee-nationale-pape-diop-se-prononce-aujourdhui\/\" \/>\n<meta property=\"og:locale\" content=\"fr_FR\" \/>\n<meta property=\"og:type\" content=\"article\" \/>\n<meta property=\"og:title\" content=\"COMPAGNONNAGE A L\u2019ASSEMBLEE NATIONALE - \u00a0Pape Diop se prononce aujourd\u2019hui\" \/>\n<meta property=\"og:description\" content=\"NETTALI.COM - Pape Diop, le pr\u00e9sident de Bokk Gis Gis, se positionne comme \u00abfaiseur de roi\u00bb entre\u00a0 \u00abBenno\u00bb Bokk Yaakaar et l\u2019intercoalition \u00abYewwi-Wallu\u00bb. \u00a0Il compte faire face \u00e0 la presse ce jeudi pour\u00a0 annoncer s\u2019il va accompagner l\u2019opposition \u00e0 l\u2019Assembl\u00e9e nationale ou s\u2019il va renforcer le camp pr\u00e9sidentiel. La r\u00e9v\u00e9lation est de L\u2019Observateur. L\u2019ancien maire [&hellip;]\" \/>\n<meta property=\"og:url\" content=\"https:\/\/www.nettali.com\/2022\/08\/11\/compagnonnage-a-lassemblee-nationale-pape-diop-se-prononce-aujourdhui\/\" \/>\n<meta property=\"og:site_name\" content=\"Nettali.com\" \/>\n<meta property=\"article:publisher\" content=\"https:\/\/www.facebook.com\/nettalicom\" \/>\n<meta property=\"article:published_time\" content=\"2022-08-11T07:42:41+00:00\" \/>\n<meta property=\"article:modified_time\" content=\"2022-08-11T14:27:36+00:00\" \/>\n<meta property=\"og:image\" content=\"https:\/\/www.nettali.com\/wp-content\/uploads\/2021\/09\/pape-diop.jpg\" \/>\n\t<meta property=\"og:image:width\" content=\"700\" \/>\n\t<meta property=\"og:image:height\" content=\"467\" \/>\n<meta name=\"twitter:card\" content=\"summary_large_image\" \/>\n<meta name=\"twitter:label1\" content=\"\u00c9crit par\" \/>\n\t<meta name=\"twitter:data1\" content=\"Daouda\" \/>\n\t<meta name=\"twitter:label2\" content=\"Dur\u00e9e de lecture estim\u00e9e\" \/>\n\t<meta name=\"twitter:data2\" content=\"1 minute\" \/>\n<script type=\"application\/ld+json\" class=\"yoast-schema-graph\">{\"@context\":\"https:\/\/schema.org\",\"@graph\":[{\"@type\":\"WebSite\",\"@id\":\"https:\/\/www.nettali.com\/#website\",\"url\":\"https:\/\/www.nettali.com\/\",\"name\":\"Nettali.com\",\"description\":\"Le rendez-vous critique du Net\",\"potentialAction\":[{\"@type\":\"SearchAction\",\"target\":{\"@type\":\"EntryPoint\",\"urlTemplate\":\"https:\/\/www.nettali.com\/?s={search_term_string}\"},\"query-input\":\"required name=search_term_string\"}],\"inLanguage\":\"fr-FR\"},{\"@type\":\"ImageObject\",\"@id\":\"https:\/\/www.nettali.com\/2022\/08\/11\/compagnonnage-a-lassemblee-nationale-pape-diop-se-prononce-aujourdhui\/#primaryimage\",\"inLanguage\":\"fr-FR\",\"url\":\"https:\/\/www.nettali.com\/wp-content\/uploads\/2021\/09\/pape-diop.jpg\",\"contentUrl\":\"https:\/\/www.nettali.com\/wp-content\/uploads\/2021\/09\/pape-diop.jpg\",\"width\":700,\"height\":467},{\"@type\":\"WebPage\",\"@id\":\"https:\/\/www.nettali.com\/2022\/08\/11\/compagnonnage-a-lassemblee-nationale-pape-diop-se-prononce-aujourdhui\/#webpage\",\"url\":\"https:\/\/www.nettali.com\/2022\/08\/11\/compagnonnage-a-lassemblee-nationale-pape-diop-se-prononce-aujourdhui\/\",\"name\":\"COMPAGNONNAGE A L\\u2019ASSEMBLEE NATIONALE - \\u00a0Pape Diop se prononce aujourd\\u2019hui | Nettali.com\",\"isPartOf\":{\"@id\":\"https:\/\/www.nettali.com\/#website\"},\"primaryImageOfPage\":{\"@id\":\"https:\/\/www.nettali.com\/2022\/08\/11\/compagnonnage-a-lassemblee-nationale-pape-diop-se-prononce-aujourdhui\/#primaryimage\"},\"datePublished\":\"2022-08-11T07:42:41+00:00\",\"dateModified\":\"2022-08-11T14:27:36+00:00\",\"author\":{\"@id\":\"https:\/\/www.nettali.com\/#\/schema\/person\/3317e0bb3aa1da309fbf7b2780901bf4\"},\"breadcrumb\":{\"@id\":\"https:\/\/www.nettali.com\/2022\/08\/11\/compagnonnage-a-lassemblee-nationale-pape-diop-se-prononce-aujourdhui\/#breadcrumb\"},\"inLanguage\":\"fr-FR\",\"potentialAction\":[{\"@type\":\"ReadAction\",\"target\":[\"https:\/\/www.nettali.com\/2022\/08\/11\/compagnonnage-a-lassemblee-nationale-pape-diop-se-prononce-aujourdhui\/\"]}]},{\"@type\":\"BreadcrumbList\",\"@id\":\"https:\/\/www.nettali.com\/2022\/08\/11\/compagnonnage-a-lassemblee-nationale-pape-diop-se-prononce-aujourdhui\/#breadcrumb\",\"itemListElement\":[{\"@type\":\"ListItem\",\"position\":1,\"name\":\"Accueil\",\"item\":\"https:\/\/www.nettali.com\/\"},{\"@type\":\"ListItem\",\"position\":2,\"name\":\"COMPAGNONNAGE A L\\u2019ASSEMBLEE NATIONALE - \\u00a0Pape Diop se prononce aujourd\\u2019hui\"}]},{\"@type\":\"Person\",\"@id\":\"https:\/\/www.nettali.com\/#\/schema\/person\/3317e0bb3aa1da309fbf7b2780901bf4\",\"name\":\"Daouda\",\"image\":{\"@type\":\"ImageObject\",\"@id\":\"https:\/\/www.nettali.com\/#personlogo\",\"inLanguage\":\"fr-FR\",\"url\":\"https:\/\/secure.gravatar.com\/avatar\/8d143b5a49345098ddcfee1c49c2f47c?s=96&d=mm&r=g\",\"contentUrl\":\"https:\/\/secure.gravatar.com\/avatar\/8d143b5a49345098ddcfee1c49c2f47c?s=96&d=mm&r=g\",\"caption\":\"Daouda\"},\"sameAs\":[\"https:\/\/www.nettali.com\"]}]}<\/script>\n<!-- \/ Yoast SEO Premium plugin. -->","yoast_head_json":{"title":"COMPAGNONNAGE A L\u2019ASSEMBLEE NATIONALE - \u00a0Pape Diop se prononce aujourd\u2019hui | Nettali.com","robots":{"index":"index","follow":"follow","max-snippet":"max-snippet:-1","max-image-preview":"max-image-preview:large","max-video-preview":"max-video-preview:-1"},"canonical":"https:\/\/www.nettali.com\/2022\/08\/11\/compagnonnage-a-lassemblee-nationale-pape-diop-se-prononce-aujourdhui\/","og_locale":"fr_FR","og_type":"article","og_title":"COMPAGNONNAGE A L\u2019ASSEMBLEE NATIONALE - \u00a0Pape Diop se prononce aujourd\u2019hui","og_description":"NETTALI.COM - Pape Diop, le pr\u00e9sident de Bokk Gis Gis, se positionne comme \u00abfaiseur de roi\u00bb entre\u00a0 \u00abBenno\u00bb Bokk Yaakaar et l\u2019intercoalition \u00abYewwi-Wallu\u00bb. \u00a0Il compte faire face \u00e0 la presse ce jeudi pour\u00a0 annoncer s\u2019il va accompagner l\u2019opposition \u00e0 l\u2019Assembl\u00e9e nationale ou s\u2019il va renforcer le camp pr\u00e9sidentiel. La r\u00e9v\u00e9lation est de L\u2019Observateur. L\u2019ancien maire [&hellip;]","og_url":"https:\/\/www.nettali.com\/2022\/08\/11\/compagnonnage-a-lassemblee-nationale-pape-diop-se-prononce-aujourdhui\/","og_site_name":"Nettali.com","article_publisher":"https:\/\/www.facebook.com\/nettalicom","article_published_time":"2022-08-11T07:42:41+00:00","article_modified_time":"2022-08-11T14:27:36+00:00","og_image":[{"width":700,"height":467,"url":"https:\/\/www.nettali.com\/wp-content\/uploads\/2021\/09\/pape-diop.jpg","type":"image\/jpeg"}],"twitter_card":"summary_large_image","twitter_misc":{"\u00c9crit par":"Daouda","Dur\u00e9e de lecture estim\u00e9e":"1 minute"},"schema":{"@context":"https:\/\/schema.org","@graph":[{"@type":"WebSite","@id":"https:\/\/www.nettali.com\/#website","url":"https:\/\/www.nettali.com\/","name":"Nettali.com","description":"Le rendez-vous critique du Net","potentialAction":[{"@type":"SearchAction","target":{"@type":"EntryPoint","urlTemplate":"https:\/\/www.nettali.com\/?s={search_term_string}"},"query-input":"required name=search_term_string"}],"inLanguage":"fr-FR"},{"@type":"ImageObject","@id":"https:\/\/www.nettali.com\/2022\/08\/11\/compagnonnage-a-lassemblee-nationale-pape-diop-se-prononce-aujourdhui\/#primaryimage","inLanguage":"fr-FR","url":"https:\/\/www.nettali.com\/wp-content\/uploads\/2021\/09\/pape-diop.jpg","contentUrl":"https:\/\/www.nettali.com\/wp-content\/uploads\/2021\/09\/pape-diop.jpg","width":700,"height":467},{"@type":"WebPage","@id":"https:\/\/www.nettali.com\/2022\/08\/11\/compagnonnage-a-lassemblee-nationale-pape-diop-se-prononce-aujourdhui\/#webpage","url":"https:\/\/www.nettali.com\/2022\/08\/11\/compagnonnage-a-lassemblee-nationale-pape-diop-se-prononce-aujourdhui\/","name":"COMPAGNONNAGE A L\u2019ASSEMBLEE NATIONALE - \u00a0Pape Diop se prononce aujourd\u2019hui | Nettali.com","isPartOf":{"@id":"https:\/\/www.nettali.com\/#website"},"primaryImageOfPage":{"@id":"https:\/\/www.nettali.com\/2022\/08\/11\/compagnonnage-a-lassemblee-nationale-pape-diop-se-prononce-aujourdhui\/#primaryimage"},"datePublished":"2022-08-11T07:42:41+00:00","dateModified":"2022-08-11T14:27:36+00:00","author":{"@id":"https:\/\/www.nettali.com\/#\/schema\/person\/3317e0bb3aa1da309fbf7b2780901bf4"},"breadcrumb":{"@id":"https:\/\/www.nettali.com\/2022\/08\/11\/compagnonnage-a-lassemblee-nationale-pape-diop-se-prononce-aujourdhui\/#breadcrumb"},"inLanguage":"fr-FR","potentialAction":[{"@type":"ReadAction","target":["https:\/\/www.nettali.com\/2022\/08\/11\/compagnonnage-a-lassemblee-nationale-pape-diop-se-prononce-aujourdhui\/"]}]},{"@type":"BreadcrumbList","@id":"https:\/\/www.nettali.com\/2022\/08\/11\/compagnonnage-a-lassemblee-nationale-pape-diop-se-prononce-aujourdhui\/#breadcrumb","itemListElement":[{"@type":"ListItem","position":1,"name":"Accueil","item":"https:\/\/www.nettali.com\/"},{"@type":"ListItem","position":2,"name":"COMPAGNONNAGE A L\u2019ASSEMBLEE NATIONALE - \u00a0Pape Diop se prononce aujourd\u2019hui"}]},{"@type":"Person","@id":"https:\/\/www.nettali.com\/#\/schema\/person\/3317e0bb3aa1da309fbf7b2780901bf4","name":"Daouda","image":{"@type":"ImageObject","@id":"https:\/\/www.nettali.com\/#personlogo","inLanguage":"fr-FR","url":"https:\/\/secure.gravatar.com\/avatar\/8d143b5a49345098ddcfee1c49c2f47c?s=96&d=mm&r=g","contentUrl":"https:\/\/secure.gravatar.com\/avatar\/8d143b5a49345098ddcfee1c49c2f47c?s=96&d=mm&r=g","caption":"Daouda"},"sameAs":["https:\/\/www.nettali.com"]}]}},"_links":{"self":[{"href":"https:\/\/www.nettali.com\/rest\/wp\/v2\/posts\/91751"}],"collection":[{"href":"https:\/\/www.nettali.com\/rest\/wp\/v2\/posts"}],"about":[{"href":"https:\/\/www.nettali.com\/rest\/wp\/v2\/types\/post"}],"author":[{"embeddable":true,"href":"https:\/\/www.nettali.com\/rest\/wp\/v2\/users\/4"}],"replies":[{"embeddable":true,"href":"https:\/\/www.nettali.com\/rest\/wp\/v2\/comments?post=91751"}],"version-history":[{"count":1,"href":"https:\/\/www.nettali.com\/rest\/wp\/v2\/posts\/91751\/revisions"}],"predecessor-version":[{"id":91753,"href":"https:\/\/www.nettali.com\/rest\/wp\/v2\/posts\/91751\/revisions\/91753"}],"wp:featuredmedia":[{"embeddable":true,"href":"https:\/\/www.nettali.com\/rest\/wp\/v2\/media\/72539"}],"wp:attachment":[{"href":"https:\/\/www.nettali.com\/rest\/wp\/v2\/media?parent=91751"}],"wp:term":[{"taxonomy":"category","embeddable":true,"href":"https:\/\/www.nettali.com\/rest\/wp\/v2\/categories?post=91751"},{"taxonomy":"post_tag","embeddable":true,"href":"https:\/\/www.nettali.com\/rest\/wp\/v2\/tags?post=91751"}],"curies":[{"name":"wp","href":"https:\/\/api.w.org\/{rel}","templated":true}]}}