{"id":91722,"date":"2022-08-10T20:51:03","date_gmt":"2022-08-10T20:51:03","guid":{"rendered":"https:\/\/www.nettali.com\/?p=91722"},"modified":"2022-08-10T22:59:04","modified_gmt":"2022-08-10T22:59:04","slug":"conseil-des-ministres-macky-demande-lacceleration-de-la-mise-en-oeuvre-de-la-derniere-phase-du-programme-decennal-de-lutte-contre-les-inondations","status":"publish","type":"post","link":"https:\/\/www.nettali.com\/2022\/08\/10\/conseil-des-ministres-macky-demande-lacceleration-de-la-mise-en-oeuvre-de-la-derniere-phase-du-programme-decennal-de-lutte-contre-les-inondations\/","title":{"rendered":"LUTTE CONTRE LES INONDATIONS - Macky demande l\u2019acc\u00e9l\u00e9ration de la derni\u00e8re phase du Plan d\u00e9cennal"},"content":{"rendered":"<p><strong>NETTALI.COM - Le Pr\u00e9sident de la R\u00e9publique, Son Excellence Macky SALL, a pr\u00e9sid\u00e9 le Conseil des Ministres, au Palais de la R\u00e9publique, ce mercredi 10 ao\u00fbt 2022.<\/strong><\/p>\n<p>A l\u2019entame de sa communication, le Chef de l\u2019Etat a pr\u00e9sent\u00e9, \u00e0 nouveau, ses meilleurs v\u0153ux \u00e0 la Oumah Islamique, \u00e0 l\u2019occasion de la c\u00e9l\u00e9bration de l\u2019av\u00e8nement du nouvel an musulman (Tamkharite).<\/p>\n<p>Le Chef de l\u2019Etat s\u2019est, par ailleurs, r\u00e9joui de la signature, le vendredi 04 ao\u00fbt 2022, \u00e0 Bissau, sous l\u2019\u00e9gide du Pr\u00e9sident Umaro Sissoco Embalo, de l\u2019accord relatif \u00e0 la consolidation de la paix dans la r\u00e9gion naturelle de Casamance, en demandant au Gouvernement de prendre toutes les dispositions n\u00e9cessaires \u00e0 sa mise en \u0153uvre dans les meilleures conditions.<\/p>\n<p>Abordant les inondations constat\u00e9es, particuli\u00e8rement dans la r\u00e9gion de Dakar, suite aux fortes pluies du 05 ao\u00fbt 2022, le Pr\u00e9sident de la R\u00e9publique pr\u00e9sente ses condol\u00e9ances aux familles \u00e9plor\u00e9es et exprime sa solidarit\u00e9 aux populations sinistr\u00e9es, en demandant au Gouvernement de mobiliser \u00a0tous les moyens requis, dans le cadre du Plan national d\u2019organisation des Secours (ORSEC) d\u00e9clench\u00e9, en vue d\u2019intensifier les actions de pompage des eaux pour lib\u00e9rer les habitations, axes routiers, \u00e9quipements publics et sites inond\u00e9s<em>.<\/em><\/p>\n<p>Le Chef de l\u2019Etat a, \u00e9galement, rappel\u00e9 au Gouvernement, la n\u00e9cessit\u00e9 d\u2019accentuer les actions de pr\u00e9vention des inondations par le respect scrupuleux des dispositions des Codes respectifs de l\u2019Urbanisme, de la Construction, de l\u2019Assainissement et de l\u2019Environnement, en coh\u00e9rence avec le Plan national d\u2019Am\u00e9nagement et de D\u00e9veloppement des Territoires (PNADT).<\/p>\n<p>Le Pr\u00e9sident de la R\u00e9publique a ainsi indiqu\u00e9, l\u2019urgence d\u2019acc\u00e9l\u00e9rer la mise en \u0153uvre de la derni\u00e8re phase du Programme d\u00e9cennal de Lutte Contre les inondations (2012-2022).<\/p>\n<p>Le Chef de l\u2019Etat engage, en m\u00eame temps, le Gouvernement \u00e0 formuler, avant d\u00e9cembre 2022, un nouveau programme d\u2019investissements massifs en mati\u00e8re d\u2019assainissement (eaux pluviales), int\u00e9grant des projets et zones prioritaires, selon la cartographie nationale des inondations, disponible, et les \u00e9valuations techniques et financi\u00e8res, r\u00e9alis\u00e9es.<\/p>\n<p>Poursuivant sa communication, le Pr\u00e9sident de la R\u00e9publique a insist\u00e9 sur l\u2019imp\u00e9ratif d\u2019asseoir durablement, une Ecole de la r\u00e9ussite et de l\u2019Excellence \u00e0 travers, notamment, la maitrise de la carte scolaire, le respect du quantum horaire, l\u2019encadrement de qualit\u00e9 des apprenants, par le recours accru aux opportunit\u00e9s du num\u00e9rique, et l\u2019am\u00e9lioration du cadre de vie scolaire.<\/p>\n<p>Le Chef de l\u2019Etat a inform\u00e9 le Conseil, qu\u2019il pr\u00e9sidera le jeudi 11 ao\u00fbt 2022, la c\u00e9r\u00e9monie de remise des prix aux laur\u00e9ats 2022 du Concours g\u00e9n\u00e9ral.<\/p>\n<p>Cette grande manifestation du calendrier r\u00e9publicain, sera l\u2019occasion de r\u00e9compenser, devant la Nation, les \u00e9l\u00e8ves m\u00e9ritants que le Pr\u00e9sident de la R\u00e9publique f\u00e9licite pour leur abn\u00e9gation et leur exemplarit\u00e9.<\/p>\n<p>Sur le climat social et le suivi des affaires int\u00e9rieures, le Chef de l\u2019Etat a \u00e9voqu\u00e9 les points suivants\u00a0:<\/p>\n<ol>\n<li>la pr\u00e9paration de l\u2019orientation des nouveaux bacheliers, en invitant le Ministre de l\u2019Enseignement sup\u00e9rieur, de la Recherche et de l\u2019Innovation \u00e0 prendre, en relation avec les Recteurs et Directeurs d\u2019\u00e9tablissements d\u2019enseignement sup\u00e9rieur, toutes les mesures ad\u00e9quates \u00e0 cette fin.<\/li>\n<li>l\u2019am\u00e9lioration de la mobilit\u00e9 urbaine, en demandant aux Ministres en charge de l\u2019Int\u00e9rieur et des Transports terrestres de finaliser, avec les autorit\u00e9s territoriales, la mise en \u0153uvre d\u2019un nouveau plan de circulation g\u00e9n\u00e9rale dans l\u2019agglom\u00e9ration de Dakar et dans certaines villes de l\u2019int\u00e9rieur (Thi\u00e8s et Mbour en particulier).<\/li>\n<\/ol>\n<p>Le Pr\u00e9sident de la R\u00e9publique a clos sa communication sur son agenda diplomatique et le suivi de la coop\u00e9ration et des partenariats.<\/p>\n<div class='share-to-whatsapp-wrapper'><div class='share-on-whsp'>PARTAGER SUR : <\/div><a data-text='LUTTE CONTRE LES INONDATIONS - Macky demande l\u2019acc\u00e9l\u00e9ration de la derni\u00e8re phase du Plan d\u00e9cennal' data-link='https:\/\/www.nettali.com\/2022\/08\/10\/conseil-des-ministres-macky-demande-lacceleration-de-la-mise-en-oeuvre-de-la-derniere-phase-du-programme-decennal-de-lutte-contre-les-inondations\/' class='whatsapp-button whatsapp-share'>WhatsApp<\/a><div class='clear '><\/div><\/div>","protected":false},"excerpt":{"rendered":"<p>NETTALI.COM - Le Pr\u00e9sident de la R\u00e9publique, Son Excellence Macky SALL, a pr\u00e9sid\u00e9 le Conseil des Ministres, au Palais de la R\u00e9publique, ce mercredi 10 ao\u00fbt 2022. A l\u2019entame de sa communication, le Chef de l\u2019Etat a pr\u00e9sent\u00e9, \u00e0 nouveau, ses meilleurs v\u0153ux \u00e0 la Oumah Islamique, \u00e0 l\u2019occasion de la c\u00e9l\u00e9bration de l\u2019av\u00e8nement du [&hellip;]<\/p>\n","protected":false},"author":4,"featured_media":84369,"comment_status":"open","ping_status":"open","sticky":false,"template":"","format":"standard","meta":{"_et_pb_use_builder":"","_et_pb_old_content":""},"categories":[3],"tags":[],"yoast_head":"<!-- This site is optimized with the Yoast SEO Premium plugin v17.8 (Yoast SEO v17.8) - https:\/\/yoast.com\/wordpress\/plugins\/seo\/ -->\n<title>LUTTE CONTRE LES INONDATIONS - Macky demande l\u2019acc\u00e9l\u00e9ration de la derni\u00e8re phase du Plan d\u00e9cennal | Nettali.com<\/title>\n<meta name=\"robots\" content=\"index, follow, max-snippet:-1, max-image-preview:large, max-video-preview:-1\" \/>\n<link rel=\"canonical\" href=\"https:\/\/www.nettali.com\/2022\/08\/10\/conseil-des-ministres-macky-demande-lacceleration-de-la-mise-en-oeuvre-de-la-derniere-phase-du-programme-decennal-de-lutte-contre-les-inondations\/\" \/>\n<meta property=\"og:locale\" content=\"fr_FR\" \/>\n<meta property=\"og:type\" content=\"article\" \/>\n<meta property=\"og:title\" content=\"LUTTE CONTRE LES INONDATIONS - Macky demande l\u2019acc\u00e9l\u00e9ration de la derni\u00e8re phase du Plan d\u00e9cennal\" \/>\n<meta property=\"og:description\" content=\"NETTALI.COM - Le Pr\u00e9sident de la R\u00e9publique, Son Excellence Macky SALL, a pr\u00e9sid\u00e9 le Conseil des Ministres, au Palais de la R\u00e9publique, ce mercredi 10 ao\u00fbt 2022. A l\u2019entame de sa communication, le Chef de l\u2019Etat a pr\u00e9sent\u00e9, \u00e0 nouveau, ses meilleurs v\u0153ux \u00e0 la Oumah Islamique, \u00e0 l\u2019occasion de la c\u00e9l\u00e9bration de l\u2019av\u00e8nement du [&hellip;]\" \/>\n<meta property=\"og:url\" content=\"https:\/\/www.nettali.com\/2022\/08\/10\/conseil-des-ministres-macky-demande-lacceleration-de-la-mise-en-oeuvre-de-la-derniere-phase-du-programme-decennal-de-lutte-contre-les-inondations\/\" \/>\n<meta property=\"og:site_name\" content=\"Nettali.com\" \/>\n<meta property=\"article:publisher\" content=\"https:\/\/www.facebook.com\/nettalicom\" \/>\n<meta property=\"article:published_time\" content=\"2022-08-10T20:51:03+00:00\" \/>\n<meta property=\"article:modified_time\" content=\"2022-08-10T22:59:04+00:00\" \/>\n<meta property=\"og:image\" content=\"https:\/\/www.nettali.com\/wp-content\/uploads\/2022\/04\/jad20220309-ass-senegal-macky-sall-592x296-1646835913.jpg\" \/>\n\t<meta property=\"og:image:width\" content=\"592\" \/>\n\t<meta property=\"og:image:height\" content=\"296\" \/>\n<meta name=\"twitter:card\" content=\"summary_large_image\" \/>\n<meta name=\"twitter:label1\" content=\"\u00c9crit par\" \/>\n\t<meta name=\"twitter:data1\" content=\"Daouda\" \/>\n\t<meta name=\"twitter:label2\" content=\"Dur\u00e9e de lecture estim\u00e9e\" \/>\n\t<meta name=\"twitter:data2\" content=\"3 minutes\" \/>\n<script type=\"application\/ld+json\" class=\"yoast-schema-graph\">{\"@context\":\"https:\/\/schema.org\",\"@graph\":[{\"@type\":\"WebSite\",\"@id\":\"https:\/\/www.nettali.com\/#website\",\"url\":\"https:\/\/www.nettali.com\/\",\"name\":\"Nettali.com\",\"description\":\"Le rendez-vous critique du Net\",\"potentialAction\":[{\"@type\":\"SearchAction\",\"target\":{\"@type\":\"EntryPoint\",\"urlTemplate\":\"https:\/\/www.nettali.com\/?s={search_term_string}\"},\"query-input\":\"required name=search_term_string\"}],\"inLanguage\":\"fr-FR\"},{\"@type\":\"ImageObject\",\"@id\":\"https:\/\/www.nettali.com\/2022\/08\/10\/conseil-des-ministres-macky-demande-lacceleration-de-la-mise-en-oeuvre-de-la-derniere-phase-du-programme-decennal-de-lutte-contre-les-inondations\/#primaryimage\",\"inLanguage\":\"fr-FR\",\"url\":\"https:\/\/www.nettali.com\/wp-content\/uploads\/2022\/04\/jad20220309-ass-senegal-macky-sall-592x296-1646835913.jpg\",\"contentUrl\":\"https:\/\/www.nettali.com\/wp-content\/uploads\/2022\/04\/jad20220309-ass-senegal-macky-sall-592x296-1646835913.jpg\",\"width\":592,\"height\":296},{\"@type\":\"WebPage\",\"@id\":\"https:\/\/www.nettali.com\/2022\/08\/10\/conseil-des-ministres-macky-demande-lacceleration-de-la-mise-en-oeuvre-de-la-derniere-phase-du-programme-decennal-de-lutte-contre-les-inondations\/#webpage\",\"url\":\"https:\/\/www.nettali.com\/2022\/08\/10\/conseil-des-ministres-macky-demande-lacceleration-de-la-mise-en-oeuvre-de-la-derniere-phase-du-programme-decennal-de-lutte-contre-les-inondations\/\",\"name\":\"LUTTE CONTRE LES INONDATIONS - Macky demande l\\u2019acc\\u00e9l\\u00e9ration de la derni\\u00e8re phase du Plan d\\u00e9cennal | Nettali.com\",\"isPartOf\":{\"@id\":\"https:\/\/www.nettali.com\/#website\"},\"primaryImageOfPage\":{\"@id\":\"https:\/\/www.nettali.com\/2022\/08\/10\/conseil-des-ministres-macky-demande-lacceleration-de-la-mise-en-oeuvre-de-la-derniere-phase-du-programme-decennal-de-lutte-contre-les-inondations\/#primaryimage\"},\"datePublished\":\"2022-08-10T20:51:03+00:00\",\"dateModified\":\"2022-08-10T22:59:04+00:00\",\"author\":{\"@id\":\"https:\/\/www.nettali.com\/#\/schema\/person\/3317e0bb3aa1da309fbf7b2780901bf4\"},\"breadcrumb\":{\"@id\":\"https:\/\/www.nettali.com\/2022\/08\/10\/conseil-des-ministres-macky-demande-lacceleration-de-la-mise-en-oeuvre-de-la-derniere-phase-du-programme-decennal-de-lutte-contre-les-inondations\/#breadcrumb\"},\"inLanguage\":\"fr-FR\",\"potentialAction\":[{\"@type\":\"ReadAction\",\"target\":[\"https:\/\/www.nettali.com\/2022\/08\/10\/conseil-des-ministres-macky-demande-lacceleration-de-la-mise-en-oeuvre-de-la-derniere-phase-du-programme-decennal-de-lutte-contre-les-inondations\/\"]}]},{\"@type\":\"BreadcrumbList\",\"@id\":\"https:\/\/www.nettali.com\/2022\/08\/10\/conseil-des-ministres-macky-demande-lacceleration-de-la-mise-en-oeuvre-de-la-derniere-phase-du-programme-decennal-de-lutte-contre-les-inondations\/#breadcrumb\",\"itemListElement\":[{\"@type\":\"ListItem\",\"position\":1,\"name\":\"Accueil\",\"item\":\"https:\/\/www.nettali.com\/\"},{\"@type\":\"ListItem\",\"position\":2,\"name\":\"LUTTE CONTRE LES INONDATIONS - Macky demande l\\u2019acc\\u00e9l\\u00e9ration de la derni\\u00e8re phase du Plan d\\u00e9cennal\"}]},{\"@type\":\"Person\",\"@id\":\"https:\/\/www.nettali.com\/#\/schema\/person\/3317e0bb3aa1da309fbf7b2780901bf4\",\"name\":\"Daouda\",\"image\":{\"@type\":\"ImageObject\",\"@id\":\"https:\/\/www.nettali.com\/#personlogo\",\"inLanguage\":\"fr-FR\",\"url\":\"https:\/\/secure.gravatar.com\/avatar\/8d143b5a49345098ddcfee1c49c2f47c?s=96&d=mm&r=g\",\"contentUrl\":\"https:\/\/secure.gravatar.com\/avatar\/8d143b5a49345098ddcfee1c49c2f47c?s=96&d=mm&r=g\",\"caption\":\"Daouda\"},\"sameAs\":[\"https:\/\/www.nettali.com\"]}]}<\/script>\n<!-- \/ Yoast SEO Premium plugin. -->","yoast_head_json":{"title":"LUTTE CONTRE LES INONDATIONS - Macky demande l\u2019acc\u00e9l\u00e9ration de la derni\u00e8re phase du Plan d\u00e9cennal | Nettali.com","robots":{"index":"index","follow":"follow","max-snippet":"max-snippet:-1","max-image-preview":"max-image-preview:large","max-video-preview":"max-video-preview:-1"},"canonical":"https:\/\/www.nettali.com\/2022\/08\/10\/conseil-des-ministres-macky-demande-lacceleration-de-la-mise-en-oeuvre-de-la-derniere-phase-du-programme-decennal-de-lutte-contre-les-inondations\/","og_locale":"fr_FR","og_type":"article","og_title":"LUTTE CONTRE LES INONDATIONS - Macky demande l\u2019acc\u00e9l\u00e9ration de la derni\u00e8re phase du Plan d\u00e9cennal","og_description":"NETTALI.COM - Le Pr\u00e9sident de la R\u00e9publique, Son Excellence Macky SALL, a pr\u00e9sid\u00e9 le Conseil des Ministres, au Palais de la R\u00e9publique, ce mercredi 10 ao\u00fbt 2022. A l\u2019entame de sa communication, le Chef de l\u2019Etat a pr\u00e9sent\u00e9, \u00e0 nouveau, ses meilleurs v\u0153ux \u00e0 la Oumah Islamique, \u00e0 l\u2019occasion de la c\u00e9l\u00e9bration de l\u2019av\u00e8nement du [&hellip;]","og_url":"https:\/\/www.nettali.com\/2022\/08\/10\/conseil-des-ministres-macky-demande-lacceleration-de-la-mise-en-oeuvre-de-la-derniere-phase-du-programme-decennal-de-lutte-contre-les-inondations\/","og_site_name":"Nettali.com","article_publisher":"https:\/\/www.facebook.com\/nettalicom","article_published_time":"2022-08-10T20:51:03+00:00","article_modified_time":"2022-08-10T22:59:04+00:00","og_image":[{"width":592,"height":296,"url":"https:\/\/www.nettali.com\/wp-content\/uploads\/2022\/04\/jad20220309-ass-senegal-macky-sall-592x296-1646835913.jpg","type":"image\/jpeg"}],"twitter_card":"summary_large_image","twitter_misc":{"\u00c9crit par":"Daouda","Dur\u00e9e de lecture estim\u00e9e":"3 minutes"},"schema":{"@context":"https:\/\/schema.org","@graph":[{"@type":"WebSite","@id":"https:\/\/www.nettali.com\/#website","url":"https:\/\/www.nettali.com\/","name":"Nettali.com","description":"Le rendez-vous critique du Net","potentialAction":[{"@type":"SearchAction","target":{"@type":"EntryPoint","urlTemplate":"https:\/\/www.nettali.com\/?s={search_term_string}"},"query-input":"required name=search_term_string"}],"inLanguage":"fr-FR"},{"@type":"ImageObject","@id":"https:\/\/www.nettali.com\/2022\/08\/10\/conseil-des-ministres-macky-demande-lacceleration-de-la-mise-en-oeuvre-de-la-derniere-phase-du-programme-decennal-de-lutte-contre-les-inondations\/#primaryimage","inLanguage":"fr-FR","url":"https:\/\/www.nettali.com\/wp-content\/uploads\/2022\/04\/jad20220309-ass-senegal-macky-sall-592x296-1646835913.jpg","contentUrl":"https:\/\/www.nettali.com\/wp-content\/uploads\/2022\/04\/jad20220309-ass-senegal-macky-sall-592x296-1646835913.jpg","width":592,"height":296},{"@type":"WebPage","@id":"https:\/\/www.nettali.com\/2022\/08\/10\/conseil-des-ministres-macky-demande-lacceleration-de-la-mise-en-oeuvre-de-la-derniere-phase-du-programme-decennal-de-lutte-contre-les-inondations\/#webpage","url":"https:\/\/www.nettali.com\/2022\/08\/10\/conseil-des-ministres-macky-demande-lacceleration-de-la-mise-en-oeuvre-de-la-derniere-phase-du-programme-decennal-de-lutte-contre-les-inondations\/","name":"LUTTE CONTRE LES INONDATIONS - Macky demande l\u2019acc\u00e9l\u00e9ration de la derni\u00e8re phase du Plan d\u00e9cennal | Nettali.com","isPartOf":{"@id":"https:\/\/www.nettali.com\/#website"},"primaryImageOfPage":{"@id":"https:\/\/www.nettali.com\/2022\/08\/10\/conseil-des-ministres-macky-demande-lacceleration-de-la-mise-en-oeuvre-de-la-derniere-phase-du-programme-decennal-de-lutte-contre-les-inondations\/#primaryimage"},"datePublished":"2022-08-10T20:51:03+00:00","dateModified":"2022-08-10T22:59:04+00:00","author":{"@id":"https:\/\/www.nettali.com\/#\/schema\/person\/3317e0bb3aa1da309fbf7b2780901bf4"},"breadcrumb":{"@id":"https:\/\/www.nettali.com\/2022\/08\/10\/conseil-des-ministres-macky-demande-lacceleration-de-la-mise-en-oeuvre-de-la-derniere-phase-du-programme-decennal-de-lutte-contre-les-inondations\/#breadcrumb"},"inLanguage":"fr-FR","potentialAction":[{"@type":"ReadAction","target":["https:\/\/www.nettali.com\/2022\/08\/10\/conseil-des-ministres-macky-demande-lacceleration-de-la-mise-en-oeuvre-de-la-derniere-phase-du-programme-decennal-de-lutte-contre-les-inondations\/"]}]},{"@type":"BreadcrumbList","@id":"https:\/\/www.nettali.com\/2022\/08\/10\/conseil-des-ministres-macky-demande-lacceleration-de-la-mise-en-oeuvre-de-la-derniere-phase-du-programme-decennal-de-lutte-contre-les-inondations\/#breadcrumb","itemListElement":[{"@type":"ListItem","position":1,"name":"Accueil","item":"https:\/\/www.nettali.com\/"},{"@type":"ListItem","position":2,"name":"LUTTE CONTRE LES INONDATIONS - Macky demande l\u2019acc\u00e9l\u00e9ration de la derni\u00e8re phase du Plan d\u00e9cennal"}]},{"@type":"Person","@id":"https:\/\/www.nettali.com\/#\/schema\/person\/3317e0bb3aa1da309fbf7b2780901bf4","name":"Daouda","image":{"@type":"ImageObject","@id":"https:\/\/www.nettali.com\/#personlogo","inLanguage":"fr-FR","url":"https:\/\/secure.gravatar.com\/avatar\/8d143b5a49345098ddcfee1c49c2f47c?s=96&d=mm&r=g","contentUrl":"https:\/\/secure.gravatar.com\/avatar\/8d143b5a49345098ddcfee1c49c2f47c?s=96&d=mm&r=g","caption":"Daouda"},"sameAs":["https:\/\/www.nettali.com"]}]}},"_links":{"self":[{"href":"https:\/\/www.nettali.com\/rest\/wp\/v2\/posts\/91722"}],"collection":[{"href":"https:\/\/www.nettali.com\/rest\/wp\/v2\/posts"}],"about":[{"href":"https:\/\/www.nettali.com\/rest\/wp\/v2\/types\/post"}],"author":[{"embeddable":true,"href":"https:\/\/www.nettali.com\/rest\/wp\/v2\/users\/4"}],"replies":[{"embeddable":true,"href":"https:\/\/www.nettali.com\/rest\/wp\/v2\/comments?post=91722"}],"version-history":[{"count":2,"href":"https:\/\/www.nettali.com\/rest\/wp\/v2\/posts\/91722\/revisions"}],"predecessor-version":[{"id":91725,"href":"https:\/\/www.nettali.com\/rest\/wp\/v2\/posts\/91722\/revisions\/91725"}],"wp:featuredmedia":[{"embeddable":true,"href":"https:\/\/www.nettali.com\/rest\/wp\/v2\/media\/84369"}],"wp:attachment":[{"href":"https:\/\/www.nettali.com\/rest\/wp\/v2\/media?parent=91722"}],"wp:term":[{"taxonomy":"category","embeddable":true,"href":"https:\/\/www.nettali.com\/rest\/wp\/v2\/categories?post=91722"},{"taxonomy":"post_tag","embeddable":true,"href":"https:\/\/www.nettali.com\/rest\/wp\/v2\/tags?post=91722"}],"curies":[{"name":"wp","href":"https:\/\/api.w.org\/{rel}","templated":true}]}}