{"id":91611,"date":"2022-08-09T14:52:18","date_gmt":"2022-08-09T14:52:18","guid":{"rendered":"https:\/\/www.nettali.com\/?p=91611"},"modified":"2022-08-09T14:52:18","modified_gmt":"2022-08-09T14:52:18","slug":"greve-de-la-faim-la-diete-continue-chez-les-ex-travailleurs-dama-senegal-de-la-sias-et-de-la-sotrac","status":"publish","type":"post","link":"https:\/\/www.nettali.com\/2022\/08\/09\/greve-de-la-faim-la-diete-continue-chez-les-ex-travailleurs-dama-senegal-de-la-sias-et-de-la-sotrac\/","title":{"rendered":"GREVE DE LA FAIM - La di\u00e8te continue chez les ex-travailleurs d\u2019Ama S\u00e9n\u00e9gal, de la Sias et de la Sotrac"},"content":{"rendered":"<p><strong>NETTALI.COM - Les ex-travailleurs d\u2019Ama S\u00e9n\u00e9gal, de la Sotrac et de la Sias refusent de suspendre leur gr\u00e8ve de la faim. Ces derniers r\u00e9clament 13 milliards de francs Cf \u00e0 l\u2019Etat. 7 gr\u00e9vistes ont \u00e9t\u00e9 \u00e9vacu\u00e9s pour des soins.<\/strong><\/p>\n<p>Depuis le 20 juillet dernier, les ex-travailleurs d\u2019Ama S\u00e9n\u00e9gal, de la Sotrac et de la Sias sont en gr\u00e8ve de la faim pour r\u00e9clamer 13 milliards de francs Cfa \u00e0 l\u2019Etat du S\u00e9n\u00e9gal. Ces derniers ont fait une sortie, ce mardi, pour souligner qu\u2019ils ne sont pas dans les dispositions d\u2019interrompre leur di\u00e8te.<\/p>\n<p>\"<em>Nous sommes toujours dans la mosqu\u00e9e au terminus de libert\u00e9 5, continuant \u00e0 observer notre mot d\u2019ordre de gr\u00e8ve de la faim. Comme nous l\u2019avions dit, nous ne l\u00e8verons jamais ce mot d\u2019ordre tant que l\u2019Etat n\u2019aura pas mis la main dans la poche pour nous payer la somme de reliquataire que nous r\u00e9clamons et qui se chiffre \u00e0 13 milliards de francs Cfa. Malgr\u00e9 les \u00e9vacuations, malgr\u00e9 les votes qui se sont d\u00e9roul\u00e9s le 31 juillet dernier, malgr\u00e9 la f\u00eate de la Tamkharit, nous avons maintenu notre mot d\u2019ordre de gr\u00e8ve pour toujours r\u00e9clamer \u00e0 l\u2019Etat nos droits<\/em>\", a d\u00e9clar\u00e9 Ousseynou Diop, porte-parole des gr\u00e9vistes sur Rfm.\u00a0 Il poursuit : \"<em>N<\/em><em>ous avions commenc\u00e9 la gr\u00e8ve de la faim dans la nuit du 20 juillet dernier. Nous sommes aujourd\u2019hui \u00e0 notre 7e \u00e9vacuation mais, heureusement, que ces soci\u00e9t\u00e9s qui font 5063 agents ont inscrit 120 volontaires qui se succ\u00e8dent dans cette mosqu\u00e9e pour observer la gr\u00e8ve de la faim. A chaque fois qu\u2019un travailleur est \u00e9vacu\u00e9, un autre le remplace pour que fondamentalement l\u2019Etat nous \u00e9coute et vienne \u00e0 notre secours pour nous donner ce qu\u2019il nous doit<\/em>.\"<\/p>\n<p>A en croire Ousseynou\u00a0 Diop, malgr\u00e9 toutes les actions que lui et ses camarades sont en train de mener, l\u2019Etat n\u2019a jamais r\u00e9agi. Il rappelle que lors de la campagne \u00e9lectorale, le ministre de la P\u00eache, Alioune Ndoye, ci-devant t\u00eate de liste de Benno \u00e0 Dakar, est pass\u00e9 devant la mosqu\u00e9e o\u00f9 ils observent leur di\u00e8te. Et, signale-t-il, \"<em>nous lui avons dit la d\u00e9tresse des travailleurs concernant ce dossier, mais il n\u2019est m\u00eame pas descendu nous voir\".<\/em><\/p>\n<div class='share-to-whatsapp-wrapper'><div class='share-on-whsp'>PARTAGER SUR : <\/div><a data-text='GREVE DE LA FAIM - La di\u00e8te continue chez les ex-travailleurs d\u2019Ama S\u00e9n\u00e9gal, de la Sias et de la Sotrac' data-link='https:\/\/www.nettali.com\/2022\/08\/09\/greve-de-la-faim-la-diete-continue-chez-les-ex-travailleurs-dama-senegal-de-la-sias-et-de-la-sotrac\/' class='whatsapp-button whatsapp-share'>WhatsApp<\/a><div class='clear '><\/div><\/div>","protected":false},"excerpt":{"rendered":"<p>NETTALI.COM - Les ex-travailleurs d\u2019Ama S\u00e9n\u00e9gal, de la Sotrac et de la Sias refusent de suspendre leur gr\u00e8ve de la faim. Ces derniers r\u00e9clament 13 milliards de francs Cf \u00e0 l\u2019Etat. 7 gr\u00e9vistes ont \u00e9t\u00e9 \u00e9vacu\u00e9s pour des soins. Depuis le 20 juillet dernier, les ex-travailleurs d\u2019Ama S\u00e9n\u00e9gal, de la Sotrac et de la Sias [&hellip;]<\/p>\n","protected":false},"author":6,"featured_media":91620,"comment_status":"open","ping_status":"open","sticky":false,"template":"","format":"standard","meta":{"_et_pb_use_builder":"","_et_pb_old_content":""},"categories":[3],"tags":[],"yoast_head":"<!-- This site is optimized with the Yoast SEO Premium plugin v17.8 (Yoast SEO v17.8) - https:\/\/yoast.com\/wordpress\/plugins\/seo\/ -->\n<title>GREVE DE LA FAIM - La di\u00e8te continue chez les ex-travailleurs d\u2019Ama S\u00e9n\u00e9gal, de la Sias et de la Sotrac | Nettali.com<\/title>\n<meta name=\"robots\" content=\"index, follow, max-snippet:-1, max-image-preview:large, max-video-preview:-1\" \/>\n<link rel=\"canonical\" href=\"https:\/\/www.nettali.com\/2022\/08\/09\/greve-de-la-faim-la-diete-continue-chez-les-ex-travailleurs-dama-senegal-de-la-sias-et-de-la-sotrac\/\" \/>\n<meta property=\"og:locale\" content=\"fr_FR\" \/>\n<meta property=\"og:type\" content=\"article\" \/>\n<meta property=\"og:title\" content=\"GREVE DE LA FAIM - La di\u00e8te continue chez les ex-travailleurs d\u2019Ama S\u00e9n\u00e9gal, de la Sias et de la Sotrac\" \/>\n<meta property=\"og:description\" content=\"NETTALI.COM - Les ex-travailleurs d\u2019Ama S\u00e9n\u00e9gal, de la Sotrac et de la Sias refusent de suspendre leur gr\u00e8ve de la faim. Ces derniers r\u00e9clament 13 milliards de francs Cf \u00e0 l\u2019Etat. 7 gr\u00e9vistes ont \u00e9t\u00e9 \u00e9vacu\u00e9s pour des soins. Depuis le 20 juillet dernier, les ex-travailleurs d\u2019Ama S\u00e9n\u00e9gal, de la Sotrac et de la Sias [&hellip;]\" \/>\n<meta property=\"og:url\" content=\"https:\/\/www.nettali.com\/2022\/08\/09\/greve-de-la-faim-la-diete-continue-chez-les-ex-travailleurs-dama-senegal-de-la-sias-et-de-la-sotrac\/\" \/>\n<meta property=\"og:site_name\" content=\"Nettali.com\" \/>\n<meta property=\"article:publisher\" content=\"https:\/\/www.facebook.com\/nettalicom\" \/>\n<meta property=\"article:published_time\" content=\"2022-08-09T14:52:18+00:00\" \/>\n<meta property=\"og:image\" content=\"https:\/\/www.nettali.com\/wp-content\/uploads\/2022\/08\/61673093-44893738.jpg\" \/>\n\t<meta property=\"og:image:width\" content=\"800\" \/>\n\t<meta property=\"og:image:height\" content=\"600\" \/>\n<meta name=\"twitter:card\" content=\"summary_large_image\" \/>\n<meta name=\"twitter:label1\" content=\"\u00c9crit par\" \/>\n\t<meta name=\"twitter:data1\" content=\"Fatou\" \/>\n\t<meta name=\"twitter:label2\" content=\"Dur\u00e9e de lecture estim\u00e9e\" \/>\n\t<meta name=\"twitter:data2\" content=\"2 minutes\" \/>\n<script type=\"application\/ld+json\" class=\"yoast-schema-graph\">{\"@context\":\"https:\/\/schema.org\",\"@graph\":[{\"@type\":\"WebSite\",\"@id\":\"https:\/\/www.nettali.com\/#website\",\"url\":\"https:\/\/www.nettali.com\/\",\"name\":\"Nettali.com\",\"description\":\"Le rendez-vous critique du Net\",\"potentialAction\":[{\"@type\":\"SearchAction\",\"target\":{\"@type\":\"EntryPoint\",\"urlTemplate\":\"https:\/\/www.nettali.com\/?s={search_term_string}\"},\"query-input\":\"required name=search_term_string\"}],\"inLanguage\":\"fr-FR\"},{\"@type\":\"ImageObject\",\"@id\":\"https:\/\/www.nettali.com\/2022\/08\/09\/greve-de-la-faim-la-diete-continue-chez-les-ex-travailleurs-dama-senegal-de-la-sias-et-de-la-sotrac\/#primaryimage\",\"inLanguage\":\"fr-FR\",\"url\":\"https:\/\/www.nettali.com\/wp-content\/uploads\/2022\/08\/61673093-44893738.jpg\",\"contentUrl\":\"https:\/\/www.nettali.com\/wp-content\/uploads\/2022\/08\/61673093-44893738.jpg\",\"width\":800,\"height\":600},{\"@type\":\"WebPage\",\"@id\":\"https:\/\/www.nettali.com\/2022\/08\/09\/greve-de-la-faim-la-diete-continue-chez-les-ex-travailleurs-dama-senegal-de-la-sias-et-de-la-sotrac\/#webpage\",\"url\":\"https:\/\/www.nettali.com\/2022\/08\/09\/greve-de-la-faim-la-diete-continue-chez-les-ex-travailleurs-dama-senegal-de-la-sias-et-de-la-sotrac\/\",\"name\":\"GREVE DE LA FAIM - La di\\u00e8te continue chez les ex-travailleurs d\\u2019Ama S\\u00e9n\\u00e9gal, de la Sias et de la Sotrac | Nettali.com\",\"isPartOf\":{\"@id\":\"https:\/\/www.nettali.com\/#website\"},\"primaryImageOfPage\":{\"@id\":\"https:\/\/www.nettali.com\/2022\/08\/09\/greve-de-la-faim-la-diete-continue-chez-les-ex-travailleurs-dama-senegal-de-la-sias-et-de-la-sotrac\/#primaryimage\"},\"datePublished\":\"2022-08-09T14:52:18+00:00\",\"dateModified\":\"2022-08-09T14:52:18+00:00\",\"author\":{\"@id\":\"https:\/\/www.nettali.com\/#\/schema\/person\/418274a86bdf87caff7a3ef476bd0bbf\"},\"breadcrumb\":{\"@id\":\"https:\/\/www.nettali.com\/2022\/08\/09\/greve-de-la-faim-la-diete-continue-chez-les-ex-travailleurs-dama-senegal-de-la-sias-et-de-la-sotrac\/#breadcrumb\"},\"inLanguage\":\"fr-FR\",\"potentialAction\":[{\"@type\":\"ReadAction\",\"target\":[\"https:\/\/www.nettali.com\/2022\/08\/09\/greve-de-la-faim-la-diete-continue-chez-les-ex-travailleurs-dama-senegal-de-la-sias-et-de-la-sotrac\/\"]}]},{\"@type\":\"BreadcrumbList\",\"@id\":\"https:\/\/www.nettali.com\/2022\/08\/09\/greve-de-la-faim-la-diete-continue-chez-les-ex-travailleurs-dama-senegal-de-la-sias-et-de-la-sotrac\/#breadcrumb\",\"itemListElement\":[{\"@type\":\"ListItem\",\"position\":1,\"name\":\"Accueil\",\"item\":\"https:\/\/www.nettali.com\/\"},{\"@type\":\"ListItem\",\"position\":2,\"name\":\"GREVE DE LA FAIM - La di\\u00e8te continue chez les ex-travailleurs d\\u2019Ama S\\u00e9n\\u00e9gal, de la Sias et de la Sotrac\"}]},{\"@type\":\"Person\",\"@id\":\"https:\/\/www.nettali.com\/#\/schema\/person\/418274a86bdf87caff7a3ef476bd0bbf\",\"name\":\"Fatou\",\"image\":{\"@type\":\"ImageObject\",\"@id\":\"https:\/\/www.nettali.com\/#personlogo\",\"inLanguage\":\"fr-FR\",\"url\":\"https:\/\/secure.gravatar.com\/avatar\/5a9442a2bee7b4dcf167cab035858e9a?s=96&d=mm&r=g\",\"contentUrl\":\"https:\/\/secure.gravatar.com\/avatar\/5a9442a2bee7b4dcf167cab035858e9a?s=96&d=mm&r=g\",\"caption\":\"Fatou\"},\"sameAs\":[\"https:\/\/www.nettali.com\"]}]}<\/script>\n<!-- \/ Yoast SEO Premium plugin. -->","yoast_head_json":{"title":"GREVE DE LA FAIM - La di\u00e8te continue chez les ex-travailleurs d\u2019Ama S\u00e9n\u00e9gal, de la Sias et de la Sotrac | Nettali.com","robots":{"index":"index","follow":"follow","max-snippet":"max-snippet:-1","max-image-preview":"max-image-preview:large","max-video-preview":"max-video-preview:-1"},"canonical":"https:\/\/www.nettali.com\/2022\/08\/09\/greve-de-la-faim-la-diete-continue-chez-les-ex-travailleurs-dama-senegal-de-la-sias-et-de-la-sotrac\/","og_locale":"fr_FR","og_type":"article","og_title":"GREVE DE LA FAIM - La di\u00e8te continue chez les ex-travailleurs d\u2019Ama S\u00e9n\u00e9gal, de la Sias et de la Sotrac","og_description":"NETTALI.COM - Les ex-travailleurs d\u2019Ama S\u00e9n\u00e9gal, de la Sotrac et de la Sias refusent de suspendre leur gr\u00e8ve de la faim. Ces derniers r\u00e9clament 13 milliards de francs Cf \u00e0 l\u2019Etat. 7 gr\u00e9vistes ont \u00e9t\u00e9 \u00e9vacu\u00e9s pour des soins. Depuis le 20 juillet dernier, les ex-travailleurs d\u2019Ama S\u00e9n\u00e9gal, de la Sotrac et de la Sias [&hellip;]","og_url":"https:\/\/www.nettali.com\/2022\/08\/09\/greve-de-la-faim-la-diete-continue-chez-les-ex-travailleurs-dama-senegal-de-la-sias-et-de-la-sotrac\/","og_site_name":"Nettali.com","article_publisher":"https:\/\/www.facebook.com\/nettalicom","article_published_time":"2022-08-09T14:52:18+00:00","og_image":[{"width":800,"height":600,"url":"https:\/\/www.nettali.com\/wp-content\/uploads\/2022\/08\/61673093-44893738.jpg","type":"image\/jpeg"}],"twitter_card":"summary_large_image","twitter_misc":{"\u00c9crit par":"Fatou","Dur\u00e9e de lecture estim\u00e9e":"2 minutes"},"schema":{"@context":"https:\/\/schema.org","@graph":[{"@type":"WebSite","@id":"https:\/\/www.nettali.com\/#website","url":"https:\/\/www.nettali.com\/","name":"Nettali.com","description":"Le rendez-vous critique du Net","potentialAction":[{"@type":"SearchAction","target":{"@type":"EntryPoint","urlTemplate":"https:\/\/www.nettali.com\/?s={search_term_string}"},"query-input":"required name=search_term_string"}],"inLanguage":"fr-FR"},{"@type":"ImageObject","@id":"https:\/\/www.nettali.com\/2022\/08\/09\/greve-de-la-faim-la-diete-continue-chez-les-ex-travailleurs-dama-senegal-de-la-sias-et-de-la-sotrac\/#primaryimage","inLanguage":"fr-FR","url":"https:\/\/www.nettali.com\/wp-content\/uploads\/2022\/08\/61673093-44893738.jpg","contentUrl":"https:\/\/www.nettali.com\/wp-content\/uploads\/2022\/08\/61673093-44893738.jpg","width":800,"height":600},{"@type":"WebPage","@id":"https:\/\/www.nettali.com\/2022\/08\/09\/greve-de-la-faim-la-diete-continue-chez-les-ex-travailleurs-dama-senegal-de-la-sias-et-de-la-sotrac\/#webpage","url":"https:\/\/www.nettali.com\/2022\/08\/09\/greve-de-la-faim-la-diete-continue-chez-les-ex-travailleurs-dama-senegal-de-la-sias-et-de-la-sotrac\/","name":"GREVE DE LA FAIM - La di\u00e8te continue chez les ex-travailleurs d\u2019Ama S\u00e9n\u00e9gal, de la Sias et de la Sotrac | Nettali.com","isPartOf":{"@id":"https:\/\/www.nettali.com\/#website"},"primaryImageOfPage":{"@id":"https:\/\/www.nettali.com\/2022\/08\/09\/greve-de-la-faim-la-diete-continue-chez-les-ex-travailleurs-dama-senegal-de-la-sias-et-de-la-sotrac\/#primaryimage"},"datePublished":"2022-08-09T14:52:18+00:00","dateModified":"2022-08-09T14:52:18+00:00","author":{"@id":"https:\/\/www.nettali.com\/#\/schema\/person\/418274a86bdf87caff7a3ef476bd0bbf"},"breadcrumb":{"@id":"https:\/\/www.nettali.com\/2022\/08\/09\/greve-de-la-faim-la-diete-continue-chez-les-ex-travailleurs-dama-senegal-de-la-sias-et-de-la-sotrac\/#breadcrumb"},"inLanguage":"fr-FR","potentialAction":[{"@type":"ReadAction","target":["https:\/\/www.nettali.com\/2022\/08\/09\/greve-de-la-faim-la-diete-continue-chez-les-ex-travailleurs-dama-senegal-de-la-sias-et-de-la-sotrac\/"]}]},{"@type":"BreadcrumbList","@id":"https:\/\/www.nettali.com\/2022\/08\/09\/greve-de-la-faim-la-diete-continue-chez-les-ex-travailleurs-dama-senegal-de-la-sias-et-de-la-sotrac\/#breadcrumb","itemListElement":[{"@type":"ListItem","position":1,"name":"Accueil","item":"https:\/\/www.nettali.com\/"},{"@type":"ListItem","position":2,"name":"GREVE DE LA FAIM - La di\u00e8te continue chez les ex-travailleurs d\u2019Ama S\u00e9n\u00e9gal, de la Sias et de la Sotrac"}]},{"@type":"Person","@id":"https:\/\/www.nettali.com\/#\/schema\/person\/418274a86bdf87caff7a3ef476bd0bbf","name":"Fatou","image":{"@type":"ImageObject","@id":"https:\/\/www.nettali.com\/#personlogo","inLanguage":"fr-FR","url":"https:\/\/secure.gravatar.com\/avatar\/5a9442a2bee7b4dcf167cab035858e9a?s=96&d=mm&r=g","contentUrl":"https:\/\/secure.gravatar.com\/avatar\/5a9442a2bee7b4dcf167cab035858e9a?s=96&d=mm&r=g","caption":"Fatou"},"sameAs":["https:\/\/www.nettali.com"]}]}},"_links":{"self":[{"href":"https:\/\/www.nettali.com\/rest\/wp\/v2\/posts\/91611"}],"collection":[{"href":"https:\/\/www.nettali.com\/rest\/wp\/v2\/posts"}],"about":[{"href":"https:\/\/www.nettali.com\/rest\/wp\/v2\/types\/post"}],"author":[{"embeddable":true,"href":"https:\/\/www.nettali.com\/rest\/wp\/v2\/users\/6"}],"replies":[{"embeddable":true,"href":"https:\/\/www.nettali.com\/rest\/wp\/v2\/comments?post=91611"}],"version-history":[{"count":3,"href":"https:\/\/www.nettali.com\/rest\/wp\/v2\/posts\/91611\/revisions"}],"predecessor-version":[{"id":91621,"href":"https:\/\/www.nettali.com\/rest\/wp\/v2\/posts\/91611\/revisions\/91621"}],"wp:featuredmedia":[{"embeddable":true,"href":"https:\/\/www.nettali.com\/rest\/wp\/v2\/media\/91620"}],"wp:attachment":[{"href":"https:\/\/www.nettali.com\/rest\/wp\/v2\/media?parent=91611"}],"wp:term":[{"taxonomy":"category","embeddable":true,"href":"https:\/\/www.nettali.com\/rest\/wp\/v2\/categories?post=91611"},{"taxonomy":"post_tag","embeddable":true,"href":"https:\/\/www.nettali.com\/rest\/wp\/v2\/tags?post=91611"}],"curies":[{"name":"wp","href":"https:\/\/api.w.org\/{rel}","templated":true}]}}