{"id":91508,"date":"2022-08-07T17:23:15","date_gmt":"2022-08-07T17:23:15","guid":{"rendered":"https:\/\/www.nettali.com\/?p=91508"},"modified":"2022-08-07T17:23:15","modified_gmt":"2022-08-07T17:23:15","slug":"propos-de-laurentiis-sur-les-africains-la-caf-saisit-luefa","status":"publish","type":"post","link":"https:\/\/www.nettali.com\/2022\/08\/07\/propos-de-laurentiis-sur-les-africains-la-caf-saisit-luefa\/","title":{"rendered":"PROPOS DE LAURENTIIS SUR LES AFRICAINS - La Caf saisit l'UEFA"},"content":{"rendered":"<p><strong>NETTALI.COM - La Conf\u00e9d\u00e9ration africaine (CAF) est outr\u00e9e par les propos de Aurelio De Laurentiis, pr\u00e9sident de Naples, d\u00e9clarant\u00a0 qu\u2019il ne signerait plus de joueurs africains qu\u2019\u00e0 condition qu\u2019ils renoncent \u00e0 la Coupe d\u2019Afrique des nations (CAN).<\/strong><\/p>\n<p>Constern\u00e9e par ces propos jug\u00e9s \"<em>irresponsables et inacceptables<\/em>\", Patrice Motsepe exhorte donc l\u2019UEFA \u00e0 \"<em>ouvrir une enqu\u00eate disciplinaire \u00e0 son encontre<\/em>\", dans un communiqu\u00e9 du service communication de l\u2019organisation fa\u00eeti\u00e8re, qui souligne que \"<em>la (CAN) est la comp\u00e9tition phare du continent africain et l\u2019une des principales comp\u00e9titions mondiales de football<\/em>.\"<\/p>\n<p><strong>Voici le communiqu\u00e9 in extenso de la Caf :<\/strong><\/p>\n<p>\"<em>La CAF est constern\u00e9e par les propos irresponsables et inacceptables tenus par le pr\u00e9sident du Napoli FC, M. Aurelio De Laurentiis, sur les joueurs africains et la Coupe d'Afrique des Nations. En d\u00e9clarant publiquement que les joueurs qui signent pour Napoli doivent signer une clause de renonciation \u00e0 la participation \u00e0 la Coupe d'Afrique des Nations comme condition d'emploi, les commentaires de De Laurentiis sont susceptibles de tomber sous le coup de l'article 14 du R\u00e8glement disciplinaire de l'UEFA. La CAF exhorte donc l'UEFA \u00e0 ouvrir une enqu\u00eate disciplinaire \u00e0 son encontre.<\/em><\/p>\n<p><em>La CAF est attach\u00e9e au r\u00f4le que joue le football en Afrique, en Europe, en Am\u00e9rique du Nord et du Sud, en Asie et dans le monde entier pour rassembler et unir des personnes de cultures, de groupes linguistiques, de races, de groupes ethniques et d'origines religieuses diff\u00e9rents.<\/em><br \/>\n<em>Nous ne doutons pas que le Napoli FC et l'UEFA soient aussi engag\u00e9s que la CAF dans ces objectifs humanitaires mondiaux.<\/em><br \/>\n<em>Devons-nous supposer que le pr\u00e9sident du Napoli va inclure des conditions restrictives similaires pour les joueurs d'Am\u00e9rique du Sud, d'Asie et d'autres conf\u00e9d\u00e9rations, leur interdisant de participer \u00e0 leurs comp\u00e9titions continentales qui sont importantes pour le d\u00e9veloppement et la croissance du football dans le monde ?<\/em><\/p>\n<p><em>La Coupe d'Afrique des Nations est la comp\u00e9tition phare du continent africain et l'une des principales comp\u00e9titions mondiales de football. Sa derni\u00e8re \u00e9dition au Cameroun a \u00e9t\u00e9 diffus\u00e9e dans plus de 160 pays et attir\u00e9 plus de 600 millions de t\u00e9l\u00e9spectateurs<\/em>\".<\/p>\n<div class='share-to-whatsapp-wrapper'><div class='share-on-whsp'>PARTAGER SUR : <\/div><a data-text='PROPOS DE LAURENTIIS SUR LES AFRICAINS - La Caf saisit l'UEFA' data-link='https:\/\/www.nettali.com\/2022\/08\/07\/propos-de-laurentiis-sur-les-africains-la-caf-saisit-luefa\/' class='whatsapp-button whatsapp-share'>WhatsApp<\/a><div class='clear '><\/div><\/div>","protected":false},"excerpt":{"rendered":"<p>NETTALI.COM - La Conf\u00e9d\u00e9ration africaine (CAF) est outr\u00e9e par les propos de Aurelio De Laurentiis, pr\u00e9sident de Naples, d\u00e9clarant\u00a0 qu\u2019il ne signerait plus de joueurs africains qu\u2019\u00e0 condition qu\u2019ils renoncent \u00e0 la Coupe d\u2019Afrique des nations (CAN). Constern\u00e9e par ces propos jug\u00e9s \"irresponsables et inacceptables\", Patrice Motsepe exhorte donc l\u2019UEFA \u00e0 \"ouvrir une enqu\u00eate disciplinaire [&hellip;]<\/p>\n","protected":false},"author":5,"featured_media":91509,"comment_status":"open","ping_status":"open","sticky":false,"template":"","format":"standard","meta":{"_et_pb_use_builder":"","_et_pb_old_content":""},"categories":[6],"tags":[],"yoast_head":"<!-- This site is optimized with the Yoast SEO Premium plugin v17.8 (Yoast SEO v17.8) - https:\/\/yoast.com\/wordpress\/plugins\/seo\/ -->\n<title>PROPOS DE LAURENTIIS SUR LES AFRICAINS - La Caf saisit l&#039;UEFA | Nettali.com<\/title>\n<meta name=\"robots\" content=\"index, follow, max-snippet:-1, max-image-preview:large, max-video-preview:-1\" \/>\n<link rel=\"canonical\" href=\"https:\/\/www.nettali.com\/2022\/08\/07\/propos-de-laurentiis-sur-les-africains-la-caf-saisit-luefa\/\" \/>\n<meta property=\"og:locale\" content=\"fr_FR\" \/>\n<meta property=\"og:type\" content=\"article\" \/>\n<meta property=\"og:title\" content=\"PROPOS DE LAURENTIIS SUR LES AFRICAINS - La Caf saisit l&#039;UEFA\" \/>\n<meta property=\"og:description\" content=\"NETTALI.COM - La Conf\u00e9d\u00e9ration africaine (CAF) est outr\u00e9e par les propos de Aurelio De Laurentiis, pr\u00e9sident de Naples, d\u00e9clarant\u00a0 qu\u2019il ne signerait plus de joueurs africains qu\u2019\u00e0 condition qu\u2019ils renoncent \u00e0 la Coupe d\u2019Afrique des nations (CAN). Constern\u00e9e par ces propos jug\u00e9s &quot;irresponsables et inacceptables&quot;, Patrice Motsepe exhorte donc l\u2019UEFA \u00e0 &quot;ouvrir une enqu\u00eate disciplinaire [&hellip;]\" \/>\n<meta property=\"og:url\" content=\"https:\/\/www.nettali.com\/2022\/08\/07\/propos-de-laurentiis-sur-les-africains-la-caf-saisit-luefa\/\" \/>\n<meta property=\"og:site_name\" content=\"Nettali.com\" \/>\n<meta property=\"article:publisher\" content=\"https:\/\/www.facebook.com\/nettalicom\" \/>\n<meta property=\"article:published_time\" content=\"2022-08-07T17:23:15+00:00\" \/>\n<meta property=\"og:image\" content=\"https:\/\/www.nettali.com\/wp-content\/uploads\/2022\/08\/motsepe-laurentiis.jpg\" \/>\n\t<meta property=\"og:image:width\" content=\"800\" \/>\n\t<meta property=\"og:image:height\" content=\"450\" \/>\n<meta name=\"twitter:card\" content=\"summary_large_image\" \/>\n<meta name=\"twitter:label1\" content=\"\u00c9crit par\" \/>\n\t<meta name=\"twitter:data1\" content=\"Ibrahima\" \/>\n\t<meta name=\"twitter:label2\" content=\"Dur\u00e9e de lecture estim\u00e9e\" \/>\n\t<meta name=\"twitter:data2\" content=\"2 minutes\" \/>\n<script type=\"application\/ld+json\" class=\"yoast-schema-graph\">{\"@context\":\"https:\/\/schema.org\",\"@graph\":[{\"@type\":\"WebSite\",\"@id\":\"https:\/\/www.nettali.com\/#website\",\"url\":\"https:\/\/www.nettali.com\/\",\"name\":\"Nettali.com\",\"description\":\"Le rendez-vous critique du Net\",\"potentialAction\":[{\"@type\":\"SearchAction\",\"target\":{\"@type\":\"EntryPoint\",\"urlTemplate\":\"https:\/\/www.nettali.com\/?s={search_term_string}\"},\"query-input\":\"required name=search_term_string\"}],\"inLanguage\":\"fr-FR\"},{\"@type\":\"ImageObject\",\"@id\":\"https:\/\/www.nettali.com\/2022\/08\/07\/propos-de-laurentiis-sur-les-africains-la-caf-saisit-luefa\/#primaryimage\",\"inLanguage\":\"fr-FR\",\"url\":\"https:\/\/www.nettali.com\/wp-content\/uploads\/2022\/08\/motsepe-laurentiis.jpg\",\"contentUrl\":\"https:\/\/www.nettali.com\/wp-content\/uploads\/2022\/08\/motsepe-laurentiis.jpg\",\"width\":800,\"height\":450},{\"@type\":\"WebPage\",\"@id\":\"https:\/\/www.nettali.com\/2022\/08\/07\/propos-de-laurentiis-sur-les-africains-la-caf-saisit-luefa\/#webpage\",\"url\":\"https:\/\/www.nettali.com\/2022\/08\/07\/propos-de-laurentiis-sur-les-africains-la-caf-saisit-luefa\/\",\"name\":\"PROPOS DE LAURENTIIS SUR LES AFRICAINS - La Caf saisit l'UEFA | Nettali.com\",\"isPartOf\":{\"@id\":\"https:\/\/www.nettali.com\/#website\"},\"primaryImageOfPage\":{\"@id\":\"https:\/\/www.nettali.com\/2022\/08\/07\/propos-de-laurentiis-sur-les-africains-la-caf-saisit-luefa\/#primaryimage\"},\"datePublished\":\"2022-08-07T17:23:15+00:00\",\"dateModified\":\"2022-08-07T17:23:15+00:00\",\"author\":{\"@id\":\"https:\/\/www.nettali.com\/#\/schema\/person\/bb147657c2986240405a608162b9bb23\"},\"breadcrumb\":{\"@id\":\"https:\/\/www.nettali.com\/2022\/08\/07\/propos-de-laurentiis-sur-les-africains-la-caf-saisit-luefa\/#breadcrumb\"},\"inLanguage\":\"fr-FR\",\"potentialAction\":[{\"@type\":\"ReadAction\",\"target\":[\"https:\/\/www.nettali.com\/2022\/08\/07\/propos-de-laurentiis-sur-les-africains-la-caf-saisit-luefa\/\"]}]},{\"@type\":\"BreadcrumbList\",\"@id\":\"https:\/\/www.nettali.com\/2022\/08\/07\/propos-de-laurentiis-sur-les-africains-la-caf-saisit-luefa\/#breadcrumb\",\"itemListElement\":[{\"@type\":\"ListItem\",\"position\":1,\"name\":\"Accueil\",\"item\":\"https:\/\/www.nettali.com\/\"},{\"@type\":\"ListItem\",\"position\":2,\"name\":\"PROPOS DE LAURENTIIS SUR LES AFRICAINS - La Caf saisit l'UEFA\"}]},{\"@type\":\"Person\",\"@id\":\"https:\/\/www.nettali.com\/#\/schema\/person\/bb147657c2986240405a608162b9bb23\",\"name\":\"Ibrahima\",\"image\":{\"@type\":\"ImageObject\",\"@id\":\"https:\/\/www.nettali.com\/#personlogo\",\"inLanguage\":\"fr-FR\",\"url\":\"https:\/\/secure.gravatar.com\/avatar\/26a8a81f09f0dd7624c9d5c36c9ba3a2?s=96&d=mm&r=g\",\"contentUrl\":\"https:\/\/secure.gravatar.com\/avatar\/26a8a81f09f0dd7624c9d5c36c9ba3a2?s=96&d=mm&r=g\",\"caption\":\"Ibrahima\"},\"sameAs\":[\"https:\/\/www.nettali.com\"]}]}<\/script>\n<!-- \/ Yoast SEO Premium plugin. -->","yoast_head_json":{"title":"PROPOS DE LAURENTIIS SUR LES AFRICAINS - La Caf saisit l'UEFA | Nettali.com","robots":{"index":"index","follow":"follow","max-snippet":"max-snippet:-1","max-image-preview":"max-image-preview:large","max-video-preview":"max-video-preview:-1"},"canonical":"https:\/\/www.nettali.com\/2022\/08\/07\/propos-de-laurentiis-sur-les-africains-la-caf-saisit-luefa\/","og_locale":"fr_FR","og_type":"article","og_title":"PROPOS DE LAURENTIIS SUR LES AFRICAINS - La Caf saisit l'UEFA","og_description":"NETTALI.COM - La Conf\u00e9d\u00e9ration africaine (CAF) est outr\u00e9e par les propos de Aurelio De Laurentiis, pr\u00e9sident de Naples, d\u00e9clarant\u00a0 qu\u2019il ne signerait plus de joueurs africains qu\u2019\u00e0 condition qu\u2019ils renoncent \u00e0 la Coupe d\u2019Afrique des nations (CAN). Constern\u00e9e par ces propos jug\u00e9s \"irresponsables et inacceptables\", Patrice Motsepe exhorte donc l\u2019UEFA \u00e0 \"ouvrir une enqu\u00eate disciplinaire [&hellip;]","og_url":"https:\/\/www.nettali.com\/2022\/08\/07\/propos-de-laurentiis-sur-les-africains-la-caf-saisit-luefa\/","og_site_name":"Nettali.com","article_publisher":"https:\/\/www.facebook.com\/nettalicom","article_published_time":"2022-08-07T17:23:15+00:00","og_image":[{"width":800,"height":450,"url":"https:\/\/www.nettali.com\/wp-content\/uploads\/2022\/08\/motsepe-laurentiis.jpg","type":"image\/jpeg"}],"twitter_card":"summary_large_image","twitter_misc":{"\u00c9crit par":"Ibrahima","Dur\u00e9e de lecture estim\u00e9e":"2 minutes"},"schema":{"@context":"https:\/\/schema.org","@graph":[{"@type":"WebSite","@id":"https:\/\/www.nettali.com\/#website","url":"https:\/\/www.nettali.com\/","name":"Nettali.com","description":"Le rendez-vous critique du Net","potentialAction":[{"@type":"SearchAction","target":{"@type":"EntryPoint","urlTemplate":"https:\/\/www.nettali.com\/?s={search_term_string}"},"query-input":"required name=search_term_string"}],"inLanguage":"fr-FR"},{"@type":"ImageObject","@id":"https:\/\/www.nettali.com\/2022\/08\/07\/propos-de-laurentiis-sur-les-africains-la-caf-saisit-luefa\/#primaryimage","inLanguage":"fr-FR","url":"https:\/\/www.nettali.com\/wp-content\/uploads\/2022\/08\/motsepe-laurentiis.jpg","contentUrl":"https:\/\/www.nettali.com\/wp-content\/uploads\/2022\/08\/motsepe-laurentiis.jpg","width":800,"height":450},{"@type":"WebPage","@id":"https:\/\/www.nettali.com\/2022\/08\/07\/propos-de-laurentiis-sur-les-africains-la-caf-saisit-luefa\/#webpage","url":"https:\/\/www.nettali.com\/2022\/08\/07\/propos-de-laurentiis-sur-les-africains-la-caf-saisit-luefa\/","name":"PROPOS DE LAURENTIIS SUR LES AFRICAINS - La Caf saisit l'UEFA | Nettali.com","isPartOf":{"@id":"https:\/\/www.nettali.com\/#website"},"primaryImageOfPage":{"@id":"https:\/\/www.nettali.com\/2022\/08\/07\/propos-de-laurentiis-sur-les-africains-la-caf-saisit-luefa\/#primaryimage"},"datePublished":"2022-08-07T17:23:15+00:00","dateModified":"2022-08-07T17:23:15+00:00","author":{"@id":"https:\/\/www.nettali.com\/#\/schema\/person\/bb147657c2986240405a608162b9bb23"},"breadcrumb":{"@id":"https:\/\/www.nettali.com\/2022\/08\/07\/propos-de-laurentiis-sur-les-africains-la-caf-saisit-luefa\/#breadcrumb"},"inLanguage":"fr-FR","potentialAction":[{"@type":"ReadAction","target":["https:\/\/www.nettali.com\/2022\/08\/07\/propos-de-laurentiis-sur-les-africains-la-caf-saisit-luefa\/"]}]},{"@type":"BreadcrumbList","@id":"https:\/\/www.nettali.com\/2022\/08\/07\/propos-de-laurentiis-sur-les-africains-la-caf-saisit-luefa\/#breadcrumb","itemListElement":[{"@type":"ListItem","position":1,"name":"Accueil","item":"https:\/\/www.nettali.com\/"},{"@type":"ListItem","position":2,"name":"PROPOS DE LAURENTIIS SUR LES AFRICAINS - La Caf saisit l'UEFA"}]},{"@type":"Person","@id":"https:\/\/www.nettali.com\/#\/schema\/person\/bb147657c2986240405a608162b9bb23","name":"Ibrahima","image":{"@type":"ImageObject","@id":"https:\/\/www.nettali.com\/#personlogo","inLanguage":"fr-FR","url":"https:\/\/secure.gravatar.com\/avatar\/26a8a81f09f0dd7624c9d5c36c9ba3a2?s=96&d=mm&r=g","contentUrl":"https:\/\/secure.gravatar.com\/avatar\/26a8a81f09f0dd7624c9d5c36c9ba3a2?s=96&d=mm&r=g","caption":"Ibrahima"},"sameAs":["https:\/\/www.nettali.com"]}]}},"_links":{"self":[{"href":"https:\/\/www.nettali.com\/rest\/wp\/v2\/posts\/91508"}],"collection":[{"href":"https:\/\/www.nettali.com\/rest\/wp\/v2\/posts"}],"about":[{"href":"https:\/\/www.nettali.com\/rest\/wp\/v2\/types\/post"}],"author":[{"embeddable":true,"href":"https:\/\/www.nettali.com\/rest\/wp\/v2\/users\/5"}],"replies":[{"embeddable":true,"href":"https:\/\/www.nettali.com\/rest\/wp\/v2\/comments?post=91508"}],"version-history":[{"count":3,"href":"https:\/\/www.nettali.com\/rest\/wp\/v2\/posts\/91508\/revisions"}],"predecessor-version":[{"id":91515,"href":"https:\/\/www.nettali.com\/rest\/wp\/v2\/posts\/91508\/revisions\/91515"}],"wp:featuredmedia":[{"embeddable":true,"href":"https:\/\/www.nettali.com\/rest\/wp\/v2\/media\/91509"}],"wp:attachment":[{"href":"https:\/\/www.nettali.com\/rest\/wp\/v2\/media?parent=91508"}],"wp:term":[{"taxonomy":"category","embeddable":true,"href":"https:\/\/www.nettali.com\/rest\/wp\/v2\/categories?post=91508"},{"taxonomy":"post_tag","embeddable":true,"href":"https:\/\/www.nettali.com\/rest\/wp\/v2\/tags?post=91508"}],"curies":[{"name":"wp","href":"https:\/\/api.w.org\/{rel}","templated":true}]}}