{"id":91340,"date":"2022-08-05T09:10:34","date_gmt":"2022-08-05T09:10:34","guid":{"rendered":"https:\/\/www.nettali.com\/?p=91340"},"modified":"2022-08-05T09:10:34","modified_gmt":"2022-08-05T09:10:34","slug":"crise-au-quotidien-national-le-soleil-absent-des-kiosques-ce-vendredi","status":"publish","type":"post","link":"https:\/\/www.nettali.com\/2022\/08\/05\/crise-au-quotidien-national-le-soleil-absent-des-kiosques-ce-vendredi\/","title":{"rendered":"CRISE AU QUOTIDIEN NATIONAL- Le Soleil absent des kiosques, ce vendredi"},"content":{"rendered":"<p><strong>NETTALI.COM - Le quotidien national Le Soleil n'est pas dans les kiosques, ce vendredi 5 ao\u00fbt 2022. Les travailleurs en mouvement, ont bloqu\u00e9 la parution du journal.<\/strong><\/p>\n<p>Les travailleurs de la SSPP Le Soleil ont mis leur menace \u00e0 ex\u00e9cution. Ce vendredi 5 ao\u00fbt 2022, le quotidien national n'est pas paru. Les agents ont bloqu\u00e9 la parution. La d\u00e9cision a \u00e9t\u00e9 prise ce jeudi 4 Ao\u00fbt, suite \u00e0 l'arrestation de 11 d\u00e9l\u00e9gu\u00e9s syndicaux.\u00a0 Ces derniers ont en effet \u00e9t\u00e9 cueilli sur leur lieu de travail par des gendarmes. Conduits \u00e0 la brigade de Thiong, ils ont \u00e9t\u00e9\u00a0 finalement rel\u00e2ch\u00e9s durant la nuit.<\/p>\n<p>A noter que les travailleurs du Soleil sont en mouvement depuis des mois pour d\u00e9noncer la gestion du Directeur g\u00e9n\u00e9ral Yakham Mbaye. Une plainte a \u00e9t\u00e9 m\u00eame d\u00e9pos\u00e9e contre ce dernier aupr\u00e8s de l'Ofnac pour mauvaise gestion.<\/p>\n<p>Les syndicalistes qui ont d\u00e9cr\u00e9t\u00e9 une gr\u00e8ve illimit\u00e9e, exigent le d\u00e9part de Yakham Mbaye et de certains de ses collaborateurs.<\/p>\n<p>D'ailleurs, des membres du directoire ont d\u00e9missionn\u00e9 de leurs poste.<\/p>\n<p>&nbsp;<\/p>\n<div class='share-to-whatsapp-wrapper'><div class='share-on-whsp'>PARTAGER SUR : <\/div><a data-text='CRISE AU QUOTIDIEN NATIONAL- Le Soleil absent des kiosques, ce vendredi' data-link='https:\/\/www.nettali.com\/2022\/08\/05\/crise-au-quotidien-national-le-soleil-absent-des-kiosques-ce-vendredi\/' class='whatsapp-button whatsapp-share'>WhatsApp<\/a><div class='clear '><\/div><\/div>","protected":false},"excerpt":{"rendered":"<p>NETTALI.COM - Le quotidien national Le Soleil n'est pas dans les kiosques, ce vendredi 5 ao\u00fbt 2022. Les travailleurs en mouvement, ont bloqu\u00e9 la parution du journal. Les travailleurs de la SSPP Le Soleil ont mis leur menace \u00e0 ex\u00e9cution. Ce vendredi 5 ao\u00fbt 2022, le quotidien national n'est pas paru. Les agents ont bloqu\u00e9 [&hellip;]<\/p>\n","protected":false},"author":6,"featured_media":91346,"comment_status":"open","ping_status":"open","sticky":false,"template":"","format":"standard","meta":{"_et_pb_use_builder":"","_et_pb_old_content":""},"categories":[3],"tags":[],"yoast_head":"<!-- This site is optimized with the Yoast SEO Premium plugin v17.8 (Yoast SEO v17.8) - https:\/\/yoast.com\/wordpress\/plugins\/seo\/ -->\n<title>CRISE AU QUOTIDIEN NATIONAL- Le Soleil absent des kiosques, ce vendredi | Nettali.com<\/title>\n<meta name=\"robots\" content=\"index, follow, max-snippet:-1, max-image-preview:large, max-video-preview:-1\" \/>\n<link rel=\"canonical\" href=\"https:\/\/www.nettali.com\/2022\/08\/05\/crise-au-quotidien-national-le-soleil-absent-des-kiosques-ce-vendredi\/\" \/>\n<meta property=\"og:locale\" content=\"fr_FR\" \/>\n<meta property=\"og:type\" content=\"article\" \/>\n<meta property=\"og:title\" content=\"CRISE AU QUOTIDIEN NATIONAL- Le Soleil absent des kiosques, ce vendredi\" \/>\n<meta property=\"og:description\" content=\"NETTALI.COM - Le quotidien national Le Soleil n&#039;est pas dans les kiosques, ce vendredi 5 ao\u00fbt 2022. Les travailleurs en mouvement, ont bloqu\u00e9 la parution du journal. Les travailleurs de la SSPP Le Soleil ont mis leur menace \u00e0 ex\u00e9cution. Ce vendredi 5 ao\u00fbt 2022, le quotidien national n&#039;est pas paru. Les agents ont bloqu\u00e9 [&hellip;]\" \/>\n<meta property=\"og:url\" content=\"https:\/\/www.nettali.com\/2022\/08\/05\/crise-au-quotidien-national-le-soleil-absent-des-kiosques-ce-vendredi\/\" \/>\n<meta property=\"og:site_name\" content=\"Nettali.com\" \/>\n<meta property=\"article:publisher\" content=\"https:\/\/www.facebook.com\/nettalicom\" \/>\n<meta property=\"article:published_time\" content=\"2022-08-05T09:10:34+00:00\" \/>\n<meta property=\"og:image\" content=\"https:\/\/www.nettali.com\/wp-content\/uploads\/2022\/08\/9496a04_1644017806888-une-14.jpg\" \/>\n\t<meta property=\"og:image:width\" content=\"320\" \/>\n\t<meta property=\"og:image:height\" content=\"213\" \/>\n<meta name=\"twitter:card\" content=\"summary_large_image\" \/>\n<meta name=\"twitter:label1\" content=\"\u00c9crit par\" \/>\n\t<meta name=\"twitter:data1\" content=\"Fatou\" \/>\n\t<meta name=\"twitter:label2\" content=\"Dur\u00e9e de lecture estim\u00e9e\" \/>\n\t<meta name=\"twitter:data2\" content=\"1 minute\" \/>\n<script type=\"application\/ld+json\" class=\"yoast-schema-graph\">{\"@context\":\"https:\/\/schema.org\",\"@graph\":[{\"@type\":\"WebSite\",\"@id\":\"https:\/\/www.nettali.com\/#website\",\"url\":\"https:\/\/www.nettali.com\/\",\"name\":\"Nettali.com\",\"description\":\"Le rendez-vous critique du Net\",\"potentialAction\":[{\"@type\":\"SearchAction\",\"target\":{\"@type\":\"EntryPoint\",\"urlTemplate\":\"https:\/\/www.nettali.com\/?s={search_term_string}\"},\"query-input\":\"required name=search_term_string\"}],\"inLanguage\":\"fr-FR\"},{\"@type\":\"ImageObject\",\"@id\":\"https:\/\/www.nettali.com\/2022\/08\/05\/crise-au-quotidien-national-le-soleil-absent-des-kiosques-ce-vendredi\/#primaryimage\",\"inLanguage\":\"fr-FR\",\"url\":\"https:\/\/www.nettali.com\/wp-content\/uploads\/2022\/08\/9496a04_1644017806888-une-14.jpg\",\"contentUrl\":\"https:\/\/www.nettali.com\/wp-content\/uploads\/2022\/08\/9496a04_1644017806888-une-14.jpg\",\"width\":320,\"height\":213},{\"@type\":\"WebPage\",\"@id\":\"https:\/\/www.nettali.com\/2022\/08\/05\/crise-au-quotidien-national-le-soleil-absent-des-kiosques-ce-vendredi\/#webpage\",\"url\":\"https:\/\/www.nettali.com\/2022\/08\/05\/crise-au-quotidien-national-le-soleil-absent-des-kiosques-ce-vendredi\/\",\"name\":\"CRISE AU QUOTIDIEN NATIONAL- Le Soleil absent des kiosques, ce vendredi | Nettali.com\",\"isPartOf\":{\"@id\":\"https:\/\/www.nettali.com\/#website\"},\"primaryImageOfPage\":{\"@id\":\"https:\/\/www.nettali.com\/2022\/08\/05\/crise-au-quotidien-national-le-soleil-absent-des-kiosques-ce-vendredi\/#primaryimage\"},\"datePublished\":\"2022-08-05T09:10:34+00:00\",\"dateModified\":\"2022-08-05T09:10:34+00:00\",\"author\":{\"@id\":\"https:\/\/www.nettali.com\/#\/schema\/person\/418274a86bdf87caff7a3ef476bd0bbf\"},\"breadcrumb\":{\"@id\":\"https:\/\/www.nettali.com\/2022\/08\/05\/crise-au-quotidien-national-le-soleil-absent-des-kiosques-ce-vendredi\/#breadcrumb\"},\"inLanguage\":\"fr-FR\",\"potentialAction\":[{\"@type\":\"ReadAction\",\"target\":[\"https:\/\/www.nettali.com\/2022\/08\/05\/crise-au-quotidien-national-le-soleil-absent-des-kiosques-ce-vendredi\/\"]}]},{\"@type\":\"BreadcrumbList\",\"@id\":\"https:\/\/www.nettali.com\/2022\/08\/05\/crise-au-quotidien-national-le-soleil-absent-des-kiosques-ce-vendredi\/#breadcrumb\",\"itemListElement\":[{\"@type\":\"ListItem\",\"position\":1,\"name\":\"Accueil\",\"item\":\"https:\/\/www.nettali.com\/\"},{\"@type\":\"ListItem\",\"position\":2,\"name\":\"CRISE AU QUOTIDIEN NATIONAL- Le Soleil absent des kiosques, ce vendredi\"}]},{\"@type\":\"Person\",\"@id\":\"https:\/\/www.nettali.com\/#\/schema\/person\/418274a86bdf87caff7a3ef476bd0bbf\",\"name\":\"Fatou\",\"image\":{\"@type\":\"ImageObject\",\"@id\":\"https:\/\/www.nettali.com\/#personlogo\",\"inLanguage\":\"fr-FR\",\"url\":\"https:\/\/secure.gravatar.com\/avatar\/5a9442a2bee7b4dcf167cab035858e9a?s=96&d=mm&r=g\",\"contentUrl\":\"https:\/\/secure.gravatar.com\/avatar\/5a9442a2bee7b4dcf167cab035858e9a?s=96&d=mm&r=g\",\"caption\":\"Fatou\"},\"sameAs\":[\"https:\/\/www.nettali.com\"]}]}<\/script>\n<!-- \/ Yoast SEO Premium plugin. -->","yoast_head_json":{"title":"CRISE AU QUOTIDIEN NATIONAL- Le Soleil absent des kiosques, ce vendredi | Nettali.com","robots":{"index":"index","follow":"follow","max-snippet":"max-snippet:-1","max-image-preview":"max-image-preview:large","max-video-preview":"max-video-preview:-1"},"canonical":"https:\/\/www.nettali.com\/2022\/08\/05\/crise-au-quotidien-national-le-soleil-absent-des-kiosques-ce-vendredi\/","og_locale":"fr_FR","og_type":"article","og_title":"CRISE AU QUOTIDIEN NATIONAL- Le Soleil absent des kiosques, ce vendredi","og_description":"NETTALI.COM - Le quotidien national Le Soleil n'est pas dans les kiosques, ce vendredi 5 ao\u00fbt 2022. Les travailleurs en mouvement, ont bloqu\u00e9 la parution du journal. Les travailleurs de la SSPP Le Soleil ont mis leur menace \u00e0 ex\u00e9cution. Ce vendredi 5 ao\u00fbt 2022, le quotidien national n'est pas paru. Les agents ont bloqu\u00e9 [&hellip;]","og_url":"https:\/\/www.nettali.com\/2022\/08\/05\/crise-au-quotidien-national-le-soleil-absent-des-kiosques-ce-vendredi\/","og_site_name":"Nettali.com","article_publisher":"https:\/\/www.facebook.com\/nettalicom","article_published_time":"2022-08-05T09:10:34+00:00","og_image":[{"width":320,"height":213,"url":"https:\/\/www.nettali.com\/wp-content\/uploads\/2022\/08\/9496a04_1644017806888-une-14.jpg","type":"image\/jpeg"}],"twitter_card":"summary_large_image","twitter_misc":{"\u00c9crit par":"Fatou","Dur\u00e9e de lecture estim\u00e9e":"1 minute"},"schema":{"@context":"https:\/\/schema.org","@graph":[{"@type":"WebSite","@id":"https:\/\/www.nettali.com\/#website","url":"https:\/\/www.nettali.com\/","name":"Nettali.com","description":"Le rendez-vous critique du Net","potentialAction":[{"@type":"SearchAction","target":{"@type":"EntryPoint","urlTemplate":"https:\/\/www.nettali.com\/?s={search_term_string}"},"query-input":"required name=search_term_string"}],"inLanguage":"fr-FR"},{"@type":"ImageObject","@id":"https:\/\/www.nettali.com\/2022\/08\/05\/crise-au-quotidien-national-le-soleil-absent-des-kiosques-ce-vendredi\/#primaryimage","inLanguage":"fr-FR","url":"https:\/\/www.nettali.com\/wp-content\/uploads\/2022\/08\/9496a04_1644017806888-une-14.jpg","contentUrl":"https:\/\/www.nettali.com\/wp-content\/uploads\/2022\/08\/9496a04_1644017806888-une-14.jpg","width":320,"height":213},{"@type":"WebPage","@id":"https:\/\/www.nettali.com\/2022\/08\/05\/crise-au-quotidien-national-le-soleil-absent-des-kiosques-ce-vendredi\/#webpage","url":"https:\/\/www.nettali.com\/2022\/08\/05\/crise-au-quotidien-national-le-soleil-absent-des-kiosques-ce-vendredi\/","name":"CRISE AU QUOTIDIEN NATIONAL- Le Soleil absent des kiosques, ce vendredi | Nettali.com","isPartOf":{"@id":"https:\/\/www.nettali.com\/#website"},"primaryImageOfPage":{"@id":"https:\/\/www.nettali.com\/2022\/08\/05\/crise-au-quotidien-national-le-soleil-absent-des-kiosques-ce-vendredi\/#primaryimage"},"datePublished":"2022-08-05T09:10:34+00:00","dateModified":"2022-08-05T09:10:34+00:00","author":{"@id":"https:\/\/www.nettali.com\/#\/schema\/person\/418274a86bdf87caff7a3ef476bd0bbf"},"breadcrumb":{"@id":"https:\/\/www.nettali.com\/2022\/08\/05\/crise-au-quotidien-national-le-soleil-absent-des-kiosques-ce-vendredi\/#breadcrumb"},"inLanguage":"fr-FR","potentialAction":[{"@type":"ReadAction","target":["https:\/\/www.nettali.com\/2022\/08\/05\/crise-au-quotidien-national-le-soleil-absent-des-kiosques-ce-vendredi\/"]}]},{"@type":"BreadcrumbList","@id":"https:\/\/www.nettali.com\/2022\/08\/05\/crise-au-quotidien-national-le-soleil-absent-des-kiosques-ce-vendredi\/#breadcrumb","itemListElement":[{"@type":"ListItem","position":1,"name":"Accueil","item":"https:\/\/www.nettali.com\/"},{"@type":"ListItem","position":2,"name":"CRISE AU QUOTIDIEN NATIONAL- Le Soleil absent des kiosques, ce vendredi"}]},{"@type":"Person","@id":"https:\/\/www.nettali.com\/#\/schema\/person\/418274a86bdf87caff7a3ef476bd0bbf","name":"Fatou","image":{"@type":"ImageObject","@id":"https:\/\/www.nettali.com\/#personlogo","inLanguage":"fr-FR","url":"https:\/\/secure.gravatar.com\/avatar\/5a9442a2bee7b4dcf167cab035858e9a?s=96&d=mm&r=g","contentUrl":"https:\/\/secure.gravatar.com\/avatar\/5a9442a2bee7b4dcf167cab035858e9a?s=96&d=mm&r=g","caption":"Fatou"},"sameAs":["https:\/\/www.nettali.com"]}]}},"_links":{"self":[{"href":"https:\/\/www.nettali.com\/rest\/wp\/v2\/posts\/91340"}],"collection":[{"href":"https:\/\/www.nettali.com\/rest\/wp\/v2\/posts"}],"about":[{"href":"https:\/\/www.nettali.com\/rest\/wp\/v2\/types\/post"}],"author":[{"embeddable":true,"href":"https:\/\/www.nettali.com\/rest\/wp\/v2\/users\/6"}],"replies":[{"embeddable":true,"href":"https:\/\/www.nettali.com\/rest\/wp\/v2\/comments?post=91340"}],"version-history":[{"count":3,"href":"https:\/\/www.nettali.com\/rest\/wp\/v2\/posts\/91340\/revisions"}],"predecessor-version":[{"id":91354,"href":"https:\/\/www.nettali.com\/rest\/wp\/v2\/posts\/91340\/revisions\/91354"}],"wp:featuredmedia":[{"embeddable":true,"href":"https:\/\/www.nettali.com\/rest\/wp\/v2\/media\/91346"}],"wp:attachment":[{"href":"https:\/\/www.nettali.com\/rest\/wp\/v2\/media?parent=91340"}],"wp:term":[{"taxonomy":"category","embeddable":true,"href":"https:\/\/www.nettali.com\/rest\/wp\/v2\/categories?post=91340"},{"taxonomy":"post_tag","embeddable":true,"href":"https:\/\/www.nettali.com\/rest\/wp\/v2\/tags?post=91340"}],"curies":[{"name":"wp","href":"https:\/\/api.w.org\/{rel}","templated":true}]}}