{"id":91260,"date":"2022-08-04T09:25:37","date_gmt":"2022-08-04T09:25:37","guid":{"rendered":"https:\/\/www.nettali.com\/?p=91260"},"modified":"2022-08-04T09:25:37","modified_gmt":"2022-08-04T09:25:37","slug":"mercato-pape-matar-sarr-dans-le-viseur-du-milan-ac","status":"publish","type":"post","link":"https:\/\/www.nettali.com\/2022\/08\/04\/mercato-pape-matar-sarr-dans-le-viseur-du-milan-ac\/","title":{"rendered":"MERCATO - Pape Matar Sarr dans le viseur du Milan AC"},"content":{"rendered":"<p><strong>NETTALI.COM - Apr\u00e8s avoir pris part \u00e0 l\u2019int\u00e9gralit\u00e9 de la pre-saison avec Tottenham, Pape Matar Sarr ne sait toujours pas s\u2019il sera conserv\u00e9 par Antonio Conte ou s'il repartira en pr\u00eat avant la fermeture du mercato estival. Bien que le deuxi\u00e8me cas de figure semble le plus prometteur.<\/strong><\/p>\n<p>Selon les informations de II Corriere Dello Sport, le milieu de terrain s\u00e9n\u00e9galais se rapproche d\u2019avantage de l\u2019AC Milan apr\u00e8s l\u2019\u00e9chec de ce dernier dans la course \u00e0 la signature de Renato Sanches. Le Portugais qui a pr\u00e9f\u00e9r\u00e9 rejoindre le PSG, ne laisse pas d\u2019autre choix aux Champions d\u2019Italie que de se rabattre sur d\u2019autres pistes dont celle Pape Matar Sarr.<\/p>\n<p>La bande \u00e0 Paulo Maldini vise \u00e9galement l\u2019autre milieu de terrain des Spurs : Tanguy Ndomb\u00e9l\u00e9. Mais \u00e0 en croire \u00e0 la source, le Champion d\u2019Afrique serait pr\u00e9f\u00e9r\u00e9 \u00e0 l\u2019international fran\u00e7ais et l\u2019AC Milan souhaiterait ainsi le r\u00e9cup\u00e9rer en pr\u00eat avec option d\u2019achat.<\/p>\n<p>Affaire \u00e0 suivre...<\/p>\n<div class='share-to-whatsapp-wrapper'><div class='share-on-whsp'>PARTAGER SUR : <\/div><a data-text='MERCATO - Pape Matar Sarr dans le viseur du Milan AC' data-link='https:\/\/www.nettali.com\/2022\/08\/04\/mercato-pape-matar-sarr-dans-le-viseur-du-milan-ac\/' class='whatsapp-button whatsapp-share'>WhatsApp<\/a><div class='clear '><\/div><\/div>","protected":false},"excerpt":{"rendered":"<p>NETTALI.COM - Apr\u00e8s avoir pris part \u00e0 l\u2019int\u00e9gralit\u00e9 de la pre-saison avec Tottenham, Pape Matar Sarr ne sait toujours pas s\u2019il sera conserv\u00e9 par Antonio Conte ou s'il repartira en pr\u00eat avant la fermeture du mercato estival. Bien que le deuxi\u00e8me cas de figure semble le plus prometteur. Selon les informations de II Corriere Dello [&hellip;]<\/p>\n","protected":false},"author":5,"featured_media":91255,"comment_status":"open","ping_status":"open","sticky":false,"template":"","format":"standard","meta":{"_et_pb_use_builder":"","_et_pb_old_content":""},"categories":[6],"tags":[],"yoast_head":"<!-- This site is optimized with the Yoast SEO Premium plugin v17.8 (Yoast SEO v17.8) - https:\/\/yoast.com\/wordpress\/plugins\/seo\/ -->\n<title>MERCATO - Pape Matar Sarr dans le viseur du Milan AC | Nettali.com<\/title>\n<meta name=\"robots\" content=\"index, follow, max-snippet:-1, max-image-preview:large, max-video-preview:-1\" \/>\n<link rel=\"canonical\" href=\"https:\/\/www.nettali.com\/2022\/08\/04\/mercato-pape-matar-sarr-dans-le-viseur-du-milan-ac\/\" \/>\n<meta property=\"og:locale\" content=\"fr_FR\" \/>\n<meta property=\"og:type\" content=\"article\" \/>\n<meta property=\"og:title\" content=\"MERCATO - Pape Matar Sarr dans le viseur du Milan AC\" \/>\n<meta property=\"og:description\" content=\"NETTALI.COM - Apr\u00e8s avoir pris part \u00e0 l\u2019int\u00e9gralit\u00e9 de la pre-saison avec Tottenham, Pape Matar Sarr ne sait toujours pas s\u2019il sera conserv\u00e9 par Antonio Conte ou s&#039;il repartira en pr\u00eat avant la fermeture du mercato estival. Bien que le deuxi\u00e8me cas de figure semble le plus prometteur. Selon les informations de II Corriere Dello [&hellip;]\" \/>\n<meta property=\"og:url\" content=\"https:\/\/www.nettali.com\/2022\/08\/04\/mercato-pape-matar-sarr-dans-le-viseur-du-milan-ac\/\" \/>\n<meta property=\"og:site_name\" content=\"Nettali.com\" \/>\n<meta property=\"article:publisher\" content=\"https:\/\/www.facebook.com\/nettalicom\" \/>\n<meta property=\"article:published_time\" content=\"2022-08-04T09:25:37+00:00\" \/>\n<meta property=\"og:image\" content=\"https:\/\/www.nettali.com\/wp-content\/uploads\/2022\/08\/maxresdefault-4.jpg\" \/>\n\t<meta property=\"og:image:width\" content=\"1280\" \/>\n\t<meta property=\"og:image:height\" content=\"720\" \/>\n<meta name=\"twitter:card\" content=\"summary_large_image\" \/>\n<meta name=\"twitter:label1\" content=\"\u00c9crit par\" \/>\n\t<meta name=\"twitter:data1\" content=\"Ibrahima\" \/>\n\t<meta name=\"twitter:label2\" content=\"Dur\u00e9e de lecture estim\u00e9e\" \/>\n\t<meta name=\"twitter:data2\" content=\"1 minute\" \/>\n<script type=\"application\/ld+json\" class=\"yoast-schema-graph\">{\"@context\":\"https:\/\/schema.org\",\"@graph\":[{\"@type\":\"WebSite\",\"@id\":\"https:\/\/www.nettali.com\/#website\",\"url\":\"https:\/\/www.nettali.com\/\",\"name\":\"Nettali.com\",\"description\":\"Le rendez-vous critique du Net\",\"potentialAction\":[{\"@type\":\"SearchAction\",\"target\":{\"@type\":\"EntryPoint\",\"urlTemplate\":\"https:\/\/www.nettali.com\/?s={search_term_string}\"},\"query-input\":\"required name=search_term_string\"}],\"inLanguage\":\"fr-FR\"},{\"@type\":\"ImageObject\",\"@id\":\"https:\/\/www.nettali.com\/2022\/08\/04\/mercato-pape-matar-sarr-dans-le-viseur-du-milan-ac\/#primaryimage\",\"inLanguage\":\"fr-FR\",\"url\":\"https:\/\/www.nettali.com\/wp-content\/uploads\/2022\/08\/maxresdefault-4.jpg\",\"contentUrl\":\"https:\/\/www.nettali.com\/wp-content\/uploads\/2022\/08\/maxresdefault-4.jpg\",\"width\":1280,\"height\":720},{\"@type\":\"WebPage\",\"@id\":\"https:\/\/www.nettali.com\/2022\/08\/04\/mercato-pape-matar-sarr-dans-le-viseur-du-milan-ac\/#webpage\",\"url\":\"https:\/\/www.nettali.com\/2022\/08\/04\/mercato-pape-matar-sarr-dans-le-viseur-du-milan-ac\/\",\"name\":\"MERCATO - Pape Matar Sarr dans le viseur du Milan AC | Nettali.com\",\"isPartOf\":{\"@id\":\"https:\/\/www.nettali.com\/#website\"},\"primaryImageOfPage\":{\"@id\":\"https:\/\/www.nettali.com\/2022\/08\/04\/mercato-pape-matar-sarr-dans-le-viseur-du-milan-ac\/#primaryimage\"},\"datePublished\":\"2022-08-04T09:25:37+00:00\",\"dateModified\":\"2022-08-04T09:25:37+00:00\",\"author\":{\"@id\":\"https:\/\/www.nettali.com\/#\/schema\/person\/bb147657c2986240405a608162b9bb23\"},\"breadcrumb\":{\"@id\":\"https:\/\/www.nettali.com\/2022\/08\/04\/mercato-pape-matar-sarr-dans-le-viseur-du-milan-ac\/#breadcrumb\"},\"inLanguage\":\"fr-FR\",\"potentialAction\":[{\"@type\":\"ReadAction\",\"target\":[\"https:\/\/www.nettali.com\/2022\/08\/04\/mercato-pape-matar-sarr-dans-le-viseur-du-milan-ac\/\"]}]},{\"@type\":\"BreadcrumbList\",\"@id\":\"https:\/\/www.nettali.com\/2022\/08\/04\/mercato-pape-matar-sarr-dans-le-viseur-du-milan-ac\/#breadcrumb\",\"itemListElement\":[{\"@type\":\"ListItem\",\"position\":1,\"name\":\"Accueil\",\"item\":\"https:\/\/www.nettali.com\/\"},{\"@type\":\"ListItem\",\"position\":2,\"name\":\"MERCATO - Pape Matar Sarr dans le viseur du Milan AC\"}]},{\"@type\":\"Person\",\"@id\":\"https:\/\/www.nettali.com\/#\/schema\/person\/bb147657c2986240405a608162b9bb23\",\"name\":\"Ibrahima\",\"image\":{\"@type\":\"ImageObject\",\"@id\":\"https:\/\/www.nettali.com\/#personlogo\",\"inLanguage\":\"fr-FR\",\"url\":\"https:\/\/secure.gravatar.com\/avatar\/26a8a81f09f0dd7624c9d5c36c9ba3a2?s=96&d=mm&r=g\",\"contentUrl\":\"https:\/\/secure.gravatar.com\/avatar\/26a8a81f09f0dd7624c9d5c36c9ba3a2?s=96&d=mm&r=g\",\"caption\":\"Ibrahima\"},\"sameAs\":[\"https:\/\/www.nettali.com\"]}]}<\/script>\n<!-- \/ Yoast SEO Premium plugin. -->","yoast_head_json":{"title":"MERCATO - Pape Matar Sarr dans le viseur du Milan AC | Nettali.com","robots":{"index":"index","follow":"follow","max-snippet":"max-snippet:-1","max-image-preview":"max-image-preview:large","max-video-preview":"max-video-preview:-1"},"canonical":"https:\/\/www.nettali.com\/2022\/08\/04\/mercato-pape-matar-sarr-dans-le-viseur-du-milan-ac\/","og_locale":"fr_FR","og_type":"article","og_title":"MERCATO - Pape Matar Sarr dans le viseur du Milan AC","og_description":"NETTALI.COM - Apr\u00e8s avoir pris part \u00e0 l\u2019int\u00e9gralit\u00e9 de la pre-saison avec Tottenham, Pape Matar Sarr ne sait toujours pas s\u2019il sera conserv\u00e9 par Antonio Conte ou s'il repartira en pr\u00eat avant la fermeture du mercato estival. Bien que le deuxi\u00e8me cas de figure semble le plus prometteur. Selon les informations de II Corriere Dello [&hellip;]","og_url":"https:\/\/www.nettali.com\/2022\/08\/04\/mercato-pape-matar-sarr-dans-le-viseur-du-milan-ac\/","og_site_name":"Nettali.com","article_publisher":"https:\/\/www.facebook.com\/nettalicom","article_published_time":"2022-08-04T09:25:37+00:00","og_image":[{"width":1280,"height":720,"url":"https:\/\/www.nettali.com\/wp-content\/uploads\/2022\/08\/maxresdefault-4.jpg","type":"image\/jpeg"}],"twitter_card":"summary_large_image","twitter_misc":{"\u00c9crit par":"Ibrahima","Dur\u00e9e de lecture estim\u00e9e":"1 minute"},"schema":{"@context":"https:\/\/schema.org","@graph":[{"@type":"WebSite","@id":"https:\/\/www.nettali.com\/#website","url":"https:\/\/www.nettali.com\/","name":"Nettali.com","description":"Le rendez-vous critique du Net","potentialAction":[{"@type":"SearchAction","target":{"@type":"EntryPoint","urlTemplate":"https:\/\/www.nettali.com\/?s={search_term_string}"},"query-input":"required name=search_term_string"}],"inLanguage":"fr-FR"},{"@type":"ImageObject","@id":"https:\/\/www.nettali.com\/2022\/08\/04\/mercato-pape-matar-sarr-dans-le-viseur-du-milan-ac\/#primaryimage","inLanguage":"fr-FR","url":"https:\/\/www.nettali.com\/wp-content\/uploads\/2022\/08\/maxresdefault-4.jpg","contentUrl":"https:\/\/www.nettali.com\/wp-content\/uploads\/2022\/08\/maxresdefault-4.jpg","width":1280,"height":720},{"@type":"WebPage","@id":"https:\/\/www.nettali.com\/2022\/08\/04\/mercato-pape-matar-sarr-dans-le-viseur-du-milan-ac\/#webpage","url":"https:\/\/www.nettali.com\/2022\/08\/04\/mercato-pape-matar-sarr-dans-le-viseur-du-milan-ac\/","name":"MERCATO - Pape Matar Sarr dans le viseur du Milan AC | Nettali.com","isPartOf":{"@id":"https:\/\/www.nettali.com\/#website"},"primaryImageOfPage":{"@id":"https:\/\/www.nettali.com\/2022\/08\/04\/mercato-pape-matar-sarr-dans-le-viseur-du-milan-ac\/#primaryimage"},"datePublished":"2022-08-04T09:25:37+00:00","dateModified":"2022-08-04T09:25:37+00:00","author":{"@id":"https:\/\/www.nettali.com\/#\/schema\/person\/bb147657c2986240405a608162b9bb23"},"breadcrumb":{"@id":"https:\/\/www.nettali.com\/2022\/08\/04\/mercato-pape-matar-sarr-dans-le-viseur-du-milan-ac\/#breadcrumb"},"inLanguage":"fr-FR","potentialAction":[{"@type":"ReadAction","target":["https:\/\/www.nettali.com\/2022\/08\/04\/mercato-pape-matar-sarr-dans-le-viseur-du-milan-ac\/"]}]},{"@type":"BreadcrumbList","@id":"https:\/\/www.nettali.com\/2022\/08\/04\/mercato-pape-matar-sarr-dans-le-viseur-du-milan-ac\/#breadcrumb","itemListElement":[{"@type":"ListItem","position":1,"name":"Accueil","item":"https:\/\/www.nettali.com\/"},{"@type":"ListItem","position":2,"name":"MERCATO - Pape Matar Sarr dans le viseur du Milan AC"}]},{"@type":"Person","@id":"https:\/\/www.nettali.com\/#\/schema\/person\/bb147657c2986240405a608162b9bb23","name":"Ibrahima","image":{"@type":"ImageObject","@id":"https:\/\/www.nettali.com\/#personlogo","inLanguage":"fr-FR","url":"https:\/\/secure.gravatar.com\/avatar\/26a8a81f09f0dd7624c9d5c36c9ba3a2?s=96&d=mm&r=g","contentUrl":"https:\/\/secure.gravatar.com\/avatar\/26a8a81f09f0dd7624c9d5c36c9ba3a2?s=96&d=mm&r=g","caption":"Ibrahima"},"sameAs":["https:\/\/www.nettali.com"]}]}},"_links":{"self":[{"href":"https:\/\/www.nettali.com\/rest\/wp\/v2\/posts\/91260"}],"collection":[{"href":"https:\/\/www.nettali.com\/rest\/wp\/v2\/posts"}],"about":[{"href":"https:\/\/www.nettali.com\/rest\/wp\/v2\/types\/post"}],"author":[{"embeddable":true,"href":"https:\/\/www.nettali.com\/rest\/wp\/v2\/users\/5"}],"replies":[{"embeddable":true,"href":"https:\/\/www.nettali.com\/rest\/wp\/v2\/comments?post=91260"}],"version-history":[{"count":3,"href":"https:\/\/www.nettali.com\/rest\/wp\/v2\/posts\/91260\/revisions"}],"predecessor-version":[{"id":91269,"href":"https:\/\/www.nettali.com\/rest\/wp\/v2\/posts\/91260\/revisions\/91269"}],"wp:featuredmedia":[{"embeddable":true,"href":"https:\/\/www.nettali.com\/rest\/wp\/v2\/media\/91255"}],"wp:attachment":[{"href":"https:\/\/www.nettali.com\/rest\/wp\/v2\/media?parent=91260"}],"wp:term":[{"taxonomy":"category","embeddable":true,"href":"https:\/\/www.nettali.com\/rest\/wp\/v2\/categories?post=91260"},{"taxonomy":"post_tag","embeddable":true,"href":"https:\/\/www.nettali.com\/rest\/wp\/v2\/tags?post=91260"}],"curies":[{"name":"wp","href":"https:\/\/api.w.org\/{rel}","templated":true}]}}