{"id":91118,"date":"2022-08-02T22:36:53","date_gmt":"2022-08-02T22:36:53","guid":{"rendered":"https:\/\/www.nettali.com\/?p=91118"},"modified":"2022-08-03T09:19:59","modified_gmt":"2022-08-03T09:19:59","slug":"sadio-mane-je-ne-me-vois-pas-comme-une-star-mondiale","status":"publish","type":"post","link":"https:\/\/www.nettali.com\/2022\/08\/02\/sadio-mane-je-ne-me-vois-pas-comme-une-star-mondiale\/","title":{"rendered":"SADIO MAN\u00c9 - \"Je ne me vois pas comme une star mondiale\""},"content":{"rendered":"<p><strong>NETTALI.COM - Buteur lors de son premier match officiel avec les Bavarois, Sadio Man\u00e9 d\u00e9bute bien sous les couleurs du FC Bayern. Dans une interview accord\u00e9e au site officiel du club, le joueur africain de l'ann\u00e9e explique pourquoi il ne se sent pas comme une star mondiale.<\/strong><\/p>\n<p><strong>Sadio, les enfants criaient d\u00e9j\u00e0 ton nom avec enthousiasme lors de ton premier entra\u00eenement \u00e0 la S\u00e4bener Stra\u00dfe : \"<em>Man\u00e9, tu es le meilleur<\/em> !\" Ils ont m\u00eame grimp\u00e9 aux arbres pour vous voir. Avez-vous remarqu\u00e9 cela?<\/strong><\/p>\n<p>Oui, et j'\u00e9tais tr\u00e8s heureux. Le fait que des enfants grimpent aux arbres sp\u00e9cialement pour moi me motive \u00e9norm\u00e9ment, bien s\u00fbr. Je veux faire de mon mieux ici chaque jour \u00e0 l'entra\u00eenement et dans les matchs - pour l'\u00e9quipe et les supporters.<\/p>\n<p><strong>\u00catre footballeur, c\u2019est \u00e7a, faire p\u00e9tiller les yeux des enfants ?<\/strong><\/p>\n<p>Je le pense. Je me souviens encore aujourd\u2019hui qu\u2019enfant, j\u2019admirais les grands joueurs et je voulais \u00eatre comme eux. C\u2019est pourquoi il est tr\u00e8s important pour moi de rendre les enfants heureux avec mon jeu. Les enfants, disent-ils, ont aussi les critiques les plus honn\u00eates.<\/p>\n<p><strong>Qui admiriez-vous \u00e9tant enfant ?<\/strong><\/p>\n<p>Mes idoles \u00e0 l\u2019\u00e9poque \u00e9taient Ronaldinho et El Hadji Diouf du S\u00e9n\u00e9gal. C\u2019\u00e9taient des joueurs exceptionnels. J\u2019ai regard\u00e9 des vid\u00e9os d\u2019eux pendant des heures et j\u2019ai essay\u00e9 d\u2019imiter tout ce qu\u2019ils faisaient.<\/p>\n<p><strong>Aviez-vous aussi leurs maillots ?<\/strong><\/p>\n<p>Oui, bien s\u00fbr. Ma m\u00e8re m\u2019a offert un maillot El Hadji Diouf, et quand j\u2019ai \u00e9t\u00e9 un peu plus grand, j\u2019ai achet\u00e9 moi-m\u00eame un maillot de Ronaldinho. J\u2019ai travaill\u00e9 plus, gagn\u00e9 de l\u2019argent et \u00e9conomis\u00e9 pour \u00e7a. C\u2019\u00e9tait un r\u00eave de porter son nom dans le dos. Je ne voulais m\u00eame pas enlever les maillots, j\u2019en portais un diff\u00e9rent chaque jour.<\/p>\n<p><strong>Vous \u00eates vous-m\u00eame une star mondiale aujourd\u2019hui, mais en avez-vous l\u2019impression ?<\/strong><\/p>\n<p>Les gens disent \u00e7a de moi, mais je ne me vois pas du tout comme une star mondiale. Je ne sais pas par o\u00f9 commencer avec cette phrase. Tout ce qui m\u2019importe, c\u2019est de faire partie de l\u2019\u00e9quipe. Je fais tout pour \u00e7a. Je veux aller au-del\u00e0 de mes limites pour mes co\u00e9quipiers : marquer des buts, fournir des passes d\u00e9cisives et gagner des matchs. Je suis ici pour donner le meilleur de moi-m\u00eame pour le Bayern Munich.<\/p>\n<p><strong>Comment voyez-vous votre r\u00f4le au FC Bayern ? Les circonstances de votre transfert sont diff\u00e9rentes du pass\u00e9, o\u00f9 vous avez d\u00fb travailler dur pour obtenir votre statut.<\/strong><\/p>\n<p>Quand tu viens dans un grand club comme Liverpool ou le Bayern en tant que jeune joueur, ce n\u2019est pas toujours facile. Tu as encore beaucoup \u00e0 apprendre, dans tous les aspects de la vie. J\u2019ai beaucoup v\u00e9cu dans ma carri\u00e8re, j\u2019ai \u00e9volu\u00e9 en tant que personne et en tant que joueur. Maintenant, je veux apporter toute mon exp\u00e9rience \u00e0 l\u2019\u00e9quipe et contribuer \u00e0 la rendre encore plus forte afin qu\u2019ensemble, nous puissions tous atteindre nos objectifs. Aujourd\u2019hui, je suis un joueur exp\u00e9riment\u00e9 et je sais comment g\u00e9rer ce genre de pression. Pour moi, les attentes signifient la motivation, ce qui me pousse \u00e9norm\u00e9ment. En fin de compte, cela m\u2019aide, ainsi que toute l\u2019\u00e9quipe, \u00e0 atteindre nos objectifs.<\/p>\n<p><strong>Qu\u2019associez-vous au FC Bayern ? Qu\u2019est-ce qui rend ce club sp\u00e9cial pour vous ?<\/strong><\/p>\n<p>Quand j\u2019\u00e9tais \u00e0 Salzbourg, j\u2019ai regard\u00e9 beaucoup de matchs du Bayern, et m\u00eame apr\u00e8s avoir d\u00e9m\u00e9nag\u00e9 en Angleterre, j\u2019ai toujours gard\u00e9 un \u0153il sur la Bundesliga. Avant mon transfert, j\u2019ai parl\u00e9 avec Thiago. Il m\u2019a tout dit sur l\u2019\u00e9quipe et la ville. Tout le monde conna\u00eet l\u2019identit\u00e9 du Bayern. Pour moi, cette \" <em>Mia san mia<\/em> \" signifie que l\u2019\u00e9quipe passe toujours en premier. C\u2019est l\u2019unit\u00e9 qui compte, pas l\u2019individu. C\u2019est ce qui rend le FC Bayern si sp\u00e9cial. Je peux m\u2019identifier tr\u00e8s facilement \u00e0 cette philosophie parce que je suis fermement convaincu que c\u2019est la voie du succ\u00e8s. L\u2019identification est la cl\u00e9. C\u2019est pourquoi je n\u2019ai pas h\u00e9sit\u00e9 une seconde lorsque j\u2019ai eu l\u2019opportunit\u00e9 de d\u00e9m\u00e9nager \u00e0 Munich.<\/p>\n<p><strong>Vous \u00eates consid\u00e9r\u00e9 comme terre-\u00e0-terre et casanier. D\u2019o\u00f9 viennent vos valeurs ?<\/strong><\/p>\n<p>Je suis n\u00e9 dans un petit village du S\u00e9n\u00e9gal qui s\u2019appelle Bambali. J\u2019y ai grandi et je suis all\u00e9 \u00e0 l\u2019\u00e9cole. Dans ma culture, les parents sont tr\u00e8s importants. Vous les \u00e9coutez, vous leur montrez du respect. Je pense que ces valeurs sont tr\u00e8s importantes dans tous les aspects de la vie et je suis reconnaissant d\u2019avoir \u00e9t\u00e9 \u00e9lev\u00e9 de cette fa\u00e7on.<\/p>\n<p><strong>A quelle fr\u00e9quence \u00eates-vous chez vous au S\u00e9n\u00e9gal ? Ressentez-vous \u00e0 quoi ressemble vraiment la vie l\u00e0-bas, une vie en dehors de la bulle du football ?<\/strong><\/p>\n<p>Malheureusement, plus d\u2019une fois par an n\u2019\u00e9tait pas possible ces derni\u00e8res saisons, car nous n\u2019avons eu une pause de mi-saison qu\u2019une seule fois au cours de mes huit ann\u00e9es en Angleterre. Chaque fois que je le peux, je rends visite \u00e0 mes parents et \u00e0 mes vieux amis \u00e0 Bambali. C\u2019est un petit village, loin de la ville la plus proche. La vie y est tr\u00e8s diff\u00e9rente de l\u2019Europe. J\u2019ai du mal \u00e0 mettre des mots, les cultures sont trop diff\u00e9rentes et la situation des gens n\u2019est pas facile. Cela vous permet de garder les pieds sur terre. Quand j\u2019y suis, je suis le Sadio d\u2019autrefois. Je joue au football avec mes anciens amis, nous nous amusons ensemble. J\u2019aime toujours beaucoup y retourner. Mon pays est compos\u00e9 de 17 millions de fous de football, et ils sont tous fans du Bayern maintenant. Je pense que vous verrez beaucoup de drapeaux s\u00e9n\u00e9galais \u00e0 l\u2019Allianz Arena cette saison.<\/p>\n<p><strong>Vous avez financ\u00e9 de nombreuses installations communautaires dans votre village parce que vous voulez donner quelque chose en retour ?<\/strong><\/p>\n<p>Bambali a fait de moi la personne que je suis. C\u2019est pourquoi il est important pour moi de donner quelque chose en retour. Je suis vraiment fier de ce que je fais pour les gens l\u00e0-bas. Je connais la r\u00e9alit\u00e9 de leur vie. Les faire sourire est important pour moi.<\/p>\n<p><strong>Parlez-nous d\u2019un plat traditionnel de votre pays d\u2019origine.<\/strong><\/p>\n<p>Thi\u00e9boudienne, un plat de riz avec de l\u2019huile et du poisson. Mais on aime aussi le manger avec du poulet ou d\u2019autres viandes. Il y a aussi le maaf\u00e9, un rago\u00fbt de cacahu\u00e8tes, j\u2019adore.<\/p>\n<p><strong>Pourquoi avez-vous choisi le num\u00e9ro 17 au Bayern ?<\/strong><\/p>\n<p>Quand mon transfert a \u00e9t\u00e9 d\u00e9cid\u00e9, j\u2019ai demand\u00e9 quels num\u00e9ros \u00e9taient encore disponibles et j\u2019ai choisi le 17. Je sais que de grands joueurs l\u2019ont port\u00e9, plus le 17 est compos\u00e9 de 10 et 7, deux num\u00e9ros que j\u2019aime beaucoup. C\u2019est le num\u00e9ro parfait pour moi.<\/p>\n<p><strong>Avez-vous d\u00e9j\u00e0 visit\u00e9 Munich pendant votre s\u00e9jour \u00e0 Salzbourg ?<\/strong><\/p>\n<p>En fait, je suis all\u00e9 plusieurs fois dans la ville, avec des amis. Et une fois, nous \u00e9tions \u00e0 l\u2019Allianz Arena, lors d\u2019un match de Ligue des champions contre Arsenal. \u00c0 cette \u00e9poque, je ne pouvais tout simplement pas imaginer y jouer moi-m\u00eame un jour.<\/p>\n<p><strong>Avez-vous d\u00e9j\u00e0 \u00e9t\u00e9 \u00e0 l\u2019Oktoberfest ?<\/strong><\/p>\n<p>Malheureusement pas encore, mais j\u2019ai vraiment h\u00e2te d\u2019y \u00eatre. J\u2019ai m\u00eame chez moi des Lederhosen (pantalons traditionnels en cuir) de mon s\u00e9jour \u00e0 Salzbourg. Je les ai gard\u00e9s car j\u2019ai toujours aim\u00e9 les porter et je suis g\u00e9n\u00e9ralement tr\u00e8s int\u00e9ress\u00e9 par d\u2019autres des cultures.<\/p>\n<p><strong>Quelle est la raison de votre coiffure ?<\/strong><\/p>\n<p>La m\u00e8che blonde ? Je l\u2019ai depuis une dizaine d\u2019ann\u00e9es. Je voulais faire quelque chose que personne d\u2019autre n\u2019avait. C\u2019est mon coiffeur qui a eu l\u2019id\u00e9e. Au d\u00e9but, je ne voulais pas le faire parce que je savais que mes parents n\u2019Appr\u00e9cieraient pas. Je n\u2019ai jamais aim\u00e9 \u00e7a. Mais j\u2019ai d\u00e9cid\u00e9 de tenter ma chance. Mes parents \u00e9taient loin. Bien s\u00fbr, ils ont appel\u00e9 d\u00e8s qu\u2019ils l\u2019ont vu : \" Sadio, qu\u2019as-tu fait \u00e0 tes cheveux ? \u00c7a n\u2019a pas l\u2019air beau.\" D\u00e9barrassez-vous-en ! En fait, je l\u2019ai fait enlever les premi\u00e8res fois avant de rentrer chez moi. De retour en Europe, je l\u2019ai fait teindre \u00e0 nouveau. \u00c0 pr\u00e9sent, mes parents s\u2019y sont aussi habitu\u00e9s et l\u2019ont accept\u00e9.<\/p>\n<p><strong>Envie d\u2019un pari ? Si vous gagnez la Ligue des champions avec le Bayern, vous colorez vos cheveux en rouge. Convenu ?<\/strong><\/p>\n<p>(R\u00e9fl\u00e9chit) OK, j\u2019en suis ! Si nous gagnons la Ligue des champions, je la teindrai en rouge.<\/p>\n<p><strong>Peut-\u00eatre que les enfants de Munich courront bient\u00f4t dans les rues et sur le terrain de football avec votre coiffure.<\/strong><\/p>\n<p>Je ne pr\u00e9f\u00e8re pas ! Je ne voudrais pas qu\u2019ils aient des ennuis avec leurs parents \u00e0 cause de moi (rires).<\/p>\n<p>FC Bayern Munich<\/p>\n<div class='share-to-whatsapp-wrapper'><div class='share-on-whsp'>PARTAGER SUR : <\/div><a data-text='SADIO MAN\u00c9 - \"Je ne me vois pas comme une star mondiale\"' data-link='https:\/\/www.nettali.com\/2022\/08\/02\/sadio-mane-je-ne-me-vois-pas-comme-une-star-mondiale\/' class='whatsapp-button whatsapp-share'>WhatsApp<\/a><div class='clear '><\/div><\/div>","protected":false},"excerpt":{"rendered":"<p>NETTALI.COM - Buteur lors de son premier match officiel avec les Bavarois, Sadio Man\u00e9 d\u00e9bute bien sous les couleurs du FC Bayern. Dans une interview accord\u00e9e au site officiel du club, le joueur africain de l'ann\u00e9e explique pourquoi il ne se sent pas comme une star mondiale. Sadio, les enfants criaient d\u00e9j\u00e0 ton nom avec [&hellip;]<\/p>\n","protected":false},"author":5,"featured_media":90314,"comment_status":"open","ping_status":"open","sticky":false,"template":"","format":"standard","meta":{"_et_pb_use_builder":"","_et_pb_old_content":""},"categories":[6],"tags":[],"yoast_head":"<!-- This site is optimized with the Yoast SEO Premium plugin v17.8 (Yoast SEO v17.8) - https:\/\/yoast.com\/wordpress\/plugins\/seo\/ -->\n<title>SADIO MAN\u00c9 - &quot;Je ne me vois pas comme une star mondiale&quot; | Nettali.com<\/title>\n<meta name=\"robots\" content=\"index, follow, max-snippet:-1, max-image-preview:large, max-video-preview:-1\" \/>\n<link rel=\"canonical\" href=\"https:\/\/www.nettali.com\/2022\/08\/02\/sadio-mane-je-ne-me-vois-pas-comme-une-star-mondiale\/\" \/>\n<meta property=\"og:locale\" content=\"fr_FR\" \/>\n<meta property=\"og:type\" content=\"article\" \/>\n<meta property=\"og:title\" content=\"SADIO MAN\u00c9 - &quot;Je ne me vois pas comme une star mondiale&quot;\" \/>\n<meta property=\"og:description\" content=\"NETTALI.COM - Buteur lors de son premier match officiel avec les Bavarois, Sadio Man\u00e9 d\u00e9bute bien sous les couleurs du FC Bayern. Dans une interview accord\u00e9e au site officiel du club, le joueur africain de l&#039;ann\u00e9e explique pourquoi il ne se sent pas comme une star mondiale. Sadio, les enfants criaient d\u00e9j\u00e0 ton nom avec [&hellip;]\" \/>\n<meta property=\"og:url\" content=\"https:\/\/www.nettali.com\/2022\/08\/02\/sadio-mane-je-ne-me-vois-pas-comme-une-star-mondiale\/\" \/>\n<meta property=\"og:site_name\" content=\"Nettali.com\" \/>\n<meta property=\"article:publisher\" content=\"https:\/\/www.facebook.com\/nettalicom\" \/>\n<meta property=\"article:published_time\" content=\"2022-08-02T22:36:53+00:00\" \/>\n<meta property=\"article:modified_time\" content=\"2022-08-03T09:19:59+00:00\" \/>\n<meta property=\"og:image\" content=\"https:\/\/www.nettali.com\/wp-content\/uploads\/2022\/07\/z28610009QSadio-Mane.jpg\" \/>\n\t<meta property=\"og:image:width\" content=\"620\" \/>\n\t<meta property=\"og:image:height\" content=\"348\" \/>\n<meta name=\"twitter:card\" content=\"summary_large_image\" \/>\n<meta name=\"twitter:label1\" content=\"\u00c9crit par\" \/>\n\t<meta name=\"twitter:data1\" content=\"Ibrahima\" \/>\n\t<meta name=\"twitter:label2\" content=\"Dur\u00e9e de lecture estim\u00e9e\" \/>\n\t<meta name=\"twitter:data2\" content=\"7 minutes\" \/>\n<script type=\"application\/ld+json\" class=\"yoast-schema-graph\">{\"@context\":\"https:\/\/schema.org\",\"@graph\":[{\"@type\":\"WebSite\",\"@id\":\"https:\/\/www.nettali.com\/#website\",\"url\":\"https:\/\/www.nettali.com\/\",\"name\":\"Nettali.com\",\"description\":\"Le rendez-vous critique du Net\",\"potentialAction\":[{\"@type\":\"SearchAction\",\"target\":{\"@type\":\"EntryPoint\",\"urlTemplate\":\"https:\/\/www.nettali.com\/?s={search_term_string}\"},\"query-input\":\"required name=search_term_string\"}],\"inLanguage\":\"fr-FR\"},{\"@type\":\"ImageObject\",\"@id\":\"https:\/\/www.nettali.com\/2022\/08\/02\/sadio-mane-je-ne-me-vois-pas-comme-une-star-mondiale\/#primaryimage\",\"inLanguage\":\"fr-FR\",\"url\":\"https:\/\/www.nettali.com\/wp-content\/uploads\/2022\/07\/z28610009QSadio-Mane.jpg\",\"contentUrl\":\"https:\/\/www.nettali.com\/wp-content\/uploads\/2022\/07\/z28610009QSadio-Mane.jpg\",\"width\":620,\"height\":348},{\"@type\":\"WebPage\",\"@id\":\"https:\/\/www.nettali.com\/2022\/08\/02\/sadio-mane-je-ne-me-vois-pas-comme-une-star-mondiale\/#webpage\",\"url\":\"https:\/\/www.nettali.com\/2022\/08\/02\/sadio-mane-je-ne-me-vois-pas-comme-une-star-mondiale\/\",\"name\":\"SADIO MAN\\u00c9 - \\\"Je ne me vois pas comme une star mondiale\\\" | Nettali.com\",\"isPartOf\":{\"@id\":\"https:\/\/www.nettali.com\/#website\"},\"primaryImageOfPage\":{\"@id\":\"https:\/\/www.nettali.com\/2022\/08\/02\/sadio-mane-je-ne-me-vois-pas-comme-une-star-mondiale\/#primaryimage\"},\"datePublished\":\"2022-08-02T22:36:53+00:00\",\"dateModified\":\"2022-08-03T09:19:59+00:00\",\"author\":{\"@id\":\"https:\/\/www.nettali.com\/#\/schema\/person\/bb147657c2986240405a608162b9bb23\"},\"breadcrumb\":{\"@id\":\"https:\/\/www.nettali.com\/2022\/08\/02\/sadio-mane-je-ne-me-vois-pas-comme-une-star-mondiale\/#breadcrumb\"},\"inLanguage\":\"fr-FR\",\"potentialAction\":[{\"@type\":\"ReadAction\",\"target\":[\"https:\/\/www.nettali.com\/2022\/08\/02\/sadio-mane-je-ne-me-vois-pas-comme-une-star-mondiale\/\"]}]},{\"@type\":\"BreadcrumbList\",\"@id\":\"https:\/\/www.nettali.com\/2022\/08\/02\/sadio-mane-je-ne-me-vois-pas-comme-une-star-mondiale\/#breadcrumb\",\"itemListElement\":[{\"@type\":\"ListItem\",\"position\":1,\"name\":\"Accueil\",\"item\":\"https:\/\/www.nettali.com\/\"},{\"@type\":\"ListItem\",\"position\":2,\"name\":\"SADIO MAN\\u00c9 - \\\"Je ne me vois pas comme une star mondiale\\\"\"}]},{\"@type\":\"Person\",\"@id\":\"https:\/\/www.nettali.com\/#\/schema\/person\/bb147657c2986240405a608162b9bb23\",\"name\":\"Ibrahima\",\"image\":{\"@type\":\"ImageObject\",\"@id\":\"https:\/\/www.nettali.com\/#personlogo\",\"inLanguage\":\"fr-FR\",\"url\":\"https:\/\/secure.gravatar.com\/avatar\/26a8a81f09f0dd7624c9d5c36c9ba3a2?s=96&d=mm&r=g\",\"contentUrl\":\"https:\/\/secure.gravatar.com\/avatar\/26a8a81f09f0dd7624c9d5c36c9ba3a2?s=96&d=mm&r=g\",\"caption\":\"Ibrahima\"},\"sameAs\":[\"https:\/\/www.nettali.com\"]}]}<\/script>\n<!-- \/ Yoast SEO Premium plugin. -->","yoast_head_json":{"title":"SADIO MAN\u00c9 - \"Je ne me vois pas comme une star mondiale\" | Nettali.com","robots":{"index":"index","follow":"follow","max-snippet":"max-snippet:-1","max-image-preview":"max-image-preview:large","max-video-preview":"max-video-preview:-1"},"canonical":"https:\/\/www.nettali.com\/2022\/08\/02\/sadio-mane-je-ne-me-vois-pas-comme-une-star-mondiale\/","og_locale":"fr_FR","og_type":"article","og_title":"SADIO MAN\u00c9 - \"Je ne me vois pas comme une star mondiale\"","og_description":"NETTALI.COM - Buteur lors de son premier match officiel avec les Bavarois, Sadio Man\u00e9 d\u00e9bute bien sous les couleurs du FC Bayern. Dans une interview accord\u00e9e au site officiel du club, le joueur africain de l'ann\u00e9e explique pourquoi il ne se sent pas comme une star mondiale. Sadio, les enfants criaient d\u00e9j\u00e0 ton nom avec [&hellip;]","og_url":"https:\/\/www.nettali.com\/2022\/08\/02\/sadio-mane-je-ne-me-vois-pas-comme-une-star-mondiale\/","og_site_name":"Nettali.com","article_publisher":"https:\/\/www.facebook.com\/nettalicom","article_published_time":"2022-08-02T22:36:53+00:00","article_modified_time":"2022-08-03T09:19:59+00:00","og_image":[{"width":620,"height":348,"url":"https:\/\/www.nettali.com\/wp-content\/uploads\/2022\/07\/z28610009QSadio-Mane.jpg","type":"image\/jpeg"}],"twitter_card":"summary_large_image","twitter_misc":{"\u00c9crit par":"Ibrahima","Dur\u00e9e de lecture estim\u00e9e":"7 minutes"},"schema":{"@context":"https:\/\/schema.org","@graph":[{"@type":"WebSite","@id":"https:\/\/www.nettali.com\/#website","url":"https:\/\/www.nettali.com\/","name":"Nettali.com","description":"Le rendez-vous critique du Net","potentialAction":[{"@type":"SearchAction","target":{"@type":"EntryPoint","urlTemplate":"https:\/\/www.nettali.com\/?s={search_term_string}"},"query-input":"required name=search_term_string"}],"inLanguage":"fr-FR"},{"@type":"ImageObject","@id":"https:\/\/www.nettali.com\/2022\/08\/02\/sadio-mane-je-ne-me-vois-pas-comme-une-star-mondiale\/#primaryimage","inLanguage":"fr-FR","url":"https:\/\/www.nettali.com\/wp-content\/uploads\/2022\/07\/z28610009QSadio-Mane.jpg","contentUrl":"https:\/\/www.nettali.com\/wp-content\/uploads\/2022\/07\/z28610009QSadio-Mane.jpg","width":620,"height":348},{"@type":"WebPage","@id":"https:\/\/www.nettali.com\/2022\/08\/02\/sadio-mane-je-ne-me-vois-pas-comme-une-star-mondiale\/#webpage","url":"https:\/\/www.nettali.com\/2022\/08\/02\/sadio-mane-je-ne-me-vois-pas-comme-une-star-mondiale\/","name":"SADIO MAN\u00c9 - \"Je ne me vois pas comme une star mondiale\" | Nettali.com","isPartOf":{"@id":"https:\/\/www.nettali.com\/#website"},"primaryImageOfPage":{"@id":"https:\/\/www.nettali.com\/2022\/08\/02\/sadio-mane-je-ne-me-vois-pas-comme-une-star-mondiale\/#primaryimage"},"datePublished":"2022-08-02T22:36:53+00:00","dateModified":"2022-08-03T09:19:59+00:00","author":{"@id":"https:\/\/www.nettali.com\/#\/schema\/person\/bb147657c2986240405a608162b9bb23"},"breadcrumb":{"@id":"https:\/\/www.nettali.com\/2022\/08\/02\/sadio-mane-je-ne-me-vois-pas-comme-une-star-mondiale\/#breadcrumb"},"inLanguage":"fr-FR","potentialAction":[{"@type":"ReadAction","target":["https:\/\/www.nettali.com\/2022\/08\/02\/sadio-mane-je-ne-me-vois-pas-comme-une-star-mondiale\/"]}]},{"@type":"BreadcrumbList","@id":"https:\/\/www.nettali.com\/2022\/08\/02\/sadio-mane-je-ne-me-vois-pas-comme-une-star-mondiale\/#breadcrumb","itemListElement":[{"@type":"ListItem","position":1,"name":"Accueil","item":"https:\/\/www.nettali.com\/"},{"@type":"ListItem","position":2,"name":"SADIO MAN\u00c9 - \"Je ne me vois pas comme une star mondiale\""}]},{"@type":"Person","@id":"https:\/\/www.nettali.com\/#\/schema\/person\/bb147657c2986240405a608162b9bb23","name":"Ibrahima","image":{"@type":"ImageObject","@id":"https:\/\/www.nettali.com\/#personlogo","inLanguage":"fr-FR","url":"https:\/\/secure.gravatar.com\/avatar\/26a8a81f09f0dd7624c9d5c36c9ba3a2?s=96&d=mm&r=g","contentUrl":"https:\/\/secure.gravatar.com\/avatar\/26a8a81f09f0dd7624c9d5c36c9ba3a2?s=96&d=mm&r=g","caption":"Ibrahima"},"sameAs":["https:\/\/www.nettali.com"]}]}},"_links":{"self":[{"href":"https:\/\/www.nettali.com\/rest\/wp\/v2\/posts\/91118"}],"collection":[{"href":"https:\/\/www.nettali.com\/rest\/wp\/v2\/posts"}],"about":[{"href":"https:\/\/www.nettali.com\/rest\/wp\/v2\/types\/post"}],"author":[{"embeddable":true,"href":"https:\/\/www.nettali.com\/rest\/wp\/v2\/users\/5"}],"replies":[{"embeddable":true,"href":"https:\/\/www.nettali.com\/rest\/wp\/v2\/comments?post=91118"}],"version-history":[{"count":3,"href":"https:\/\/www.nettali.com\/rest\/wp\/v2\/posts\/91118\/revisions"}],"predecessor-version":[{"id":91121,"href":"https:\/\/www.nettali.com\/rest\/wp\/v2\/posts\/91118\/revisions\/91121"}],"wp:featuredmedia":[{"embeddable":true,"href":"https:\/\/www.nettali.com\/rest\/wp\/v2\/media\/90314"}],"wp:attachment":[{"href":"https:\/\/www.nettali.com\/rest\/wp\/v2\/media?parent=91118"}],"wp:term":[{"taxonomy":"category","embeddable":true,"href":"https:\/\/www.nettali.com\/rest\/wp\/v2\/categories?post=91118"},{"taxonomy":"post_tag","embeddable":true,"href":"https:\/\/www.nettali.com\/rest\/wp\/v2\/tags?post=91118"}],"curies":[{"name":"wp","href":"https:\/\/api.w.org\/{rel}","templated":true}]}}