{"id":91058,"date":"2022-08-02T08:14:48","date_gmt":"2022-08-02T08:14:48","guid":{"rendered":"https:\/\/www.nettali.com\/?p=91058"},"modified":"2022-08-02T08:14:48","modified_gmt":"2022-08-02T08:14:48","slug":"attaques-permanence-de-lapr-et-mairie-de-sangalkam-benno-et-yewwi-se-rejettent-la-responsabilite","status":"publish","type":"post","link":"https:\/\/www.nettali.com\/2022\/08\/02\/attaques-permanence-de-lapr-et-mairie-de-sangalkam-benno-et-yewwi-se-rejettent-la-responsabilite\/","title":{"rendered":"ATTAQUES PERMANENCE DE L\u2019APR ET MAIRIE DE SANGALKAM - Benno et Yewwi se rejettent la responsabilit\u00e9"},"content":{"rendered":"<p><strong>NETTALI.COM - Tard dans la nuit du dimanche, la permanence de Benno Bokk Yaakaar (BBY) de Sangalkam a subi une attaque par un groupe de jeunes. Cela a fait r\u00e9agir le patron de la coalition dans la localit\u00e9 qui a cont\u00e9 le fil des \u00e9v\u00e8nements, au cours d\u2019une conf\u00e9rence de presse.<\/strong><\/p>\n<p>Selon le ministre des Collectivit\u00e9s territoriales, du D\u00e9veloppement et de l'Am\u00e9nagement des territoires, Oumar Gu\u00e8ye, l\u2019attaque de la permanence de BBY de Sangalkam a \u00e9t\u00e9 perp\u00e9tr\u00e9e par des militants de Yewwi Askan Wi qui jubilaient pour c\u00e9l\u00e9brer leur victoire. \u00c0 en croire le coordonnateur de BBY, c\u2019est tard dans la soir\u00e9e, apr\u00e8s la sortie des r\u00e9sultats vers les coups de 21 h, alors que son staff administratif \u00e9tait occup\u00e9 \u00e0 faire une compilation des r\u00e9sultats, que la permanence a subi une violente attaque.<\/p>\n<p>En ce moment-l\u00e0, poursuit l\u2019ancien maire de Sangalkam, il n\u2019y avait presque personne sur les lieux, seulement quelques personnes et des femmes. Concernant la s\u00e9curit\u00e9, il n\u2019y avait, d\u2019apr\u00e8s lui, qu\u2019un seul agent de s\u00e9curit\u00e9, celui qui lui est d\u00e9tach\u00e9 en tant que ministre de la R\u00e9publique et un autre pr\u00e9pos\u00e9 \u00e0 la s\u00e9curit\u00e9 qui est toujours avec lui. Des gens, selon lui, qui ne sont pas anim\u00e9s par des intentions de faire du mal. \u201cC\u2019est en ce moment que nous avons entendu un bruit assourdissant. C\u2019est alors que l\u2019on m\u2019a dit qu\u2019on \u00e9tait en train d\u2019attaquer la permanence. Il y avait une pluie de pierres. Ils ont tout cass\u00e9. Ils sont entr\u00e9s dans le si\u00e8ge en masse et \u00e9taient sur le point d\u2019emprunter les escaliers. Dieu a bien fait les choses, parce que le rapport de force \u00e9tait extraordinaire. C\u2019est comme si trois personnes \u00e9taient attaqu\u00e9es par une cinquantaine d\u2019individus. Mon agent de s\u00e9curit\u00e9, qui est agent asserment\u00e9, a tir\u00e9 des coups de semonce ; ce qui les a fait reculer, avant de revenir \u00e0 la charge. Cela a \u00e9t\u00e9 une attaque-surprise\u2019\u2019, rapporte le ministre Oumar Gu\u00e8ye, en des propos reproduits par le journal Enqu\u00eate.<\/p>\n<p>Pour l\u2019heure, il r\u00e9v\u00e8le qu\u2019un constat d\u2019huissier a \u00e9t\u00e9 commandit\u00e9 et une plainte n\u2019est pas exclue. Car, renseigne le ministre des Collecti-vit\u00e9s territoriales, \u201con a la chronologie des faits pour montrer comment les choses se sont pass\u00e9es\u2026 Ils ont ensuite dit que nos partisans ont attaqu\u00e9 la mairie. Nous ne commettrons pas de tels actes, parce que c\u2019est nous qui avions construit cette infrastructure\u2019\u2019.<\/p>\n<p>La r\u00e9plique des proches du maire de Sangalkam appartenant \u00e0 la coalition Yewwi Askan Wi, n\u2019a pas tard\u00e9. Ce dernier, qui n\u2019a pas voulu s\u2019adresser \u00e0 la presse, a d\u00e9l\u00e9gu\u00e9 son adjoint qui, \u00e0 son tour, a accus\u00e9 les militants de Benno Bokk Yaakaar d\u2019avoir ouvert les hostilit\u00e9s. D\u2019apr\u00e8s lui, c\u2019est au moment du passage de leur caravane devant la permanence de l\u2019APR que des jeunes se sont mis sur le toit pour lancer des pierres sur eux. Tout en signalant qu\u2019un victorieux ne peut pas se livrer \u00e0 de tels actes. Les responsables de Yaw n\u2019ont pas omis de signaler qu\u2019en signe de repr\u00e9sailles, les partisans du ministre Oumar Gu\u00e8ye ont, \u00e0 leur tour, attaqu\u00e9 la mairie qui se trouve \u00e0 un jet de pierre de la permanence de l\u2019APR. Des vitres ont \u00e9t\u00e9 cass\u00e9es \u00e0 l\u2019aide de pierres.<\/p>\n<div class='share-to-whatsapp-wrapper'><div class='share-on-whsp'>PARTAGER SUR : <\/div><a data-text='ATTAQUES PERMANENCE DE L\u2019APR ET MAIRIE DE SANGALKAM - Benno et Yewwi se rejettent la responsabilit\u00e9' data-link='https:\/\/www.nettali.com\/2022\/08\/02\/attaques-permanence-de-lapr-et-mairie-de-sangalkam-benno-et-yewwi-se-rejettent-la-responsabilite\/' class='whatsapp-button whatsapp-share'>WhatsApp<\/a><div class='clear '><\/div><\/div>","protected":false},"excerpt":{"rendered":"<p>NETTALI.COM - Tard dans la nuit du dimanche, la permanence de Benno Bokk Yaakaar (BBY) de Sangalkam a subi une attaque par un groupe de jeunes. Cela a fait r\u00e9agir le patron de la coalition dans la localit\u00e9 qui a cont\u00e9 le fil des \u00e9v\u00e8nements, au cours d\u2019une conf\u00e9rence de presse. Selon le ministre des [&hellip;]<\/p>\n","protected":false},"author":11,"featured_media":91059,"comment_status":"open","ping_status":"open","sticky":false,"template":"","format":"standard","meta":{"_et_pb_use_builder":"","_et_pb_old_content":""},"categories":[2],"tags":[],"yoast_head":"<!-- This site is optimized with the Yoast SEO Premium plugin v17.8 (Yoast SEO v17.8) - https:\/\/yoast.com\/wordpress\/plugins\/seo\/ -->\n<title>ATTAQUES PERMANENCE DE L\u2019APR ET MAIRIE DE SANGALKAM - Benno et Yewwi se rejettent la responsabilit\u00e9 | Nettali.com<\/title>\n<meta name=\"robots\" content=\"index, follow, max-snippet:-1, max-image-preview:large, max-video-preview:-1\" \/>\n<link rel=\"canonical\" href=\"https:\/\/www.nettali.com\/2022\/08\/02\/attaques-permanence-de-lapr-et-mairie-de-sangalkam-benno-et-yewwi-se-rejettent-la-responsabilite\/\" \/>\n<meta property=\"og:locale\" content=\"fr_FR\" \/>\n<meta property=\"og:type\" content=\"article\" \/>\n<meta property=\"og:title\" content=\"ATTAQUES PERMANENCE DE L\u2019APR ET MAIRIE DE SANGALKAM - Benno et Yewwi se rejettent la responsabilit\u00e9\" \/>\n<meta property=\"og:description\" content=\"NETTALI.COM - Tard dans la nuit du dimanche, la permanence de Benno Bokk Yaakaar (BBY) de Sangalkam a subi une attaque par un groupe de jeunes. Cela a fait r\u00e9agir le patron de la coalition dans la localit\u00e9 qui a cont\u00e9 le fil des \u00e9v\u00e8nements, au cours d\u2019une conf\u00e9rence de presse. Selon le ministre des [&hellip;]\" \/>\n<meta property=\"og:url\" content=\"https:\/\/www.nettali.com\/2022\/08\/02\/attaques-permanence-de-lapr-et-mairie-de-sangalkam-benno-et-yewwi-se-rejettent-la-responsabilite\/\" \/>\n<meta property=\"og:site_name\" content=\"Nettali.com\" \/>\n<meta property=\"article:publisher\" content=\"https:\/\/www.facebook.com\/nettalicom\" \/>\n<meta property=\"article:published_time\" content=\"2022-08-02T08:14:48+00:00\" \/>\n<meta property=\"og:image\" content=\"https:\/\/www.nettali.com\/wp-content\/uploads\/2022\/08\/scc.jpg\" \/>\n\t<meta property=\"og:image:width\" content=\"640\" \/>\n\t<meta property=\"og:image:height\" content=\"480\" \/>\n<meta name=\"twitter:card\" content=\"summary_large_image\" \/>\n<meta name=\"twitter:label1\" content=\"\u00c9crit par\" \/>\n\t<meta name=\"twitter:data1\" content=\"Thierno Diop\" \/>\n\t<meta name=\"twitter:label2\" content=\"Dur\u00e9e de lecture estim\u00e9e\" \/>\n\t<meta name=\"twitter:data2\" content=\"3 minutes\" \/>\n<script type=\"application\/ld+json\" class=\"yoast-schema-graph\">{\"@context\":\"https:\/\/schema.org\",\"@graph\":[{\"@type\":\"WebSite\",\"@id\":\"https:\/\/www.nettali.com\/#website\",\"url\":\"https:\/\/www.nettali.com\/\",\"name\":\"Nettali.com\",\"description\":\"Le rendez-vous critique du Net\",\"potentialAction\":[{\"@type\":\"SearchAction\",\"target\":{\"@type\":\"EntryPoint\",\"urlTemplate\":\"https:\/\/www.nettali.com\/?s={search_term_string}\"},\"query-input\":\"required name=search_term_string\"}],\"inLanguage\":\"fr-FR\"},{\"@type\":\"ImageObject\",\"@id\":\"https:\/\/www.nettali.com\/2022\/08\/02\/attaques-permanence-de-lapr-et-mairie-de-sangalkam-benno-et-yewwi-se-rejettent-la-responsabilite\/#primaryimage\",\"inLanguage\":\"fr-FR\",\"url\":\"https:\/\/www.nettali.com\/wp-content\/uploads\/2022\/08\/scc.jpg\",\"contentUrl\":\"https:\/\/www.nettali.com\/wp-content\/uploads\/2022\/08\/scc.jpg\",\"width\":640,\"height\":480},{\"@type\":\"WebPage\",\"@id\":\"https:\/\/www.nettali.com\/2022\/08\/02\/attaques-permanence-de-lapr-et-mairie-de-sangalkam-benno-et-yewwi-se-rejettent-la-responsabilite\/#webpage\",\"url\":\"https:\/\/www.nettali.com\/2022\/08\/02\/attaques-permanence-de-lapr-et-mairie-de-sangalkam-benno-et-yewwi-se-rejettent-la-responsabilite\/\",\"name\":\"ATTAQUES PERMANENCE DE L\\u2019APR ET MAIRIE DE SANGALKAM - Benno et Yewwi se rejettent la responsabilit\\u00e9 | Nettali.com\",\"isPartOf\":{\"@id\":\"https:\/\/www.nettali.com\/#website\"},\"primaryImageOfPage\":{\"@id\":\"https:\/\/www.nettali.com\/2022\/08\/02\/attaques-permanence-de-lapr-et-mairie-de-sangalkam-benno-et-yewwi-se-rejettent-la-responsabilite\/#primaryimage\"},\"datePublished\":\"2022-08-02T08:14:48+00:00\",\"dateModified\":\"2022-08-02T08:14:48+00:00\",\"author\":{\"@id\":\"https:\/\/www.nettali.com\/#\/schema\/person\/8a06c6bd7b19304cf4bf985862900b5b\"},\"breadcrumb\":{\"@id\":\"https:\/\/www.nettali.com\/2022\/08\/02\/attaques-permanence-de-lapr-et-mairie-de-sangalkam-benno-et-yewwi-se-rejettent-la-responsabilite\/#breadcrumb\"},\"inLanguage\":\"fr-FR\",\"potentialAction\":[{\"@type\":\"ReadAction\",\"target\":[\"https:\/\/www.nettali.com\/2022\/08\/02\/attaques-permanence-de-lapr-et-mairie-de-sangalkam-benno-et-yewwi-se-rejettent-la-responsabilite\/\"]}]},{\"@type\":\"BreadcrumbList\",\"@id\":\"https:\/\/www.nettali.com\/2022\/08\/02\/attaques-permanence-de-lapr-et-mairie-de-sangalkam-benno-et-yewwi-se-rejettent-la-responsabilite\/#breadcrumb\",\"itemListElement\":[{\"@type\":\"ListItem\",\"position\":1,\"name\":\"Accueil\",\"item\":\"https:\/\/www.nettali.com\/\"},{\"@type\":\"ListItem\",\"position\":2,\"name\":\"ATTAQUES PERMANENCE DE L\\u2019APR ET MAIRIE DE SANGALKAM - Benno et Yewwi se rejettent la responsabilit\\u00e9\"}]},{\"@type\":\"Person\",\"@id\":\"https:\/\/www.nettali.com\/#\/schema\/person\/8a06c6bd7b19304cf4bf985862900b5b\",\"name\":\"Thierno Diop\",\"image\":{\"@type\":\"ImageObject\",\"@id\":\"https:\/\/www.nettali.com\/#personlogo\",\"inLanguage\":\"fr-FR\",\"url\":\"https:\/\/secure.gravatar.com\/avatar\/c8ca58550c94fd2ac856d27391a6c866?s=96&d=mm&r=g\",\"contentUrl\":\"https:\/\/secure.gravatar.com\/avatar\/c8ca58550c94fd2ac856d27391a6c866?s=96&d=mm&r=g\",\"caption\":\"Thierno Diop\"},\"sameAs\":[\"https:\/\/nettali.com\"]}]}<\/script>\n<!-- \/ Yoast SEO Premium plugin. -->","yoast_head_json":{"title":"ATTAQUES PERMANENCE DE L\u2019APR ET MAIRIE DE SANGALKAM - Benno et Yewwi se rejettent la responsabilit\u00e9 | Nettali.com","robots":{"index":"index","follow":"follow","max-snippet":"max-snippet:-1","max-image-preview":"max-image-preview:large","max-video-preview":"max-video-preview:-1"},"canonical":"https:\/\/www.nettali.com\/2022\/08\/02\/attaques-permanence-de-lapr-et-mairie-de-sangalkam-benno-et-yewwi-se-rejettent-la-responsabilite\/","og_locale":"fr_FR","og_type":"article","og_title":"ATTAQUES PERMANENCE DE L\u2019APR ET MAIRIE DE SANGALKAM - Benno et Yewwi se rejettent la responsabilit\u00e9","og_description":"NETTALI.COM - Tard dans la nuit du dimanche, la permanence de Benno Bokk Yaakaar (BBY) de Sangalkam a subi une attaque par un groupe de jeunes. Cela a fait r\u00e9agir le patron de la coalition dans la localit\u00e9 qui a cont\u00e9 le fil des \u00e9v\u00e8nements, au cours d\u2019une conf\u00e9rence de presse. Selon le ministre des [&hellip;]","og_url":"https:\/\/www.nettali.com\/2022\/08\/02\/attaques-permanence-de-lapr-et-mairie-de-sangalkam-benno-et-yewwi-se-rejettent-la-responsabilite\/","og_site_name":"Nettali.com","article_publisher":"https:\/\/www.facebook.com\/nettalicom","article_published_time":"2022-08-02T08:14:48+00:00","og_image":[{"width":640,"height":480,"url":"https:\/\/www.nettali.com\/wp-content\/uploads\/2022\/08\/scc.jpg","type":"image\/jpeg"}],"twitter_card":"summary_large_image","twitter_misc":{"\u00c9crit par":"Thierno Diop","Dur\u00e9e de lecture estim\u00e9e":"3 minutes"},"schema":{"@context":"https:\/\/schema.org","@graph":[{"@type":"WebSite","@id":"https:\/\/www.nettali.com\/#website","url":"https:\/\/www.nettali.com\/","name":"Nettali.com","description":"Le rendez-vous critique du Net","potentialAction":[{"@type":"SearchAction","target":{"@type":"EntryPoint","urlTemplate":"https:\/\/www.nettali.com\/?s={search_term_string}"},"query-input":"required name=search_term_string"}],"inLanguage":"fr-FR"},{"@type":"ImageObject","@id":"https:\/\/www.nettali.com\/2022\/08\/02\/attaques-permanence-de-lapr-et-mairie-de-sangalkam-benno-et-yewwi-se-rejettent-la-responsabilite\/#primaryimage","inLanguage":"fr-FR","url":"https:\/\/www.nettali.com\/wp-content\/uploads\/2022\/08\/scc.jpg","contentUrl":"https:\/\/www.nettali.com\/wp-content\/uploads\/2022\/08\/scc.jpg","width":640,"height":480},{"@type":"WebPage","@id":"https:\/\/www.nettali.com\/2022\/08\/02\/attaques-permanence-de-lapr-et-mairie-de-sangalkam-benno-et-yewwi-se-rejettent-la-responsabilite\/#webpage","url":"https:\/\/www.nettali.com\/2022\/08\/02\/attaques-permanence-de-lapr-et-mairie-de-sangalkam-benno-et-yewwi-se-rejettent-la-responsabilite\/","name":"ATTAQUES PERMANENCE DE L\u2019APR ET MAIRIE DE SANGALKAM - Benno et Yewwi se rejettent la responsabilit\u00e9 | Nettali.com","isPartOf":{"@id":"https:\/\/www.nettali.com\/#website"},"primaryImageOfPage":{"@id":"https:\/\/www.nettali.com\/2022\/08\/02\/attaques-permanence-de-lapr-et-mairie-de-sangalkam-benno-et-yewwi-se-rejettent-la-responsabilite\/#primaryimage"},"datePublished":"2022-08-02T08:14:48+00:00","dateModified":"2022-08-02T08:14:48+00:00","author":{"@id":"https:\/\/www.nettali.com\/#\/schema\/person\/8a06c6bd7b19304cf4bf985862900b5b"},"breadcrumb":{"@id":"https:\/\/www.nettali.com\/2022\/08\/02\/attaques-permanence-de-lapr-et-mairie-de-sangalkam-benno-et-yewwi-se-rejettent-la-responsabilite\/#breadcrumb"},"inLanguage":"fr-FR","potentialAction":[{"@type":"ReadAction","target":["https:\/\/www.nettali.com\/2022\/08\/02\/attaques-permanence-de-lapr-et-mairie-de-sangalkam-benno-et-yewwi-se-rejettent-la-responsabilite\/"]}]},{"@type":"BreadcrumbList","@id":"https:\/\/www.nettali.com\/2022\/08\/02\/attaques-permanence-de-lapr-et-mairie-de-sangalkam-benno-et-yewwi-se-rejettent-la-responsabilite\/#breadcrumb","itemListElement":[{"@type":"ListItem","position":1,"name":"Accueil","item":"https:\/\/www.nettali.com\/"},{"@type":"ListItem","position":2,"name":"ATTAQUES PERMANENCE DE L\u2019APR ET MAIRIE DE SANGALKAM - Benno et Yewwi se rejettent la responsabilit\u00e9"}]},{"@type":"Person","@id":"https:\/\/www.nettali.com\/#\/schema\/person\/8a06c6bd7b19304cf4bf985862900b5b","name":"Thierno Diop","image":{"@type":"ImageObject","@id":"https:\/\/www.nettali.com\/#personlogo","inLanguage":"fr-FR","url":"https:\/\/secure.gravatar.com\/avatar\/c8ca58550c94fd2ac856d27391a6c866?s=96&d=mm&r=g","contentUrl":"https:\/\/secure.gravatar.com\/avatar\/c8ca58550c94fd2ac856d27391a6c866?s=96&d=mm&r=g","caption":"Thierno Diop"},"sameAs":["https:\/\/nettali.com"]}]}},"_links":{"self":[{"href":"https:\/\/www.nettali.com\/rest\/wp\/v2\/posts\/91058"}],"collection":[{"href":"https:\/\/www.nettali.com\/rest\/wp\/v2\/posts"}],"about":[{"href":"https:\/\/www.nettali.com\/rest\/wp\/v2\/types\/post"}],"author":[{"embeddable":true,"href":"https:\/\/www.nettali.com\/rest\/wp\/v2\/users\/11"}],"replies":[{"embeddable":true,"href":"https:\/\/www.nettali.com\/rest\/wp\/v2\/comments?post=91058"}],"version-history":[{"count":1,"href":"https:\/\/www.nettali.com\/rest\/wp\/v2\/posts\/91058\/revisions"}],"predecessor-version":[{"id":91061,"href":"https:\/\/www.nettali.com\/rest\/wp\/v2\/posts\/91058\/revisions\/91061"}],"wp:featuredmedia":[{"embeddable":true,"href":"https:\/\/www.nettali.com\/rest\/wp\/v2\/media\/91059"}],"wp:attachment":[{"href":"https:\/\/www.nettali.com\/rest\/wp\/v2\/media?parent=91058"}],"wp:term":[{"taxonomy":"category","embeddable":true,"href":"https:\/\/www.nettali.com\/rest\/wp\/v2\/categories?post=91058"},{"taxonomy":"post_tag","embeddable":true,"href":"https:\/\/www.nettali.com\/rest\/wp\/v2\/tags?post=91058"}],"curies":[{"name":"wp","href":"https:\/\/api.w.org\/{rel}","templated":true}]}}