{"id":91057,"date":"2022-08-02T08:15:43","date_gmt":"2022-08-02T08:15:43","guid":{"rendered":"https:\/\/www.nettali.com\/?p=91057"},"modified":"2022-08-04T08:21:11","modified_gmt":"2022-08-04T08:21:11","slug":"ledito-de-nettali-com-lecons-hivernales","status":"publish","type":"post","link":"https:\/\/www.nettali.com\/2022\/08\/02\/ledito-de-nettali-com-lecons-hivernales\/","title":{"rendered":"L'EDITO DE NETTALI.COM - Le\u00e7ons hivernales"},"content":{"rendered":"<p><strong>NETTALI.COM - La bataille des chiffres fait rage entre la Coalition au pouvoir et celle de l\u2019opposition significative dans plusieurs zones du pays mais la messe est dite.<\/strong><\/p>\n<p>Avec les chiffres \u00e0 disposition, Benno Siggil Senegal n\u2019obtiendra pas la majorit\u00e9 absolue. Elle va certes remporter 29 des 46 d\u00e9partements que compte le S\u00e9n\u00e9gal, mais ces chiffres sont trompeurs puisqu\u2019ils n\u2019assurent pas la majorit\u00e9 absolue \u00e0 la Coalition au pouvoir qui va devoir se contenter, dans le meilleur des cas, de 82 d\u00e9put\u00e9s sur les 165 de l\u2019Assembl\u00e9e nationale sauf si une coalition concurrente perd un \u00e9lu en sa faveur.<\/p>\n<p>Ainsi donc, vendre le bilan du Pr\u00e9sident Macky Sall et les r\u00e9alisations \u00e0 venir, pour flamboyantes soient elles, ne peut suffire \u00e0 convaincre l\u2019absolue majorit\u00e9 des votants. Par contre, le slogan r\u00e9f\u00e9rendaire utilis\u00e9 \u00e0 souhait par Yewwi et Wallu a fait mouche, surtout dans les grands centres urbains du pays. Ousmane Sonko n\u2019a m\u00eame pas eu besoin de pr\u00e9senter ses d\u00e9put\u00e9s, illustres inconnus (mais fragiles) pour la plupart d\u2019entre eux, de lustrer leurs curricula pour les vendre aux \u00e9lecteurs. Personne ne conna\u00eet ces d\u00e9put\u00e9s dont certains vont sortir de l\u2019anonymat total \u00e0 la faveur de la fameuse \u2018\u2019bourde paritaire\u2019\u2019 de Yaw qui a invalid\u00e9 la liste des titulaires. Les Locales en mode rebelote\u00a0!<\/p>\n<p>La strat\u00e9gie, toute simple, a consist\u00e9 \u00e0 faire de ces \u00e9lections, un r\u00e9f\u00e9rendum sur le troisi\u00e8me mandat. Un coup qui a tr\u00e8s bien march\u00e9 puisque la politique, malgr\u00e9 les apparences, a horreur du flou\u00a0; et le flou a magistralement \u00e9t\u00e9 entretenu sur le sujet. Flou et tabou, personne, y compris la cheffe de file du camp pr\u00e9sidentiel, Aminata Tour\u00e9, n\u2019a voulu \u2013 ou n\u2019a os\u00e9 \u2013 aborder le sujet. Ce silence sur cette volont\u00e9 pr\u00eat\u00e9e au Pr\u00e9sident Macky Sall de rempiler une troisi\u00e8me fois \u00e0 la t\u00eate de la magistrature supr\u00eame a \u00e9t\u00e9 l\u2019interstice par lequel se sont exprim\u00e9es les frustrations de tous ceux qui ne veulent pas entendre parler Du troisi\u00e8me mandat\u00a0; un message clair pour r\u00e9pondre au clair-obscur. Me Abdoulaye Wade aujourd\u2019hui ressuscit\u00e9 politiquement, en avait fait les frais en 2009, lors des Locales de cette ann\u00e9e-l\u00e0. Macky Sall en exp\u00e9rimente aujourd\u2019hui l\u2019am\u00e8re saveur.<\/p>\n<p>En v\u00e9rit\u00e9, aucune machine de guerre ne pouvait contrecarrer le raz-de-mar\u00e9e du 31 juillet dans un pays comme le S\u00e9n\u00e9gal, lorsque les cartes sont aussi confuses sur la table. Ce qui s\u2019est pass\u00e9 \u00e0 la M\u00e9dina l\u2019illustre parfaitement. Le maire Bamba Fall avait engrang\u00e9 9414 voix aux derni\u00e8res \u00e9lections locales contre 8356 pour Cheikh B\u00e2 de Benno. Les deux r\u00e9unis n\u2019ont pas \u00e9t\u00e9 en mesure de faire basculer la M\u00e9dina dans le giron du pouvoir. L\u2019\u00e9chec de la politique de d\u00e9bauchages constat\u00e9 partout, prouve bien que ce n\u2019est pas l\u00e0 le chemin. En v\u00e9rit\u00e9, il n y a jamais de chemin en politique. L\u2019on exp\u00e9rimente en fonction de ce que notre cerveau nous souffle comme v\u00e9rit\u00e9, mais le probl\u00e8me est que ce petit engin de moins de 2000 cm3, bourr\u00e9 de complexit\u00e9s et de pulsions, est tr\u00e8s souvent mauvais conseiller. Et personne ne d\u00e9tient le monopole de la v\u00e9rit\u00e9. Chaque fois d\u2019ailleurs que quelqu\u2019un se sent assez\u00a0 outill\u00e9 pour se passer des autres, c\u2019est le commencement de la chute. Le probl\u00e8me justement avec le Pr\u00e9sident Macky Sall, c\u2019est qu\u2019il a\u00a0 trop peu d\u2019esprits libres \u00e0 ses c\u00f4t\u00e9s pour lui dire tout gentiment, avec tout le respect qui lui est d\u00fb : \"<em>Monsieur le Pr\u00e9sident, \u00e0 mon avis, je pense tr\u00e8s sinc\u00e8rement que vous fa\u00eetes fausse route<\/em>\". \u00a0Bonjour donc la fausse route !<\/p>\n<p>Les carottes sont-elles pour autant cuites pour le pouvoir ? La r\u00e9ponse pourrait \u00eatre n\u00e9gative. Le temps est certes court, car nous sommes \u00e0 moins de 20 mois de la prochaine pr\u00e9sidentielle de f\u00e9vrier 2024. Et personne ne sait avec certitude comment les chiffres des l\u00e9gislatives vont \u00eatre d\u00e9crypt\u00e9s par les \u2018\u2019surdou\u00e9s\u2019\u2019 du r\u00e9gime. Quelle direction sera prise ? Entre les tentations de man\u0153uvres qui ne vont certainement pas manquer, en consid\u00e9ration du v\u00e9cu, pour domestiquer les \"<em>nouveaux \u00e9lectrons\"<\/em>\u00a0somme toute \u2018\"<em>d\u00e9bauchables\"<\/em>\u00a0et l\u2019urgence de changer de cap, le myst\u00e8re reste entier. Mais toute erreur de jugement sera fatale ; le temps de la correction n\u2019existant plus.<\/p>\n<p>Les marges sont donc r\u00e9elles surtout lorsqu\u2019on sait que seulement 47% des \u00e9lecteurs inscrits sur le fichier \u00e9lectoral ont r\u00e9ellement vot\u00e9. Que pensent donc les 53% restants\u00a0? Qui sont-ils\u00a0? Pourquoi ne se sont-ils pas d\u00e9plac\u00e9s\u00a0? Les \u00e9lections locales et l\u00e9gislatives sont connues, dans nos d\u00e9mocraties, mod\u00e8le Marianne, pour mobiliser moins de monde que la pr\u00e9sidentielle. A titre d\u2019illustration, les derni\u00e8res l\u00e9gislatives fran\u00e7aises ont connu, les deux tours cumul\u00e9s, un taux moyen d\u2019abstention de 53%, alors que le dernier r\u00e9f\u00e9rendum en Tunisie n\u2019a enregistr\u00e9 que 27,54% de participation. En d\u00e9finitive, l\u2019argument de l\u2019hivernage \u2018\u2019pr\u00e9coce\u2019\u2019, ne saurait \u00eatre op\u00e9rant puisque ce taux est faible, m\u00eame dans les zones o\u00f9 le ciel est rest\u00e9 cl\u00e9ment, comme \u00e0 Dakar.<\/p>\n<p>Qui comme Icare ou Kocc Barma affronter la dure loi du soleil\u00a0?<\/p>\n<p><strong>Mahmoudou Wane<\/strong><\/p>\n<div class='share-to-whatsapp-wrapper'><div class='share-on-whsp'>PARTAGER SUR : <\/div><a data-text='L'EDITO DE NETTALI.COM - Le\u00e7ons hivernales' data-link='https:\/\/www.nettali.com\/2022\/08\/02\/ledito-de-nettali-com-lecons-hivernales\/' class='whatsapp-button whatsapp-share'>WhatsApp<\/a><div class='clear '><\/div><\/div>","protected":false},"excerpt":{"rendered":"<p>NETTALI.COM - La bataille des chiffres fait rage entre la Coalition au pouvoir et celle de l\u2019opposition significative dans plusieurs zones du pays mais la messe est dite. Avec les chiffres \u00e0 disposition, Benno Siggil Senegal n\u2019obtiendra pas la majorit\u00e9 absolue. Elle va certes remporter 29 des 46 d\u00e9partements que compte le S\u00e9n\u00e9gal, mais ces [&hellip;]<\/p>\n","protected":false},"author":2,"featured_media":91062,"comment_status":"open","ping_status":"open","sticky":false,"template":"","format":"standard","meta":{"_et_pb_use_builder":"","_et_pb_old_content":""},"categories":[34931],"tags":[],"yoast_head":"<!-- This site is optimized with the Yoast SEO Premium plugin v17.8 (Yoast SEO v17.8) - https:\/\/yoast.com\/wordpress\/plugins\/seo\/ -->\n<title>L&#039;EDITO DE NETTALI.COM - Le\u00e7ons hivernales | Nettali.com<\/title>\n<meta name=\"robots\" content=\"index, follow, max-snippet:-1, max-image-preview:large, max-video-preview:-1\" \/>\n<link rel=\"canonical\" href=\"https:\/\/www.nettali.com\/2022\/08\/02\/ledito-de-nettali-com-lecons-hivernales\/\" \/>\n<meta property=\"og:locale\" content=\"fr_FR\" \/>\n<meta property=\"og:type\" content=\"article\" \/>\n<meta property=\"og:title\" content=\"L&#039;EDITO DE NETTALI.COM - Le\u00e7ons hivernales\" \/>\n<meta property=\"og:description\" content=\"NETTALI.COM - La bataille des chiffres fait rage entre la Coalition au pouvoir et celle de l\u2019opposition significative dans plusieurs zones du pays mais la messe est dite. Avec les chiffres \u00e0 disposition, Benno Siggil Senegal n\u2019obtiendra pas la majorit\u00e9 absolue. Elle va certes remporter 29 des 46 d\u00e9partements que compte le S\u00e9n\u00e9gal, mais ces [&hellip;]\" \/>\n<meta property=\"og:url\" content=\"https:\/\/www.nettali.com\/2022\/08\/02\/ledito-de-nettali-com-lecons-hivernales\/\" \/>\n<meta property=\"og:site_name\" content=\"Nettali.com\" \/>\n<meta property=\"article:publisher\" content=\"https:\/\/www.facebook.com\/nettalicom\" \/>\n<meta property=\"article:published_time\" content=\"2022-08-02T08:15:43+00:00\" \/>\n<meta property=\"article:modified_time\" content=\"2022-08-04T08:21:11+00:00\" \/>\n<meta property=\"og:image\" content=\"https:\/\/www.nettali.com\/wp-content\/uploads\/2022\/08\/62344418_303.jpg\" \/>\n\t<meta property=\"og:image:width\" content=\"700\" \/>\n\t<meta property=\"og:image:height\" content=\"394\" \/>\n<meta name=\"twitter:card\" content=\"summary_large_image\" \/>\n<meta name=\"twitter:label1\" content=\"\u00c9crit par\" \/>\n\t<meta name=\"twitter:data1\" content=\"CK\" \/>\n\t<meta name=\"twitter:label2\" content=\"Dur\u00e9e de lecture estim\u00e9e\" \/>\n\t<meta name=\"twitter:data2\" content=\"5 minutes\" \/>\n<script type=\"application\/ld+json\" class=\"yoast-schema-graph\">{\"@context\":\"https:\/\/schema.org\",\"@graph\":[{\"@type\":\"WebSite\",\"@id\":\"https:\/\/www.nettali.com\/#website\",\"url\":\"https:\/\/www.nettali.com\/\",\"name\":\"Nettali.com\",\"description\":\"Le rendez-vous critique du Net\",\"potentialAction\":[{\"@type\":\"SearchAction\",\"target\":{\"@type\":\"EntryPoint\",\"urlTemplate\":\"https:\/\/www.nettali.com\/?s={search_term_string}\"},\"query-input\":\"required name=search_term_string\"}],\"inLanguage\":\"fr-FR\"},{\"@type\":\"ImageObject\",\"@id\":\"https:\/\/www.nettali.com\/2022\/08\/02\/ledito-de-nettali-com-lecons-hivernales\/#primaryimage\",\"inLanguage\":\"fr-FR\",\"url\":\"https:\/\/www.nettali.com\/wp-content\/uploads\/2022\/08\/62344418_303.jpg\",\"contentUrl\":\"https:\/\/www.nettali.com\/wp-content\/uploads\/2022\/08\/62344418_303.jpg\",\"width\":700,\"height\":394},{\"@type\":\"WebPage\",\"@id\":\"https:\/\/www.nettali.com\/2022\/08\/02\/ledito-de-nettali-com-lecons-hivernales\/#webpage\",\"url\":\"https:\/\/www.nettali.com\/2022\/08\/02\/ledito-de-nettali-com-lecons-hivernales\/\",\"name\":\"L'EDITO DE NETTALI.COM - Le\\u00e7ons hivernales | Nettali.com\",\"isPartOf\":{\"@id\":\"https:\/\/www.nettali.com\/#website\"},\"primaryImageOfPage\":{\"@id\":\"https:\/\/www.nettali.com\/2022\/08\/02\/ledito-de-nettali-com-lecons-hivernales\/#primaryimage\"},\"datePublished\":\"2022-08-02T08:15:43+00:00\",\"dateModified\":\"2022-08-04T08:21:11+00:00\",\"author\":{\"@id\":\"https:\/\/www.nettali.com\/#\/schema\/person\/d8ac7b7e27ddad43f1c0d2ef090d7f71\"},\"breadcrumb\":{\"@id\":\"https:\/\/www.nettali.com\/2022\/08\/02\/ledito-de-nettali-com-lecons-hivernales\/#breadcrumb\"},\"inLanguage\":\"fr-FR\",\"potentialAction\":[{\"@type\":\"ReadAction\",\"target\":[\"https:\/\/www.nettali.com\/2022\/08\/02\/ledito-de-nettali-com-lecons-hivernales\/\"]}]},{\"@type\":\"BreadcrumbList\",\"@id\":\"https:\/\/www.nettali.com\/2022\/08\/02\/ledito-de-nettali-com-lecons-hivernales\/#breadcrumb\",\"itemListElement\":[{\"@type\":\"ListItem\",\"position\":1,\"name\":\"Accueil\",\"item\":\"https:\/\/www.nettali.com\/\"},{\"@type\":\"ListItem\",\"position\":2,\"name\":\"L'EDITO DE NETTALI.COM - Le\\u00e7ons hivernales\"}]},{\"@type\":\"Person\",\"@id\":\"https:\/\/www.nettali.com\/#\/schema\/person\/d8ac7b7e27ddad43f1c0d2ef090d7f71\",\"name\":\"CK\",\"image\":{\"@type\":\"ImageObject\",\"@id\":\"https:\/\/www.nettali.com\/#personlogo\",\"inLanguage\":\"fr-FR\",\"url\":\"https:\/\/secure.gravatar.com\/avatar\/1d8d5118b9327d94da7cd4ce7f17fec2?s=96&d=mm&r=g\",\"contentUrl\":\"https:\/\/secure.gravatar.com\/avatar\/1d8d5118b9327d94da7cd4ce7f17fec2?s=96&d=mm&r=g\",\"caption\":\"CK\"},\"sameAs\":[\"https:\/\/www.nettali.com\"]}]}<\/script>\n<!-- \/ Yoast SEO Premium plugin. -->","yoast_head_json":{"title":"L'EDITO DE NETTALI.COM - Le\u00e7ons hivernales | Nettali.com","robots":{"index":"index","follow":"follow","max-snippet":"max-snippet:-1","max-image-preview":"max-image-preview:large","max-video-preview":"max-video-preview:-1"},"canonical":"https:\/\/www.nettali.com\/2022\/08\/02\/ledito-de-nettali-com-lecons-hivernales\/","og_locale":"fr_FR","og_type":"article","og_title":"L'EDITO DE NETTALI.COM - Le\u00e7ons hivernales","og_description":"NETTALI.COM - La bataille des chiffres fait rage entre la Coalition au pouvoir et celle de l\u2019opposition significative dans plusieurs zones du pays mais la messe est dite. Avec les chiffres \u00e0 disposition, Benno Siggil Senegal n\u2019obtiendra pas la majorit\u00e9 absolue. Elle va certes remporter 29 des 46 d\u00e9partements que compte le S\u00e9n\u00e9gal, mais ces [&hellip;]","og_url":"https:\/\/www.nettali.com\/2022\/08\/02\/ledito-de-nettali-com-lecons-hivernales\/","og_site_name":"Nettali.com","article_publisher":"https:\/\/www.facebook.com\/nettalicom","article_published_time":"2022-08-02T08:15:43+00:00","article_modified_time":"2022-08-04T08:21:11+00:00","og_image":[{"width":700,"height":394,"url":"https:\/\/www.nettali.com\/wp-content\/uploads\/2022\/08\/62344418_303.jpg","type":"image\/jpeg"}],"twitter_card":"summary_large_image","twitter_misc":{"\u00c9crit par":"CK","Dur\u00e9e de lecture estim\u00e9e":"5 minutes"},"schema":{"@context":"https:\/\/schema.org","@graph":[{"@type":"WebSite","@id":"https:\/\/www.nettali.com\/#website","url":"https:\/\/www.nettali.com\/","name":"Nettali.com","description":"Le rendez-vous critique du Net","potentialAction":[{"@type":"SearchAction","target":{"@type":"EntryPoint","urlTemplate":"https:\/\/www.nettali.com\/?s={search_term_string}"},"query-input":"required name=search_term_string"}],"inLanguage":"fr-FR"},{"@type":"ImageObject","@id":"https:\/\/www.nettali.com\/2022\/08\/02\/ledito-de-nettali-com-lecons-hivernales\/#primaryimage","inLanguage":"fr-FR","url":"https:\/\/www.nettali.com\/wp-content\/uploads\/2022\/08\/62344418_303.jpg","contentUrl":"https:\/\/www.nettali.com\/wp-content\/uploads\/2022\/08\/62344418_303.jpg","width":700,"height":394},{"@type":"WebPage","@id":"https:\/\/www.nettali.com\/2022\/08\/02\/ledito-de-nettali-com-lecons-hivernales\/#webpage","url":"https:\/\/www.nettali.com\/2022\/08\/02\/ledito-de-nettali-com-lecons-hivernales\/","name":"L'EDITO DE NETTALI.COM - Le\u00e7ons hivernales | Nettali.com","isPartOf":{"@id":"https:\/\/www.nettali.com\/#website"},"primaryImageOfPage":{"@id":"https:\/\/www.nettali.com\/2022\/08\/02\/ledito-de-nettali-com-lecons-hivernales\/#primaryimage"},"datePublished":"2022-08-02T08:15:43+00:00","dateModified":"2022-08-04T08:21:11+00:00","author":{"@id":"https:\/\/www.nettali.com\/#\/schema\/person\/d8ac7b7e27ddad43f1c0d2ef090d7f71"},"breadcrumb":{"@id":"https:\/\/www.nettali.com\/2022\/08\/02\/ledito-de-nettali-com-lecons-hivernales\/#breadcrumb"},"inLanguage":"fr-FR","potentialAction":[{"@type":"ReadAction","target":["https:\/\/www.nettali.com\/2022\/08\/02\/ledito-de-nettali-com-lecons-hivernales\/"]}]},{"@type":"BreadcrumbList","@id":"https:\/\/www.nettali.com\/2022\/08\/02\/ledito-de-nettali-com-lecons-hivernales\/#breadcrumb","itemListElement":[{"@type":"ListItem","position":1,"name":"Accueil","item":"https:\/\/www.nettali.com\/"},{"@type":"ListItem","position":2,"name":"L'EDITO DE NETTALI.COM - Le\u00e7ons hivernales"}]},{"@type":"Person","@id":"https:\/\/www.nettali.com\/#\/schema\/person\/d8ac7b7e27ddad43f1c0d2ef090d7f71","name":"CK","image":{"@type":"ImageObject","@id":"https:\/\/www.nettali.com\/#personlogo","inLanguage":"fr-FR","url":"https:\/\/secure.gravatar.com\/avatar\/1d8d5118b9327d94da7cd4ce7f17fec2?s=96&d=mm&r=g","contentUrl":"https:\/\/secure.gravatar.com\/avatar\/1d8d5118b9327d94da7cd4ce7f17fec2?s=96&d=mm&r=g","caption":"CK"},"sameAs":["https:\/\/www.nettali.com"]}]}},"_links":{"self":[{"href":"https:\/\/www.nettali.com\/rest\/wp\/v2\/posts\/91057"}],"collection":[{"href":"https:\/\/www.nettali.com\/rest\/wp\/v2\/posts"}],"about":[{"href":"https:\/\/www.nettali.com\/rest\/wp\/v2\/types\/post"}],"author":[{"embeddable":true,"href":"https:\/\/www.nettali.com\/rest\/wp\/v2\/users\/2"}],"replies":[{"embeddable":true,"href":"https:\/\/www.nettali.com\/rest\/wp\/v2\/comments?post=91057"}],"version-history":[{"count":1,"href":"https:\/\/www.nettali.com\/rest\/wp\/v2\/posts\/91057\/revisions"}],"predecessor-version":[{"id":91060,"href":"https:\/\/www.nettali.com\/rest\/wp\/v2\/posts\/91057\/revisions\/91060"}],"wp:featuredmedia":[{"embeddable":true,"href":"https:\/\/www.nettali.com\/rest\/wp\/v2\/media\/91062"}],"wp:attachment":[{"href":"https:\/\/www.nettali.com\/rest\/wp\/v2\/media?parent=91057"}],"wp:term":[{"taxonomy":"category","embeddable":true,"href":"https:\/\/www.nettali.com\/rest\/wp\/v2\/categories?post=91057"},{"taxonomy":"post_tag","embeddable":true,"href":"https:\/\/www.nettali.com\/rest\/wp\/v2\/tags?post=91057"}],"curies":[{"name":"wp","href":"https:\/\/api.w.org\/{rel}","templated":true}]}}