{"id":91053,"date":"2022-08-02T08:02:54","date_gmt":"2022-08-02T08:02:54","guid":{"rendered":"https:\/\/www.nettali.com\/?p=91053"},"modified":"2022-08-02T22:38:55","modified_gmt":"2022-08-02T22:38:55","slug":"aminata-toure-tete-de-liste-nationale-de-bby-cela-ne-fait-aucun-doute-que-nous-sommes-majoritaires","status":"publish","type":"post","link":"https:\/\/www.nettali.com\/2022\/08\/02\/aminata-toure-tete-de-liste-nationale-de-bby-cela-ne-fait-aucun-doute-que-nous-sommes-majoritaires\/","title":{"rendered":"AMINATA TOURE -\u00a0\"Cela ne fait aucun doute que nous sommes majoritaires\""},"content":{"rendered":"<p style=\"font-weight: 400;\"><strong>NETTALI.COM<\/strong> - <strong>La coalition de la majorit\u00e9 pr\u00e9sidentielle, Benno Bokk Yakaar se dit toujours vainqueur des derni\u00e8res \u00e9lections l\u00e9gislatives en attendant les \u00a0r\u00e9sultats d\u00e9finitifs.<\/strong><\/p>\n<p style=\"font-weight: 400;\">La guerre des chiffres continue toujours entre l\u2019opposition r\u00e9unie autour de la coalition Yewwi Askan Wi et la coalition Benno Bokk Yakaar apr\u00e8s la publication des premi\u00e8res tendances issues des \u00e9lections l\u00e9gislatives du 31 juillet dernier. Chaque camp r\u00e9clame la victoire. Aminata Tour\u00e9, t\u00eate de liste de la coalition de la majorit\u00e9 pr\u00e9sidentielle a encore fait face \u00e0 la presse dans la nuit du lundi pour insister sur leur suppos\u00e9e victoire.\u00a0 \"<em>La coalition Benno Bokk Yakaar est confiante de sa victoire, r\u00e9cuse toute possibilit\u00e9 de cohabitation comme d\u00e9clar\u00e9e par une certaine opposition. Nous rassurons nos partisans que nous sommes majoritaires\"<\/em>, d\u00e9clare-t-elle avant d\u2019insister : \"<em>Benno est majoritaire et nous le d\u00e9montrons avec des chiffres. \u00c7a ne peut pas faire l\u2019objet de doute. Il ne peut pas y avoir, dans le contexte actuel, de manipulation. Cela ne fait aucun doute que nous avons une majorit\u00e9<\/em>.\"<\/p>\n<p style=\"font-weight: 400;\">Dans le m\u00eame sillage, Aminata Tour\u00e9 a salu\u00e9 le bon d\u00e9roulement des \u00e9lections sur l\u2019ensemble du territoire et au niveau de la diaspora. \"<em>Le calme, la s\u00e9r\u00e9nit\u00e9, la discipline et l\u2019esprit de responsabilit\u00e9 t\u00e9moignent de la solidit\u00e9 de notre syst\u00e8me d\u00e9mocratique qui est un exemple dans le monde entier. Nous venons d\u2019administrer une grande le\u00e7on de d\u00e9mocratie au monde entier<\/em>\", a persist\u00e9 l\u2019ancien Premier ministre. Elle ajoute : <em>\"Notre coalition s\u2019\u00e9tonne de la volont\u00e9 affich\u00e9e par une partie de l\u2019opposition de tenter de jeter le discr\u00e9dit sur ce syst\u00e8me \u00e9lectoral \u00e9prouv\u00e9 qui a toujours assur\u00e9 une garantie\u00a0 de libre expression des citoyens avec un dispositif de contr\u00f4le, de validation efficace qui permet la proclamation sans contestation des r\u00e9sultats<\/em>.\"<\/p>\n<p style=\"font-weight: 400;\">S\u2019agissant de Goudomp, Aminata Tour\u00e9 a fait savoir qu\u2019ils ont affin\u00e9 leurs r\u00e9sultats et, ils ne comptent plus ce d\u00e9partement comme gagn\u00e9. \"<em>Quand nous disions que nous l\u2019avons gagn\u00e9, c\u2019est parce que les premi\u00e8res tendances nous \u00e9taient favorables mais, apr\u00e8s, il y a eu une remont\u00e9e de l\u2019opposition. C\u2019est pourquoi nous ne prenons plus en compte ce d\u00e9partement<\/em>\", dit-elle pour essayer de justifier sa bonne foi.<\/p>\n<div class='share-to-whatsapp-wrapper'><div class='share-on-whsp'>PARTAGER SUR : <\/div><a data-text='AMINATA TOURE -\u00a0\"Cela ne fait aucun doute que nous sommes majoritaires\"' data-link='https:\/\/www.nettali.com\/2022\/08\/02\/aminata-toure-tete-de-liste-nationale-de-bby-cela-ne-fait-aucun-doute-que-nous-sommes-majoritaires\/' class='whatsapp-button whatsapp-share'>WhatsApp<\/a><div class='clear '><\/div><\/div>","protected":false},"excerpt":{"rendered":"<p>NETTALI.COM - La coalition de la majorit\u00e9 pr\u00e9sidentielle, Benno Bokk Yakaar se dit toujours vainqueur des derni\u00e8res \u00e9lections l\u00e9gislatives en attendant les \u00a0r\u00e9sultats d\u00e9finitifs. La guerre des chiffres continue toujours entre l\u2019opposition r\u00e9unie autour de la coalition Yewwi Askan Wi et la coalition Benno Bokk Yakaar apr\u00e8s la publication des premi\u00e8res tendances issues des \u00e9lections [&hellip;]<\/p>\n","protected":false},"author":6,"featured_media":69466,"comment_status":"open","ping_status":"open","sticky":false,"template":"","format":"standard","meta":{"_et_pb_use_builder":"","_et_pb_old_content":""},"categories":[2],"tags":[],"yoast_head":"<!-- This site is optimized with the Yoast SEO Premium plugin v17.8 (Yoast SEO v17.8) - https:\/\/yoast.com\/wordpress\/plugins\/seo\/ -->\n<title>AMINATA TOURE -\u00a0&quot;Cela ne fait aucun doute que nous sommes majoritaires&quot; | Nettali.com<\/title>\n<meta name=\"robots\" content=\"index, follow, max-snippet:-1, max-image-preview:large, max-video-preview:-1\" \/>\n<link rel=\"canonical\" href=\"https:\/\/www.nettali.com\/2022\/08\/02\/aminata-toure-tete-de-liste-nationale-de-bby-cela-ne-fait-aucun-doute-que-nous-sommes-majoritaires\/\" \/>\n<meta property=\"og:locale\" content=\"fr_FR\" \/>\n<meta property=\"og:type\" content=\"article\" \/>\n<meta property=\"og:title\" content=\"AMINATA TOURE -\u00a0&quot;Cela ne fait aucun doute que nous sommes majoritaires&quot;\" \/>\n<meta property=\"og:description\" content=\"NETTALI.COM - La coalition de la majorit\u00e9 pr\u00e9sidentielle, Benno Bokk Yakaar se dit toujours vainqueur des derni\u00e8res \u00e9lections l\u00e9gislatives en attendant les \u00a0r\u00e9sultats d\u00e9finitifs. La guerre des chiffres continue toujours entre l\u2019opposition r\u00e9unie autour de la coalition Yewwi Askan Wi et la coalition Benno Bokk Yakaar apr\u00e8s la publication des premi\u00e8res tendances issues des \u00e9lections [&hellip;]\" \/>\n<meta property=\"og:url\" content=\"https:\/\/www.nettali.com\/2022\/08\/02\/aminata-toure-tete-de-liste-nationale-de-bby-cela-ne-fait-aucun-doute-que-nous-sommes-majoritaires\/\" \/>\n<meta property=\"og:site_name\" content=\"Nettali.com\" \/>\n<meta property=\"article:publisher\" content=\"https:\/\/www.facebook.com\/nettalicom\" \/>\n<meta property=\"article:published_time\" content=\"2022-08-02T08:02:54+00:00\" \/>\n<meta property=\"article:modified_time\" content=\"2022-08-02T22:38:55+00:00\" \/>\n<meta property=\"og:image\" content=\"https:\/\/www.nettali.com\/wp-content\/uploads\/2021\/08\/aminata_mimi_toure-18-00-2015_08.00.34_0_2.jpg\" \/>\n\t<meta property=\"og:image:width\" content=\"800\" \/>\n\t<meta property=\"og:image:height\" content=\"506\" \/>\n<meta name=\"twitter:card\" content=\"summary_large_image\" \/>\n<meta name=\"twitter:label1\" content=\"\u00c9crit par\" \/>\n\t<meta name=\"twitter:data1\" content=\"Fatou\" \/>\n\t<meta name=\"twitter:label2\" content=\"Dur\u00e9e de lecture estim\u00e9e\" \/>\n\t<meta name=\"twitter:data2\" content=\"2 minutes\" \/>\n<script type=\"application\/ld+json\" class=\"yoast-schema-graph\">{\"@context\":\"https:\/\/schema.org\",\"@graph\":[{\"@type\":\"WebSite\",\"@id\":\"https:\/\/www.nettali.com\/#website\",\"url\":\"https:\/\/www.nettali.com\/\",\"name\":\"Nettali.com\",\"description\":\"Le rendez-vous critique du Net\",\"potentialAction\":[{\"@type\":\"SearchAction\",\"target\":{\"@type\":\"EntryPoint\",\"urlTemplate\":\"https:\/\/www.nettali.com\/?s={search_term_string}\"},\"query-input\":\"required name=search_term_string\"}],\"inLanguage\":\"fr-FR\"},{\"@type\":\"ImageObject\",\"@id\":\"https:\/\/www.nettali.com\/2022\/08\/02\/aminata-toure-tete-de-liste-nationale-de-bby-cela-ne-fait-aucun-doute-que-nous-sommes-majoritaires\/#primaryimage\",\"inLanguage\":\"fr-FR\",\"url\":\"https:\/\/www.nettali.com\/wp-content\/uploads\/2021\/08\/aminata_mimi_toure-18-00-2015_08.00.34_0_2.jpg\",\"contentUrl\":\"https:\/\/www.nettali.com\/wp-content\/uploads\/2021\/08\/aminata_mimi_toure-18-00-2015_08.00.34_0_2.jpg\",\"width\":800,\"height\":506},{\"@type\":\"WebPage\",\"@id\":\"https:\/\/www.nettali.com\/2022\/08\/02\/aminata-toure-tete-de-liste-nationale-de-bby-cela-ne-fait-aucun-doute-que-nous-sommes-majoritaires\/#webpage\",\"url\":\"https:\/\/www.nettali.com\/2022\/08\/02\/aminata-toure-tete-de-liste-nationale-de-bby-cela-ne-fait-aucun-doute-que-nous-sommes-majoritaires\/\",\"name\":\"AMINATA TOURE -\\u00a0\\\"Cela ne fait aucun doute que nous sommes majoritaires\\\" | Nettali.com\",\"isPartOf\":{\"@id\":\"https:\/\/www.nettali.com\/#website\"},\"primaryImageOfPage\":{\"@id\":\"https:\/\/www.nettali.com\/2022\/08\/02\/aminata-toure-tete-de-liste-nationale-de-bby-cela-ne-fait-aucun-doute-que-nous-sommes-majoritaires\/#primaryimage\"},\"datePublished\":\"2022-08-02T08:02:54+00:00\",\"dateModified\":\"2022-08-02T22:38:55+00:00\",\"author\":{\"@id\":\"https:\/\/www.nettali.com\/#\/schema\/person\/418274a86bdf87caff7a3ef476bd0bbf\"},\"breadcrumb\":{\"@id\":\"https:\/\/www.nettali.com\/2022\/08\/02\/aminata-toure-tete-de-liste-nationale-de-bby-cela-ne-fait-aucun-doute-que-nous-sommes-majoritaires\/#breadcrumb\"},\"inLanguage\":\"fr-FR\",\"potentialAction\":[{\"@type\":\"ReadAction\",\"target\":[\"https:\/\/www.nettali.com\/2022\/08\/02\/aminata-toure-tete-de-liste-nationale-de-bby-cela-ne-fait-aucun-doute-que-nous-sommes-majoritaires\/\"]}]},{\"@type\":\"BreadcrumbList\",\"@id\":\"https:\/\/www.nettali.com\/2022\/08\/02\/aminata-toure-tete-de-liste-nationale-de-bby-cela-ne-fait-aucun-doute-que-nous-sommes-majoritaires\/#breadcrumb\",\"itemListElement\":[{\"@type\":\"ListItem\",\"position\":1,\"name\":\"Accueil\",\"item\":\"https:\/\/www.nettali.com\/\"},{\"@type\":\"ListItem\",\"position\":2,\"name\":\"AMINATA TOURE -\\u00a0\\\"Cela ne fait aucun doute que nous sommes majoritaires\\\"\"}]},{\"@type\":\"Person\",\"@id\":\"https:\/\/www.nettali.com\/#\/schema\/person\/418274a86bdf87caff7a3ef476bd0bbf\",\"name\":\"Fatou\",\"image\":{\"@type\":\"ImageObject\",\"@id\":\"https:\/\/www.nettali.com\/#personlogo\",\"inLanguage\":\"fr-FR\",\"url\":\"https:\/\/secure.gravatar.com\/avatar\/5a9442a2bee7b4dcf167cab035858e9a?s=96&d=mm&r=g\",\"contentUrl\":\"https:\/\/secure.gravatar.com\/avatar\/5a9442a2bee7b4dcf167cab035858e9a?s=96&d=mm&r=g\",\"caption\":\"Fatou\"},\"sameAs\":[\"https:\/\/www.nettali.com\"]}]}<\/script>\n<!-- \/ Yoast SEO Premium plugin. -->","yoast_head_json":{"title":"AMINATA TOURE -\u00a0\"Cela ne fait aucun doute que nous sommes majoritaires\" | Nettali.com","robots":{"index":"index","follow":"follow","max-snippet":"max-snippet:-1","max-image-preview":"max-image-preview:large","max-video-preview":"max-video-preview:-1"},"canonical":"https:\/\/www.nettali.com\/2022\/08\/02\/aminata-toure-tete-de-liste-nationale-de-bby-cela-ne-fait-aucun-doute-que-nous-sommes-majoritaires\/","og_locale":"fr_FR","og_type":"article","og_title":"AMINATA TOURE -\u00a0\"Cela ne fait aucun doute que nous sommes majoritaires\"","og_description":"NETTALI.COM - La coalition de la majorit\u00e9 pr\u00e9sidentielle, Benno Bokk Yakaar se dit toujours vainqueur des derni\u00e8res \u00e9lections l\u00e9gislatives en attendant les \u00a0r\u00e9sultats d\u00e9finitifs. La guerre des chiffres continue toujours entre l\u2019opposition r\u00e9unie autour de la coalition Yewwi Askan Wi et la coalition Benno Bokk Yakaar apr\u00e8s la publication des premi\u00e8res tendances issues des \u00e9lections [&hellip;]","og_url":"https:\/\/www.nettali.com\/2022\/08\/02\/aminata-toure-tete-de-liste-nationale-de-bby-cela-ne-fait-aucun-doute-que-nous-sommes-majoritaires\/","og_site_name":"Nettali.com","article_publisher":"https:\/\/www.facebook.com\/nettalicom","article_published_time":"2022-08-02T08:02:54+00:00","article_modified_time":"2022-08-02T22:38:55+00:00","og_image":[{"width":800,"height":506,"url":"https:\/\/www.nettali.com\/wp-content\/uploads\/2021\/08\/aminata_mimi_toure-18-00-2015_08.00.34_0_2.jpg","type":"image\/jpeg"}],"twitter_card":"summary_large_image","twitter_misc":{"\u00c9crit par":"Fatou","Dur\u00e9e de lecture estim\u00e9e":"2 minutes"},"schema":{"@context":"https:\/\/schema.org","@graph":[{"@type":"WebSite","@id":"https:\/\/www.nettali.com\/#website","url":"https:\/\/www.nettali.com\/","name":"Nettali.com","description":"Le rendez-vous critique du Net","potentialAction":[{"@type":"SearchAction","target":{"@type":"EntryPoint","urlTemplate":"https:\/\/www.nettali.com\/?s={search_term_string}"},"query-input":"required name=search_term_string"}],"inLanguage":"fr-FR"},{"@type":"ImageObject","@id":"https:\/\/www.nettali.com\/2022\/08\/02\/aminata-toure-tete-de-liste-nationale-de-bby-cela-ne-fait-aucun-doute-que-nous-sommes-majoritaires\/#primaryimage","inLanguage":"fr-FR","url":"https:\/\/www.nettali.com\/wp-content\/uploads\/2021\/08\/aminata_mimi_toure-18-00-2015_08.00.34_0_2.jpg","contentUrl":"https:\/\/www.nettali.com\/wp-content\/uploads\/2021\/08\/aminata_mimi_toure-18-00-2015_08.00.34_0_2.jpg","width":800,"height":506},{"@type":"WebPage","@id":"https:\/\/www.nettali.com\/2022\/08\/02\/aminata-toure-tete-de-liste-nationale-de-bby-cela-ne-fait-aucun-doute-que-nous-sommes-majoritaires\/#webpage","url":"https:\/\/www.nettali.com\/2022\/08\/02\/aminata-toure-tete-de-liste-nationale-de-bby-cela-ne-fait-aucun-doute-que-nous-sommes-majoritaires\/","name":"AMINATA TOURE -\u00a0\"Cela ne fait aucun doute que nous sommes majoritaires\" | Nettali.com","isPartOf":{"@id":"https:\/\/www.nettali.com\/#website"},"primaryImageOfPage":{"@id":"https:\/\/www.nettali.com\/2022\/08\/02\/aminata-toure-tete-de-liste-nationale-de-bby-cela-ne-fait-aucun-doute-que-nous-sommes-majoritaires\/#primaryimage"},"datePublished":"2022-08-02T08:02:54+00:00","dateModified":"2022-08-02T22:38:55+00:00","author":{"@id":"https:\/\/www.nettali.com\/#\/schema\/person\/418274a86bdf87caff7a3ef476bd0bbf"},"breadcrumb":{"@id":"https:\/\/www.nettali.com\/2022\/08\/02\/aminata-toure-tete-de-liste-nationale-de-bby-cela-ne-fait-aucun-doute-que-nous-sommes-majoritaires\/#breadcrumb"},"inLanguage":"fr-FR","potentialAction":[{"@type":"ReadAction","target":["https:\/\/www.nettali.com\/2022\/08\/02\/aminata-toure-tete-de-liste-nationale-de-bby-cela-ne-fait-aucun-doute-que-nous-sommes-majoritaires\/"]}]},{"@type":"BreadcrumbList","@id":"https:\/\/www.nettali.com\/2022\/08\/02\/aminata-toure-tete-de-liste-nationale-de-bby-cela-ne-fait-aucun-doute-que-nous-sommes-majoritaires\/#breadcrumb","itemListElement":[{"@type":"ListItem","position":1,"name":"Accueil","item":"https:\/\/www.nettali.com\/"},{"@type":"ListItem","position":2,"name":"AMINATA TOURE -\u00a0\"Cela ne fait aucun doute que nous sommes majoritaires\""}]},{"@type":"Person","@id":"https:\/\/www.nettali.com\/#\/schema\/person\/418274a86bdf87caff7a3ef476bd0bbf","name":"Fatou","image":{"@type":"ImageObject","@id":"https:\/\/www.nettali.com\/#personlogo","inLanguage":"fr-FR","url":"https:\/\/secure.gravatar.com\/avatar\/5a9442a2bee7b4dcf167cab035858e9a?s=96&d=mm&r=g","contentUrl":"https:\/\/secure.gravatar.com\/avatar\/5a9442a2bee7b4dcf167cab035858e9a?s=96&d=mm&r=g","caption":"Fatou"},"sameAs":["https:\/\/www.nettali.com"]}]}},"_links":{"self":[{"href":"https:\/\/www.nettali.com\/rest\/wp\/v2\/posts\/91053"}],"collection":[{"href":"https:\/\/www.nettali.com\/rest\/wp\/v2\/posts"}],"about":[{"href":"https:\/\/www.nettali.com\/rest\/wp\/v2\/types\/post"}],"author":[{"embeddable":true,"href":"https:\/\/www.nettali.com\/rest\/wp\/v2\/users\/6"}],"replies":[{"embeddable":true,"href":"https:\/\/www.nettali.com\/rest\/wp\/v2\/comments?post=91053"}],"version-history":[{"count":5,"href":"https:\/\/www.nettali.com\/rest\/wp\/v2\/posts\/91053\/revisions"}],"predecessor-version":[{"id":91095,"href":"https:\/\/www.nettali.com\/rest\/wp\/v2\/posts\/91053\/revisions\/91095"}],"wp:featuredmedia":[{"embeddable":true,"href":"https:\/\/www.nettali.com\/rest\/wp\/v2\/media\/69466"}],"wp:attachment":[{"href":"https:\/\/www.nettali.com\/rest\/wp\/v2\/media?parent=91053"}],"wp:term":[{"taxonomy":"category","embeddable":true,"href":"https:\/\/www.nettali.com\/rest\/wp\/v2\/categories?post=91053"},{"taxonomy":"post_tag","embeddable":true,"href":"https:\/\/www.nettali.com\/rest\/wp\/v2\/tags?post=91053"}],"curies":[{"name":"wp","href":"https:\/\/api.w.org\/{rel}","templated":true}]}}