{"id":91036,"date":"2022-08-01T22:44:43","date_gmt":"2022-08-01T22:44:43","guid":{"rendered":"https:\/\/www.nettali.com\/?p=91036"},"modified":"2022-08-01T22:57:38","modified_gmt":"2022-08-01T22:57:38","slug":"me-el-hadj-diouf-le-code-electoral-ne-reconnait-pas-linter-coalition-yewwi-wallu","status":"publish","type":"post","link":"https:\/\/www.nettali.com\/2022\/08\/01\/me-el-hadj-diouf-le-code-electoral-ne-reconnait-pas-linter-coalition-yewwi-wallu\/","title":{"rendered":"Me EL HADJ DIOUF \u2013 \u00ab Le Code \u00e9lectoral ne reconnait pas d\u2019inter-coalition Yewwi \/ Wallu \u00bb"},"content":{"rendered":"<p><strong>NETTALI.COM \u2013 Me El Hadj se prononce sur la guerre des chiffres entre le pouvoir et l\u2019opposition, au sortir des l\u00e9gislatives du 31 juillet dernier. L\u2019avocat rappelle qu\u2019il n\u2019existe pas, juridiquement s\u2019entend, d\u2019inter-coalition Yewwi \/ Wallu. En d\u2019autres termes, on ne peut pas cumuler les voix des deux grandes coalitions de l\u2019opposition pour \u00e9tablir une d\u00e9faite de la majorit\u00e9 sortante. <\/strong><\/p>\n<p>Invit\u00e9 ce lundi sur Sen Tv, l\u2019avocat et membre de Benno Bokk yalaar, Me El Hadj Diouf, croit savoir qu\u2019il y a \u00ab\u00a0une escroquerie politique\u00a0\u00bb entretenue autour du score de l\u2019opposition aux l\u00e9gislatives du 31 juillet dernier. \u00ab\u00a0Juridiquement, il n\u2019existe pas d\u2019inter-coalition Yewwi \/ Wallu. Ce n\u2019est codifi\u00e9 nulle part. Le Conseil constitutionnel ne reconnait pas cette inter-coalition. Il existe d\u2019un c\u00f4t\u00e9 une liste de Yewwi Askan Wi et d\u2019un autre c\u00f4t\u00e9 une liste de Wallu \u00bb, a d\u00e9clar\u00e9 la robe noire, qui se laisse convaincre que \u00ab\u00a0Benno bokk yakaar est sortie majoritaire\u00a0\u00bb de ces \u00e9lections.<\/p>\n<p>\u00ab\u00a0En r\u00e9alit\u00e9, ils sont ensemble pour camoufler leur manque de repr\u00e9sentativit\u00e9 au niveau d\u00e9partemental. C\u2019est Benno qui d\u00e9passe Yewwi et qui d\u00e9passe Wallu. Un homme comme Ousmane Sonko a m\u00eame reni\u00e9 sa th\u00e9orie sur l\u2019anti-syst\u00e8me pour se retrouver avec Me Abdoulaye aux fins de camoufler ce manque de repr\u00e9sentativit\u00e9 dans certaines zones\u00a0\u00bb, a pr\u00e9cis\u00e9 Me Diouf.<\/p>\n<p>De l\u2019avis du politologue Maurice Soudiek Dione, l\u2019inter-coalition est \u00ab\u00a0un accord politique, l\u2019expression d\u2019un pragmatisme politique\u00a0\u00bb. Ainsi, M. Dione rappelle qu\u2019aux l\u00e9gislatives Benno avait un score autour de 49% des voix et qu\u2019on assista \u00e0 une \u00ab\u00a0amplification exponentielle de la victoire\u00a0\u00bb, qui permit \u00e0 la coalition pr\u00e9sidentielle d\u2019obtenir 125\u00a0 si\u00e8ges sur 165.<\/p>\n<p>En d\u00e9finitive, rel\u00e8ve le politologue, c\u2019est pour rectifier le tir, comparativement \u00e0 2017, que l\u2019opposition dite significative a r\u00e9alis\u00e9 cette inter-coalition.<\/p>\n<p>Prenant la parole, le juriste Ndouda Mboup parle de r\u00e9gime parlementaire minoritaire, o\u00f9 il existe des accords entre d\u00e9put\u00e9s pour ensemble prendre certaines d\u00e9cisions.<\/p>\n<div class='share-to-whatsapp-wrapper'><div class='share-on-whsp'>PARTAGER SUR : <\/div><a data-text='Me EL HADJ DIOUF \u2013 \u00ab Le Code \u00e9lectoral ne reconnait pas d\u2019inter-coalition Yewwi \/ Wallu \u00bb' data-link='https:\/\/www.nettali.com\/2022\/08\/01\/me-el-hadj-diouf-le-code-electoral-ne-reconnait-pas-linter-coalition-yewwi-wallu\/' class='whatsapp-button whatsapp-share'>WhatsApp<\/a><div class='clear '><\/div><\/div>","protected":false},"excerpt":{"rendered":"<p>NETTALI.COM \u2013 Me El Hadj se prononce sur la guerre des chiffres entre le pouvoir et l\u2019opposition, au sortir des l\u00e9gislatives du 31 juillet dernier. L\u2019avocat rappelle qu\u2019il n\u2019existe pas, juridiquement s\u2019entend, d\u2019inter-coalition Yewwi \/ Wallu. En d\u2019autres termes, on ne peut pas cumuler les voix des deux grandes coalitions de l\u2019opposition pour \u00e9tablir une [&hellip;]<\/p>\n","protected":false},"author":11,"featured_media":44241,"comment_status":"open","ping_status":"open","sticky":false,"template":"","format":"standard","meta":{"_et_pb_use_builder":"","_et_pb_old_content":""},"categories":[2],"tags":[],"yoast_head":"<!-- This site is optimized with the Yoast SEO Premium plugin v17.8 (Yoast SEO v17.8) - https:\/\/yoast.com\/wordpress\/plugins\/seo\/ -->\n<title>Me EL HADJ DIOUF \u2013 \u00ab Le Code \u00e9lectoral ne reconnait pas d\u2019inter-coalition Yewwi \/ Wallu \u00bb | Nettali.com<\/title>\n<meta name=\"robots\" content=\"index, follow, max-snippet:-1, max-image-preview:large, max-video-preview:-1\" \/>\n<link rel=\"canonical\" href=\"https:\/\/www.nettali.com\/2022\/08\/01\/me-el-hadj-diouf-le-code-electoral-ne-reconnait-pas-linter-coalition-yewwi-wallu\/\" \/>\n<meta property=\"og:locale\" content=\"fr_FR\" \/>\n<meta property=\"og:type\" content=\"article\" \/>\n<meta property=\"og:title\" content=\"Me EL HADJ DIOUF \u2013 \u00ab Le Code \u00e9lectoral ne reconnait pas d\u2019inter-coalition Yewwi \/ Wallu \u00bb\" \/>\n<meta property=\"og:description\" content=\"NETTALI.COM \u2013 Me El Hadj se prononce sur la guerre des chiffres entre le pouvoir et l\u2019opposition, au sortir des l\u00e9gislatives du 31 juillet dernier. L\u2019avocat rappelle qu\u2019il n\u2019existe pas, juridiquement s\u2019entend, d\u2019inter-coalition Yewwi \/ Wallu. En d\u2019autres termes, on ne peut pas cumuler les voix des deux grandes coalitions de l\u2019opposition pour \u00e9tablir une [&hellip;]\" \/>\n<meta property=\"og:url\" content=\"https:\/\/www.nettali.com\/2022\/08\/01\/me-el-hadj-diouf-le-code-electoral-ne-reconnait-pas-linter-coalition-yewwi-wallu\/\" \/>\n<meta property=\"og:site_name\" content=\"Nettali.com\" \/>\n<meta property=\"article:publisher\" content=\"https:\/\/www.facebook.com\/nettalicom\" \/>\n<meta property=\"article:published_time\" content=\"2022-08-01T22:44:43+00:00\" \/>\n<meta property=\"article:modified_time\" content=\"2022-08-01T22:57:38+00:00\" \/>\n<meta property=\"og:image\" content=\"https:\/\/www.nettali.com\/wp-content\/uploads\/2020\/08\/me-el-hadji-diouf-3.png\" \/>\n\t<meta property=\"og:image:width\" content=\"2024\" \/>\n\t<meta property=\"og:image:height\" content=\"1234\" \/>\n<meta name=\"twitter:card\" content=\"summary_large_image\" \/>\n<meta name=\"twitter:label1\" content=\"\u00c9crit par\" \/>\n\t<meta name=\"twitter:data1\" content=\"Thierno Diop\" \/>\n\t<meta name=\"twitter:label2\" content=\"Dur\u00e9e de lecture estim\u00e9e\" \/>\n\t<meta name=\"twitter:data2\" content=\"2 minutes\" \/>\n<script type=\"application\/ld+json\" class=\"yoast-schema-graph\">{\"@context\":\"https:\/\/schema.org\",\"@graph\":[{\"@type\":\"WebSite\",\"@id\":\"https:\/\/www.nettali.com\/#website\",\"url\":\"https:\/\/www.nettali.com\/\",\"name\":\"Nettali.com\",\"description\":\"Le rendez-vous critique du Net\",\"potentialAction\":[{\"@type\":\"SearchAction\",\"target\":{\"@type\":\"EntryPoint\",\"urlTemplate\":\"https:\/\/www.nettali.com\/?s={search_term_string}\"},\"query-input\":\"required name=search_term_string\"}],\"inLanguage\":\"fr-FR\"},{\"@type\":\"ImageObject\",\"@id\":\"https:\/\/www.nettali.com\/2022\/08\/01\/me-el-hadj-diouf-le-code-electoral-ne-reconnait-pas-linter-coalition-yewwi-wallu\/#primaryimage\",\"inLanguage\":\"fr-FR\",\"url\":\"https:\/\/www.nettali.com\/wp-content\/uploads\/2020\/08\/me-el-hadji-diouf-3.png\",\"contentUrl\":\"https:\/\/www.nettali.com\/wp-content\/uploads\/2020\/08\/me-el-hadji-diouf-3.png\",\"width\":2024,\"height\":1234},{\"@type\":\"WebPage\",\"@id\":\"https:\/\/www.nettali.com\/2022\/08\/01\/me-el-hadj-diouf-le-code-electoral-ne-reconnait-pas-linter-coalition-yewwi-wallu\/#webpage\",\"url\":\"https:\/\/www.nettali.com\/2022\/08\/01\/me-el-hadj-diouf-le-code-electoral-ne-reconnait-pas-linter-coalition-yewwi-wallu\/\",\"name\":\"Me EL HADJ DIOUF \\u2013 \\u00ab Le Code \\u00e9lectoral ne reconnait pas d\\u2019inter-coalition Yewwi \/ Wallu \\u00bb | Nettali.com\",\"isPartOf\":{\"@id\":\"https:\/\/www.nettali.com\/#website\"},\"primaryImageOfPage\":{\"@id\":\"https:\/\/www.nettali.com\/2022\/08\/01\/me-el-hadj-diouf-le-code-electoral-ne-reconnait-pas-linter-coalition-yewwi-wallu\/#primaryimage\"},\"datePublished\":\"2022-08-01T22:44:43+00:00\",\"dateModified\":\"2022-08-01T22:57:38+00:00\",\"author\":{\"@id\":\"https:\/\/www.nettali.com\/#\/schema\/person\/8a06c6bd7b19304cf4bf985862900b5b\"},\"breadcrumb\":{\"@id\":\"https:\/\/www.nettali.com\/2022\/08\/01\/me-el-hadj-diouf-le-code-electoral-ne-reconnait-pas-linter-coalition-yewwi-wallu\/#breadcrumb\"},\"inLanguage\":\"fr-FR\",\"potentialAction\":[{\"@type\":\"ReadAction\",\"target\":[\"https:\/\/www.nettali.com\/2022\/08\/01\/me-el-hadj-diouf-le-code-electoral-ne-reconnait-pas-linter-coalition-yewwi-wallu\/\"]}]},{\"@type\":\"BreadcrumbList\",\"@id\":\"https:\/\/www.nettali.com\/2022\/08\/01\/me-el-hadj-diouf-le-code-electoral-ne-reconnait-pas-linter-coalition-yewwi-wallu\/#breadcrumb\",\"itemListElement\":[{\"@type\":\"ListItem\",\"position\":1,\"name\":\"Accueil\",\"item\":\"https:\/\/www.nettali.com\/\"},{\"@type\":\"ListItem\",\"position\":2,\"name\":\"Me EL HADJ DIOUF \\u2013 \\u00ab Le Code \\u00e9lectoral ne reconnait pas d\\u2019inter-coalition Yewwi \/ Wallu \\u00bb\"}]},{\"@type\":\"Person\",\"@id\":\"https:\/\/www.nettali.com\/#\/schema\/person\/8a06c6bd7b19304cf4bf985862900b5b\",\"name\":\"Thierno Diop\",\"image\":{\"@type\":\"ImageObject\",\"@id\":\"https:\/\/www.nettali.com\/#personlogo\",\"inLanguage\":\"fr-FR\",\"url\":\"https:\/\/secure.gravatar.com\/avatar\/c8ca58550c94fd2ac856d27391a6c866?s=96&d=mm&r=g\",\"contentUrl\":\"https:\/\/secure.gravatar.com\/avatar\/c8ca58550c94fd2ac856d27391a6c866?s=96&d=mm&r=g\",\"caption\":\"Thierno Diop\"},\"sameAs\":[\"https:\/\/nettali.com\"]}]}<\/script>\n<!-- \/ Yoast SEO Premium plugin. -->","yoast_head_json":{"title":"Me EL HADJ DIOUF \u2013 \u00ab Le Code \u00e9lectoral ne reconnait pas d\u2019inter-coalition Yewwi \/ Wallu \u00bb | Nettali.com","robots":{"index":"index","follow":"follow","max-snippet":"max-snippet:-1","max-image-preview":"max-image-preview:large","max-video-preview":"max-video-preview:-1"},"canonical":"https:\/\/www.nettali.com\/2022\/08\/01\/me-el-hadj-diouf-le-code-electoral-ne-reconnait-pas-linter-coalition-yewwi-wallu\/","og_locale":"fr_FR","og_type":"article","og_title":"Me EL HADJ DIOUF \u2013 \u00ab Le Code \u00e9lectoral ne reconnait pas d\u2019inter-coalition Yewwi \/ Wallu \u00bb","og_description":"NETTALI.COM \u2013 Me El Hadj se prononce sur la guerre des chiffres entre le pouvoir et l\u2019opposition, au sortir des l\u00e9gislatives du 31 juillet dernier. L\u2019avocat rappelle qu\u2019il n\u2019existe pas, juridiquement s\u2019entend, d\u2019inter-coalition Yewwi \/ Wallu. En d\u2019autres termes, on ne peut pas cumuler les voix des deux grandes coalitions de l\u2019opposition pour \u00e9tablir une [&hellip;]","og_url":"https:\/\/www.nettali.com\/2022\/08\/01\/me-el-hadj-diouf-le-code-electoral-ne-reconnait-pas-linter-coalition-yewwi-wallu\/","og_site_name":"Nettali.com","article_publisher":"https:\/\/www.facebook.com\/nettalicom","article_published_time":"2022-08-01T22:44:43+00:00","article_modified_time":"2022-08-01T22:57:38+00:00","og_image":[{"width":2024,"height":1234,"url":"https:\/\/www.nettali.com\/wp-content\/uploads\/2020\/08\/me-el-hadji-diouf-3.png","type":"image\/png"}],"twitter_card":"summary_large_image","twitter_misc":{"\u00c9crit par":"Thierno Diop","Dur\u00e9e de lecture estim\u00e9e":"2 minutes"},"schema":{"@context":"https:\/\/schema.org","@graph":[{"@type":"WebSite","@id":"https:\/\/www.nettali.com\/#website","url":"https:\/\/www.nettali.com\/","name":"Nettali.com","description":"Le rendez-vous critique du Net","potentialAction":[{"@type":"SearchAction","target":{"@type":"EntryPoint","urlTemplate":"https:\/\/www.nettali.com\/?s={search_term_string}"},"query-input":"required name=search_term_string"}],"inLanguage":"fr-FR"},{"@type":"ImageObject","@id":"https:\/\/www.nettali.com\/2022\/08\/01\/me-el-hadj-diouf-le-code-electoral-ne-reconnait-pas-linter-coalition-yewwi-wallu\/#primaryimage","inLanguage":"fr-FR","url":"https:\/\/www.nettali.com\/wp-content\/uploads\/2020\/08\/me-el-hadji-diouf-3.png","contentUrl":"https:\/\/www.nettali.com\/wp-content\/uploads\/2020\/08\/me-el-hadji-diouf-3.png","width":2024,"height":1234},{"@type":"WebPage","@id":"https:\/\/www.nettali.com\/2022\/08\/01\/me-el-hadj-diouf-le-code-electoral-ne-reconnait-pas-linter-coalition-yewwi-wallu\/#webpage","url":"https:\/\/www.nettali.com\/2022\/08\/01\/me-el-hadj-diouf-le-code-electoral-ne-reconnait-pas-linter-coalition-yewwi-wallu\/","name":"Me EL HADJ DIOUF \u2013 \u00ab Le Code \u00e9lectoral ne reconnait pas d\u2019inter-coalition Yewwi \/ Wallu \u00bb | Nettali.com","isPartOf":{"@id":"https:\/\/www.nettali.com\/#website"},"primaryImageOfPage":{"@id":"https:\/\/www.nettali.com\/2022\/08\/01\/me-el-hadj-diouf-le-code-electoral-ne-reconnait-pas-linter-coalition-yewwi-wallu\/#primaryimage"},"datePublished":"2022-08-01T22:44:43+00:00","dateModified":"2022-08-01T22:57:38+00:00","author":{"@id":"https:\/\/www.nettali.com\/#\/schema\/person\/8a06c6bd7b19304cf4bf985862900b5b"},"breadcrumb":{"@id":"https:\/\/www.nettali.com\/2022\/08\/01\/me-el-hadj-diouf-le-code-electoral-ne-reconnait-pas-linter-coalition-yewwi-wallu\/#breadcrumb"},"inLanguage":"fr-FR","potentialAction":[{"@type":"ReadAction","target":["https:\/\/www.nettali.com\/2022\/08\/01\/me-el-hadj-diouf-le-code-electoral-ne-reconnait-pas-linter-coalition-yewwi-wallu\/"]}]},{"@type":"BreadcrumbList","@id":"https:\/\/www.nettali.com\/2022\/08\/01\/me-el-hadj-diouf-le-code-electoral-ne-reconnait-pas-linter-coalition-yewwi-wallu\/#breadcrumb","itemListElement":[{"@type":"ListItem","position":1,"name":"Accueil","item":"https:\/\/www.nettali.com\/"},{"@type":"ListItem","position":2,"name":"Me EL HADJ DIOUF \u2013 \u00ab Le Code \u00e9lectoral ne reconnait pas d\u2019inter-coalition Yewwi \/ Wallu \u00bb"}]},{"@type":"Person","@id":"https:\/\/www.nettali.com\/#\/schema\/person\/8a06c6bd7b19304cf4bf985862900b5b","name":"Thierno Diop","image":{"@type":"ImageObject","@id":"https:\/\/www.nettali.com\/#personlogo","inLanguage":"fr-FR","url":"https:\/\/secure.gravatar.com\/avatar\/c8ca58550c94fd2ac856d27391a6c866?s=96&d=mm&r=g","contentUrl":"https:\/\/secure.gravatar.com\/avatar\/c8ca58550c94fd2ac856d27391a6c866?s=96&d=mm&r=g","caption":"Thierno Diop"},"sameAs":["https:\/\/nettali.com"]}]}},"_links":{"self":[{"href":"https:\/\/www.nettali.com\/rest\/wp\/v2\/posts\/91036"}],"collection":[{"href":"https:\/\/www.nettali.com\/rest\/wp\/v2\/posts"}],"about":[{"href":"https:\/\/www.nettali.com\/rest\/wp\/v2\/types\/post"}],"author":[{"embeddable":true,"href":"https:\/\/www.nettali.com\/rest\/wp\/v2\/users\/11"}],"replies":[{"embeddable":true,"href":"https:\/\/www.nettali.com\/rest\/wp\/v2\/comments?post=91036"}],"version-history":[{"count":4,"href":"https:\/\/www.nettali.com\/rest\/wp\/v2\/posts\/91036\/revisions"}],"predecessor-version":[{"id":91041,"href":"https:\/\/www.nettali.com\/rest\/wp\/v2\/posts\/91036\/revisions\/91041"}],"wp:featuredmedia":[{"embeddable":true,"href":"https:\/\/www.nettali.com\/rest\/wp\/v2\/media\/44241"}],"wp:attachment":[{"href":"https:\/\/www.nettali.com\/rest\/wp\/v2\/media?parent=91036"}],"wp:term":[{"taxonomy":"category","embeddable":true,"href":"https:\/\/www.nettali.com\/rest\/wp\/v2\/categories?post=91036"},{"taxonomy":"post_tag","embeddable":true,"href":"https:\/\/www.nettali.com\/rest\/wp\/v2\/tags?post=91036"}],"curies":[{"name":"wp","href":"https:\/\/api.w.org\/{rel}","templated":true}]}}