{"id":90756,"date":"2022-07-30T05:22:07","date_gmt":"2022-07-30T05:22:07","guid":{"rendered":"https:\/\/www.nettali.com\/?p=90756"},"modified":"2022-07-30T05:23:26","modified_gmt":"2022-07-30T05:23:26","slug":"legislatives-2022-le-president-bien-arrive-a-dakar","status":"publish","type":"post","link":"https:\/\/www.nettali.com\/2022\/07\/30\/legislatives-2022-le-president-bien-arrive-a-dakar\/","title":{"rendered":"LEGISLATIVES 2022 - Le pr\u00e9sident bien arriv\u00e9 \u00e0 Dakar"},"content":{"rendered":"<p><strong>NETTALI.COM \u2013 Officiellement \u00e0 Dakar pour les besoins des l\u00e9gislatives, Me Abdoulaye Wade est rentr\u00e9 hier au S\u00e9n\u00e9gal, 48 heures avant la tenue du scrutin. <\/strong><\/p>\n<p>Venu effectuer son devoir citoyen, le leader de Parti d\u00e9mocratique s\u00e9n\u00e9galais (PDS) est arriv\u00e9 hier vendredi \u00e0 Dakar. L\u2019ex-chef d\u2019\u00c9tat (2000-2012) est arriv\u00e9 dans la soir\u00e9e d\u2019hier. Une venue avanc\u00e9e par rapport \u00e0 la date pr\u00e9vue (aujourd'hui, NDLR). La raison a \u00e9t\u00e9 donn\u00e9e par un communiqu\u00e9 de la grande coalition Wallu S\u00e9n\u00e9gal. \u201c Craignant que son arriv\u00e9e \u00e0 Dakar le samedi 30 juillet ne prolonge la campagne \u00e9lectorale au-del\u00e0 du d\u00e9lai l\u00e9gal fix\u00e9 au vendredi 29 juillet \u00e0 minuit, le pr\u00e9sident Abdoulaye Wade a d\u00e9cid\u00e9 de rapprocher son retour\u2019\u2019, indique le document.<\/p>\n<p>En clair, le jet priv\u00e9 transportant le pape du Sopi avait re\u00e7u la permission de se poser au c\u0153ur de la capitale. \u201cL'avion militaire de type H258, immatricul\u00e9 CNTJS, est autoris\u00e9 \u00e0 atterrir \u00e0 l'a\u00e9roport militaire L\u00e9opold S\u00e9dar Senghor (AMISS) de Dakar, le vendredi 29 juillet 2022\u2019\u2019, renseignait une note des autorit\u00e9s militaires.<\/p>\n<p>Cependant celles-ci pr\u00e9cisaient qu\u2019il \u00e9tait de la responsabilit\u00e9 de l'\u00e9quipage de prendre les dispositions pour contacter les services priv\u00e9s pour avitaillement en carburant et assistance en escale. Malgr\u00e9 tout, c\u2019est par l\u2019a\u00e9roport international Blaise Diagne qu\u2019Abdoulaye Wade est rentr\u00e9.<\/p>\n<div class='share-to-whatsapp-wrapper'><div class='share-on-whsp'>PARTAGER SUR : <\/div><a data-text='LEGISLATIVES 2022 - Le pr\u00e9sident bien arriv\u00e9 \u00e0 Dakar' data-link='https:\/\/www.nettali.com\/2022\/07\/30\/legislatives-2022-le-president-bien-arrive-a-dakar\/' class='whatsapp-button whatsapp-share'>WhatsApp<\/a><div class='clear '><\/div><\/div>","protected":false},"excerpt":{"rendered":"<p>NETTALI.COM \u2013 Officiellement \u00e0 Dakar pour les besoins des l\u00e9gislatives, Me Abdoulaye Wade est rentr\u00e9 hier au S\u00e9n\u00e9gal, 48 heures avant la tenue du scrutin. Venu effectuer son devoir citoyen, le leader de Parti d\u00e9mocratique s\u00e9n\u00e9galais (PDS) est arriv\u00e9 hier vendredi \u00e0 Dakar. L\u2019ex-chef d\u2019\u00c9tat (2000-2012) est arriv\u00e9 dans la soir\u00e9e d\u2019hier. Une venue avanc\u00e9e [&hellip;]<\/p>\n","protected":false},"author":11,"featured_media":13518,"comment_status":"open","ping_status":"open","sticky":false,"template":"","format":"standard","meta":{"_et_pb_use_builder":"","_et_pb_old_content":""},"categories":[2],"tags":[],"yoast_head":"<!-- This site is optimized with the Yoast SEO Premium plugin v17.8 (Yoast SEO v17.8) - https:\/\/yoast.com\/wordpress\/plugins\/seo\/ -->\n<title>LEGISLATIVES 2022 - Le pr\u00e9sident bien arriv\u00e9 \u00e0 Dakar | Nettali.com<\/title>\n<meta name=\"robots\" content=\"index, follow, max-snippet:-1, max-image-preview:large, max-video-preview:-1\" \/>\n<link rel=\"canonical\" href=\"https:\/\/www.nettali.com\/2022\/07\/30\/legislatives-2022-le-president-bien-arrive-a-dakar\/\" \/>\n<meta property=\"og:locale\" content=\"fr_FR\" \/>\n<meta property=\"og:type\" content=\"article\" \/>\n<meta property=\"og:title\" content=\"LEGISLATIVES 2022 - Le pr\u00e9sident bien arriv\u00e9 \u00e0 Dakar\" \/>\n<meta property=\"og:description\" content=\"NETTALI.COM \u2013 Officiellement \u00e0 Dakar pour les besoins des l\u00e9gislatives, Me Abdoulaye Wade est rentr\u00e9 hier au S\u00e9n\u00e9gal, 48 heures avant la tenue du scrutin. Venu effectuer son devoir citoyen, le leader de Parti d\u00e9mocratique s\u00e9n\u00e9galais (PDS) est arriv\u00e9 hier vendredi \u00e0 Dakar. L\u2019ex-chef d\u2019\u00c9tat (2000-2012) est arriv\u00e9 dans la soir\u00e9e d\u2019hier. Une venue avanc\u00e9e [&hellip;]\" \/>\n<meta property=\"og:url\" content=\"https:\/\/www.nettali.com\/2022\/07\/30\/legislatives-2022-le-president-bien-arrive-a-dakar\/\" \/>\n<meta property=\"og:site_name\" content=\"Nettali.com\" \/>\n<meta property=\"article:publisher\" content=\"https:\/\/www.facebook.com\/nettalicom\" \/>\n<meta property=\"article:published_time\" content=\"2022-07-30T05:22:07+00:00\" \/>\n<meta property=\"article:modified_time\" content=\"2022-07-30T05:23:26+00:00\" \/>\n<meta property=\"og:image\" content=\"https:\/\/www.nettali.com\/wp-content\/uploads\/2019\/07\/wade.jpg\" \/>\n\t<meta property=\"og:image:width\" content=\"1080\" \/>\n\t<meta property=\"og:image:height\" content=\"715\" \/>\n<meta name=\"twitter:card\" content=\"summary_large_image\" \/>\n<meta name=\"twitter:label1\" content=\"\u00c9crit par\" \/>\n\t<meta name=\"twitter:data1\" content=\"Thierno Diop\" \/>\n\t<meta name=\"twitter:label2\" content=\"Dur\u00e9e de lecture estim\u00e9e\" \/>\n\t<meta name=\"twitter:data2\" content=\"2 minutes\" \/>\n<script type=\"application\/ld+json\" class=\"yoast-schema-graph\">{\"@context\":\"https:\/\/schema.org\",\"@graph\":[{\"@type\":\"WebSite\",\"@id\":\"https:\/\/www.nettali.com\/#website\",\"url\":\"https:\/\/www.nettali.com\/\",\"name\":\"Nettali.com\",\"description\":\"Le rendez-vous critique du Net\",\"potentialAction\":[{\"@type\":\"SearchAction\",\"target\":{\"@type\":\"EntryPoint\",\"urlTemplate\":\"https:\/\/www.nettali.com\/?s={search_term_string}\"},\"query-input\":\"required name=search_term_string\"}],\"inLanguage\":\"fr-FR\"},{\"@type\":\"ImageObject\",\"@id\":\"https:\/\/www.nettali.com\/2022\/07\/30\/legislatives-2022-le-president-bien-arrive-a-dakar\/#primaryimage\",\"inLanguage\":\"fr-FR\",\"url\":\"https:\/\/www.nettali.com\/wp-content\/uploads\/2019\/07\/wade.jpg\",\"contentUrl\":\"https:\/\/www.nettali.com\/wp-content\/uploads\/2019\/07\/wade.jpg\",\"width\":1080,\"height\":715},{\"@type\":\"WebPage\",\"@id\":\"https:\/\/www.nettali.com\/2022\/07\/30\/legislatives-2022-le-president-bien-arrive-a-dakar\/#webpage\",\"url\":\"https:\/\/www.nettali.com\/2022\/07\/30\/legislatives-2022-le-president-bien-arrive-a-dakar\/\",\"name\":\"LEGISLATIVES 2022 - Le pr\\u00e9sident bien arriv\\u00e9 \\u00e0 Dakar | Nettali.com\",\"isPartOf\":{\"@id\":\"https:\/\/www.nettali.com\/#website\"},\"primaryImageOfPage\":{\"@id\":\"https:\/\/www.nettali.com\/2022\/07\/30\/legislatives-2022-le-president-bien-arrive-a-dakar\/#primaryimage\"},\"datePublished\":\"2022-07-30T05:22:07+00:00\",\"dateModified\":\"2022-07-30T05:23:26+00:00\",\"author\":{\"@id\":\"https:\/\/www.nettali.com\/#\/schema\/person\/8a06c6bd7b19304cf4bf985862900b5b\"},\"breadcrumb\":{\"@id\":\"https:\/\/www.nettali.com\/2022\/07\/30\/legislatives-2022-le-president-bien-arrive-a-dakar\/#breadcrumb\"},\"inLanguage\":\"fr-FR\",\"potentialAction\":[{\"@type\":\"ReadAction\",\"target\":[\"https:\/\/www.nettali.com\/2022\/07\/30\/legislatives-2022-le-president-bien-arrive-a-dakar\/\"]}]},{\"@type\":\"BreadcrumbList\",\"@id\":\"https:\/\/www.nettali.com\/2022\/07\/30\/legislatives-2022-le-president-bien-arrive-a-dakar\/#breadcrumb\",\"itemListElement\":[{\"@type\":\"ListItem\",\"position\":1,\"name\":\"Accueil\",\"item\":\"https:\/\/www.nettali.com\/\"},{\"@type\":\"ListItem\",\"position\":2,\"name\":\"LEGISLATIVES 2022 - Le pr\\u00e9sident bien arriv\\u00e9 \\u00e0 Dakar\"}]},{\"@type\":\"Person\",\"@id\":\"https:\/\/www.nettali.com\/#\/schema\/person\/8a06c6bd7b19304cf4bf985862900b5b\",\"name\":\"Thierno Diop\",\"image\":{\"@type\":\"ImageObject\",\"@id\":\"https:\/\/www.nettali.com\/#personlogo\",\"inLanguage\":\"fr-FR\",\"url\":\"https:\/\/secure.gravatar.com\/avatar\/c8ca58550c94fd2ac856d27391a6c866?s=96&d=mm&r=g\",\"contentUrl\":\"https:\/\/secure.gravatar.com\/avatar\/c8ca58550c94fd2ac856d27391a6c866?s=96&d=mm&r=g\",\"caption\":\"Thierno Diop\"},\"sameAs\":[\"https:\/\/nettali.com\"]}]}<\/script>\n<!-- \/ Yoast SEO Premium plugin. -->","yoast_head_json":{"title":"LEGISLATIVES 2022 - Le pr\u00e9sident bien arriv\u00e9 \u00e0 Dakar | Nettali.com","robots":{"index":"index","follow":"follow","max-snippet":"max-snippet:-1","max-image-preview":"max-image-preview:large","max-video-preview":"max-video-preview:-1"},"canonical":"https:\/\/www.nettali.com\/2022\/07\/30\/legislatives-2022-le-president-bien-arrive-a-dakar\/","og_locale":"fr_FR","og_type":"article","og_title":"LEGISLATIVES 2022 - Le pr\u00e9sident bien arriv\u00e9 \u00e0 Dakar","og_description":"NETTALI.COM \u2013 Officiellement \u00e0 Dakar pour les besoins des l\u00e9gislatives, Me Abdoulaye Wade est rentr\u00e9 hier au S\u00e9n\u00e9gal, 48 heures avant la tenue du scrutin. Venu effectuer son devoir citoyen, le leader de Parti d\u00e9mocratique s\u00e9n\u00e9galais (PDS) est arriv\u00e9 hier vendredi \u00e0 Dakar. L\u2019ex-chef d\u2019\u00c9tat (2000-2012) est arriv\u00e9 dans la soir\u00e9e d\u2019hier. Une venue avanc\u00e9e [&hellip;]","og_url":"https:\/\/www.nettali.com\/2022\/07\/30\/legislatives-2022-le-president-bien-arrive-a-dakar\/","og_site_name":"Nettali.com","article_publisher":"https:\/\/www.facebook.com\/nettalicom","article_published_time":"2022-07-30T05:22:07+00:00","article_modified_time":"2022-07-30T05:23:26+00:00","og_image":[{"width":1080,"height":715,"url":"https:\/\/www.nettali.com\/wp-content\/uploads\/2019\/07\/wade.jpg","type":"image\/jpeg"}],"twitter_card":"summary_large_image","twitter_misc":{"\u00c9crit par":"Thierno Diop","Dur\u00e9e de lecture estim\u00e9e":"2 minutes"},"schema":{"@context":"https:\/\/schema.org","@graph":[{"@type":"WebSite","@id":"https:\/\/www.nettali.com\/#website","url":"https:\/\/www.nettali.com\/","name":"Nettali.com","description":"Le rendez-vous critique du Net","potentialAction":[{"@type":"SearchAction","target":{"@type":"EntryPoint","urlTemplate":"https:\/\/www.nettali.com\/?s={search_term_string}"},"query-input":"required name=search_term_string"}],"inLanguage":"fr-FR"},{"@type":"ImageObject","@id":"https:\/\/www.nettali.com\/2022\/07\/30\/legislatives-2022-le-president-bien-arrive-a-dakar\/#primaryimage","inLanguage":"fr-FR","url":"https:\/\/www.nettali.com\/wp-content\/uploads\/2019\/07\/wade.jpg","contentUrl":"https:\/\/www.nettali.com\/wp-content\/uploads\/2019\/07\/wade.jpg","width":1080,"height":715},{"@type":"WebPage","@id":"https:\/\/www.nettali.com\/2022\/07\/30\/legislatives-2022-le-president-bien-arrive-a-dakar\/#webpage","url":"https:\/\/www.nettali.com\/2022\/07\/30\/legislatives-2022-le-president-bien-arrive-a-dakar\/","name":"LEGISLATIVES 2022 - Le pr\u00e9sident bien arriv\u00e9 \u00e0 Dakar | Nettali.com","isPartOf":{"@id":"https:\/\/www.nettali.com\/#website"},"primaryImageOfPage":{"@id":"https:\/\/www.nettali.com\/2022\/07\/30\/legislatives-2022-le-president-bien-arrive-a-dakar\/#primaryimage"},"datePublished":"2022-07-30T05:22:07+00:00","dateModified":"2022-07-30T05:23:26+00:00","author":{"@id":"https:\/\/www.nettali.com\/#\/schema\/person\/8a06c6bd7b19304cf4bf985862900b5b"},"breadcrumb":{"@id":"https:\/\/www.nettali.com\/2022\/07\/30\/legislatives-2022-le-president-bien-arrive-a-dakar\/#breadcrumb"},"inLanguage":"fr-FR","potentialAction":[{"@type":"ReadAction","target":["https:\/\/www.nettali.com\/2022\/07\/30\/legislatives-2022-le-president-bien-arrive-a-dakar\/"]}]},{"@type":"BreadcrumbList","@id":"https:\/\/www.nettali.com\/2022\/07\/30\/legislatives-2022-le-president-bien-arrive-a-dakar\/#breadcrumb","itemListElement":[{"@type":"ListItem","position":1,"name":"Accueil","item":"https:\/\/www.nettali.com\/"},{"@type":"ListItem","position":2,"name":"LEGISLATIVES 2022 - Le pr\u00e9sident bien arriv\u00e9 \u00e0 Dakar"}]},{"@type":"Person","@id":"https:\/\/www.nettali.com\/#\/schema\/person\/8a06c6bd7b19304cf4bf985862900b5b","name":"Thierno Diop","image":{"@type":"ImageObject","@id":"https:\/\/www.nettali.com\/#personlogo","inLanguage":"fr-FR","url":"https:\/\/secure.gravatar.com\/avatar\/c8ca58550c94fd2ac856d27391a6c866?s=96&d=mm&r=g","contentUrl":"https:\/\/secure.gravatar.com\/avatar\/c8ca58550c94fd2ac856d27391a6c866?s=96&d=mm&r=g","caption":"Thierno Diop"},"sameAs":["https:\/\/nettali.com"]}]}},"_links":{"self":[{"href":"https:\/\/www.nettali.com\/rest\/wp\/v2\/posts\/90756"}],"collection":[{"href":"https:\/\/www.nettali.com\/rest\/wp\/v2\/posts"}],"about":[{"href":"https:\/\/www.nettali.com\/rest\/wp\/v2\/types\/post"}],"author":[{"embeddable":true,"href":"https:\/\/www.nettali.com\/rest\/wp\/v2\/users\/11"}],"replies":[{"embeddable":true,"href":"https:\/\/www.nettali.com\/rest\/wp\/v2\/comments?post=90756"}],"version-history":[{"count":2,"href":"https:\/\/www.nettali.com\/rest\/wp\/v2\/posts\/90756\/revisions"}],"predecessor-version":[{"id":90758,"href":"https:\/\/www.nettali.com\/rest\/wp\/v2\/posts\/90756\/revisions\/90758"}],"wp:featuredmedia":[{"embeddable":true,"href":"https:\/\/www.nettali.com\/rest\/wp\/v2\/media\/13518"}],"wp:attachment":[{"href":"https:\/\/www.nettali.com\/rest\/wp\/v2\/media?parent=90756"}],"wp:term":[{"taxonomy":"category","embeddable":true,"href":"https:\/\/www.nettali.com\/rest\/wp\/v2\/categories?post=90756"},{"taxonomy":"post_tag","embeddable":true,"href":"https:\/\/www.nettali.com\/rest\/wp\/v2\/tags?post=90756"}],"curies":[{"name":"wp","href":"https:\/\/api.w.org\/{rel}","templated":true}]}}