{"id":90612,"date":"2022-07-28T10:26:53","date_gmt":"2022-07-28T10:26:53","guid":{"rendered":"https:\/\/www.nettali.com\/?p=90612"},"modified":"2022-07-28T10:26:53","modified_gmt":"2022-07-28T10:26:53","slug":"pacasen-thies-privee-de-250-millions-f-cfa","status":"publish","type":"post","link":"https:\/\/www.nettali.com\/2022\/07\/28\/pacasen-thies-privee-de-250-millions-f-cfa\/","title":{"rendered":"PACASEN - Thi\u00e8s priv\u00e9e de 250 millions F CFa"},"content":{"rendered":"<p><strong>NETTALI.COM - La ville de Thi\u00e8s ne recevra pas cette ann\u00e9e l\u2019apport du Programme d\u2019appui aux communes et agglom\u00e9rations du S\u00e9n\u00e9gal (Pacasen) dans le d\u00e9veloppement des villes. Et pour cause ? L'\u00e9quipe sortante dirig\u00e9e par Talla Sylla n'a pas \u00e9crit \u00e0 cette structure, privant Babacar Diop et Cie de 250 millions F CFA.\u00a0<\/strong><\/p>\n<p>La ville de Thi\u00e8s ne recevra pas cette ann\u00e9e, sauf d\u00e9rogation, l\u2019apport du Programme d\u2019appui aux communes et agglom\u00e9rations du S\u00e9n\u00e9gal (Pacasen) dans le d\u00e9veloppement des villes. Surtout pour ce qui concerne les infrastructures.. La cause, l\u2019\u00e9quipe sortante n\u2019a pas vot\u00e9 pour que la ville en b\u00e9n\u00e9ficie. N\u00e9gligence ou non de Talla Sylla et compagnie ? Babacar Diop, l\u2019actuel maire donne sa langue aux chats avant d\u2019estimer qu\u2019il faut se rapprocher de son pr\u00e9d\u00e9cesseur pour en savoir davantage. \u00ab Vous savez pour \u00eatre \u00e9ligible au Pacasen, il faut voter le budget au plus tard avant le 31 d\u00e9cembre de l\u2019ann\u00e9e. L\u2019\u00e9quipe sortante n\u2019a pas vot\u00e9 le budget et nous avons h\u00e9rit\u00e9 ce probl\u00e8me. H\u00e9las, nous avons perdu 250 millions que nous devrions recevoir du Pacasen \u00bb, a dit Dr Babacar Diop, joint par emedia.sn.<\/p>\n<p>N\u00e9anmoins, le maire est en train de faire des pieds et des mains pour que la ville de Thi\u00e8s puisse obtenir une d\u00e9rogation. \u00ab Nous sommes en train de faire le plaidoyer aupr\u00e8s de toutes les autorit\u00e9s originaires de Thi\u00e8s qui sont dans le gouvernement. En tant que maire de cette ville, j\u2019interpelle aussi le pr\u00e9sident de la R\u00e9publique. Nous pensons qu\u2019une ville comme Thi\u00e8s ne m\u00e9rite pas de perdre comme \u00e7a cette enveloppe de 250 millions. Nous en avons besoin, nous avons de grandes ambitions pour Thi\u00e8s et les moyens sont d\u00e9risoires \u00bb, note le maire, toujours dans les colonnes de notre source.<\/p>\n<div class='share-to-whatsapp-wrapper'><div class='share-on-whsp'>PARTAGER SUR : <\/div><a data-text='PACASEN - Thi\u00e8s priv\u00e9e de 250 millions F CFa' data-link='https:\/\/www.nettali.com\/2022\/07\/28\/pacasen-thies-privee-de-250-millions-f-cfa\/' class='whatsapp-button whatsapp-share'>WhatsApp<\/a><div class='clear '><\/div><\/div>","protected":false},"excerpt":{"rendered":"<p>NETTALI.COM - La ville de Thi\u00e8s ne recevra pas cette ann\u00e9e l\u2019apport du Programme d\u2019appui aux communes et agglom\u00e9rations du S\u00e9n\u00e9gal (Pacasen) dans le d\u00e9veloppement des villes. Et pour cause ? L'\u00e9quipe sortante dirig\u00e9e par Talla Sylla n'a pas \u00e9crit \u00e0 cette structure, privant Babacar Diop et Cie de 250 millions F CFA.\u00a0 La ville [&hellip;]<\/p>\n","protected":false},"author":11,"featured_media":39755,"comment_status":"open","ping_status":"open","sticky":false,"template":"","format":"standard","meta":{"_et_pb_use_builder":"","_et_pb_old_content":""},"categories":[2],"tags":[],"yoast_head":"<!-- This site is optimized with the Yoast SEO Premium plugin v17.8 (Yoast SEO v17.8) - https:\/\/yoast.com\/wordpress\/plugins\/seo\/ -->\n<title>PACASEN - Thi\u00e8s priv\u00e9e de 250 millions F CFa | Nettali.com<\/title>\n<meta name=\"robots\" content=\"index, follow, max-snippet:-1, max-image-preview:large, max-video-preview:-1\" \/>\n<link rel=\"canonical\" href=\"https:\/\/www.nettali.com\/2022\/07\/28\/pacasen-thies-privee-de-250-millions-f-cfa\/\" \/>\n<meta property=\"og:locale\" content=\"fr_FR\" \/>\n<meta property=\"og:type\" content=\"article\" \/>\n<meta property=\"og:title\" content=\"PACASEN - Thi\u00e8s priv\u00e9e de 250 millions F CFa\" \/>\n<meta property=\"og:description\" content=\"NETTALI.COM - La ville de Thi\u00e8s ne recevra pas cette ann\u00e9e l\u2019apport du Programme d\u2019appui aux communes et agglom\u00e9rations du S\u00e9n\u00e9gal (Pacasen) dans le d\u00e9veloppement des villes. Et pour cause ? L&#039;\u00e9quipe sortante dirig\u00e9e par Talla Sylla n&#039;a pas \u00e9crit \u00e0 cette structure, privant Babacar Diop et Cie de 250 millions F CFA.\u00a0 La ville [&hellip;]\" \/>\n<meta property=\"og:url\" content=\"https:\/\/www.nettali.com\/2022\/07\/28\/pacasen-thies-privee-de-250-millions-f-cfa\/\" \/>\n<meta property=\"og:site_name\" content=\"Nettali.com\" \/>\n<meta property=\"article:publisher\" content=\"https:\/\/www.facebook.com\/nettalicom\" \/>\n<meta property=\"article:published_time\" content=\"2022-07-28T10:26:53+00:00\" \/>\n<meta property=\"og:image\" content=\"https:\/\/www.nettali.com\/wp-content\/uploads\/2020\/06\/Dr-Babacar-Diop.png\" \/>\n\t<meta property=\"og:image:width\" content=\"1398\" \/>\n\t<meta property=\"og:image:height\" content=\"740\" \/>\n<meta name=\"twitter:card\" content=\"summary_large_image\" \/>\n<meta name=\"twitter:label1\" content=\"\u00c9crit par\" \/>\n\t<meta name=\"twitter:data1\" content=\"Thierno Diop\" \/>\n\t<meta name=\"twitter:label2\" content=\"Dur\u00e9e de lecture estim\u00e9e\" \/>\n\t<meta name=\"twitter:data2\" content=\"2 minutes\" \/>\n<script type=\"application\/ld+json\" class=\"yoast-schema-graph\">{\"@context\":\"https:\/\/schema.org\",\"@graph\":[{\"@type\":\"WebSite\",\"@id\":\"https:\/\/www.nettali.com\/#website\",\"url\":\"https:\/\/www.nettali.com\/\",\"name\":\"Nettali.com\",\"description\":\"Le rendez-vous critique du Net\",\"potentialAction\":[{\"@type\":\"SearchAction\",\"target\":{\"@type\":\"EntryPoint\",\"urlTemplate\":\"https:\/\/www.nettali.com\/?s={search_term_string}\"},\"query-input\":\"required name=search_term_string\"}],\"inLanguage\":\"fr-FR\"},{\"@type\":\"ImageObject\",\"@id\":\"https:\/\/www.nettali.com\/2022\/07\/28\/pacasen-thies-privee-de-250-millions-f-cfa\/#primaryimage\",\"inLanguage\":\"fr-FR\",\"url\":\"https:\/\/www.nettali.com\/wp-content\/uploads\/2020\/06\/Dr-Babacar-Diop.png\",\"contentUrl\":\"https:\/\/www.nettali.com\/wp-content\/uploads\/2020\/06\/Dr-Babacar-Diop.png\",\"width\":1398,\"height\":740},{\"@type\":\"WebPage\",\"@id\":\"https:\/\/www.nettali.com\/2022\/07\/28\/pacasen-thies-privee-de-250-millions-f-cfa\/#webpage\",\"url\":\"https:\/\/www.nettali.com\/2022\/07\/28\/pacasen-thies-privee-de-250-millions-f-cfa\/\",\"name\":\"PACASEN - Thi\\u00e8s priv\\u00e9e de 250 millions F CFa | Nettali.com\",\"isPartOf\":{\"@id\":\"https:\/\/www.nettali.com\/#website\"},\"primaryImageOfPage\":{\"@id\":\"https:\/\/www.nettali.com\/2022\/07\/28\/pacasen-thies-privee-de-250-millions-f-cfa\/#primaryimage\"},\"datePublished\":\"2022-07-28T10:26:53+00:00\",\"dateModified\":\"2022-07-28T10:26:53+00:00\",\"author\":{\"@id\":\"https:\/\/www.nettali.com\/#\/schema\/person\/8a06c6bd7b19304cf4bf985862900b5b\"},\"breadcrumb\":{\"@id\":\"https:\/\/www.nettali.com\/2022\/07\/28\/pacasen-thies-privee-de-250-millions-f-cfa\/#breadcrumb\"},\"inLanguage\":\"fr-FR\",\"potentialAction\":[{\"@type\":\"ReadAction\",\"target\":[\"https:\/\/www.nettali.com\/2022\/07\/28\/pacasen-thies-privee-de-250-millions-f-cfa\/\"]}]},{\"@type\":\"BreadcrumbList\",\"@id\":\"https:\/\/www.nettali.com\/2022\/07\/28\/pacasen-thies-privee-de-250-millions-f-cfa\/#breadcrumb\",\"itemListElement\":[{\"@type\":\"ListItem\",\"position\":1,\"name\":\"Accueil\",\"item\":\"https:\/\/www.nettali.com\/\"},{\"@type\":\"ListItem\",\"position\":2,\"name\":\"PACASEN - Thi\\u00e8s priv\\u00e9e de 250 millions F CFa\"}]},{\"@type\":\"Person\",\"@id\":\"https:\/\/www.nettali.com\/#\/schema\/person\/8a06c6bd7b19304cf4bf985862900b5b\",\"name\":\"Thierno Diop\",\"image\":{\"@type\":\"ImageObject\",\"@id\":\"https:\/\/www.nettali.com\/#personlogo\",\"inLanguage\":\"fr-FR\",\"url\":\"https:\/\/secure.gravatar.com\/avatar\/c8ca58550c94fd2ac856d27391a6c866?s=96&d=mm&r=g\",\"contentUrl\":\"https:\/\/secure.gravatar.com\/avatar\/c8ca58550c94fd2ac856d27391a6c866?s=96&d=mm&r=g\",\"caption\":\"Thierno Diop\"},\"sameAs\":[\"https:\/\/nettali.com\"]}]}<\/script>\n<!-- \/ Yoast SEO Premium plugin. -->","yoast_head_json":{"title":"PACASEN - Thi\u00e8s priv\u00e9e de 250 millions F CFa | Nettali.com","robots":{"index":"index","follow":"follow","max-snippet":"max-snippet:-1","max-image-preview":"max-image-preview:large","max-video-preview":"max-video-preview:-1"},"canonical":"https:\/\/www.nettali.com\/2022\/07\/28\/pacasen-thies-privee-de-250-millions-f-cfa\/","og_locale":"fr_FR","og_type":"article","og_title":"PACASEN - Thi\u00e8s priv\u00e9e de 250 millions F CFa","og_description":"NETTALI.COM - La ville de Thi\u00e8s ne recevra pas cette ann\u00e9e l\u2019apport du Programme d\u2019appui aux communes et agglom\u00e9rations du S\u00e9n\u00e9gal (Pacasen) dans le d\u00e9veloppement des villes. Et pour cause ? L'\u00e9quipe sortante dirig\u00e9e par Talla Sylla n'a pas \u00e9crit \u00e0 cette structure, privant Babacar Diop et Cie de 250 millions F CFA.\u00a0 La ville [&hellip;]","og_url":"https:\/\/www.nettali.com\/2022\/07\/28\/pacasen-thies-privee-de-250-millions-f-cfa\/","og_site_name":"Nettali.com","article_publisher":"https:\/\/www.facebook.com\/nettalicom","article_published_time":"2022-07-28T10:26:53+00:00","og_image":[{"width":1398,"height":740,"url":"https:\/\/www.nettali.com\/wp-content\/uploads\/2020\/06\/Dr-Babacar-Diop.png","type":"image\/png"}],"twitter_card":"summary_large_image","twitter_misc":{"\u00c9crit par":"Thierno Diop","Dur\u00e9e de lecture estim\u00e9e":"2 minutes"},"schema":{"@context":"https:\/\/schema.org","@graph":[{"@type":"WebSite","@id":"https:\/\/www.nettali.com\/#website","url":"https:\/\/www.nettali.com\/","name":"Nettali.com","description":"Le rendez-vous critique du Net","potentialAction":[{"@type":"SearchAction","target":{"@type":"EntryPoint","urlTemplate":"https:\/\/www.nettali.com\/?s={search_term_string}"},"query-input":"required name=search_term_string"}],"inLanguage":"fr-FR"},{"@type":"ImageObject","@id":"https:\/\/www.nettali.com\/2022\/07\/28\/pacasen-thies-privee-de-250-millions-f-cfa\/#primaryimage","inLanguage":"fr-FR","url":"https:\/\/www.nettali.com\/wp-content\/uploads\/2020\/06\/Dr-Babacar-Diop.png","contentUrl":"https:\/\/www.nettali.com\/wp-content\/uploads\/2020\/06\/Dr-Babacar-Diop.png","width":1398,"height":740},{"@type":"WebPage","@id":"https:\/\/www.nettali.com\/2022\/07\/28\/pacasen-thies-privee-de-250-millions-f-cfa\/#webpage","url":"https:\/\/www.nettali.com\/2022\/07\/28\/pacasen-thies-privee-de-250-millions-f-cfa\/","name":"PACASEN - Thi\u00e8s priv\u00e9e de 250 millions F CFa | Nettali.com","isPartOf":{"@id":"https:\/\/www.nettali.com\/#website"},"primaryImageOfPage":{"@id":"https:\/\/www.nettali.com\/2022\/07\/28\/pacasen-thies-privee-de-250-millions-f-cfa\/#primaryimage"},"datePublished":"2022-07-28T10:26:53+00:00","dateModified":"2022-07-28T10:26:53+00:00","author":{"@id":"https:\/\/www.nettali.com\/#\/schema\/person\/8a06c6bd7b19304cf4bf985862900b5b"},"breadcrumb":{"@id":"https:\/\/www.nettali.com\/2022\/07\/28\/pacasen-thies-privee-de-250-millions-f-cfa\/#breadcrumb"},"inLanguage":"fr-FR","potentialAction":[{"@type":"ReadAction","target":["https:\/\/www.nettali.com\/2022\/07\/28\/pacasen-thies-privee-de-250-millions-f-cfa\/"]}]},{"@type":"BreadcrumbList","@id":"https:\/\/www.nettali.com\/2022\/07\/28\/pacasen-thies-privee-de-250-millions-f-cfa\/#breadcrumb","itemListElement":[{"@type":"ListItem","position":1,"name":"Accueil","item":"https:\/\/www.nettali.com\/"},{"@type":"ListItem","position":2,"name":"PACASEN - Thi\u00e8s priv\u00e9e de 250 millions F CFa"}]},{"@type":"Person","@id":"https:\/\/www.nettali.com\/#\/schema\/person\/8a06c6bd7b19304cf4bf985862900b5b","name":"Thierno Diop","image":{"@type":"ImageObject","@id":"https:\/\/www.nettali.com\/#personlogo","inLanguage":"fr-FR","url":"https:\/\/secure.gravatar.com\/avatar\/c8ca58550c94fd2ac856d27391a6c866?s=96&d=mm&r=g","contentUrl":"https:\/\/secure.gravatar.com\/avatar\/c8ca58550c94fd2ac856d27391a6c866?s=96&d=mm&r=g","caption":"Thierno Diop"},"sameAs":["https:\/\/nettali.com"]}]}},"_links":{"self":[{"href":"https:\/\/www.nettali.com\/rest\/wp\/v2\/posts\/90612"}],"collection":[{"href":"https:\/\/www.nettali.com\/rest\/wp\/v2\/posts"}],"about":[{"href":"https:\/\/www.nettali.com\/rest\/wp\/v2\/types\/post"}],"author":[{"embeddable":true,"href":"https:\/\/www.nettali.com\/rest\/wp\/v2\/users\/11"}],"replies":[{"embeddable":true,"href":"https:\/\/www.nettali.com\/rest\/wp\/v2\/comments?post=90612"}],"version-history":[{"count":1,"href":"https:\/\/www.nettali.com\/rest\/wp\/v2\/posts\/90612\/revisions"}],"predecessor-version":[{"id":90613,"href":"https:\/\/www.nettali.com\/rest\/wp\/v2\/posts\/90612\/revisions\/90613"}],"wp:featuredmedia":[{"embeddable":true,"href":"https:\/\/www.nettali.com\/rest\/wp\/v2\/media\/39755"}],"wp:attachment":[{"href":"https:\/\/www.nettali.com\/rest\/wp\/v2\/media?parent=90612"}],"wp:term":[{"taxonomy":"category","embeddable":true,"href":"https:\/\/www.nettali.com\/rest\/wp\/v2\/categories?post=90612"},{"taxonomy":"post_tag","embeddable":true,"href":"https:\/\/www.nettali.com\/rest\/wp\/v2\/tags?post=90612"}],"curies":[{"name":"wp","href":"https:\/\/api.w.org\/{rel}","templated":true}]}}