{"id":90583,"date":"2022-07-28T08:37:12","date_gmt":"2022-07-28T08:37:12","guid":{"rendered":"https:\/\/www.nettali.com\/?p=90583"},"modified":"2022-07-28T08:37:12","modified_gmt":"2022-07-28T08:37:12","slug":"psg-neymar-repond-a-meunier","status":"publish","type":"post","link":"https:\/\/www.nettali.com\/2022\/07\/28\/psg-neymar-repond-a-meunier\/","title":{"rendered":"PSG - Neymar r\u00e9pond \u00e0 Meunier"},"content":{"rendered":"<p><strong>NETTALI.COM - Tacl\u00e9 lundi dernier par son ancien co\u00e9quipier, Thomas Meunier, Neymar n'a pas perdu de temps pour r\u00e9pondre au lat\u00e9ral droit du Borussia Dortmund. Ce dernier a point\u00e9 du doigt le d\u00e9clin du num\u00e9ro 10 du Psg et sans surprise Ney n'a pas franchement appr\u00e9ci\u00e9.<\/strong><\/p>\n<p>\"<em>Trop bavard ce gar\u00e7on<\/em>\", a l\u00e2ch\u00e9 l'ex-joueur du FC Barcelone sur le r\u00e9seau social Instagram, avec un smiley qui rigole. D\u00e9termin\u00e9 \u00e0 retrouver son meilleur niveau, l'Auriverde, sous contrat jusqu'en juin 2027, a r\u00e9cemment r\u00e9affirm\u00e9 son intention de rester au PSG sur ce mercato d'\u00e9t\u00e9.<\/p>\n<p>Ancien partenaire de Neymar au Paris Saint-Germain, le lat\u00e9ral droit du Borussia Dortmund Thomas Meunier (30 ans, 17 matchs et 2 buts en Bundesliga pour la saison 2021-2022) a \u00e9t\u00e9 cash sur le d\u00e9clin du Br\u00e9silien depuis son arriv\u00e9e dans la capitale fran\u00e7aise en 2017.<\/p>\n<p>\"<em>Je dois admettre que j'\u00e9tais un grand fan de Neymar quand il jouait encore \u00e0 Barcelone. La remontada, c'est enti\u00e8rement lui. Si j'avais eu 10 ans, j'aurais eu son poster dans ma chambre. (\u2026) A Paris, il a toutefois perdu sa magie, de mon point de vue<\/em>\", avait l\u00e2ch\u00e9 l'international belge pour le m\u00e9dia allemand Kicker.<\/p>\n<div class='share-to-whatsapp-wrapper'><div class='share-on-whsp'>PARTAGER SUR : <\/div><a data-text='PSG - Neymar r\u00e9pond \u00e0 Meunier' data-link='https:\/\/www.nettali.com\/2022\/07\/28\/psg-neymar-repond-a-meunier\/' class='whatsapp-button whatsapp-share'>WhatsApp<\/a><div class='clear '><\/div><\/div>","protected":false},"excerpt":{"rendered":"<p>NETTALI.COM - Tacl\u00e9 lundi dernier par son ancien co\u00e9quipier, Thomas Meunier, Neymar n'a pas perdu de temps pour r\u00e9pondre au lat\u00e9ral droit du Borussia Dortmund. Ce dernier a point\u00e9 du doigt le d\u00e9clin du num\u00e9ro 10 du Psg et sans surprise Ney n'a pas franchement appr\u00e9ci\u00e9. \"Trop bavard ce gar\u00e7on\", a l\u00e2ch\u00e9 l'ex-joueur du FC [&hellip;]<\/p>\n","protected":false},"author":5,"featured_media":90581,"comment_status":"open","ping_status":"open","sticky":false,"template":"","format":"standard","meta":{"_et_pb_use_builder":"","_et_pb_old_content":""},"categories":[6],"tags":[],"yoast_head":"<!-- This site is optimized with the Yoast SEO Premium plugin v17.8 (Yoast SEO v17.8) - https:\/\/yoast.com\/wordpress\/plugins\/seo\/ -->\n<title>PSG - Neymar r\u00e9pond \u00e0 Meunier | Nettali.com<\/title>\n<meta name=\"robots\" content=\"index, follow, max-snippet:-1, max-image-preview:large, max-video-preview:-1\" \/>\n<link rel=\"canonical\" href=\"https:\/\/www.nettali.com\/2022\/07\/28\/psg-neymar-repond-a-meunier\/\" \/>\n<meta property=\"og:locale\" content=\"fr_FR\" \/>\n<meta property=\"og:type\" content=\"article\" \/>\n<meta property=\"og:title\" content=\"PSG - Neymar r\u00e9pond \u00e0 Meunier\" \/>\n<meta property=\"og:description\" content=\"NETTALI.COM - Tacl\u00e9 lundi dernier par son ancien co\u00e9quipier, Thomas Meunier, Neymar n&#039;a pas perdu de temps pour r\u00e9pondre au lat\u00e9ral droit du Borussia Dortmund. Ce dernier a point\u00e9 du doigt le d\u00e9clin du num\u00e9ro 10 du Psg et sans surprise Ney n&#039;a pas franchement appr\u00e9ci\u00e9. &quot;Trop bavard ce gar\u00e7on&quot;, a l\u00e2ch\u00e9 l&#039;ex-joueur du FC [&hellip;]\" \/>\n<meta property=\"og:url\" content=\"https:\/\/www.nettali.com\/2022\/07\/28\/psg-neymar-repond-a-meunier\/\" \/>\n<meta property=\"og:site_name\" content=\"Nettali.com\" \/>\n<meta property=\"article:publisher\" content=\"https:\/\/www.facebook.com\/nettalicom\" \/>\n<meta property=\"article:published_time\" content=\"2022-07-28T08:37:12+00:00\" \/>\n<meta property=\"og:image\" content=\"https:\/\/www.nettali.com\/wp-content\/uploads\/2022\/07\/fbl-fra-lcup-rennes-psg.jpg\" \/>\n\t<meta property=\"og:image:width\" content=\"2319\" \/>\n\t<meta property=\"og:image:height\" content=\"1546\" \/>\n<meta name=\"twitter:card\" content=\"summary_large_image\" \/>\n<meta name=\"twitter:label1\" content=\"\u00c9crit par\" \/>\n\t<meta name=\"twitter:data1\" content=\"Ibrahima\" \/>\n\t<meta name=\"twitter:label2\" content=\"Dur\u00e9e de lecture estim\u00e9e\" \/>\n\t<meta name=\"twitter:data2\" content=\"1 minute\" \/>\n<script type=\"application\/ld+json\" class=\"yoast-schema-graph\">{\"@context\":\"https:\/\/schema.org\",\"@graph\":[{\"@type\":\"WebSite\",\"@id\":\"https:\/\/www.nettali.com\/#website\",\"url\":\"https:\/\/www.nettali.com\/\",\"name\":\"Nettali.com\",\"description\":\"Le rendez-vous critique du Net\",\"potentialAction\":[{\"@type\":\"SearchAction\",\"target\":{\"@type\":\"EntryPoint\",\"urlTemplate\":\"https:\/\/www.nettali.com\/?s={search_term_string}\"},\"query-input\":\"required name=search_term_string\"}],\"inLanguage\":\"fr-FR\"},{\"@type\":\"ImageObject\",\"@id\":\"https:\/\/www.nettali.com\/2022\/07\/28\/psg-neymar-repond-a-meunier\/#primaryimage\",\"inLanguage\":\"fr-FR\",\"url\":\"https:\/\/www.nettali.com\/wp-content\/uploads\/2022\/07\/fbl-fra-lcup-rennes-psg.jpg\",\"contentUrl\":\"https:\/\/www.nettali.com\/wp-content\/uploads\/2022\/07\/fbl-fra-lcup-rennes-psg.jpg\",\"width\":2319,\"height\":1546},{\"@type\":\"WebPage\",\"@id\":\"https:\/\/www.nettali.com\/2022\/07\/28\/psg-neymar-repond-a-meunier\/#webpage\",\"url\":\"https:\/\/www.nettali.com\/2022\/07\/28\/psg-neymar-repond-a-meunier\/\",\"name\":\"PSG - Neymar r\\u00e9pond \\u00e0 Meunier | Nettali.com\",\"isPartOf\":{\"@id\":\"https:\/\/www.nettali.com\/#website\"},\"primaryImageOfPage\":{\"@id\":\"https:\/\/www.nettali.com\/2022\/07\/28\/psg-neymar-repond-a-meunier\/#primaryimage\"},\"datePublished\":\"2022-07-28T08:37:12+00:00\",\"dateModified\":\"2022-07-28T08:37:12+00:00\",\"author\":{\"@id\":\"https:\/\/www.nettali.com\/#\/schema\/person\/bb147657c2986240405a608162b9bb23\"},\"breadcrumb\":{\"@id\":\"https:\/\/www.nettali.com\/2022\/07\/28\/psg-neymar-repond-a-meunier\/#breadcrumb\"},\"inLanguage\":\"fr-FR\",\"potentialAction\":[{\"@type\":\"ReadAction\",\"target\":[\"https:\/\/www.nettali.com\/2022\/07\/28\/psg-neymar-repond-a-meunier\/\"]}]},{\"@type\":\"BreadcrumbList\",\"@id\":\"https:\/\/www.nettali.com\/2022\/07\/28\/psg-neymar-repond-a-meunier\/#breadcrumb\",\"itemListElement\":[{\"@type\":\"ListItem\",\"position\":1,\"name\":\"Accueil\",\"item\":\"https:\/\/www.nettali.com\/\"},{\"@type\":\"ListItem\",\"position\":2,\"name\":\"PSG - Neymar r\\u00e9pond \\u00e0 Meunier\"}]},{\"@type\":\"Person\",\"@id\":\"https:\/\/www.nettali.com\/#\/schema\/person\/bb147657c2986240405a608162b9bb23\",\"name\":\"Ibrahima\",\"image\":{\"@type\":\"ImageObject\",\"@id\":\"https:\/\/www.nettali.com\/#personlogo\",\"inLanguage\":\"fr-FR\",\"url\":\"https:\/\/secure.gravatar.com\/avatar\/26a8a81f09f0dd7624c9d5c36c9ba3a2?s=96&d=mm&r=g\",\"contentUrl\":\"https:\/\/secure.gravatar.com\/avatar\/26a8a81f09f0dd7624c9d5c36c9ba3a2?s=96&d=mm&r=g\",\"caption\":\"Ibrahima\"},\"sameAs\":[\"https:\/\/www.nettali.com\"]}]}<\/script>\n<!-- \/ Yoast SEO Premium plugin. -->","yoast_head_json":{"title":"PSG - Neymar r\u00e9pond \u00e0 Meunier | Nettali.com","robots":{"index":"index","follow":"follow","max-snippet":"max-snippet:-1","max-image-preview":"max-image-preview:large","max-video-preview":"max-video-preview:-1"},"canonical":"https:\/\/www.nettali.com\/2022\/07\/28\/psg-neymar-repond-a-meunier\/","og_locale":"fr_FR","og_type":"article","og_title":"PSG - Neymar r\u00e9pond \u00e0 Meunier","og_description":"NETTALI.COM - Tacl\u00e9 lundi dernier par son ancien co\u00e9quipier, Thomas Meunier, Neymar n'a pas perdu de temps pour r\u00e9pondre au lat\u00e9ral droit du Borussia Dortmund. Ce dernier a point\u00e9 du doigt le d\u00e9clin du num\u00e9ro 10 du Psg et sans surprise Ney n'a pas franchement appr\u00e9ci\u00e9. \"Trop bavard ce gar\u00e7on\", a l\u00e2ch\u00e9 l'ex-joueur du FC [&hellip;]","og_url":"https:\/\/www.nettali.com\/2022\/07\/28\/psg-neymar-repond-a-meunier\/","og_site_name":"Nettali.com","article_publisher":"https:\/\/www.facebook.com\/nettalicom","article_published_time":"2022-07-28T08:37:12+00:00","og_image":[{"width":2319,"height":1546,"url":"https:\/\/www.nettali.com\/wp-content\/uploads\/2022\/07\/fbl-fra-lcup-rennes-psg.jpg","type":"image\/jpeg"}],"twitter_card":"summary_large_image","twitter_misc":{"\u00c9crit par":"Ibrahima","Dur\u00e9e de lecture estim\u00e9e":"1 minute"},"schema":{"@context":"https:\/\/schema.org","@graph":[{"@type":"WebSite","@id":"https:\/\/www.nettali.com\/#website","url":"https:\/\/www.nettali.com\/","name":"Nettali.com","description":"Le rendez-vous critique du Net","potentialAction":[{"@type":"SearchAction","target":{"@type":"EntryPoint","urlTemplate":"https:\/\/www.nettali.com\/?s={search_term_string}"},"query-input":"required name=search_term_string"}],"inLanguage":"fr-FR"},{"@type":"ImageObject","@id":"https:\/\/www.nettali.com\/2022\/07\/28\/psg-neymar-repond-a-meunier\/#primaryimage","inLanguage":"fr-FR","url":"https:\/\/www.nettali.com\/wp-content\/uploads\/2022\/07\/fbl-fra-lcup-rennes-psg.jpg","contentUrl":"https:\/\/www.nettali.com\/wp-content\/uploads\/2022\/07\/fbl-fra-lcup-rennes-psg.jpg","width":2319,"height":1546},{"@type":"WebPage","@id":"https:\/\/www.nettali.com\/2022\/07\/28\/psg-neymar-repond-a-meunier\/#webpage","url":"https:\/\/www.nettali.com\/2022\/07\/28\/psg-neymar-repond-a-meunier\/","name":"PSG - Neymar r\u00e9pond \u00e0 Meunier | Nettali.com","isPartOf":{"@id":"https:\/\/www.nettali.com\/#website"},"primaryImageOfPage":{"@id":"https:\/\/www.nettali.com\/2022\/07\/28\/psg-neymar-repond-a-meunier\/#primaryimage"},"datePublished":"2022-07-28T08:37:12+00:00","dateModified":"2022-07-28T08:37:12+00:00","author":{"@id":"https:\/\/www.nettali.com\/#\/schema\/person\/bb147657c2986240405a608162b9bb23"},"breadcrumb":{"@id":"https:\/\/www.nettali.com\/2022\/07\/28\/psg-neymar-repond-a-meunier\/#breadcrumb"},"inLanguage":"fr-FR","potentialAction":[{"@type":"ReadAction","target":["https:\/\/www.nettali.com\/2022\/07\/28\/psg-neymar-repond-a-meunier\/"]}]},{"@type":"BreadcrumbList","@id":"https:\/\/www.nettali.com\/2022\/07\/28\/psg-neymar-repond-a-meunier\/#breadcrumb","itemListElement":[{"@type":"ListItem","position":1,"name":"Accueil","item":"https:\/\/www.nettali.com\/"},{"@type":"ListItem","position":2,"name":"PSG - Neymar r\u00e9pond \u00e0 Meunier"}]},{"@type":"Person","@id":"https:\/\/www.nettali.com\/#\/schema\/person\/bb147657c2986240405a608162b9bb23","name":"Ibrahima","image":{"@type":"ImageObject","@id":"https:\/\/www.nettali.com\/#personlogo","inLanguage":"fr-FR","url":"https:\/\/secure.gravatar.com\/avatar\/26a8a81f09f0dd7624c9d5c36c9ba3a2?s=96&d=mm&r=g","contentUrl":"https:\/\/secure.gravatar.com\/avatar\/26a8a81f09f0dd7624c9d5c36c9ba3a2?s=96&d=mm&r=g","caption":"Ibrahima"},"sameAs":["https:\/\/www.nettali.com"]}]}},"_links":{"self":[{"href":"https:\/\/www.nettali.com\/rest\/wp\/v2\/posts\/90583"}],"collection":[{"href":"https:\/\/www.nettali.com\/rest\/wp\/v2\/posts"}],"about":[{"href":"https:\/\/www.nettali.com\/rest\/wp\/v2\/types\/post"}],"author":[{"embeddable":true,"href":"https:\/\/www.nettali.com\/rest\/wp\/v2\/users\/5"}],"replies":[{"embeddable":true,"href":"https:\/\/www.nettali.com\/rest\/wp\/v2\/comments?post=90583"}],"version-history":[{"count":1,"href":"https:\/\/www.nettali.com\/rest\/wp\/v2\/posts\/90583\/revisions"}],"predecessor-version":[{"id":90588,"href":"https:\/\/www.nettali.com\/rest\/wp\/v2\/posts\/90583\/revisions\/90588"}],"wp:featuredmedia":[{"embeddable":true,"href":"https:\/\/www.nettali.com\/rest\/wp\/v2\/media\/90581"}],"wp:attachment":[{"href":"https:\/\/www.nettali.com\/rest\/wp\/v2\/media?parent=90583"}],"wp:term":[{"taxonomy":"category","embeddable":true,"href":"https:\/\/www.nettali.com\/rest\/wp\/v2\/categories?post=90583"},{"taxonomy":"post_tag","embeddable":true,"href":"https:\/\/www.nettali.com\/rest\/wp\/v2\/tags?post=90583"}],"curies":[{"name":"wp","href":"https:\/\/api.w.org\/{rel}","templated":true}]}}