{"id":90571,"date":"2022-07-28T10:49:13","date_gmt":"2022-07-28T10:49:13","guid":{"rendered":"https:\/\/www.nettali.com\/?p=90571"},"modified":"2022-07-28T11:15:15","modified_gmt":"2022-07-28T11:15:15","slug":"7e-edition-africallia-ouagadougou-lappel-du-coeur-de-jacob-ouedraogo-ambassadeur-du-burkina-au-senegal","status":"publish","type":"post","link":"https:\/\/www.nettali.com\/2022\/07\/28\/7e-edition-africallia-ouagadougou-lappel-du-coeur-de-jacob-ouedraogo-ambassadeur-du-burkina-au-senegal\/","title":{"rendered":"7E \u00c9DITION AFRICALLIA (OUAGADOUGOU) - L\u2019appel du c\u0153ur de Jacob Ou\u00e9draogo, ambassadeur du Burkina au S\u00e9n\u00e9gal"},"content":{"rendered":"<p><strong>NETTALI.COM- En prelude\u00a0 \u00e0 la 7e \u00e9dition du Forum AFRICALLIA pr\u00e9vue du 19 au 21 octobre 2022 au Burkina Faso, l\u2019ambassadeur de ce pays au S\u00e9n\u00e9gal,\u00a0 Jacob Ou\u00e9draogo a lanc\u00e9 un appel du c\u0153ur aux participants pour les rassurer.<\/strong><\/p>\n<p>La 7e \u00e9dition du Forum AFRICALLIA est pr\u00e9vue du 19 au 21 octobre 2022 au Burkina Faso. Cet \u00e9v\u00e8nement vise \u00e0 offrir aux Pme et Pmi une autre espace \u00e9conomique de r\u00e9elles d\u2019opportunit\u00e9s de se rencontrer et de nouer des relations d\u2019affaires non seulement entre elles mais aussi avec d\u2019autres entreprises du reste du monde. Elle r\u00e9unit au moins 300 entreprises. Mais, cette ann\u00e9e, elle va se tenir dans un contexte o\u00f9 le Burkina Faso est en crise \u00e0 cause des menaces terroristes. C\u2019est pourquoi, face \u00e0 la presse, l\u2019ambassadeur de ce pays au S\u00e9n\u00e9gal,\u00a0 Jacob Ou\u00e9draogo a lanc\u00e9 un appel du c\u0153ur aux participants pour les rassurer. \u00ab <em>Je peux vous assurer que toutes les dispositions seront prises pour que tout se passe bien. N\u2019ayez pas peur lorsqu\u2019on parle de l\u2019ins\u00e9curit\u00e9 au Burkina Faso parce que malgr\u00e9 cette situation, nous avons d\u00e9cid\u00e9 et nous sommes d\u00e9cid\u00e9s \u00e0 rester r\u00e9silient<\/em> \u00bb, d\u00e9clare-t-il.<\/p>\n<p>Il poursuit : \u00ab <em>La vie doit continuer et pour qu\u2019il ait la vie il faut qu\u2019il ait une vie \u00e9conomique. Venez au Burkina pour manifester \u00e9galement votre solidarit\u00e9 \u00e0 ce peuple-l\u00e0 qui se bat malgr\u00e9 les difficult\u00e9s pour garder la t\u00eate hors de l\u2019eau et dire que la vie continue et que nous allons arriver au bout du terrorisme et qu\u2019il fera encore bon vivre au Burkina Faso. Il ne faut pas d\u00e9serter le Burkina. Bien au contraire, ce sont dans les moments de difficult\u00e9s qu\u2019on reconna\u00eet ses amis<\/em> \u00bb.<\/p>\n<div class='share-to-whatsapp-wrapper'><div class='share-on-whsp'>PARTAGER SUR : <\/div><a data-text='7E \u00c9DITION AFRICALLIA (OUAGADOUGOU) - L\u2019appel du c\u0153ur de Jacob Ou\u00e9draogo, ambassadeur du Burkina au S\u00e9n\u00e9gal' data-link='https:\/\/www.nettali.com\/2022\/07\/28\/7e-edition-africallia-ouagadougou-lappel-du-coeur-de-jacob-ouedraogo-ambassadeur-du-burkina-au-senegal\/' class='whatsapp-button whatsapp-share'>WhatsApp<\/a><div class='clear '><\/div><\/div>","protected":false},"excerpt":{"rendered":"<p>NETTALI.COM- En prelude\u00a0 \u00e0 la 7e \u00e9dition du Forum AFRICALLIA pr\u00e9vue du 19 au 21 octobre 2022 au Burkina Faso, l\u2019ambassadeur de ce pays au S\u00e9n\u00e9gal,\u00a0 Jacob Ou\u00e9draogo a lanc\u00e9 un appel du c\u0153ur aux participants pour les rassurer. La 7e \u00e9dition du Forum AFRICALLIA est pr\u00e9vue du 19 au 21 octobre 2022 au Burkina [&hellip;]<\/p>\n","protected":false},"author":6,"featured_media":90619,"comment_status":"open","ping_status":"open","sticky":false,"template":"","format":"standard","meta":{"_et_pb_use_builder":"","_et_pb_old_content":""},"categories":[4],"tags":[],"yoast_head":"<!-- This site is optimized with the Yoast SEO Premium plugin v17.8 (Yoast SEO v17.8) - https:\/\/yoast.com\/wordpress\/plugins\/seo\/ -->\n<title>7E \u00c9DITION AFRICALLIA (OUAGADOUGOU) - L\u2019appel du c\u0153ur de Jacob Ou\u00e9draogo, ambassadeur du Burkina au S\u00e9n\u00e9gal | Nettali.com<\/title>\n<meta name=\"robots\" content=\"index, follow, max-snippet:-1, max-image-preview:large, max-video-preview:-1\" \/>\n<link rel=\"canonical\" href=\"https:\/\/www.nettali.com\/2022\/07\/28\/7e-edition-africallia-ouagadougou-lappel-du-coeur-de-jacob-ouedraogo-ambassadeur-du-burkina-au-senegal\/\" \/>\n<meta property=\"og:locale\" content=\"fr_FR\" \/>\n<meta property=\"og:type\" content=\"article\" \/>\n<meta property=\"og:title\" content=\"7E \u00c9DITION AFRICALLIA (OUAGADOUGOU) - L\u2019appel du c\u0153ur de Jacob Ou\u00e9draogo, ambassadeur du Burkina au S\u00e9n\u00e9gal\" \/>\n<meta property=\"og:description\" content=\"NETTALI.COM- En prelude\u00a0 \u00e0 la 7e \u00e9dition du Forum AFRICALLIA pr\u00e9vue du 19 au 21 octobre 2022 au Burkina Faso, l\u2019ambassadeur de ce pays au S\u00e9n\u00e9gal,\u00a0 Jacob Ou\u00e9draogo a lanc\u00e9 un appel du c\u0153ur aux participants pour les rassurer. La 7e \u00e9dition du Forum AFRICALLIA est pr\u00e9vue du 19 au 21 octobre 2022 au Burkina [&hellip;]\" \/>\n<meta property=\"og:url\" content=\"https:\/\/www.nettali.com\/2022\/07\/28\/7e-edition-africallia-ouagadougou-lappel-du-coeur-de-jacob-ouedraogo-ambassadeur-du-burkina-au-senegal\/\" \/>\n<meta property=\"og:site_name\" content=\"Nettali.com\" \/>\n<meta property=\"article:publisher\" content=\"https:\/\/www.facebook.com\/nettalicom\" \/>\n<meta property=\"article:published_time\" content=\"2022-07-28T10:49:13+00:00\" \/>\n<meta property=\"article:modified_time\" content=\"2022-07-28T11:15:15+00:00\" \/>\n<meta property=\"og:image\" content=\"https:\/\/www.nettali.com\/wp-content\/uploads\/2022\/07\/Africallia-2022.jpeg\" \/>\n\t<meta property=\"og:image:width\" content=\"696\" \/>\n\t<meta property=\"og:image:height\" content=\"385\" \/>\n<meta name=\"twitter:card\" content=\"summary_large_image\" \/>\n<meta name=\"twitter:label1\" content=\"\u00c9crit par\" \/>\n\t<meta name=\"twitter:data1\" content=\"Fatou\" \/>\n\t<meta name=\"twitter:label2\" content=\"Dur\u00e9e de lecture estim\u00e9e\" \/>\n\t<meta name=\"twitter:data2\" content=\"2 minutes\" \/>\n<script type=\"application\/ld+json\" class=\"yoast-schema-graph\">{\"@context\":\"https:\/\/schema.org\",\"@graph\":[{\"@type\":\"WebSite\",\"@id\":\"https:\/\/www.nettali.com\/#website\",\"url\":\"https:\/\/www.nettali.com\/\",\"name\":\"Nettali.com\",\"description\":\"Le rendez-vous critique du Net\",\"potentialAction\":[{\"@type\":\"SearchAction\",\"target\":{\"@type\":\"EntryPoint\",\"urlTemplate\":\"https:\/\/www.nettali.com\/?s={search_term_string}\"},\"query-input\":\"required name=search_term_string\"}],\"inLanguage\":\"fr-FR\"},{\"@type\":\"ImageObject\",\"@id\":\"https:\/\/www.nettali.com\/2022\/07\/28\/7e-edition-africallia-ouagadougou-lappel-du-coeur-de-jacob-ouedraogo-ambassadeur-du-burkina-au-senegal\/#primaryimage\",\"inLanguage\":\"fr-FR\",\"url\":\"https:\/\/www.nettali.com\/wp-content\/uploads\/2022\/07\/Africallia-2022.jpeg\",\"contentUrl\":\"https:\/\/www.nettali.com\/wp-content\/uploads\/2022\/07\/Africallia-2022.jpeg\",\"width\":696,\"height\":385},{\"@type\":\"WebPage\",\"@id\":\"https:\/\/www.nettali.com\/2022\/07\/28\/7e-edition-africallia-ouagadougou-lappel-du-coeur-de-jacob-ouedraogo-ambassadeur-du-burkina-au-senegal\/#webpage\",\"url\":\"https:\/\/www.nettali.com\/2022\/07\/28\/7e-edition-africallia-ouagadougou-lappel-du-coeur-de-jacob-ouedraogo-ambassadeur-du-burkina-au-senegal\/\",\"name\":\"7E \\u00c9DITION AFRICALLIA (OUAGADOUGOU) - L\\u2019appel du c\\u0153ur de Jacob Ou\\u00e9draogo, ambassadeur du Burkina au S\\u00e9n\\u00e9gal | Nettali.com\",\"isPartOf\":{\"@id\":\"https:\/\/www.nettali.com\/#website\"},\"primaryImageOfPage\":{\"@id\":\"https:\/\/www.nettali.com\/2022\/07\/28\/7e-edition-africallia-ouagadougou-lappel-du-coeur-de-jacob-ouedraogo-ambassadeur-du-burkina-au-senegal\/#primaryimage\"},\"datePublished\":\"2022-07-28T10:49:13+00:00\",\"dateModified\":\"2022-07-28T11:15:15+00:00\",\"author\":{\"@id\":\"https:\/\/www.nettali.com\/#\/schema\/person\/418274a86bdf87caff7a3ef476bd0bbf\"},\"breadcrumb\":{\"@id\":\"https:\/\/www.nettali.com\/2022\/07\/28\/7e-edition-africallia-ouagadougou-lappel-du-coeur-de-jacob-ouedraogo-ambassadeur-du-burkina-au-senegal\/#breadcrumb\"},\"inLanguage\":\"fr-FR\",\"potentialAction\":[{\"@type\":\"ReadAction\",\"target\":[\"https:\/\/www.nettali.com\/2022\/07\/28\/7e-edition-africallia-ouagadougou-lappel-du-coeur-de-jacob-ouedraogo-ambassadeur-du-burkina-au-senegal\/\"]}]},{\"@type\":\"BreadcrumbList\",\"@id\":\"https:\/\/www.nettali.com\/2022\/07\/28\/7e-edition-africallia-ouagadougou-lappel-du-coeur-de-jacob-ouedraogo-ambassadeur-du-burkina-au-senegal\/#breadcrumb\",\"itemListElement\":[{\"@type\":\"ListItem\",\"position\":1,\"name\":\"Accueil\",\"item\":\"https:\/\/www.nettali.com\/\"},{\"@type\":\"ListItem\",\"position\":2,\"name\":\"7E \\u00c9DITION AFRICALLIA (OUAGADOUGOU) - L\\u2019appel du c\\u0153ur de Jacob Ou\\u00e9draogo, ambassadeur du Burkina au S\\u00e9n\\u00e9gal\"}]},{\"@type\":\"Person\",\"@id\":\"https:\/\/www.nettali.com\/#\/schema\/person\/418274a86bdf87caff7a3ef476bd0bbf\",\"name\":\"Fatou\",\"image\":{\"@type\":\"ImageObject\",\"@id\":\"https:\/\/www.nettali.com\/#personlogo\",\"inLanguage\":\"fr-FR\",\"url\":\"https:\/\/secure.gravatar.com\/avatar\/5a9442a2bee7b4dcf167cab035858e9a?s=96&d=mm&r=g\",\"contentUrl\":\"https:\/\/secure.gravatar.com\/avatar\/5a9442a2bee7b4dcf167cab035858e9a?s=96&d=mm&r=g\",\"caption\":\"Fatou\"},\"sameAs\":[\"https:\/\/www.nettali.com\"]}]}<\/script>\n<!-- \/ Yoast SEO Premium plugin. -->","yoast_head_json":{"title":"7E \u00c9DITION AFRICALLIA (OUAGADOUGOU) - L\u2019appel du c\u0153ur de Jacob Ou\u00e9draogo, ambassadeur du Burkina au S\u00e9n\u00e9gal | Nettali.com","robots":{"index":"index","follow":"follow","max-snippet":"max-snippet:-1","max-image-preview":"max-image-preview:large","max-video-preview":"max-video-preview:-1"},"canonical":"https:\/\/www.nettali.com\/2022\/07\/28\/7e-edition-africallia-ouagadougou-lappel-du-coeur-de-jacob-ouedraogo-ambassadeur-du-burkina-au-senegal\/","og_locale":"fr_FR","og_type":"article","og_title":"7E \u00c9DITION AFRICALLIA (OUAGADOUGOU) - L\u2019appel du c\u0153ur de Jacob Ou\u00e9draogo, ambassadeur du Burkina au S\u00e9n\u00e9gal","og_description":"NETTALI.COM- En prelude\u00a0 \u00e0 la 7e \u00e9dition du Forum AFRICALLIA pr\u00e9vue du 19 au 21 octobre 2022 au Burkina Faso, l\u2019ambassadeur de ce pays au S\u00e9n\u00e9gal,\u00a0 Jacob Ou\u00e9draogo a lanc\u00e9 un appel du c\u0153ur aux participants pour les rassurer. La 7e \u00e9dition du Forum AFRICALLIA est pr\u00e9vue du 19 au 21 octobre 2022 au Burkina [&hellip;]","og_url":"https:\/\/www.nettali.com\/2022\/07\/28\/7e-edition-africallia-ouagadougou-lappel-du-coeur-de-jacob-ouedraogo-ambassadeur-du-burkina-au-senegal\/","og_site_name":"Nettali.com","article_publisher":"https:\/\/www.facebook.com\/nettalicom","article_published_time":"2022-07-28T10:49:13+00:00","article_modified_time":"2022-07-28T11:15:15+00:00","og_image":[{"width":696,"height":385,"url":"https:\/\/www.nettali.com\/wp-content\/uploads\/2022\/07\/Africallia-2022.jpeg","type":"image\/jpeg"}],"twitter_card":"summary_large_image","twitter_misc":{"\u00c9crit par":"Fatou","Dur\u00e9e de lecture estim\u00e9e":"2 minutes"},"schema":{"@context":"https:\/\/schema.org","@graph":[{"@type":"WebSite","@id":"https:\/\/www.nettali.com\/#website","url":"https:\/\/www.nettali.com\/","name":"Nettali.com","description":"Le rendez-vous critique du Net","potentialAction":[{"@type":"SearchAction","target":{"@type":"EntryPoint","urlTemplate":"https:\/\/www.nettali.com\/?s={search_term_string}"},"query-input":"required name=search_term_string"}],"inLanguage":"fr-FR"},{"@type":"ImageObject","@id":"https:\/\/www.nettali.com\/2022\/07\/28\/7e-edition-africallia-ouagadougou-lappel-du-coeur-de-jacob-ouedraogo-ambassadeur-du-burkina-au-senegal\/#primaryimage","inLanguage":"fr-FR","url":"https:\/\/www.nettali.com\/wp-content\/uploads\/2022\/07\/Africallia-2022.jpeg","contentUrl":"https:\/\/www.nettali.com\/wp-content\/uploads\/2022\/07\/Africallia-2022.jpeg","width":696,"height":385},{"@type":"WebPage","@id":"https:\/\/www.nettali.com\/2022\/07\/28\/7e-edition-africallia-ouagadougou-lappel-du-coeur-de-jacob-ouedraogo-ambassadeur-du-burkina-au-senegal\/#webpage","url":"https:\/\/www.nettali.com\/2022\/07\/28\/7e-edition-africallia-ouagadougou-lappel-du-coeur-de-jacob-ouedraogo-ambassadeur-du-burkina-au-senegal\/","name":"7E \u00c9DITION AFRICALLIA (OUAGADOUGOU) - L\u2019appel du c\u0153ur de Jacob Ou\u00e9draogo, ambassadeur du Burkina au S\u00e9n\u00e9gal | Nettali.com","isPartOf":{"@id":"https:\/\/www.nettali.com\/#website"},"primaryImageOfPage":{"@id":"https:\/\/www.nettali.com\/2022\/07\/28\/7e-edition-africallia-ouagadougou-lappel-du-coeur-de-jacob-ouedraogo-ambassadeur-du-burkina-au-senegal\/#primaryimage"},"datePublished":"2022-07-28T10:49:13+00:00","dateModified":"2022-07-28T11:15:15+00:00","author":{"@id":"https:\/\/www.nettali.com\/#\/schema\/person\/418274a86bdf87caff7a3ef476bd0bbf"},"breadcrumb":{"@id":"https:\/\/www.nettali.com\/2022\/07\/28\/7e-edition-africallia-ouagadougou-lappel-du-coeur-de-jacob-ouedraogo-ambassadeur-du-burkina-au-senegal\/#breadcrumb"},"inLanguage":"fr-FR","potentialAction":[{"@type":"ReadAction","target":["https:\/\/www.nettali.com\/2022\/07\/28\/7e-edition-africallia-ouagadougou-lappel-du-coeur-de-jacob-ouedraogo-ambassadeur-du-burkina-au-senegal\/"]}]},{"@type":"BreadcrumbList","@id":"https:\/\/www.nettali.com\/2022\/07\/28\/7e-edition-africallia-ouagadougou-lappel-du-coeur-de-jacob-ouedraogo-ambassadeur-du-burkina-au-senegal\/#breadcrumb","itemListElement":[{"@type":"ListItem","position":1,"name":"Accueil","item":"https:\/\/www.nettali.com\/"},{"@type":"ListItem","position":2,"name":"7E \u00c9DITION AFRICALLIA (OUAGADOUGOU) - L\u2019appel du c\u0153ur de Jacob Ou\u00e9draogo, ambassadeur du Burkina au S\u00e9n\u00e9gal"}]},{"@type":"Person","@id":"https:\/\/www.nettali.com\/#\/schema\/person\/418274a86bdf87caff7a3ef476bd0bbf","name":"Fatou","image":{"@type":"ImageObject","@id":"https:\/\/www.nettali.com\/#personlogo","inLanguage":"fr-FR","url":"https:\/\/secure.gravatar.com\/avatar\/5a9442a2bee7b4dcf167cab035858e9a?s=96&d=mm&r=g","contentUrl":"https:\/\/secure.gravatar.com\/avatar\/5a9442a2bee7b4dcf167cab035858e9a?s=96&d=mm&r=g","caption":"Fatou"},"sameAs":["https:\/\/www.nettali.com"]}]}},"_links":{"self":[{"href":"https:\/\/www.nettali.com\/rest\/wp\/v2\/posts\/90571"}],"collection":[{"href":"https:\/\/www.nettali.com\/rest\/wp\/v2\/posts"}],"about":[{"href":"https:\/\/www.nettali.com\/rest\/wp\/v2\/types\/post"}],"author":[{"embeddable":true,"href":"https:\/\/www.nettali.com\/rest\/wp\/v2\/users\/6"}],"replies":[{"embeddable":true,"href":"https:\/\/www.nettali.com\/rest\/wp\/v2\/comments?post=90571"}],"version-history":[{"count":2,"href":"https:\/\/www.nettali.com\/rest\/wp\/v2\/posts\/90571\/revisions"}],"predecessor-version":[{"id":90614,"href":"https:\/\/www.nettali.com\/rest\/wp\/v2\/posts\/90571\/revisions\/90614"}],"wp:featuredmedia":[{"embeddable":true,"href":"https:\/\/www.nettali.com\/rest\/wp\/v2\/media\/90619"}],"wp:attachment":[{"href":"https:\/\/www.nettali.com\/rest\/wp\/v2\/media?parent=90571"}],"wp:term":[{"taxonomy":"category","embeddable":true,"href":"https:\/\/www.nettali.com\/rest\/wp\/v2\/categories?post=90571"},{"taxonomy":"post_tag","embeddable":true,"href":"https:\/\/www.nettali.com\/rest\/wp\/v2\/tags?post=90571"}],"curies":[{"name":"wp","href":"https:\/\/api.w.org\/{rel}","templated":true}]}}