{"id":90500,"date":"2022-07-27T09:15:55","date_gmt":"2022-07-27T09:15:55","guid":{"rendered":"https:\/\/www.nettali.com\/?p=90500"},"modified":"2022-07-27T12:45:51","modified_gmt":"2022-07-27T12:45:51","slug":"saint-louis-ousmane-sonko-invite-mary-teuw-niane-a-se-joindre-au-combat","status":"publish","type":"post","link":"https:\/\/www.nettali.com\/2022\/07\/27\/saint-louis-ousmane-sonko-invite-mary-teuw-niane-a-se-joindre-au-combat\/","title":{"rendered":"SAINT-LOUIS - Ousmane Sonko invite Mary Teuw Niane \u00e0 se joindre au combat"},"content":{"rendered":"<p><strong>NETTALI.COM - A Saint-Louis o\u00f9 il \u00e9tait ce mardi 26 juillet, c'est une foule immense, compos\u00e9e de jeunes, de femmes et d\u2019adultes qui a accueilli et accompagn\u00e9 la caravane nationale de la coalition Yewwi Askan Wi dans les diff\u00e9rents quartiers de la ville de Saint-Louis. Une occasion saisie par le leader du Pastef pour vilipender le r\u00e9gime de Macky Sall, avant d'inviter le professeur Mary Teuw Niane \u00e0 se joindre \u00e0 eux pour le r\u00e9tablissement d'un \u00c9tat de droit au S\u00e9n\u00e9gal.<\/strong><\/p>\n<p>Apr\u00e8s un long p\u00e9riple, c'est autour de 3 h du matin qu'Ousmane Sonko s'est enfin adress\u00e9 aux militants et sympathisants de l\u2019intercoalition Yewwi-Wallu, au coeur d'un engouement populaire indescriptible. Fid\u00e8le \u00e0 sa ligne d'attaque, celui-ci n'a pas \u00e9pargn\u00e9 le pr\u00e9sident Macky Sall et son gouvernement. selon Ousmane Sonko, le r\u00e9gime actuel g\u00e8re le pays sur fond de scandales, de d\u00e9tournement de derniers publics et de magouilles au plus haut sommet de l\u2019\u00c9tat.<\/p>\n<p>\"<em>Le peuple s\u00e9n\u00e9galais ne m\u00e9rite pas d'avoir Macky Sall comme pr\u00e9sident. C'est un dictateur, avec 12 ans de r\u00e9pression, tuerie et emprisonnement. On nous tympanise avec l'exploitation du gaz \u00e0 Saint-Louis. C'est vrai qu\u2019il y a du gaz, mais ils ne disent pas la r\u00e9alit\u00e9 aux S\u00e9n\u00e9galais, parce qu\u2019il ne rapporte que 10 % au S\u00e9n\u00e9gal. Macky Sall l'a brad\u00e9 \u00e0 Frank Timis, en complicit\u00e9 avec son fr\u00e8re Aliou Sall<\/em>\", a d\u00e9nonc\u00e9 Ousmane Sonko.<\/p>\n<p>\u00c0 l'en croire, il n'est pas encore trop tard pour lui barrer la route. Raison pour laquelle les leaders de la coalition Yewwi Askan Wi qui ont fait le d\u00e9placement \u00e0 Saint-Louis ont unanimement invit\u00e9 le professeur Mary Teuw Niane \u00e0 rejoindre leur coalition pour terminer le combat de justice et des valeurs qu\u2019il m\u00e8ne<br \/>\ndepuis des ann\u00e9es. \"<em>Nous remercions notre professeur, notre grand fr\u00e8re, notre ami et notre ma\u00eetre Mary Teuw Niane. Nous lui tendons la main, car il a sa place dans ce combat. Depuis longtemps, nous discutions \u00e0 distance, mais nous ne pouvions nous allier parce que nous \u00e9tions dans des postures politiques<\/em><br \/>\n<em>diff\u00e9rentes. Aujourd\u2019hui qu\u2019il a pris la responsabilit\u00e9 de soutenir son jeune fr\u00e8re Abba Mbaye, nous magnifions son acte<\/em>\", s'est f\u00e9licit\u00e9 M. Sonko sous les applaudissements des militants.<\/p>\n<p>Mansour Faye et ses soutiens n'ont qu\u2019\u00e0 plier bagage, parce que le vent de changement va les balayer, a-t-il averti. \"<em>Si nous faisons le total des votes obtenus par Yaw, Wallu et la mouvance de MTN lors des derni\u00e8res Locales, nous battrons \u00e0 plate couture BBY \u00e0 Saint-Louis avec plus de 10 000 voix. Saint-Louis doit assurer la Remontada et refuser d'\u00eatre la propri\u00e9t\u00e9 d\u2019une famille ou d\u2019une dynastie\"<\/em>, a d\u00e9clar\u00e9 le pr\u00e9sident du Pastef.<\/p>\n<p>Ousmane Sonko a \u00e9galement profit\u00e9 de son face-\u00e0-face avec les populations de la vieille cit\u00e9 pour \u00e9gratigner le gouvernement sur les nombreuses difficult\u00e9s que vivent les Saint-Louisiens. \"R<em>ien ne va \u00e0 Saint-Louis, sauf le business de la dynastie Faye-Sall. Les populations rencontrent d'\u00e9normes difficult\u00e9s pour avoir de l'eau potable en quantit\u00e9. La br\u00e8che tue toujours les p\u00eacheurs, malgr\u00e9 nos milliards inject\u00e9s dans une opacit\u00e9 totale. L'assainissement, n'en parlons pas. \u00c0 la premi\u00e8re forte pluie, Saint-Louis est menac\u00e9e d'inondation<\/em>\", a-t-il fustig\u00e9.<\/p>\n<p>D'ailleurs, il a demand\u00e9 aux militants de maintenir la dynamique de mobilisation jusqu'au 31 juilletprochain.<\/p>\n<div class='share-to-whatsapp-wrapper'><div class='share-on-whsp'>PARTAGER SUR : <\/div><a data-text='SAINT-LOUIS - Ousmane Sonko invite Mary Teuw Niane \u00e0 se joindre au combat' data-link='https:\/\/www.nettali.com\/2022\/07\/27\/saint-louis-ousmane-sonko-invite-mary-teuw-niane-a-se-joindre-au-combat\/' class='whatsapp-button whatsapp-share'>WhatsApp<\/a><div class='clear '><\/div><\/div>","protected":false},"excerpt":{"rendered":"<p>NETTALI.COM - A Saint-Louis o\u00f9 il \u00e9tait ce mardi 26 juillet, c'est une foule immense, compos\u00e9e de jeunes, de femmes et d\u2019adultes qui a accueilli et accompagn\u00e9 la caravane nationale de la coalition Yewwi Askan Wi dans les diff\u00e9rents quartiers de la ville de Saint-Louis. Une occasion saisie par le leader du Pastef pour vilipender [&hellip;]<\/p>\n","protected":false},"author":2,"featured_media":90503,"comment_status":"open","ping_status":"open","sticky":false,"template":"","format":"standard","meta":{"_et_pb_use_builder":"","_et_pb_old_content":""},"categories":[2],"tags":[],"yoast_head":"<!-- This site is optimized with the Yoast SEO Premium plugin v17.8 (Yoast SEO v17.8) - https:\/\/yoast.com\/wordpress\/plugins\/seo\/ -->\n<title>SAINT-LOUIS - Ousmane Sonko invite Mary Teuw Niane \u00e0 se joindre au combat | Nettali.com<\/title>\n<meta name=\"robots\" content=\"index, follow, max-snippet:-1, max-image-preview:large, max-video-preview:-1\" \/>\n<link rel=\"canonical\" href=\"https:\/\/www.nettali.com\/2022\/07\/27\/saint-louis-ousmane-sonko-invite-mary-teuw-niane-a-se-joindre-au-combat\/\" \/>\n<meta property=\"og:locale\" content=\"fr_FR\" \/>\n<meta property=\"og:type\" content=\"article\" \/>\n<meta property=\"og:title\" content=\"SAINT-LOUIS - Ousmane Sonko invite Mary Teuw Niane \u00e0 se joindre au combat\" \/>\n<meta property=\"og:description\" content=\"NETTALI.COM - A Saint-Louis o\u00f9 il \u00e9tait ce mardi 26 juillet, c&#039;est une foule immense, compos\u00e9e de jeunes, de femmes et d\u2019adultes qui a accueilli et accompagn\u00e9 la caravane nationale de la coalition Yewwi Askan Wi dans les diff\u00e9rents quartiers de la ville de Saint-Louis. Une occasion saisie par le leader du Pastef pour vilipender [&hellip;]\" \/>\n<meta property=\"og:url\" content=\"https:\/\/www.nettali.com\/2022\/07\/27\/saint-louis-ousmane-sonko-invite-mary-teuw-niane-a-se-joindre-au-combat\/\" \/>\n<meta property=\"og:site_name\" content=\"Nettali.com\" \/>\n<meta property=\"article:publisher\" content=\"https:\/\/www.facebook.com\/nettalicom\" \/>\n<meta property=\"article:published_time\" content=\"2022-07-27T09:15:55+00:00\" \/>\n<meta property=\"article:modified_time\" content=\"2022-07-27T12:45:51+00:00\" \/>\n<meta property=\"og:image\" content=\"https:\/\/www.nettali.com\/wp-content\/uploads\/2022\/07\/66315950-47130164.jpg\" \/>\n\t<meta property=\"og:image:width\" content=\"720\" \/>\n\t<meta property=\"og:image:height\" content=\"477\" \/>\n<meta name=\"twitter:card\" content=\"summary_large_image\" \/>\n<meta name=\"twitter:label1\" content=\"\u00c9crit par\" \/>\n\t<meta name=\"twitter:data1\" content=\"CK\" \/>\n\t<meta name=\"twitter:label2\" content=\"Dur\u00e9e de lecture estim\u00e9e\" \/>\n\t<meta name=\"twitter:data2\" content=\"3 minutes\" \/>\n<script type=\"application\/ld+json\" class=\"yoast-schema-graph\">{\"@context\":\"https:\/\/schema.org\",\"@graph\":[{\"@type\":\"WebSite\",\"@id\":\"https:\/\/www.nettali.com\/#website\",\"url\":\"https:\/\/www.nettali.com\/\",\"name\":\"Nettali.com\",\"description\":\"Le rendez-vous critique du Net\",\"potentialAction\":[{\"@type\":\"SearchAction\",\"target\":{\"@type\":\"EntryPoint\",\"urlTemplate\":\"https:\/\/www.nettali.com\/?s={search_term_string}\"},\"query-input\":\"required name=search_term_string\"}],\"inLanguage\":\"fr-FR\"},{\"@type\":\"ImageObject\",\"@id\":\"https:\/\/www.nettali.com\/2022\/07\/27\/saint-louis-ousmane-sonko-invite-mary-teuw-niane-a-se-joindre-au-combat\/#primaryimage\",\"inLanguage\":\"fr-FR\",\"url\":\"https:\/\/www.nettali.com\/wp-content\/uploads\/2022\/07\/66315950-47130164.jpg\",\"contentUrl\":\"https:\/\/www.nettali.com\/wp-content\/uploads\/2022\/07\/66315950-47130164.jpg\",\"width\":720,\"height\":477},{\"@type\":\"WebPage\",\"@id\":\"https:\/\/www.nettali.com\/2022\/07\/27\/saint-louis-ousmane-sonko-invite-mary-teuw-niane-a-se-joindre-au-combat\/#webpage\",\"url\":\"https:\/\/www.nettali.com\/2022\/07\/27\/saint-louis-ousmane-sonko-invite-mary-teuw-niane-a-se-joindre-au-combat\/\",\"name\":\"SAINT-LOUIS - Ousmane Sonko invite Mary Teuw Niane \\u00e0 se joindre au combat | Nettali.com\",\"isPartOf\":{\"@id\":\"https:\/\/www.nettali.com\/#website\"},\"primaryImageOfPage\":{\"@id\":\"https:\/\/www.nettali.com\/2022\/07\/27\/saint-louis-ousmane-sonko-invite-mary-teuw-niane-a-se-joindre-au-combat\/#primaryimage\"},\"datePublished\":\"2022-07-27T09:15:55+00:00\",\"dateModified\":\"2022-07-27T12:45:51+00:00\",\"author\":{\"@id\":\"https:\/\/www.nettali.com\/#\/schema\/person\/d8ac7b7e27ddad43f1c0d2ef090d7f71\"},\"breadcrumb\":{\"@id\":\"https:\/\/www.nettali.com\/2022\/07\/27\/saint-louis-ousmane-sonko-invite-mary-teuw-niane-a-se-joindre-au-combat\/#breadcrumb\"},\"inLanguage\":\"fr-FR\",\"potentialAction\":[{\"@type\":\"ReadAction\",\"target\":[\"https:\/\/www.nettali.com\/2022\/07\/27\/saint-louis-ousmane-sonko-invite-mary-teuw-niane-a-se-joindre-au-combat\/\"]}]},{\"@type\":\"BreadcrumbList\",\"@id\":\"https:\/\/www.nettali.com\/2022\/07\/27\/saint-louis-ousmane-sonko-invite-mary-teuw-niane-a-se-joindre-au-combat\/#breadcrumb\",\"itemListElement\":[{\"@type\":\"ListItem\",\"position\":1,\"name\":\"Accueil\",\"item\":\"https:\/\/www.nettali.com\/\"},{\"@type\":\"ListItem\",\"position\":2,\"name\":\"SAINT-LOUIS - Ousmane Sonko invite Mary Teuw Niane \\u00e0 se joindre au combat\"}]},{\"@type\":\"Person\",\"@id\":\"https:\/\/www.nettali.com\/#\/schema\/person\/d8ac7b7e27ddad43f1c0d2ef090d7f71\",\"name\":\"CK\",\"image\":{\"@type\":\"ImageObject\",\"@id\":\"https:\/\/www.nettali.com\/#personlogo\",\"inLanguage\":\"fr-FR\",\"url\":\"https:\/\/secure.gravatar.com\/avatar\/1d8d5118b9327d94da7cd4ce7f17fec2?s=96&d=mm&r=g\",\"contentUrl\":\"https:\/\/secure.gravatar.com\/avatar\/1d8d5118b9327d94da7cd4ce7f17fec2?s=96&d=mm&r=g\",\"caption\":\"CK\"},\"sameAs\":[\"https:\/\/www.nettali.com\"]}]}<\/script>\n<!-- \/ Yoast SEO Premium plugin. -->","yoast_head_json":{"title":"SAINT-LOUIS - Ousmane Sonko invite Mary Teuw Niane \u00e0 se joindre au combat | Nettali.com","robots":{"index":"index","follow":"follow","max-snippet":"max-snippet:-1","max-image-preview":"max-image-preview:large","max-video-preview":"max-video-preview:-1"},"canonical":"https:\/\/www.nettali.com\/2022\/07\/27\/saint-louis-ousmane-sonko-invite-mary-teuw-niane-a-se-joindre-au-combat\/","og_locale":"fr_FR","og_type":"article","og_title":"SAINT-LOUIS - Ousmane Sonko invite Mary Teuw Niane \u00e0 se joindre au combat","og_description":"NETTALI.COM - A Saint-Louis o\u00f9 il \u00e9tait ce mardi 26 juillet, c'est une foule immense, compos\u00e9e de jeunes, de femmes et d\u2019adultes qui a accueilli et accompagn\u00e9 la caravane nationale de la coalition Yewwi Askan Wi dans les diff\u00e9rents quartiers de la ville de Saint-Louis. Une occasion saisie par le leader du Pastef pour vilipender [&hellip;]","og_url":"https:\/\/www.nettali.com\/2022\/07\/27\/saint-louis-ousmane-sonko-invite-mary-teuw-niane-a-se-joindre-au-combat\/","og_site_name":"Nettali.com","article_publisher":"https:\/\/www.facebook.com\/nettalicom","article_published_time":"2022-07-27T09:15:55+00:00","article_modified_time":"2022-07-27T12:45:51+00:00","og_image":[{"width":720,"height":477,"url":"https:\/\/www.nettali.com\/wp-content\/uploads\/2022\/07\/66315950-47130164.jpg","type":"image\/jpeg"}],"twitter_card":"summary_large_image","twitter_misc":{"\u00c9crit par":"CK","Dur\u00e9e de lecture estim\u00e9e":"3 minutes"},"schema":{"@context":"https:\/\/schema.org","@graph":[{"@type":"WebSite","@id":"https:\/\/www.nettali.com\/#website","url":"https:\/\/www.nettali.com\/","name":"Nettali.com","description":"Le rendez-vous critique du Net","potentialAction":[{"@type":"SearchAction","target":{"@type":"EntryPoint","urlTemplate":"https:\/\/www.nettali.com\/?s={search_term_string}"},"query-input":"required name=search_term_string"}],"inLanguage":"fr-FR"},{"@type":"ImageObject","@id":"https:\/\/www.nettali.com\/2022\/07\/27\/saint-louis-ousmane-sonko-invite-mary-teuw-niane-a-se-joindre-au-combat\/#primaryimage","inLanguage":"fr-FR","url":"https:\/\/www.nettali.com\/wp-content\/uploads\/2022\/07\/66315950-47130164.jpg","contentUrl":"https:\/\/www.nettali.com\/wp-content\/uploads\/2022\/07\/66315950-47130164.jpg","width":720,"height":477},{"@type":"WebPage","@id":"https:\/\/www.nettali.com\/2022\/07\/27\/saint-louis-ousmane-sonko-invite-mary-teuw-niane-a-se-joindre-au-combat\/#webpage","url":"https:\/\/www.nettali.com\/2022\/07\/27\/saint-louis-ousmane-sonko-invite-mary-teuw-niane-a-se-joindre-au-combat\/","name":"SAINT-LOUIS - Ousmane Sonko invite Mary Teuw Niane \u00e0 se joindre au combat | Nettali.com","isPartOf":{"@id":"https:\/\/www.nettali.com\/#website"},"primaryImageOfPage":{"@id":"https:\/\/www.nettali.com\/2022\/07\/27\/saint-louis-ousmane-sonko-invite-mary-teuw-niane-a-se-joindre-au-combat\/#primaryimage"},"datePublished":"2022-07-27T09:15:55+00:00","dateModified":"2022-07-27T12:45:51+00:00","author":{"@id":"https:\/\/www.nettali.com\/#\/schema\/person\/d8ac7b7e27ddad43f1c0d2ef090d7f71"},"breadcrumb":{"@id":"https:\/\/www.nettali.com\/2022\/07\/27\/saint-louis-ousmane-sonko-invite-mary-teuw-niane-a-se-joindre-au-combat\/#breadcrumb"},"inLanguage":"fr-FR","potentialAction":[{"@type":"ReadAction","target":["https:\/\/www.nettali.com\/2022\/07\/27\/saint-louis-ousmane-sonko-invite-mary-teuw-niane-a-se-joindre-au-combat\/"]}]},{"@type":"BreadcrumbList","@id":"https:\/\/www.nettali.com\/2022\/07\/27\/saint-louis-ousmane-sonko-invite-mary-teuw-niane-a-se-joindre-au-combat\/#breadcrumb","itemListElement":[{"@type":"ListItem","position":1,"name":"Accueil","item":"https:\/\/www.nettali.com\/"},{"@type":"ListItem","position":2,"name":"SAINT-LOUIS - Ousmane Sonko invite Mary Teuw Niane \u00e0 se joindre au combat"}]},{"@type":"Person","@id":"https:\/\/www.nettali.com\/#\/schema\/person\/d8ac7b7e27ddad43f1c0d2ef090d7f71","name":"CK","image":{"@type":"ImageObject","@id":"https:\/\/www.nettali.com\/#personlogo","inLanguage":"fr-FR","url":"https:\/\/secure.gravatar.com\/avatar\/1d8d5118b9327d94da7cd4ce7f17fec2?s=96&d=mm&r=g","contentUrl":"https:\/\/secure.gravatar.com\/avatar\/1d8d5118b9327d94da7cd4ce7f17fec2?s=96&d=mm&r=g","caption":"CK"},"sameAs":["https:\/\/www.nettali.com"]}]}},"_links":{"self":[{"href":"https:\/\/www.nettali.com\/rest\/wp\/v2\/posts\/90500"}],"collection":[{"href":"https:\/\/www.nettali.com\/rest\/wp\/v2\/posts"}],"about":[{"href":"https:\/\/www.nettali.com\/rest\/wp\/v2\/types\/post"}],"author":[{"embeddable":true,"href":"https:\/\/www.nettali.com\/rest\/wp\/v2\/users\/2"}],"replies":[{"embeddable":true,"href":"https:\/\/www.nettali.com\/rest\/wp\/v2\/comments?post=90500"}],"version-history":[{"count":2,"href":"https:\/\/www.nettali.com\/rest\/wp\/v2\/posts\/90500\/revisions"}],"predecessor-version":[{"id":90502,"href":"https:\/\/www.nettali.com\/rest\/wp\/v2\/posts\/90500\/revisions\/90502"}],"wp:featuredmedia":[{"embeddable":true,"href":"https:\/\/www.nettali.com\/rest\/wp\/v2\/media\/90503"}],"wp:attachment":[{"href":"https:\/\/www.nettali.com\/rest\/wp\/v2\/media?parent=90500"}],"wp:term":[{"taxonomy":"category","embeddable":true,"href":"https:\/\/www.nettali.com\/rest\/wp\/v2\/categories?post=90500"},{"taxonomy":"post_tag","embeddable":true,"href":"https:\/\/www.nettali.com\/rest\/wp\/v2\/tags?post=90500"}],"curies":[{"name":"wp","href":"https:\/\/api.w.org\/{rel}","templated":true}]}}