{"id":90377,"date":"2022-07-25T08:50:36","date_gmt":"2022-07-25T08:50:36","guid":{"rendered":"https:\/\/www.nettali.com\/?p=90377"},"modified":"2022-07-25T08:50:36","modified_gmt":"2022-07-25T08:50:36","slug":"bayern-kane-conte-recadre-nagelsmann","status":"publish","type":"post","link":"https:\/\/www.nettali.com\/2022\/07\/25\/bayern-kane-conte-recadre-nagelsmann\/","title":{"rendered":"BAYERN - Kane, Conte recadre Nagelsmann"},"content":{"rendered":"<p><strong>NETTALI.COM - Samedi, l'entra\u00eeneur du Bayern Munich, Julian Nagelsmann, n'a pas cach\u00e9 son int\u00e9r\u00eat pour l'attaquant de Tottenham, Harry Kane. Le <\/strong><strong>coach des Spurs, Antonio Conte, a un peu de mal \u00e0 dig\u00e9rer cet appel du pied destin\u00e9 \u00e0 l'un de ses cadres et n'a pas h\u00e9sit\u00e9 \u00e0 recadrer son homologue allemand.<\/strong><\/p>\n<p>\"Je ne parlerai jamais des joueurs des autres \u00e9quipes. Je ne sais pas pourquoi Nagelsmann a fait \u00e7a, je pense que c'est peut-\u00eatre un peu irrespectueux, a d\u00e9plor\u00e9 l'Italien devant les m\u00e9dias avant d'envoyer un message on ne peut plus clair. La situation est tr\u00e8s claire pour Harry ici \u00e0 Tottenham : Kane repr\u00e9sente une part importante de notre projet\".<\/p>\n<p>Confront\u00e9 au d\u00e9part de Robert Lewandowski, le Bayern va visiblement devoir regarder ailleurs pour renforcer son attaque...<\/p>\n<div class='share-to-whatsapp-wrapper'><div class='share-on-whsp'>PARTAGER SUR : <\/div><a data-text='BAYERN - Kane, Conte recadre Nagelsmann' data-link='https:\/\/www.nettali.com\/2022\/07\/25\/bayern-kane-conte-recadre-nagelsmann\/' class='whatsapp-button whatsapp-share'>WhatsApp<\/a><div class='clear '><\/div><\/div>","protected":false},"excerpt":{"rendered":"<p>NETTALI.COM - Samedi, l'entra\u00eeneur du Bayern Munich, Julian Nagelsmann, n'a pas cach\u00e9 son int\u00e9r\u00eat pour l'attaquant de Tottenham, Harry Kane. Le coach des Spurs, Antonio Conte, a un peu de mal \u00e0 dig\u00e9rer cet appel du pied destin\u00e9 \u00e0 l'un de ses cadres et n'a pas h\u00e9sit\u00e9 \u00e0 recadrer son homologue allemand. \"Je ne parlerai [&hellip;]<\/p>\n","protected":false},"author":2,"featured_media":90379,"comment_status":"open","ping_status":"open","sticky":false,"template":"","format":"standard","meta":{"_et_pb_use_builder":"","_et_pb_old_content":""},"categories":[6],"tags":[],"yoast_head":"<!-- This site is optimized with the Yoast SEO Premium plugin v17.8 (Yoast SEO v17.8) - https:\/\/yoast.com\/wordpress\/plugins\/seo\/ -->\n<title>BAYERN - Kane, Conte recadre Nagelsmann | Nettali.com<\/title>\n<meta name=\"robots\" content=\"index, follow, max-snippet:-1, max-image-preview:large, max-video-preview:-1\" \/>\n<link rel=\"canonical\" href=\"https:\/\/www.nettali.com\/2022\/07\/25\/bayern-kane-conte-recadre-nagelsmann\/\" \/>\n<meta property=\"og:locale\" content=\"fr_FR\" \/>\n<meta property=\"og:type\" content=\"article\" \/>\n<meta property=\"og:title\" content=\"BAYERN - Kane, Conte recadre Nagelsmann\" \/>\n<meta property=\"og:description\" content=\"NETTALI.COM - Samedi, l&#039;entra\u00eeneur du Bayern Munich, Julian Nagelsmann, n&#039;a pas cach\u00e9 son int\u00e9r\u00eat pour l&#039;attaquant de Tottenham, Harry Kane. Le coach des Spurs, Antonio Conte, a un peu de mal \u00e0 dig\u00e9rer cet appel du pied destin\u00e9 \u00e0 l&#039;un de ses cadres et n&#039;a pas h\u00e9sit\u00e9 \u00e0 recadrer son homologue allemand. &quot;Je ne parlerai [&hellip;]\" \/>\n<meta property=\"og:url\" content=\"https:\/\/www.nettali.com\/2022\/07\/25\/bayern-kane-conte-recadre-nagelsmann\/\" \/>\n<meta property=\"og:site_name\" content=\"Nettali.com\" \/>\n<meta property=\"article:publisher\" content=\"https:\/\/www.facebook.com\/nettalicom\" \/>\n<meta property=\"article:published_time\" content=\"2022-07-25T08:50:36+00:00\" \/>\n<meta property=\"og:image\" content=\"https:\/\/www.nettali.com\/wp-content\/uploads\/2022\/07\/800px-20150616_-_Portugal_-_Italie_-_Geneve_-_Antonio_Conte.jpg\" \/>\n\t<meta property=\"og:image:width\" content=\"800\" \/>\n\t<meta property=\"og:image:height\" content=\"534\" \/>\n<meta name=\"twitter:card\" content=\"summary_large_image\" \/>\n<meta name=\"twitter:label1\" content=\"\u00c9crit par\" \/>\n\t<meta name=\"twitter:data1\" content=\"CK\" \/>\n\t<meta name=\"twitter:label2\" content=\"Dur\u00e9e de lecture estim\u00e9e\" \/>\n\t<meta name=\"twitter:data2\" content=\"1 minute\" \/>\n<script type=\"application\/ld+json\" class=\"yoast-schema-graph\">{\"@context\":\"https:\/\/schema.org\",\"@graph\":[{\"@type\":\"WebSite\",\"@id\":\"https:\/\/www.nettali.com\/#website\",\"url\":\"https:\/\/www.nettali.com\/\",\"name\":\"Nettali.com\",\"description\":\"Le rendez-vous critique du Net\",\"potentialAction\":[{\"@type\":\"SearchAction\",\"target\":{\"@type\":\"EntryPoint\",\"urlTemplate\":\"https:\/\/www.nettali.com\/?s={search_term_string}\"},\"query-input\":\"required name=search_term_string\"}],\"inLanguage\":\"fr-FR\"},{\"@type\":\"ImageObject\",\"@id\":\"https:\/\/www.nettali.com\/2022\/07\/25\/bayern-kane-conte-recadre-nagelsmann\/#primaryimage\",\"inLanguage\":\"fr-FR\",\"url\":\"https:\/\/www.nettali.com\/wp-content\/uploads\/2022\/07\/800px-20150616_-_Portugal_-_Italie_-_Geneve_-_Antonio_Conte.jpg\",\"contentUrl\":\"https:\/\/www.nettali.com\/wp-content\/uploads\/2022\/07\/800px-20150616_-_Portugal_-_Italie_-_Geneve_-_Antonio_Conte.jpg\",\"width\":800,\"height\":534},{\"@type\":\"WebPage\",\"@id\":\"https:\/\/www.nettali.com\/2022\/07\/25\/bayern-kane-conte-recadre-nagelsmann\/#webpage\",\"url\":\"https:\/\/www.nettali.com\/2022\/07\/25\/bayern-kane-conte-recadre-nagelsmann\/\",\"name\":\"BAYERN - Kane, Conte recadre Nagelsmann | Nettali.com\",\"isPartOf\":{\"@id\":\"https:\/\/www.nettali.com\/#website\"},\"primaryImageOfPage\":{\"@id\":\"https:\/\/www.nettali.com\/2022\/07\/25\/bayern-kane-conte-recadre-nagelsmann\/#primaryimage\"},\"datePublished\":\"2022-07-25T08:50:36+00:00\",\"dateModified\":\"2022-07-25T08:50:36+00:00\",\"author\":{\"@id\":\"https:\/\/www.nettali.com\/#\/schema\/person\/d8ac7b7e27ddad43f1c0d2ef090d7f71\"},\"breadcrumb\":{\"@id\":\"https:\/\/www.nettali.com\/2022\/07\/25\/bayern-kane-conte-recadre-nagelsmann\/#breadcrumb\"},\"inLanguage\":\"fr-FR\",\"potentialAction\":[{\"@type\":\"ReadAction\",\"target\":[\"https:\/\/www.nettali.com\/2022\/07\/25\/bayern-kane-conte-recadre-nagelsmann\/\"]}]},{\"@type\":\"BreadcrumbList\",\"@id\":\"https:\/\/www.nettali.com\/2022\/07\/25\/bayern-kane-conte-recadre-nagelsmann\/#breadcrumb\",\"itemListElement\":[{\"@type\":\"ListItem\",\"position\":1,\"name\":\"Accueil\",\"item\":\"https:\/\/www.nettali.com\/\"},{\"@type\":\"ListItem\",\"position\":2,\"name\":\"BAYERN - Kane, Conte recadre Nagelsmann\"}]},{\"@type\":\"Person\",\"@id\":\"https:\/\/www.nettali.com\/#\/schema\/person\/d8ac7b7e27ddad43f1c0d2ef090d7f71\",\"name\":\"CK\",\"image\":{\"@type\":\"ImageObject\",\"@id\":\"https:\/\/www.nettali.com\/#personlogo\",\"inLanguage\":\"fr-FR\",\"url\":\"https:\/\/secure.gravatar.com\/avatar\/1d8d5118b9327d94da7cd4ce7f17fec2?s=96&d=mm&r=g\",\"contentUrl\":\"https:\/\/secure.gravatar.com\/avatar\/1d8d5118b9327d94da7cd4ce7f17fec2?s=96&d=mm&r=g\",\"caption\":\"CK\"},\"sameAs\":[\"https:\/\/www.nettali.com\"]}]}<\/script>\n<!-- \/ Yoast SEO Premium plugin. -->","yoast_head_json":{"title":"BAYERN - Kane, Conte recadre Nagelsmann | Nettali.com","robots":{"index":"index","follow":"follow","max-snippet":"max-snippet:-1","max-image-preview":"max-image-preview:large","max-video-preview":"max-video-preview:-1"},"canonical":"https:\/\/www.nettali.com\/2022\/07\/25\/bayern-kane-conte-recadre-nagelsmann\/","og_locale":"fr_FR","og_type":"article","og_title":"BAYERN - Kane, Conte recadre Nagelsmann","og_description":"NETTALI.COM - Samedi, l'entra\u00eeneur du Bayern Munich, Julian Nagelsmann, n'a pas cach\u00e9 son int\u00e9r\u00eat pour l'attaquant de Tottenham, Harry Kane. Le coach des Spurs, Antonio Conte, a un peu de mal \u00e0 dig\u00e9rer cet appel du pied destin\u00e9 \u00e0 l'un de ses cadres et n'a pas h\u00e9sit\u00e9 \u00e0 recadrer son homologue allemand. \"Je ne parlerai [&hellip;]","og_url":"https:\/\/www.nettali.com\/2022\/07\/25\/bayern-kane-conte-recadre-nagelsmann\/","og_site_name":"Nettali.com","article_publisher":"https:\/\/www.facebook.com\/nettalicom","article_published_time":"2022-07-25T08:50:36+00:00","og_image":[{"width":800,"height":534,"url":"https:\/\/www.nettali.com\/wp-content\/uploads\/2022\/07\/800px-20150616_-_Portugal_-_Italie_-_Geneve_-_Antonio_Conte.jpg","type":"image\/jpeg"}],"twitter_card":"summary_large_image","twitter_misc":{"\u00c9crit par":"CK","Dur\u00e9e de lecture estim\u00e9e":"1 minute"},"schema":{"@context":"https:\/\/schema.org","@graph":[{"@type":"WebSite","@id":"https:\/\/www.nettali.com\/#website","url":"https:\/\/www.nettali.com\/","name":"Nettali.com","description":"Le rendez-vous critique du Net","potentialAction":[{"@type":"SearchAction","target":{"@type":"EntryPoint","urlTemplate":"https:\/\/www.nettali.com\/?s={search_term_string}"},"query-input":"required name=search_term_string"}],"inLanguage":"fr-FR"},{"@type":"ImageObject","@id":"https:\/\/www.nettali.com\/2022\/07\/25\/bayern-kane-conte-recadre-nagelsmann\/#primaryimage","inLanguage":"fr-FR","url":"https:\/\/www.nettali.com\/wp-content\/uploads\/2022\/07\/800px-20150616_-_Portugal_-_Italie_-_Geneve_-_Antonio_Conte.jpg","contentUrl":"https:\/\/www.nettali.com\/wp-content\/uploads\/2022\/07\/800px-20150616_-_Portugal_-_Italie_-_Geneve_-_Antonio_Conte.jpg","width":800,"height":534},{"@type":"WebPage","@id":"https:\/\/www.nettali.com\/2022\/07\/25\/bayern-kane-conte-recadre-nagelsmann\/#webpage","url":"https:\/\/www.nettali.com\/2022\/07\/25\/bayern-kane-conte-recadre-nagelsmann\/","name":"BAYERN - Kane, Conte recadre Nagelsmann | Nettali.com","isPartOf":{"@id":"https:\/\/www.nettali.com\/#website"},"primaryImageOfPage":{"@id":"https:\/\/www.nettali.com\/2022\/07\/25\/bayern-kane-conte-recadre-nagelsmann\/#primaryimage"},"datePublished":"2022-07-25T08:50:36+00:00","dateModified":"2022-07-25T08:50:36+00:00","author":{"@id":"https:\/\/www.nettali.com\/#\/schema\/person\/d8ac7b7e27ddad43f1c0d2ef090d7f71"},"breadcrumb":{"@id":"https:\/\/www.nettali.com\/2022\/07\/25\/bayern-kane-conte-recadre-nagelsmann\/#breadcrumb"},"inLanguage":"fr-FR","potentialAction":[{"@type":"ReadAction","target":["https:\/\/www.nettali.com\/2022\/07\/25\/bayern-kane-conte-recadre-nagelsmann\/"]}]},{"@type":"BreadcrumbList","@id":"https:\/\/www.nettali.com\/2022\/07\/25\/bayern-kane-conte-recadre-nagelsmann\/#breadcrumb","itemListElement":[{"@type":"ListItem","position":1,"name":"Accueil","item":"https:\/\/www.nettali.com\/"},{"@type":"ListItem","position":2,"name":"BAYERN - Kane, Conte recadre Nagelsmann"}]},{"@type":"Person","@id":"https:\/\/www.nettali.com\/#\/schema\/person\/d8ac7b7e27ddad43f1c0d2ef090d7f71","name":"CK","image":{"@type":"ImageObject","@id":"https:\/\/www.nettali.com\/#personlogo","inLanguage":"fr-FR","url":"https:\/\/secure.gravatar.com\/avatar\/1d8d5118b9327d94da7cd4ce7f17fec2?s=96&d=mm&r=g","contentUrl":"https:\/\/secure.gravatar.com\/avatar\/1d8d5118b9327d94da7cd4ce7f17fec2?s=96&d=mm&r=g","caption":"CK"},"sameAs":["https:\/\/www.nettali.com"]}]}},"_links":{"self":[{"href":"https:\/\/www.nettali.com\/rest\/wp\/v2\/posts\/90377"}],"collection":[{"href":"https:\/\/www.nettali.com\/rest\/wp\/v2\/posts"}],"about":[{"href":"https:\/\/www.nettali.com\/rest\/wp\/v2\/types\/post"}],"author":[{"embeddable":true,"href":"https:\/\/www.nettali.com\/rest\/wp\/v2\/users\/2"}],"replies":[{"embeddable":true,"href":"https:\/\/www.nettali.com\/rest\/wp\/v2\/comments?post=90377"}],"version-history":[{"count":1,"href":"https:\/\/www.nettali.com\/rest\/wp\/v2\/posts\/90377\/revisions"}],"predecessor-version":[{"id":90378,"href":"https:\/\/www.nettali.com\/rest\/wp\/v2\/posts\/90377\/revisions\/90378"}],"wp:featuredmedia":[{"embeddable":true,"href":"https:\/\/www.nettali.com\/rest\/wp\/v2\/media\/90379"}],"wp:attachment":[{"href":"https:\/\/www.nettali.com\/rest\/wp\/v2\/media?parent=90377"}],"wp:term":[{"taxonomy":"category","embeddable":true,"href":"https:\/\/www.nettali.com\/rest\/wp\/v2\/categories?post=90377"},{"taxonomy":"post_tag","embeddable":true,"href":"https:\/\/www.nettali.com\/rest\/wp\/v2\/tags?post=90377"}],"curies":[{"name":"wp","href":"https:\/\/api.w.org\/{rel}","templated":true}]}}