{"id":90313,"date":"2022-07-24T09:18:34","date_gmt":"2022-07-24T09:18:34","guid":{"rendered":"https:\/\/www.nettali.com\/?p=90313"},"modified":"2022-07-25T08:41:25","modified_gmt":"2022-07-25T08:41:25","slug":"sadio-mane-venir-au-bayern-cest-la-meilleure-decision-de-ma-carriere","status":"publish","type":"post","link":"https:\/\/www.nettali.com\/2022\/07\/24\/sadio-mane-venir-au-bayern-cest-la-meilleure-decision-de-ma-carriere\/","title":{"rendered":"SADIO MAN\u00c9 - \"Venir au Bayern, c\u2019est la meilleure d\u00e9cision de ma carri\u00e8re\""},"content":{"rendered":"<p><strong>NETTALI.COM - Sadio Man\u00e9 s'est exprim\u00e9 au micro de BBC Sport Africa sur son d\u00e9part de Liverpool et son arriv\u00e9e au Bayern Munich. Tout juste Ballon d'or africain pour la deuxi\u00e8me fois, l'attaquant s\u00e9n\u00e9galais, \u00e2g\u00e9 de 30 ans, \u00e9voque son passage chez les Reds.<\/strong><\/p>\n<p>Nouveau joueur du Bayern Munich, Sadio Man\u00e9 a remport\u00e9 jeudi dernier son deuxi\u00e8me troph\u00e9e de Meilleur Joueur africain de l\u2019ann\u00e9e. Une occasion saisie par le S\u00e9n\u00e9galais pour revenir sur son passage chez les Reds et son nouveau d\u00e9fi en Bavi\u00e8re.<\/p>\n<p>Sadio Man\u00e9 est arriv\u00e9 \u00e0 Anfield \u00e0 l\u2019\u00e9t\u00e9 2016 en provenance de Southampton et le reste appartient \u00e0 l\u2019histoire. Apr\u00e8s huit ans pass\u00e9s sous les ordres de J\u00fcrgen Klopp, couronn\u00e9s de tous les titres possibles, Man\u00e9 n\u2019avait apparemment plus rien \u00e0 prouver en Premier League. C\u2019est en tout cas ce qu\u2019a fait comprendre le double Ballon d\u2019Or africain dans un entretien avec BBC Sport Africa, repris par Foot Mercato.<\/p>\n<p>\"<em>J\u2019ai pass\u00e9 huit ans en Premier League, et bien s\u00fbr j\u2019ai pass\u00e9 six ann\u00e9es merveilleuses avec Liverpool et je peux dire que nous avons gagn\u00e9 presque tout ce qui \u00e9tait possible<\/em>\", s\u2019est exprim\u00e9 Sadio Man\u00e9 au micro de BBC Sport Africa.<\/p>\n<p>A Liverpool, l\u2019international s\u00e9n\u00e9galais avait fini d\u2019\u00eatre le leader de l\u2019attaque avec Mo Salah et de nouer un lien fort avec les inconditionnels d\u2019Anfield. Un statut qui n\u2019a pas rendu facile sa d\u00e9cision avec son attachement au club de la Mersey.<\/p>\n<p>\"<em>Ce n\u2019\u00e9tait pas une d\u00e9cision facile mais dans la vie, il faut parfois prendre des d\u00e9cisions et jusqu\u2019\u00e0 pr\u00e9sent, je pense que c\u2019est la meilleure d\u00e9cision que j\u2019ai prise dans ma carri\u00e8re\"<\/em>, a r\u00e9v\u00e9l\u00e9 le laur\u00e9at du Meilleur Joueur africain 2022.<\/p>\n<p>Mais cette nouvelle aventure sous les couleurs du Bayern Munich enthousiasme Sadio Man\u00e9. Le S\u00e9n\u00e9galais a h\u00e2te de d\u00e9buter la nouvelle saison sous les couleurs bavaroises. \"<em>Je suis aujourd\u2019hui dans l\u2019un des meilleurs clubs du monde et je suis vraiment, vraiment heureux d\u2019\u00eatre au Bayern Munich et tr\u00e8s excit\u00e9 de commencer cette saison<\/em>\", a confi\u00e9 Sadio Man\u00e9 aux confr\u00e8res de BBC Sport Africa.<\/p>\n<div class='share-to-whatsapp-wrapper'><div class='share-on-whsp'>PARTAGER SUR : <\/div><a data-text='SADIO MAN\u00c9 - \"Venir au Bayern, c\u2019est la meilleure d\u00e9cision de ma carri\u00e8re\"' data-link='https:\/\/www.nettali.com\/2022\/07\/24\/sadio-mane-venir-au-bayern-cest-la-meilleure-decision-de-ma-carriere\/' class='whatsapp-button whatsapp-share'>WhatsApp<\/a><div class='clear '><\/div><\/div>","protected":false},"excerpt":{"rendered":"<p>NETTALI.COM - Sadio Man\u00e9 s'est exprim\u00e9 au micro de BBC Sport Africa sur son d\u00e9part de Liverpool et son arriv\u00e9e au Bayern Munich. Tout juste Ballon d'or africain pour la deuxi\u00e8me fois, l'attaquant s\u00e9n\u00e9galais, \u00e2g\u00e9 de 30 ans, \u00e9voque son passage chez les Reds. Nouveau joueur du Bayern Munich, Sadio Man\u00e9 a remport\u00e9 jeudi dernier [&hellip;]<\/p>\n","protected":false},"author":5,"featured_media":90314,"comment_status":"open","ping_status":"open","sticky":false,"template":"","format":"standard","meta":{"_et_pb_use_builder":"","_et_pb_old_content":""},"categories":[6],"tags":[],"yoast_head":"<!-- This site is optimized with the Yoast SEO Premium plugin v17.8 (Yoast SEO v17.8) - https:\/\/yoast.com\/wordpress\/plugins\/seo\/ -->\n<title>SADIO MAN\u00c9 - &quot;Venir au Bayern, c\u2019est la meilleure d\u00e9cision de ma carri\u00e8re&quot; | Nettali.com<\/title>\n<meta name=\"robots\" content=\"index, follow, max-snippet:-1, max-image-preview:large, max-video-preview:-1\" \/>\n<link rel=\"canonical\" href=\"https:\/\/www.nettali.com\/2022\/07\/24\/sadio-mane-venir-au-bayern-cest-la-meilleure-decision-de-ma-carriere\/\" \/>\n<meta property=\"og:locale\" content=\"fr_FR\" \/>\n<meta property=\"og:type\" content=\"article\" \/>\n<meta property=\"og:title\" content=\"SADIO MAN\u00c9 - &quot;Venir au Bayern, c\u2019est la meilleure d\u00e9cision de ma carri\u00e8re&quot;\" \/>\n<meta property=\"og:description\" content=\"NETTALI.COM - Sadio Man\u00e9 s&#039;est exprim\u00e9 au micro de BBC Sport Africa sur son d\u00e9part de Liverpool et son arriv\u00e9e au Bayern Munich. Tout juste Ballon d&#039;or africain pour la deuxi\u00e8me fois, l&#039;attaquant s\u00e9n\u00e9galais, \u00e2g\u00e9 de 30 ans, \u00e9voque son passage chez les Reds. Nouveau joueur du Bayern Munich, Sadio Man\u00e9 a remport\u00e9 jeudi dernier [&hellip;]\" \/>\n<meta property=\"og:url\" content=\"https:\/\/www.nettali.com\/2022\/07\/24\/sadio-mane-venir-au-bayern-cest-la-meilleure-decision-de-ma-carriere\/\" \/>\n<meta property=\"og:site_name\" content=\"Nettali.com\" \/>\n<meta property=\"article:publisher\" content=\"https:\/\/www.facebook.com\/nettalicom\" \/>\n<meta property=\"article:published_time\" content=\"2022-07-24T09:18:34+00:00\" \/>\n<meta property=\"article:modified_time\" content=\"2022-07-25T08:41:25+00:00\" \/>\n<meta property=\"og:image\" content=\"https:\/\/www.nettali.com\/wp-content\/uploads\/2022\/07\/z28610009QSadio-Mane.jpg\" \/>\n\t<meta property=\"og:image:width\" content=\"620\" \/>\n\t<meta property=\"og:image:height\" content=\"348\" \/>\n<meta name=\"twitter:card\" content=\"summary_large_image\" \/>\n<meta name=\"twitter:label1\" content=\"\u00c9crit par\" \/>\n\t<meta name=\"twitter:data1\" content=\"Ibrahima\" \/>\n\t<meta name=\"twitter:label2\" content=\"Dur\u00e9e de lecture estim\u00e9e\" \/>\n\t<meta name=\"twitter:data2\" content=\"2 minutes\" \/>\n<script type=\"application\/ld+json\" class=\"yoast-schema-graph\">{\"@context\":\"https:\/\/schema.org\",\"@graph\":[{\"@type\":\"WebSite\",\"@id\":\"https:\/\/www.nettali.com\/#website\",\"url\":\"https:\/\/www.nettali.com\/\",\"name\":\"Nettali.com\",\"description\":\"Le rendez-vous critique du Net\",\"potentialAction\":[{\"@type\":\"SearchAction\",\"target\":{\"@type\":\"EntryPoint\",\"urlTemplate\":\"https:\/\/www.nettali.com\/?s={search_term_string}\"},\"query-input\":\"required name=search_term_string\"}],\"inLanguage\":\"fr-FR\"},{\"@type\":\"ImageObject\",\"@id\":\"https:\/\/www.nettali.com\/2022\/07\/24\/sadio-mane-venir-au-bayern-cest-la-meilleure-decision-de-ma-carriere\/#primaryimage\",\"inLanguage\":\"fr-FR\",\"url\":\"https:\/\/www.nettali.com\/wp-content\/uploads\/2022\/07\/z28610009QSadio-Mane.jpg\",\"contentUrl\":\"https:\/\/www.nettali.com\/wp-content\/uploads\/2022\/07\/z28610009QSadio-Mane.jpg\",\"width\":620,\"height\":348},{\"@type\":\"WebPage\",\"@id\":\"https:\/\/www.nettali.com\/2022\/07\/24\/sadio-mane-venir-au-bayern-cest-la-meilleure-decision-de-ma-carriere\/#webpage\",\"url\":\"https:\/\/www.nettali.com\/2022\/07\/24\/sadio-mane-venir-au-bayern-cest-la-meilleure-decision-de-ma-carriere\/\",\"name\":\"SADIO MAN\\u00c9 - \\\"Venir au Bayern, c\\u2019est la meilleure d\\u00e9cision de ma carri\\u00e8re\\\" | Nettali.com\",\"isPartOf\":{\"@id\":\"https:\/\/www.nettali.com\/#website\"},\"primaryImageOfPage\":{\"@id\":\"https:\/\/www.nettali.com\/2022\/07\/24\/sadio-mane-venir-au-bayern-cest-la-meilleure-decision-de-ma-carriere\/#primaryimage\"},\"datePublished\":\"2022-07-24T09:18:34+00:00\",\"dateModified\":\"2022-07-25T08:41:25+00:00\",\"author\":{\"@id\":\"https:\/\/www.nettali.com\/#\/schema\/person\/bb147657c2986240405a608162b9bb23\"},\"breadcrumb\":{\"@id\":\"https:\/\/www.nettali.com\/2022\/07\/24\/sadio-mane-venir-au-bayern-cest-la-meilleure-decision-de-ma-carriere\/#breadcrumb\"},\"inLanguage\":\"fr-FR\",\"potentialAction\":[{\"@type\":\"ReadAction\",\"target\":[\"https:\/\/www.nettali.com\/2022\/07\/24\/sadio-mane-venir-au-bayern-cest-la-meilleure-decision-de-ma-carriere\/\"]}]},{\"@type\":\"BreadcrumbList\",\"@id\":\"https:\/\/www.nettali.com\/2022\/07\/24\/sadio-mane-venir-au-bayern-cest-la-meilleure-decision-de-ma-carriere\/#breadcrumb\",\"itemListElement\":[{\"@type\":\"ListItem\",\"position\":1,\"name\":\"Accueil\",\"item\":\"https:\/\/www.nettali.com\/\"},{\"@type\":\"ListItem\",\"position\":2,\"name\":\"SADIO MAN\\u00c9 - \\\"Venir au Bayern, c\\u2019est la meilleure d\\u00e9cision de ma carri\\u00e8re\\\"\"}]},{\"@type\":\"Person\",\"@id\":\"https:\/\/www.nettali.com\/#\/schema\/person\/bb147657c2986240405a608162b9bb23\",\"name\":\"Ibrahima\",\"image\":{\"@type\":\"ImageObject\",\"@id\":\"https:\/\/www.nettali.com\/#personlogo\",\"inLanguage\":\"fr-FR\",\"url\":\"https:\/\/secure.gravatar.com\/avatar\/26a8a81f09f0dd7624c9d5c36c9ba3a2?s=96&d=mm&r=g\",\"contentUrl\":\"https:\/\/secure.gravatar.com\/avatar\/26a8a81f09f0dd7624c9d5c36c9ba3a2?s=96&d=mm&r=g\",\"caption\":\"Ibrahima\"},\"sameAs\":[\"https:\/\/www.nettali.com\"]}]}<\/script>\n<!-- \/ Yoast SEO Premium plugin. -->","yoast_head_json":{"title":"SADIO MAN\u00c9 - \"Venir au Bayern, c\u2019est la meilleure d\u00e9cision de ma carri\u00e8re\" | Nettali.com","robots":{"index":"index","follow":"follow","max-snippet":"max-snippet:-1","max-image-preview":"max-image-preview:large","max-video-preview":"max-video-preview:-1"},"canonical":"https:\/\/www.nettali.com\/2022\/07\/24\/sadio-mane-venir-au-bayern-cest-la-meilleure-decision-de-ma-carriere\/","og_locale":"fr_FR","og_type":"article","og_title":"SADIO MAN\u00c9 - \"Venir au Bayern, c\u2019est la meilleure d\u00e9cision de ma carri\u00e8re\"","og_description":"NETTALI.COM - Sadio Man\u00e9 s'est exprim\u00e9 au micro de BBC Sport Africa sur son d\u00e9part de Liverpool et son arriv\u00e9e au Bayern Munich. Tout juste Ballon d'or africain pour la deuxi\u00e8me fois, l'attaquant s\u00e9n\u00e9galais, \u00e2g\u00e9 de 30 ans, \u00e9voque son passage chez les Reds. Nouveau joueur du Bayern Munich, Sadio Man\u00e9 a remport\u00e9 jeudi dernier [&hellip;]","og_url":"https:\/\/www.nettali.com\/2022\/07\/24\/sadio-mane-venir-au-bayern-cest-la-meilleure-decision-de-ma-carriere\/","og_site_name":"Nettali.com","article_publisher":"https:\/\/www.facebook.com\/nettalicom","article_published_time":"2022-07-24T09:18:34+00:00","article_modified_time":"2022-07-25T08:41:25+00:00","og_image":[{"width":620,"height":348,"url":"https:\/\/www.nettali.com\/wp-content\/uploads\/2022\/07\/z28610009QSadio-Mane.jpg","type":"image\/jpeg"}],"twitter_card":"summary_large_image","twitter_misc":{"\u00c9crit par":"Ibrahima","Dur\u00e9e de lecture estim\u00e9e":"2 minutes"},"schema":{"@context":"https:\/\/schema.org","@graph":[{"@type":"WebSite","@id":"https:\/\/www.nettali.com\/#website","url":"https:\/\/www.nettali.com\/","name":"Nettali.com","description":"Le rendez-vous critique du Net","potentialAction":[{"@type":"SearchAction","target":{"@type":"EntryPoint","urlTemplate":"https:\/\/www.nettali.com\/?s={search_term_string}"},"query-input":"required name=search_term_string"}],"inLanguage":"fr-FR"},{"@type":"ImageObject","@id":"https:\/\/www.nettali.com\/2022\/07\/24\/sadio-mane-venir-au-bayern-cest-la-meilleure-decision-de-ma-carriere\/#primaryimage","inLanguage":"fr-FR","url":"https:\/\/www.nettali.com\/wp-content\/uploads\/2022\/07\/z28610009QSadio-Mane.jpg","contentUrl":"https:\/\/www.nettali.com\/wp-content\/uploads\/2022\/07\/z28610009QSadio-Mane.jpg","width":620,"height":348},{"@type":"WebPage","@id":"https:\/\/www.nettali.com\/2022\/07\/24\/sadio-mane-venir-au-bayern-cest-la-meilleure-decision-de-ma-carriere\/#webpage","url":"https:\/\/www.nettali.com\/2022\/07\/24\/sadio-mane-venir-au-bayern-cest-la-meilleure-decision-de-ma-carriere\/","name":"SADIO MAN\u00c9 - \"Venir au Bayern, c\u2019est la meilleure d\u00e9cision de ma carri\u00e8re\" | Nettali.com","isPartOf":{"@id":"https:\/\/www.nettali.com\/#website"},"primaryImageOfPage":{"@id":"https:\/\/www.nettali.com\/2022\/07\/24\/sadio-mane-venir-au-bayern-cest-la-meilleure-decision-de-ma-carriere\/#primaryimage"},"datePublished":"2022-07-24T09:18:34+00:00","dateModified":"2022-07-25T08:41:25+00:00","author":{"@id":"https:\/\/www.nettali.com\/#\/schema\/person\/bb147657c2986240405a608162b9bb23"},"breadcrumb":{"@id":"https:\/\/www.nettali.com\/2022\/07\/24\/sadio-mane-venir-au-bayern-cest-la-meilleure-decision-de-ma-carriere\/#breadcrumb"},"inLanguage":"fr-FR","potentialAction":[{"@type":"ReadAction","target":["https:\/\/www.nettali.com\/2022\/07\/24\/sadio-mane-venir-au-bayern-cest-la-meilleure-decision-de-ma-carriere\/"]}]},{"@type":"BreadcrumbList","@id":"https:\/\/www.nettali.com\/2022\/07\/24\/sadio-mane-venir-au-bayern-cest-la-meilleure-decision-de-ma-carriere\/#breadcrumb","itemListElement":[{"@type":"ListItem","position":1,"name":"Accueil","item":"https:\/\/www.nettali.com\/"},{"@type":"ListItem","position":2,"name":"SADIO MAN\u00c9 - \"Venir au Bayern, c\u2019est la meilleure d\u00e9cision de ma carri\u00e8re\""}]},{"@type":"Person","@id":"https:\/\/www.nettali.com\/#\/schema\/person\/bb147657c2986240405a608162b9bb23","name":"Ibrahima","image":{"@type":"ImageObject","@id":"https:\/\/www.nettali.com\/#personlogo","inLanguage":"fr-FR","url":"https:\/\/secure.gravatar.com\/avatar\/26a8a81f09f0dd7624c9d5c36c9ba3a2?s=96&d=mm&r=g","contentUrl":"https:\/\/secure.gravatar.com\/avatar\/26a8a81f09f0dd7624c9d5c36c9ba3a2?s=96&d=mm&r=g","caption":"Ibrahima"},"sameAs":["https:\/\/www.nettali.com"]}]}},"_links":{"self":[{"href":"https:\/\/www.nettali.com\/rest\/wp\/v2\/posts\/90313"}],"collection":[{"href":"https:\/\/www.nettali.com\/rest\/wp\/v2\/posts"}],"about":[{"href":"https:\/\/www.nettali.com\/rest\/wp\/v2\/types\/post"}],"author":[{"embeddable":true,"href":"https:\/\/www.nettali.com\/rest\/wp\/v2\/users\/5"}],"replies":[{"embeddable":true,"href":"https:\/\/www.nettali.com\/rest\/wp\/v2\/comments?post=90313"}],"version-history":[{"count":3,"href":"https:\/\/www.nettali.com\/rest\/wp\/v2\/posts\/90313\/revisions"}],"predecessor-version":[{"id":90324,"href":"https:\/\/www.nettali.com\/rest\/wp\/v2\/posts\/90313\/revisions\/90324"}],"wp:featuredmedia":[{"embeddable":true,"href":"https:\/\/www.nettali.com\/rest\/wp\/v2\/media\/90314"}],"wp:attachment":[{"href":"https:\/\/www.nettali.com\/rest\/wp\/v2\/media?parent=90313"}],"wp:term":[{"taxonomy":"category","embeddable":true,"href":"https:\/\/www.nettali.com\/rest\/wp\/v2\/categories?post=90313"},{"taxonomy":"post_tag","embeddable":true,"href":"https:\/\/www.nettali.com\/rest\/wp\/v2\/tags?post=90313"}],"curies":[{"name":"wp","href":"https:\/\/api.w.org\/{rel}","templated":true}]}}