{"id":90308,"date":"2022-07-23T18:43:26","date_gmt":"2022-07-23T18:43:26","guid":{"rendered":"https:\/\/www.nettali.com\/?p=90308"},"modified":"2022-07-23T18:43:26","modified_gmt":"2022-07-23T18:43:26","slug":"psg-galtier-officialise-son-gardien-numero-1","status":"publish","type":"post","link":"https:\/\/www.nettali.com\/2022\/07\/23\/psg-galtier-officialise-son-gardien-numero-1\/","title":{"rendered":"PSG - Galtier officialise son gardien num\u00e9ro 1"},"content":{"rendered":"<p><strong>NETTALI.COM - Contrairement \u00e0 Mauricio Pochettino, il n'y aura pas, avec Christophe Galtier, de rotation dans les buts parisiens. Le nouvel entra\u00eeneur du Psg a d\u00e9cid\u00e9 de faire de Gianluigi Donnarumma son gardien titulaire. L'exp\u00e9riment\u00e9 Kaylor Navas sera num\u00e9ro 2.<\/strong><\/p>\n<p>Performant contre l'Urawa Red Diamonds (0-3), ce samedi en amical, Keylor Navas (35 ans) sera bien la doublure de Gianluigi Donnarumma au Paris Saint-Germain. L'entra\u00eeneur Christophe Galtier a confirm\u00e9 le recul dans la hi\u00e9rarchie du gardien costaricien.<\/p>\n<p>\"<em>Keylor a fait des arr\u00eats importants et d\u00e9cisifs, il travaille tr\u00e8s bien. Mais j\u2019ai \u00e9t\u00e9 tr\u00e8s clair avec les gardiens en d\u00e9but de saison, je ne souhaite pas de rotation, je veux fonctionner avec un num\u00e9ro 1. Il sait ce que j\u2019attends de lui dans son r\u00f4le de num\u00e9ro 2, m\u00eame si je sais qu\u2019au fond de lui-m\u00eame il y a beaucoup de frustration. Mais pour un club comme le PSG il est tr\u00e8s important d\u2019avoir deux tr\u00e8s bons gardiens<\/em>\", a indiqu\u00e9 ce samedi le technicien fran\u00e7ais en conf\u00e9rence de presse.<\/p>\n<p>L'effet Galtier se fait d\u00e9j\u00e0 sentir.<\/p>\n<div class='share-to-whatsapp-wrapper'><div class='share-on-whsp'>PARTAGER SUR : <\/div><a data-text='PSG - Galtier officialise son gardien num\u00e9ro 1' data-link='https:\/\/www.nettali.com\/2022\/07\/23\/psg-galtier-officialise-son-gardien-numero-1\/' class='whatsapp-button whatsapp-share'>WhatsApp<\/a><div class='clear '><\/div><\/div>","protected":false},"excerpt":{"rendered":"<p>NETTALI.COM - Contrairement \u00e0 Mauricio Pochettino, il n'y aura pas, avec Christophe Galtier, de rotation dans les buts parisiens. Le nouvel entra\u00eeneur du Psg a d\u00e9cid\u00e9 de faire de Gianluigi Donnarumma son gardien titulaire. L'exp\u00e9riment\u00e9 Kaylor Navas sera num\u00e9ro 2. Performant contre l'Urawa Red Diamonds (0-3), ce samedi en amical, Keylor Navas (35 ans) sera [&hellip;]<\/p>\n","protected":false},"author":5,"featured_media":90309,"comment_status":"open","ping_status":"open","sticky":false,"template":"","format":"standard","meta":{"_et_pb_use_builder":"","_et_pb_old_content":""},"categories":[6],"tags":[],"yoast_head":"<!-- This site is optimized with the Yoast SEO Premium plugin v17.8 (Yoast SEO v17.8) - https:\/\/yoast.com\/wordpress\/plugins\/seo\/ -->\n<title>PSG - Galtier officialise son gardien num\u00e9ro 1 | Nettali.com<\/title>\n<meta name=\"robots\" content=\"index, follow, max-snippet:-1, max-image-preview:large, max-video-preview:-1\" \/>\n<link rel=\"canonical\" href=\"https:\/\/www.nettali.com\/2022\/07\/23\/psg-galtier-officialise-son-gardien-numero-1\/\" \/>\n<meta property=\"og:locale\" content=\"fr_FR\" \/>\n<meta property=\"og:type\" content=\"article\" \/>\n<meta property=\"og:title\" content=\"PSG - Galtier officialise son gardien num\u00e9ro 1\" \/>\n<meta property=\"og:description\" content=\"NETTALI.COM - Contrairement \u00e0 Mauricio Pochettino, il n&#039;y aura pas, avec Christophe Galtier, de rotation dans les buts parisiens. Le nouvel entra\u00eeneur du Psg a d\u00e9cid\u00e9 de faire de Gianluigi Donnarumma son gardien titulaire. L&#039;exp\u00e9riment\u00e9 Kaylor Navas sera num\u00e9ro 2. Performant contre l&#039;Urawa Red Diamonds (0-3), ce samedi en amical, Keylor Navas (35 ans) sera [&hellip;]\" \/>\n<meta property=\"og:url\" content=\"https:\/\/www.nettali.com\/2022\/07\/23\/psg-galtier-officialise-son-gardien-numero-1\/\" \/>\n<meta property=\"og:site_name\" content=\"Nettali.com\" \/>\n<meta property=\"article:publisher\" content=\"https:\/\/www.facebook.com\/nettalicom\" \/>\n<meta property=\"article:published_time\" content=\"2022-07-23T18:43:26+00:00\" \/>\n<meta property=\"og:image\" content=\"https:\/\/www.nettali.com\/wp-content\/uploads\/2022\/07\/h_57545337.jpg\" \/>\n\t<meta property=\"og:image:width\" content=\"1200\" \/>\n\t<meta property=\"og:image:height\" content=\"801\" \/>\n<meta name=\"twitter:card\" content=\"summary_large_image\" \/>\n<meta name=\"twitter:label1\" content=\"\u00c9crit par\" \/>\n\t<meta name=\"twitter:data1\" content=\"Ibrahima\" \/>\n\t<meta name=\"twitter:label2\" content=\"Dur\u00e9e de lecture estim\u00e9e\" \/>\n\t<meta name=\"twitter:data2\" content=\"1 minute\" \/>\n<script type=\"application\/ld+json\" class=\"yoast-schema-graph\">{\"@context\":\"https:\/\/schema.org\",\"@graph\":[{\"@type\":\"WebSite\",\"@id\":\"https:\/\/www.nettali.com\/#website\",\"url\":\"https:\/\/www.nettali.com\/\",\"name\":\"Nettali.com\",\"description\":\"Le rendez-vous critique du Net\",\"potentialAction\":[{\"@type\":\"SearchAction\",\"target\":{\"@type\":\"EntryPoint\",\"urlTemplate\":\"https:\/\/www.nettali.com\/?s={search_term_string}\"},\"query-input\":\"required name=search_term_string\"}],\"inLanguage\":\"fr-FR\"},{\"@type\":\"ImageObject\",\"@id\":\"https:\/\/www.nettali.com\/2022\/07\/23\/psg-galtier-officialise-son-gardien-numero-1\/#primaryimage\",\"inLanguage\":\"fr-FR\",\"url\":\"https:\/\/www.nettali.com\/wp-content\/uploads\/2022\/07\/h_57545337.jpg\",\"contentUrl\":\"https:\/\/www.nettali.com\/wp-content\/uploads\/2022\/07\/h_57545337.jpg\",\"width\":1200,\"height\":801},{\"@type\":\"WebPage\",\"@id\":\"https:\/\/www.nettali.com\/2022\/07\/23\/psg-galtier-officialise-son-gardien-numero-1\/#webpage\",\"url\":\"https:\/\/www.nettali.com\/2022\/07\/23\/psg-galtier-officialise-son-gardien-numero-1\/\",\"name\":\"PSG - Galtier officialise son gardien num\\u00e9ro 1 | Nettali.com\",\"isPartOf\":{\"@id\":\"https:\/\/www.nettali.com\/#website\"},\"primaryImageOfPage\":{\"@id\":\"https:\/\/www.nettali.com\/2022\/07\/23\/psg-galtier-officialise-son-gardien-numero-1\/#primaryimage\"},\"datePublished\":\"2022-07-23T18:43:26+00:00\",\"dateModified\":\"2022-07-23T18:43:26+00:00\",\"author\":{\"@id\":\"https:\/\/www.nettali.com\/#\/schema\/person\/bb147657c2986240405a608162b9bb23\"},\"breadcrumb\":{\"@id\":\"https:\/\/www.nettali.com\/2022\/07\/23\/psg-galtier-officialise-son-gardien-numero-1\/#breadcrumb\"},\"inLanguage\":\"fr-FR\",\"potentialAction\":[{\"@type\":\"ReadAction\",\"target\":[\"https:\/\/www.nettali.com\/2022\/07\/23\/psg-galtier-officialise-son-gardien-numero-1\/\"]}]},{\"@type\":\"BreadcrumbList\",\"@id\":\"https:\/\/www.nettali.com\/2022\/07\/23\/psg-galtier-officialise-son-gardien-numero-1\/#breadcrumb\",\"itemListElement\":[{\"@type\":\"ListItem\",\"position\":1,\"name\":\"Accueil\",\"item\":\"https:\/\/www.nettali.com\/\"},{\"@type\":\"ListItem\",\"position\":2,\"name\":\"PSG - Galtier officialise son gardien num\\u00e9ro 1\"}]},{\"@type\":\"Person\",\"@id\":\"https:\/\/www.nettali.com\/#\/schema\/person\/bb147657c2986240405a608162b9bb23\",\"name\":\"Ibrahima\",\"image\":{\"@type\":\"ImageObject\",\"@id\":\"https:\/\/www.nettali.com\/#personlogo\",\"inLanguage\":\"fr-FR\",\"url\":\"https:\/\/secure.gravatar.com\/avatar\/26a8a81f09f0dd7624c9d5c36c9ba3a2?s=96&d=mm&r=g\",\"contentUrl\":\"https:\/\/secure.gravatar.com\/avatar\/26a8a81f09f0dd7624c9d5c36c9ba3a2?s=96&d=mm&r=g\",\"caption\":\"Ibrahima\"},\"sameAs\":[\"https:\/\/www.nettali.com\"]}]}<\/script>\n<!-- \/ Yoast SEO Premium plugin. -->","yoast_head_json":{"title":"PSG - Galtier officialise son gardien num\u00e9ro 1 | Nettali.com","robots":{"index":"index","follow":"follow","max-snippet":"max-snippet:-1","max-image-preview":"max-image-preview:large","max-video-preview":"max-video-preview:-1"},"canonical":"https:\/\/www.nettali.com\/2022\/07\/23\/psg-galtier-officialise-son-gardien-numero-1\/","og_locale":"fr_FR","og_type":"article","og_title":"PSG - Galtier officialise son gardien num\u00e9ro 1","og_description":"NETTALI.COM - Contrairement \u00e0 Mauricio Pochettino, il n'y aura pas, avec Christophe Galtier, de rotation dans les buts parisiens. Le nouvel entra\u00eeneur du Psg a d\u00e9cid\u00e9 de faire de Gianluigi Donnarumma son gardien titulaire. L'exp\u00e9riment\u00e9 Kaylor Navas sera num\u00e9ro 2. Performant contre l'Urawa Red Diamonds (0-3), ce samedi en amical, Keylor Navas (35 ans) sera [&hellip;]","og_url":"https:\/\/www.nettali.com\/2022\/07\/23\/psg-galtier-officialise-son-gardien-numero-1\/","og_site_name":"Nettali.com","article_publisher":"https:\/\/www.facebook.com\/nettalicom","article_published_time":"2022-07-23T18:43:26+00:00","og_image":[{"width":1200,"height":801,"url":"https:\/\/www.nettali.com\/wp-content\/uploads\/2022\/07\/h_57545337.jpg","type":"image\/jpeg"}],"twitter_card":"summary_large_image","twitter_misc":{"\u00c9crit par":"Ibrahima","Dur\u00e9e de lecture estim\u00e9e":"1 minute"},"schema":{"@context":"https:\/\/schema.org","@graph":[{"@type":"WebSite","@id":"https:\/\/www.nettali.com\/#website","url":"https:\/\/www.nettali.com\/","name":"Nettali.com","description":"Le rendez-vous critique du Net","potentialAction":[{"@type":"SearchAction","target":{"@type":"EntryPoint","urlTemplate":"https:\/\/www.nettali.com\/?s={search_term_string}"},"query-input":"required name=search_term_string"}],"inLanguage":"fr-FR"},{"@type":"ImageObject","@id":"https:\/\/www.nettali.com\/2022\/07\/23\/psg-galtier-officialise-son-gardien-numero-1\/#primaryimage","inLanguage":"fr-FR","url":"https:\/\/www.nettali.com\/wp-content\/uploads\/2022\/07\/h_57545337.jpg","contentUrl":"https:\/\/www.nettali.com\/wp-content\/uploads\/2022\/07\/h_57545337.jpg","width":1200,"height":801},{"@type":"WebPage","@id":"https:\/\/www.nettali.com\/2022\/07\/23\/psg-galtier-officialise-son-gardien-numero-1\/#webpage","url":"https:\/\/www.nettali.com\/2022\/07\/23\/psg-galtier-officialise-son-gardien-numero-1\/","name":"PSG - Galtier officialise son gardien num\u00e9ro 1 | Nettali.com","isPartOf":{"@id":"https:\/\/www.nettali.com\/#website"},"primaryImageOfPage":{"@id":"https:\/\/www.nettali.com\/2022\/07\/23\/psg-galtier-officialise-son-gardien-numero-1\/#primaryimage"},"datePublished":"2022-07-23T18:43:26+00:00","dateModified":"2022-07-23T18:43:26+00:00","author":{"@id":"https:\/\/www.nettali.com\/#\/schema\/person\/bb147657c2986240405a608162b9bb23"},"breadcrumb":{"@id":"https:\/\/www.nettali.com\/2022\/07\/23\/psg-galtier-officialise-son-gardien-numero-1\/#breadcrumb"},"inLanguage":"fr-FR","potentialAction":[{"@type":"ReadAction","target":["https:\/\/www.nettali.com\/2022\/07\/23\/psg-galtier-officialise-son-gardien-numero-1\/"]}]},{"@type":"BreadcrumbList","@id":"https:\/\/www.nettali.com\/2022\/07\/23\/psg-galtier-officialise-son-gardien-numero-1\/#breadcrumb","itemListElement":[{"@type":"ListItem","position":1,"name":"Accueil","item":"https:\/\/www.nettali.com\/"},{"@type":"ListItem","position":2,"name":"PSG - Galtier officialise son gardien num\u00e9ro 1"}]},{"@type":"Person","@id":"https:\/\/www.nettali.com\/#\/schema\/person\/bb147657c2986240405a608162b9bb23","name":"Ibrahima","image":{"@type":"ImageObject","@id":"https:\/\/www.nettali.com\/#personlogo","inLanguage":"fr-FR","url":"https:\/\/secure.gravatar.com\/avatar\/26a8a81f09f0dd7624c9d5c36c9ba3a2?s=96&d=mm&r=g","contentUrl":"https:\/\/secure.gravatar.com\/avatar\/26a8a81f09f0dd7624c9d5c36c9ba3a2?s=96&d=mm&r=g","caption":"Ibrahima"},"sameAs":["https:\/\/www.nettali.com"]}]}},"_links":{"self":[{"href":"https:\/\/www.nettali.com\/rest\/wp\/v2\/posts\/90308"}],"collection":[{"href":"https:\/\/www.nettali.com\/rest\/wp\/v2\/posts"}],"about":[{"href":"https:\/\/www.nettali.com\/rest\/wp\/v2\/types\/post"}],"author":[{"embeddable":true,"href":"https:\/\/www.nettali.com\/rest\/wp\/v2\/users\/5"}],"replies":[{"embeddable":true,"href":"https:\/\/www.nettali.com\/rest\/wp\/v2\/comments?post=90308"}],"version-history":[{"count":1,"href":"https:\/\/www.nettali.com\/rest\/wp\/v2\/posts\/90308\/revisions"}],"predecessor-version":[{"id":90311,"href":"https:\/\/www.nettali.com\/rest\/wp\/v2\/posts\/90308\/revisions\/90311"}],"wp:featuredmedia":[{"embeddable":true,"href":"https:\/\/www.nettali.com\/rest\/wp\/v2\/media\/90309"}],"wp:attachment":[{"href":"https:\/\/www.nettali.com\/rest\/wp\/v2\/media?parent=90308"}],"wp:term":[{"taxonomy":"category","embeddable":true,"href":"https:\/\/www.nettali.com\/rest\/wp\/v2\/categories?post=90308"},{"taxonomy":"post_tag","embeddable":true,"href":"https:\/\/www.nettali.com\/rest\/wp\/v2\/tags?post=90308"}],"curies":[{"name":"wp","href":"https:\/\/api.w.org\/{rel}","templated":true}]}}