{"id":90242,"date":"2022-07-22T13:43:13","date_gmt":"2022-07-22T13:43:13","guid":{"rendered":"https:\/\/www.nettali.com\/?p=90242"},"modified":"2022-07-22T13:43:13","modified_gmt":"2022-07-22T13:43:13","slug":"saccage-du-lycee-de-yoff-les-huit-mineurs-declares-coupables-mais-dispenses-de-peine","status":"publish","type":"post","link":"https:\/\/www.nettali.com\/2022\/07\/22\/saccage-du-lycee-de-yoff-les-huit-mineurs-declares-coupables-mais-dispenses-de-peine\/","title":{"rendered":"SACCAGE DU LYC\u00c9E DE YOFF - Les huit mineurs d\u00e9clar\u00e9s coupables mais dispens\u00e9s de peine"},"content":{"rendered":"<p>NETTALI.COM - <strong>Le tribunal pour mineurs a rendu sa d\u00e9cision ce matin sur l\u2019affaire relative au saccage du lyc\u00e9e de Yoff. Les huit mineurs impliqu\u00e9s dans cette affaire \u00a0ont tous \u00e9t\u00e9 d\u00e9clar\u00e9s coupables mais pas de condamnation p\u00e9nale. Le juge a pris une d\u00e9cision de protection les confiant \u00e0 leurs parents. L\u2019action \u00e9ducative en milieu ouvert est mise en contribution.<\/strong><\/p>\n<p>Les \u00e9l\u00e8ves, au nombre de huit, impliqu\u00e9s dans le saccage des classes au lyc\u00e9e de Yoff, tous des mineurs ont \u00e9t\u00e9 d\u00e9clar\u00e9s coupables \u00a0par le tribunal pour mineurs pour destruction de biens appartenant \u00e0 l\u2019Etat. Mais, en ce qui concerne les sanctions, le juge a juste pris une mesure de protection en les confiant \u00e0 leurs parents.<\/p>\n<p>Cette d\u00e9cision est assortie d\u2019une mesure suppl\u00e9mentaire. Laquelle consiste \u00e0 confier ces enfants au service des \u00e9ducateurs sp\u00e9cialis\u00e9s de l\u2019Etat pour accompagner les parents. \u00ab <em>C\u2019est une d\u00e9cision tr\u00e8s sage parce que, c\u2019est vrai, ce sont des enfants qui ont eu un comportement pas tr\u00e8s disciplin\u00e9. Il fallait de ce point de vue l\u00e0 un peu redresser et il faut mettre \u00e0 contribution les \u00e9ducateurs sp\u00e9cialis\u00e9s de l\u2019Etat pour renforcer la protection de ces enfants et c\u2019est cette d\u00e9cision que la juridiction des mineurs a prise. Et qui,\u00a0 \u00e0 mon avis, me parait \u00eatre une d\u00e9cision tr\u00e8s sage<\/em> \u00bb, a expliqu\u00e9 Me Baba Diop, avocat des \u00e9l\u00e8ves incrimin\u00e9s.<\/p>\n<p>Il ajoute : \u00ab <em>le juge n\u2019a pas estim\u00e9 prononcer une peine d\u2019emprisonnement parce que v\u00e9ritablement les faits n\u2019\u00e9taient pas tr\u00e8s graves. Il les a dispens\u00e9s de peine mais a pris une mesure de renforcement de l\u2019\u00e9ducation des enfants. <\/em>\u00bb<\/p>\n<div class='share-to-whatsapp-wrapper'><div class='share-on-whsp'>PARTAGER SUR : <\/div><a data-text='SACCAGE DU LYC\u00c9E DE YOFF - Les huit mineurs d\u00e9clar\u00e9s coupables mais dispens\u00e9s de peine' data-link='https:\/\/www.nettali.com\/2022\/07\/22\/saccage-du-lycee-de-yoff-les-huit-mineurs-declares-coupables-mais-dispenses-de-peine\/' class='whatsapp-button whatsapp-share'>WhatsApp<\/a><div class='clear '><\/div><\/div>","protected":false},"excerpt":{"rendered":"<p>NETTALI.COM - Le tribunal pour mineurs a rendu sa d\u00e9cision ce matin sur l\u2019affaire relative au saccage du lyc\u00e9e de Yoff. Les huit mineurs impliqu\u00e9s dans cette affaire \u00a0ont tous \u00e9t\u00e9 d\u00e9clar\u00e9s coupables mais pas de condamnation p\u00e9nale. Le juge a pris une d\u00e9cision de protection les confiant \u00e0 leurs parents. L\u2019action \u00e9ducative en milieu [&hellip;]<\/p>\n","protected":false},"author":6,"featured_media":89463,"comment_status":"open","ping_status":"open","sticky":false,"template":"","format":"standard","meta":{"_et_pb_use_builder":"","_et_pb_old_content":""},"categories":[3],"tags":[],"yoast_head":"<!-- This site is optimized with the Yoast SEO Premium plugin v17.8 (Yoast SEO v17.8) - https:\/\/yoast.com\/wordpress\/plugins\/seo\/ -->\n<title>SACCAGE DU LYC\u00c9E DE YOFF - Les huit mineurs d\u00e9clar\u00e9s coupables mais dispens\u00e9s de peine | Nettali.com<\/title>\n<meta name=\"robots\" content=\"index, follow, max-snippet:-1, max-image-preview:large, max-video-preview:-1\" \/>\n<link rel=\"canonical\" href=\"https:\/\/www.nettali.com\/2022\/07\/22\/saccage-du-lycee-de-yoff-les-huit-mineurs-declares-coupables-mais-dispenses-de-peine\/\" \/>\n<meta property=\"og:locale\" content=\"fr_FR\" \/>\n<meta property=\"og:type\" content=\"article\" \/>\n<meta property=\"og:title\" content=\"SACCAGE DU LYC\u00c9E DE YOFF - Les huit mineurs d\u00e9clar\u00e9s coupables mais dispens\u00e9s de peine\" \/>\n<meta property=\"og:description\" content=\"NETTALI.COM - Le tribunal pour mineurs a rendu sa d\u00e9cision ce matin sur l\u2019affaire relative au saccage du lyc\u00e9e de Yoff. Les huit mineurs impliqu\u00e9s dans cette affaire \u00a0ont tous \u00e9t\u00e9 d\u00e9clar\u00e9s coupables mais pas de condamnation p\u00e9nale. Le juge a pris une d\u00e9cision de protection les confiant \u00e0 leurs parents. L\u2019action \u00e9ducative en milieu [&hellip;]\" \/>\n<meta property=\"og:url\" content=\"https:\/\/www.nettali.com\/2022\/07\/22\/saccage-du-lycee-de-yoff-les-huit-mineurs-declares-coupables-mais-dispenses-de-peine\/\" \/>\n<meta property=\"og:site_name\" content=\"Nettali.com\" \/>\n<meta property=\"article:publisher\" content=\"https:\/\/www.facebook.com\/nettalicom\" \/>\n<meta property=\"article:published_time\" content=\"2022-07-22T13:43:13+00:00\" \/>\n<meta property=\"og:image\" content=\"https:\/\/www.nettali.com\/wp-content\/uploads\/2022\/07\/LYCEE-DE-YOFF-SACCAGE.jpg\" \/>\n\t<meta property=\"og:image:width\" content=\"600\" \/>\n\t<meta property=\"og:image:height\" content=\"292\" \/>\n<meta name=\"twitter:card\" content=\"summary_large_image\" \/>\n<meta name=\"twitter:label1\" content=\"\u00c9crit par\" \/>\n\t<meta name=\"twitter:data1\" content=\"Fatou\" \/>\n\t<meta name=\"twitter:label2\" content=\"Dur\u00e9e de lecture estim\u00e9e\" \/>\n\t<meta name=\"twitter:data2\" content=\"2 minutes\" \/>\n<script type=\"application\/ld+json\" class=\"yoast-schema-graph\">{\"@context\":\"https:\/\/schema.org\",\"@graph\":[{\"@type\":\"WebSite\",\"@id\":\"https:\/\/www.nettali.com\/#website\",\"url\":\"https:\/\/www.nettali.com\/\",\"name\":\"Nettali.com\",\"description\":\"Le rendez-vous critique du Net\",\"potentialAction\":[{\"@type\":\"SearchAction\",\"target\":{\"@type\":\"EntryPoint\",\"urlTemplate\":\"https:\/\/www.nettali.com\/?s={search_term_string}\"},\"query-input\":\"required name=search_term_string\"}],\"inLanguage\":\"fr-FR\"},{\"@type\":\"ImageObject\",\"@id\":\"https:\/\/www.nettali.com\/2022\/07\/22\/saccage-du-lycee-de-yoff-les-huit-mineurs-declares-coupables-mais-dispenses-de-peine\/#primaryimage\",\"inLanguage\":\"fr-FR\",\"url\":\"https:\/\/www.nettali.com\/wp-content\/uploads\/2022\/07\/LYCEE-DE-YOFF-SACCAGE.jpg\",\"contentUrl\":\"https:\/\/www.nettali.com\/wp-content\/uploads\/2022\/07\/LYCEE-DE-YOFF-SACCAGE.jpg\",\"width\":600,\"height\":292},{\"@type\":\"WebPage\",\"@id\":\"https:\/\/www.nettali.com\/2022\/07\/22\/saccage-du-lycee-de-yoff-les-huit-mineurs-declares-coupables-mais-dispenses-de-peine\/#webpage\",\"url\":\"https:\/\/www.nettali.com\/2022\/07\/22\/saccage-du-lycee-de-yoff-les-huit-mineurs-declares-coupables-mais-dispenses-de-peine\/\",\"name\":\"SACCAGE DU LYC\\u00c9E DE YOFF - Les huit mineurs d\\u00e9clar\\u00e9s coupables mais dispens\\u00e9s de peine | Nettali.com\",\"isPartOf\":{\"@id\":\"https:\/\/www.nettali.com\/#website\"},\"primaryImageOfPage\":{\"@id\":\"https:\/\/www.nettali.com\/2022\/07\/22\/saccage-du-lycee-de-yoff-les-huit-mineurs-declares-coupables-mais-dispenses-de-peine\/#primaryimage\"},\"datePublished\":\"2022-07-22T13:43:13+00:00\",\"dateModified\":\"2022-07-22T13:43:13+00:00\",\"author\":{\"@id\":\"https:\/\/www.nettali.com\/#\/schema\/person\/418274a86bdf87caff7a3ef476bd0bbf\"},\"breadcrumb\":{\"@id\":\"https:\/\/www.nettali.com\/2022\/07\/22\/saccage-du-lycee-de-yoff-les-huit-mineurs-declares-coupables-mais-dispenses-de-peine\/#breadcrumb\"},\"inLanguage\":\"fr-FR\",\"potentialAction\":[{\"@type\":\"ReadAction\",\"target\":[\"https:\/\/www.nettali.com\/2022\/07\/22\/saccage-du-lycee-de-yoff-les-huit-mineurs-declares-coupables-mais-dispenses-de-peine\/\"]}]},{\"@type\":\"BreadcrumbList\",\"@id\":\"https:\/\/www.nettali.com\/2022\/07\/22\/saccage-du-lycee-de-yoff-les-huit-mineurs-declares-coupables-mais-dispenses-de-peine\/#breadcrumb\",\"itemListElement\":[{\"@type\":\"ListItem\",\"position\":1,\"name\":\"Accueil\",\"item\":\"https:\/\/www.nettali.com\/\"},{\"@type\":\"ListItem\",\"position\":2,\"name\":\"SACCAGE DU LYC\\u00c9E DE YOFF - Les huit mineurs d\\u00e9clar\\u00e9s coupables mais dispens\\u00e9s de peine\"}]},{\"@type\":\"Person\",\"@id\":\"https:\/\/www.nettali.com\/#\/schema\/person\/418274a86bdf87caff7a3ef476bd0bbf\",\"name\":\"Fatou\",\"image\":{\"@type\":\"ImageObject\",\"@id\":\"https:\/\/www.nettali.com\/#personlogo\",\"inLanguage\":\"fr-FR\",\"url\":\"https:\/\/secure.gravatar.com\/avatar\/5a9442a2bee7b4dcf167cab035858e9a?s=96&d=mm&r=g\",\"contentUrl\":\"https:\/\/secure.gravatar.com\/avatar\/5a9442a2bee7b4dcf167cab035858e9a?s=96&d=mm&r=g\",\"caption\":\"Fatou\"},\"sameAs\":[\"https:\/\/www.nettali.com\"]}]}<\/script>\n<!-- \/ Yoast SEO Premium plugin. -->","yoast_head_json":{"title":"SACCAGE DU LYC\u00c9E DE YOFF - Les huit mineurs d\u00e9clar\u00e9s coupables mais dispens\u00e9s de peine | Nettali.com","robots":{"index":"index","follow":"follow","max-snippet":"max-snippet:-1","max-image-preview":"max-image-preview:large","max-video-preview":"max-video-preview:-1"},"canonical":"https:\/\/www.nettali.com\/2022\/07\/22\/saccage-du-lycee-de-yoff-les-huit-mineurs-declares-coupables-mais-dispenses-de-peine\/","og_locale":"fr_FR","og_type":"article","og_title":"SACCAGE DU LYC\u00c9E DE YOFF - Les huit mineurs d\u00e9clar\u00e9s coupables mais dispens\u00e9s de peine","og_description":"NETTALI.COM - Le tribunal pour mineurs a rendu sa d\u00e9cision ce matin sur l\u2019affaire relative au saccage du lyc\u00e9e de Yoff. Les huit mineurs impliqu\u00e9s dans cette affaire \u00a0ont tous \u00e9t\u00e9 d\u00e9clar\u00e9s coupables mais pas de condamnation p\u00e9nale. Le juge a pris une d\u00e9cision de protection les confiant \u00e0 leurs parents. L\u2019action \u00e9ducative en milieu [&hellip;]","og_url":"https:\/\/www.nettali.com\/2022\/07\/22\/saccage-du-lycee-de-yoff-les-huit-mineurs-declares-coupables-mais-dispenses-de-peine\/","og_site_name":"Nettali.com","article_publisher":"https:\/\/www.facebook.com\/nettalicom","article_published_time":"2022-07-22T13:43:13+00:00","og_image":[{"width":600,"height":292,"url":"https:\/\/www.nettali.com\/wp-content\/uploads\/2022\/07\/LYCEE-DE-YOFF-SACCAGE.jpg","type":"image\/jpeg"}],"twitter_card":"summary_large_image","twitter_misc":{"\u00c9crit par":"Fatou","Dur\u00e9e de lecture estim\u00e9e":"2 minutes"},"schema":{"@context":"https:\/\/schema.org","@graph":[{"@type":"WebSite","@id":"https:\/\/www.nettali.com\/#website","url":"https:\/\/www.nettali.com\/","name":"Nettali.com","description":"Le rendez-vous critique du Net","potentialAction":[{"@type":"SearchAction","target":{"@type":"EntryPoint","urlTemplate":"https:\/\/www.nettali.com\/?s={search_term_string}"},"query-input":"required name=search_term_string"}],"inLanguage":"fr-FR"},{"@type":"ImageObject","@id":"https:\/\/www.nettali.com\/2022\/07\/22\/saccage-du-lycee-de-yoff-les-huit-mineurs-declares-coupables-mais-dispenses-de-peine\/#primaryimage","inLanguage":"fr-FR","url":"https:\/\/www.nettali.com\/wp-content\/uploads\/2022\/07\/LYCEE-DE-YOFF-SACCAGE.jpg","contentUrl":"https:\/\/www.nettali.com\/wp-content\/uploads\/2022\/07\/LYCEE-DE-YOFF-SACCAGE.jpg","width":600,"height":292},{"@type":"WebPage","@id":"https:\/\/www.nettali.com\/2022\/07\/22\/saccage-du-lycee-de-yoff-les-huit-mineurs-declares-coupables-mais-dispenses-de-peine\/#webpage","url":"https:\/\/www.nettali.com\/2022\/07\/22\/saccage-du-lycee-de-yoff-les-huit-mineurs-declares-coupables-mais-dispenses-de-peine\/","name":"SACCAGE DU LYC\u00c9E DE YOFF - Les huit mineurs d\u00e9clar\u00e9s coupables mais dispens\u00e9s de peine | Nettali.com","isPartOf":{"@id":"https:\/\/www.nettali.com\/#website"},"primaryImageOfPage":{"@id":"https:\/\/www.nettali.com\/2022\/07\/22\/saccage-du-lycee-de-yoff-les-huit-mineurs-declares-coupables-mais-dispenses-de-peine\/#primaryimage"},"datePublished":"2022-07-22T13:43:13+00:00","dateModified":"2022-07-22T13:43:13+00:00","author":{"@id":"https:\/\/www.nettali.com\/#\/schema\/person\/418274a86bdf87caff7a3ef476bd0bbf"},"breadcrumb":{"@id":"https:\/\/www.nettali.com\/2022\/07\/22\/saccage-du-lycee-de-yoff-les-huit-mineurs-declares-coupables-mais-dispenses-de-peine\/#breadcrumb"},"inLanguage":"fr-FR","potentialAction":[{"@type":"ReadAction","target":["https:\/\/www.nettali.com\/2022\/07\/22\/saccage-du-lycee-de-yoff-les-huit-mineurs-declares-coupables-mais-dispenses-de-peine\/"]}]},{"@type":"BreadcrumbList","@id":"https:\/\/www.nettali.com\/2022\/07\/22\/saccage-du-lycee-de-yoff-les-huit-mineurs-declares-coupables-mais-dispenses-de-peine\/#breadcrumb","itemListElement":[{"@type":"ListItem","position":1,"name":"Accueil","item":"https:\/\/www.nettali.com\/"},{"@type":"ListItem","position":2,"name":"SACCAGE DU LYC\u00c9E DE YOFF - Les huit mineurs d\u00e9clar\u00e9s coupables mais dispens\u00e9s de peine"}]},{"@type":"Person","@id":"https:\/\/www.nettali.com\/#\/schema\/person\/418274a86bdf87caff7a3ef476bd0bbf","name":"Fatou","image":{"@type":"ImageObject","@id":"https:\/\/www.nettali.com\/#personlogo","inLanguage":"fr-FR","url":"https:\/\/secure.gravatar.com\/avatar\/5a9442a2bee7b4dcf167cab035858e9a?s=96&d=mm&r=g","contentUrl":"https:\/\/secure.gravatar.com\/avatar\/5a9442a2bee7b4dcf167cab035858e9a?s=96&d=mm&r=g","caption":"Fatou"},"sameAs":["https:\/\/www.nettali.com"]}]}},"_links":{"self":[{"href":"https:\/\/www.nettali.com\/rest\/wp\/v2\/posts\/90242"}],"collection":[{"href":"https:\/\/www.nettali.com\/rest\/wp\/v2\/posts"}],"about":[{"href":"https:\/\/www.nettali.com\/rest\/wp\/v2\/types\/post"}],"author":[{"embeddable":true,"href":"https:\/\/www.nettali.com\/rest\/wp\/v2\/users\/6"}],"replies":[{"embeddable":true,"href":"https:\/\/www.nettali.com\/rest\/wp\/v2\/comments?post=90242"}],"version-history":[{"count":3,"href":"https:\/\/www.nettali.com\/rest\/wp\/v2\/posts\/90242\/revisions"}],"predecessor-version":[{"id":90245,"href":"https:\/\/www.nettali.com\/rest\/wp\/v2\/posts\/90242\/revisions\/90245"}],"wp:featuredmedia":[{"embeddable":true,"href":"https:\/\/www.nettali.com\/rest\/wp\/v2\/media\/89463"}],"wp:attachment":[{"href":"https:\/\/www.nettali.com\/rest\/wp\/v2\/media?parent=90242"}],"wp:term":[{"taxonomy":"category","embeddable":true,"href":"https:\/\/www.nettali.com\/rest\/wp\/v2\/categories?post=90242"},{"taxonomy":"post_tag","embeddable":true,"href":"https:\/\/www.nettali.com\/rest\/wp\/v2\/tags?post=90242"}],"curies":[{"name":"wp","href":"https:\/\/api.w.org\/{rel}","templated":true}]}}