{"id":90232,"date":"2022-07-22T10:01:44","date_gmt":"2022-07-22T10:01:44","guid":{"rendered":"https:\/\/www.nettali.com\/?p=90232"},"modified":"2022-07-22T12:32:12","modified_gmt":"2022-07-22T12:32:12","slug":"mali-des-coups-de-feu-entendus-sur-une-base-militaire-pres-de-bamako","status":"publish","type":"post","link":"https:\/\/www.nettali.com\/2022\/07\/22\/mali-des-coups-de-feu-entendus-sur-une-base-militaire-pres-de-bamako\/","title":{"rendered":"MALI - Des coups de feu entendus sur une base militaire pr\u00e8s de Bamako"},"content":{"rendered":"<p style=\"background: white; vertical-align: baseline; margin: 0cm 0cm 13.5pt 0cm;\"><span style=\"color: #101010; letter-spacing: .1pt;\">NETTALI.COM - Des coups de feu ont \u00e9t\u00e9 entendus t\u00f4t vendredi sur la principale base militaire situ\u00e9e \u00e0 l'ext\u00e9rieur de Bamako, la capitale du Mali, avant de s'att\u00e9nuer au bout d'environ une heure, a rapport\u00e9 un journaliste de Reuters.<\/span><\/p>\n<p id=\"mt_multitag_57_6_0\" style=\"background: white; vertical-align: baseline; font-variant-ligatures: normal; font-variant-caps: normal; font-variant-numeric: inherit; font-variant-east-asian: inherit; font-stretch: inherit; line-height: inherit; box-sizing: border-box; orphans: 2; text-align: start; widows: 2; -webkit-text-stroke-width: 0px; text-decoration-thickness: initial; text-decoration-style: initial; text-decoration-color: initial; word-spacing: 0px; margin: 0cm 0cm 13.5pt 0cm;\"><span style=\"color: #101010; letter-spacing: .1pt;\">Trois r\u00e9sidents du camp, qui ont demand\u00e9 \u00e0 ne pas \u00eatre identifi\u00e9s, ont dit qu'ils pensaient que la base de Kati, \u00e0 environ 15 km de Bamako, avait \u00e9t\u00e9 attaqu\u00e9e par des militants islamistes pr\u00e9sum\u00e9s, qui m\u00e8nent une insurrection au Mali depuis dix ans.<\/span><\/p>\n<p id=\"mt_multitag_85_1157_0\" style=\"background: white; vertical-align: baseline; font-variant-ligatures: normal; font-variant-caps: normal; font-variant-numeric: inherit; font-variant-east-asian: inherit; font-stretch: inherit; line-height: inherit; box-sizing: border-box; orphans: 2; text-align: start; widows: 2; -webkit-text-stroke-width: 0px; text-decoration-thickness: initial; text-decoration-style: initial; text-decoration-color: initial; word-spacing: 0px; margin: 0cm 0cm 13.5pt 0cm;\"><span style=\"color: #101010; letter-spacing: .1pt;\">La base de Kati a \u00e9t\u00e9 le th\u00e9\u00e2tre de mutineries en 2012 et 2020 qui ont conduit \u00e0 des coups d'\u00c9tat r\u00e9ussis, mais les habitants ont d\u00e9clar\u00e9 que les soldats ne semblaient pas se battre entre eux.<\/span><\/p>\n<p id=\"mt_multitag_85_1157_1\" style=\"background: white; vertical-align: baseline; font-variant-ligatures: normal; font-variant-caps: normal; font-variant-numeric: inherit; font-variant-east-asian: inherit; font-stretch: inherit; line-height: inherit; box-sizing: border-box; orphans: 2; text-align: start; widows: 2; -webkit-text-stroke-width: 0px; text-decoration-thickness: initial; text-decoration-style: initial; text-decoration-color: initial; word-spacing: 0px; margin: 0cm 0cm 13.5pt 0cm;\"><span style=\"color: #101010; letter-spacing: .1pt;\">Des combattants islamistes li\u00e9s \u00e0 Al-Qa\u00efda et au groupe \u00c9tat islamique ont attaqu\u00e9 \u00e0 plusieurs reprises des bases de l'arm\u00e9e \u00e0 travers le pays, mais jamais aussi pr\u00e8s de la capitale.<\/span><\/p>\n<p style=\"background: white; vertical-align: baseline; font-variant-ligatures: normal; font-variant-caps: normal; font-variant-numeric: inherit; font-variant-east-asian: inherit; font-stretch: inherit; line-height: inherit; box-sizing: border-box; orphans: 2; text-align: start; widows: 2; -webkit-text-stroke-width: 0px; text-decoration-thickness: initial; text-decoration-style: initial; text-decoration-color: initial; word-spacing: 0px; margin: 0cm 0cm 13.5pt 0cm;\"><span style=\"color: #101010; letter-spacing: .1pt;\">L'arm\u00e9e a d\u00e9clar\u00e9 tard jeudi que des combattants li\u00e9s \u00e0 Al-Qa\u00efda avaient attaqu\u00e9 plusieurs camps militaires plus t\u00f4t dans la journ\u00e9e \u00e0 plusieurs centaines de kilom\u00e8tres au nord de Bamako, dans le centre du Mali, tuant un soldat et en blessant 15.<\/span><\/p>\n<p id=\"mt_multitag_85_1157_2\" style=\"background: white; vertical-align: baseline; font-variant-ligatures: normal; font-variant-caps: normal; font-variant-numeric: inherit; font-variant-east-asian: inherit; font-stretch: inherit; line-height: inherit; box-sizing: border-box; orphans: 2; text-align: start; widows: 2; -webkit-text-stroke-width: 0px; text-decoration-thickness: initial; text-decoration-style: initial; text-decoration-color: initial; word-spacing: 0px; margin: 0cm 0cm 13.5pt 0cm;\"><span style=\"color: #101010; letter-spacing: .1pt;\">Reuters n'a pas pu v\u00e9rifier imm\u00e9diatement la cause des tirs \u00e0 Kati. Le porte-parole de l'arm\u00e9e malienne n'\u00e9tait pas imm\u00e9diatement disponible pour un commentaire et un responsable de la pr\u00e9sidence a refus\u00e9 de commenter.<\/span><\/p>\n<p style=\"background: white; vertical-align: baseline; font-variant-ligatures: normal; font-variant-caps: normal; font-variant-numeric: inherit; font-variant-east-asian: inherit; font-stretch: inherit; line-height: inherit; box-sizing: border-box; orphans: 2; text-align: start; widows: 2; -webkit-text-stroke-width: 0px; text-decoration-thickness: initial; text-decoration-style: initial; text-decoration-color: initial; word-spacing: 0px; margin: 0cm 0cm 13.5pt 0cm;\"><span style=\"color: #101010; letter-spacing: .1pt;\">Apr\u00e8s la fin de la fusillade, vers 6 heures du matin, des h\u00e9licopt\u00e8res ont \u00e9t\u00e9 entendus au-dessus de la base. L'entr\u00e9e a \u00e9t\u00e9 ferm\u00e9e et deux ambulances ont \u00e9t\u00e9 aper\u00e7ues.<\/span><\/p>\n<p style=\"background: white; vertical-align: baseline; margin: 0cm 0cm 13.5pt 0cm;\"><span style=\"color: #101010; letter-spacing: .1pt;\">(Avec Reuters)<\/span><\/p>\n<div class='share-to-whatsapp-wrapper'><div class='share-on-whsp'>PARTAGER SUR : <\/div><a data-text='MALI - Des coups de feu entendus sur une base militaire pr\u00e8s de Bamako' data-link='https:\/\/www.nettali.com\/2022\/07\/22\/mali-des-coups-de-feu-entendus-sur-une-base-militaire-pres-de-bamako\/' class='whatsapp-button whatsapp-share'>WhatsApp<\/a><div class='clear '><\/div><\/div>","protected":false},"excerpt":{"rendered":"<p>NETTALI.COM - Des coups de feu ont \u00e9t\u00e9 entendus t\u00f4t vendredi sur la principale base militaire situ\u00e9e \u00e0 l'ext\u00e9rieur de Bamako, la capitale du Mali, avant de s'att\u00e9nuer au bout d'environ une heure, a rapport\u00e9 un journaliste de Reuters. Trois r\u00e9sidents du camp, qui ont demand\u00e9 \u00e0 ne pas \u00eatre identifi\u00e9s, ont dit qu'ils pensaient [&hellip;]<\/p>\n","protected":false},"author":11,"featured_media":90233,"comment_status":"open","ping_status":"open","sticky":false,"template":"","format":"standard","meta":{"_et_pb_use_builder":"","_et_pb_old_content":""},"categories":[8],"tags":[],"yoast_head":"<!-- This site is optimized with the Yoast SEO Premium plugin v17.8 (Yoast SEO v17.8) - https:\/\/yoast.com\/wordpress\/plugins\/seo\/ -->\n<title>MALI - Des coups de feu entendus sur une base militaire pr\u00e8s de Bamako | Nettali.com<\/title>\n<meta name=\"robots\" content=\"index, follow, max-snippet:-1, max-image-preview:large, max-video-preview:-1\" \/>\n<link rel=\"canonical\" href=\"https:\/\/www.nettali.com\/2022\/07\/22\/mali-des-coups-de-feu-entendus-sur-une-base-militaire-pres-de-bamako\/\" \/>\n<meta property=\"og:locale\" content=\"fr_FR\" \/>\n<meta property=\"og:type\" content=\"article\" \/>\n<meta property=\"og:title\" content=\"MALI - Des coups de feu entendus sur une base militaire pr\u00e8s de Bamako\" \/>\n<meta property=\"og:description\" content=\"NETTALI.COM - Des coups de feu ont \u00e9t\u00e9 entendus t\u00f4t vendredi sur la principale base militaire situ\u00e9e \u00e0 l&#039;ext\u00e9rieur de Bamako, la capitale du Mali, avant de s&#039;att\u00e9nuer au bout d&#039;environ une heure, a rapport\u00e9 un journaliste de Reuters. Trois r\u00e9sidents du camp, qui ont demand\u00e9 \u00e0 ne pas \u00eatre identifi\u00e9s, ont dit qu&#039;ils pensaient [&hellip;]\" \/>\n<meta property=\"og:url\" content=\"https:\/\/www.nettali.com\/2022\/07\/22\/mali-des-coups-de-feu-entendus-sur-une-base-militaire-pres-de-bamako\/\" \/>\n<meta property=\"og:site_name\" content=\"Nettali.com\" \/>\n<meta property=\"article:publisher\" content=\"https:\/\/www.facebook.com\/nettalicom\" \/>\n<meta property=\"article:published_time\" content=\"2022-07-22T10:01:44+00:00\" \/>\n<meta property=\"article:modified_time\" content=\"2022-07-22T12:32:12+00:00\" \/>\n<meta property=\"og:image\" content=\"https:\/\/www.nettali.com\/wp-content\/uploads\/2022\/07\/basako.jpg\" \/>\n\t<meta property=\"og:image:width\" content=\"1000\" \/>\n\t<meta property=\"og:image:height\" content=\"750\" \/>\n<meta name=\"twitter:card\" content=\"summary_large_image\" \/>\n<meta name=\"twitter:label1\" content=\"\u00c9crit par\" \/>\n\t<meta name=\"twitter:data1\" content=\"Thierno Diop\" \/>\n\t<meta name=\"twitter:label2\" content=\"Dur\u00e9e de lecture estim\u00e9e\" \/>\n\t<meta name=\"twitter:data2\" content=\"2 minutes\" \/>\n<script type=\"application\/ld+json\" class=\"yoast-schema-graph\">{\"@context\":\"https:\/\/schema.org\",\"@graph\":[{\"@type\":\"WebSite\",\"@id\":\"https:\/\/www.nettali.com\/#website\",\"url\":\"https:\/\/www.nettali.com\/\",\"name\":\"Nettali.com\",\"description\":\"Le rendez-vous critique du Net\",\"potentialAction\":[{\"@type\":\"SearchAction\",\"target\":{\"@type\":\"EntryPoint\",\"urlTemplate\":\"https:\/\/www.nettali.com\/?s={search_term_string}\"},\"query-input\":\"required name=search_term_string\"}],\"inLanguage\":\"fr-FR\"},{\"@type\":\"ImageObject\",\"@id\":\"https:\/\/www.nettali.com\/2022\/07\/22\/mali-des-coups-de-feu-entendus-sur-une-base-militaire-pres-de-bamako\/#primaryimage\",\"inLanguage\":\"fr-FR\",\"url\":\"https:\/\/www.nettali.com\/wp-content\/uploads\/2022\/07\/basako.jpg\",\"contentUrl\":\"https:\/\/www.nettali.com\/wp-content\/uploads\/2022\/07\/basako.jpg\",\"width\":1000,\"height\":750},{\"@type\":\"WebPage\",\"@id\":\"https:\/\/www.nettali.com\/2022\/07\/22\/mali-des-coups-de-feu-entendus-sur-une-base-militaire-pres-de-bamako\/#webpage\",\"url\":\"https:\/\/www.nettali.com\/2022\/07\/22\/mali-des-coups-de-feu-entendus-sur-une-base-militaire-pres-de-bamako\/\",\"name\":\"MALI - Des coups de feu entendus sur une base militaire pr\\u00e8s de Bamako | Nettali.com\",\"isPartOf\":{\"@id\":\"https:\/\/www.nettali.com\/#website\"},\"primaryImageOfPage\":{\"@id\":\"https:\/\/www.nettali.com\/2022\/07\/22\/mali-des-coups-de-feu-entendus-sur-une-base-militaire-pres-de-bamako\/#primaryimage\"},\"datePublished\":\"2022-07-22T10:01:44+00:00\",\"dateModified\":\"2022-07-22T12:32:12+00:00\",\"author\":{\"@id\":\"https:\/\/www.nettali.com\/#\/schema\/person\/8a06c6bd7b19304cf4bf985862900b5b\"},\"breadcrumb\":{\"@id\":\"https:\/\/www.nettali.com\/2022\/07\/22\/mali-des-coups-de-feu-entendus-sur-une-base-militaire-pres-de-bamako\/#breadcrumb\"},\"inLanguage\":\"fr-FR\",\"potentialAction\":[{\"@type\":\"ReadAction\",\"target\":[\"https:\/\/www.nettali.com\/2022\/07\/22\/mali-des-coups-de-feu-entendus-sur-une-base-militaire-pres-de-bamako\/\"]}]},{\"@type\":\"BreadcrumbList\",\"@id\":\"https:\/\/www.nettali.com\/2022\/07\/22\/mali-des-coups-de-feu-entendus-sur-une-base-militaire-pres-de-bamako\/#breadcrumb\",\"itemListElement\":[{\"@type\":\"ListItem\",\"position\":1,\"name\":\"Accueil\",\"item\":\"https:\/\/www.nettali.com\/\"},{\"@type\":\"ListItem\",\"position\":2,\"name\":\"MALI - Des coups de feu entendus sur une base militaire pr\\u00e8s de Bamako\"}]},{\"@type\":\"Person\",\"@id\":\"https:\/\/www.nettali.com\/#\/schema\/person\/8a06c6bd7b19304cf4bf985862900b5b\",\"name\":\"Thierno Diop\",\"image\":{\"@type\":\"ImageObject\",\"@id\":\"https:\/\/www.nettali.com\/#personlogo\",\"inLanguage\":\"fr-FR\",\"url\":\"https:\/\/secure.gravatar.com\/avatar\/c8ca58550c94fd2ac856d27391a6c866?s=96&d=mm&r=g\",\"contentUrl\":\"https:\/\/secure.gravatar.com\/avatar\/c8ca58550c94fd2ac856d27391a6c866?s=96&d=mm&r=g\",\"caption\":\"Thierno Diop\"},\"sameAs\":[\"https:\/\/nettali.com\"]}]}<\/script>\n<!-- \/ Yoast SEO Premium plugin. -->","yoast_head_json":{"title":"MALI - Des coups de feu entendus sur une base militaire pr\u00e8s de Bamako | Nettali.com","robots":{"index":"index","follow":"follow","max-snippet":"max-snippet:-1","max-image-preview":"max-image-preview:large","max-video-preview":"max-video-preview:-1"},"canonical":"https:\/\/www.nettali.com\/2022\/07\/22\/mali-des-coups-de-feu-entendus-sur-une-base-militaire-pres-de-bamako\/","og_locale":"fr_FR","og_type":"article","og_title":"MALI - Des coups de feu entendus sur une base militaire pr\u00e8s de Bamako","og_description":"NETTALI.COM - Des coups de feu ont \u00e9t\u00e9 entendus t\u00f4t vendredi sur la principale base militaire situ\u00e9e \u00e0 l'ext\u00e9rieur de Bamako, la capitale du Mali, avant de s'att\u00e9nuer au bout d'environ une heure, a rapport\u00e9 un journaliste de Reuters. Trois r\u00e9sidents du camp, qui ont demand\u00e9 \u00e0 ne pas \u00eatre identifi\u00e9s, ont dit qu'ils pensaient [&hellip;]","og_url":"https:\/\/www.nettali.com\/2022\/07\/22\/mali-des-coups-de-feu-entendus-sur-une-base-militaire-pres-de-bamako\/","og_site_name":"Nettali.com","article_publisher":"https:\/\/www.facebook.com\/nettalicom","article_published_time":"2022-07-22T10:01:44+00:00","article_modified_time":"2022-07-22T12:32:12+00:00","og_image":[{"width":1000,"height":750,"url":"https:\/\/www.nettali.com\/wp-content\/uploads\/2022\/07\/basako.jpg","type":"image\/jpeg"}],"twitter_card":"summary_large_image","twitter_misc":{"\u00c9crit par":"Thierno Diop","Dur\u00e9e de lecture estim\u00e9e":"2 minutes"},"schema":{"@context":"https:\/\/schema.org","@graph":[{"@type":"WebSite","@id":"https:\/\/www.nettali.com\/#website","url":"https:\/\/www.nettali.com\/","name":"Nettali.com","description":"Le rendez-vous critique du Net","potentialAction":[{"@type":"SearchAction","target":{"@type":"EntryPoint","urlTemplate":"https:\/\/www.nettali.com\/?s={search_term_string}"},"query-input":"required name=search_term_string"}],"inLanguage":"fr-FR"},{"@type":"ImageObject","@id":"https:\/\/www.nettali.com\/2022\/07\/22\/mali-des-coups-de-feu-entendus-sur-une-base-militaire-pres-de-bamako\/#primaryimage","inLanguage":"fr-FR","url":"https:\/\/www.nettali.com\/wp-content\/uploads\/2022\/07\/basako.jpg","contentUrl":"https:\/\/www.nettali.com\/wp-content\/uploads\/2022\/07\/basako.jpg","width":1000,"height":750},{"@type":"WebPage","@id":"https:\/\/www.nettali.com\/2022\/07\/22\/mali-des-coups-de-feu-entendus-sur-une-base-militaire-pres-de-bamako\/#webpage","url":"https:\/\/www.nettali.com\/2022\/07\/22\/mali-des-coups-de-feu-entendus-sur-une-base-militaire-pres-de-bamako\/","name":"MALI - Des coups de feu entendus sur une base militaire pr\u00e8s de Bamako | Nettali.com","isPartOf":{"@id":"https:\/\/www.nettali.com\/#website"},"primaryImageOfPage":{"@id":"https:\/\/www.nettali.com\/2022\/07\/22\/mali-des-coups-de-feu-entendus-sur-une-base-militaire-pres-de-bamako\/#primaryimage"},"datePublished":"2022-07-22T10:01:44+00:00","dateModified":"2022-07-22T12:32:12+00:00","author":{"@id":"https:\/\/www.nettali.com\/#\/schema\/person\/8a06c6bd7b19304cf4bf985862900b5b"},"breadcrumb":{"@id":"https:\/\/www.nettali.com\/2022\/07\/22\/mali-des-coups-de-feu-entendus-sur-une-base-militaire-pres-de-bamako\/#breadcrumb"},"inLanguage":"fr-FR","potentialAction":[{"@type":"ReadAction","target":["https:\/\/www.nettali.com\/2022\/07\/22\/mali-des-coups-de-feu-entendus-sur-une-base-militaire-pres-de-bamako\/"]}]},{"@type":"BreadcrumbList","@id":"https:\/\/www.nettali.com\/2022\/07\/22\/mali-des-coups-de-feu-entendus-sur-une-base-militaire-pres-de-bamako\/#breadcrumb","itemListElement":[{"@type":"ListItem","position":1,"name":"Accueil","item":"https:\/\/www.nettali.com\/"},{"@type":"ListItem","position":2,"name":"MALI - Des coups de feu entendus sur une base militaire pr\u00e8s de Bamako"}]},{"@type":"Person","@id":"https:\/\/www.nettali.com\/#\/schema\/person\/8a06c6bd7b19304cf4bf985862900b5b","name":"Thierno Diop","image":{"@type":"ImageObject","@id":"https:\/\/www.nettali.com\/#personlogo","inLanguage":"fr-FR","url":"https:\/\/secure.gravatar.com\/avatar\/c8ca58550c94fd2ac856d27391a6c866?s=96&d=mm&r=g","contentUrl":"https:\/\/secure.gravatar.com\/avatar\/c8ca58550c94fd2ac856d27391a6c866?s=96&d=mm&r=g","caption":"Thierno Diop"},"sameAs":["https:\/\/nettali.com"]}]}},"_links":{"self":[{"href":"https:\/\/www.nettali.com\/rest\/wp\/v2\/posts\/90232"}],"collection":[{"href":"https:\/\/www.nettali.com\/rest\/wp\/v2\/posts"}],"about":[{"href":"https:\/\/www.nettali.com\/rest\/wp\/v2\/types\/post"}],"author":[{"embeddable":true,"href":"https:\/\/www.nettali.com\/rest\/wp\/v2\/users\/11"}],"replies":[{"embeddable":true,"href":"https:\/\/www.nettali.com\/rest\/wp\/v2\/comments?post=90232"}],"version-history":[{"count":1,"href":"https:\/\/www.nettali.com\/rest\/wp\/v2\/posts\/90232\/revisions"}],"predecessor-version":[{"id":90234,"href":"https:\/\/www.nettali.com\/rest\/wp\/v2\/posts\/90232\/revisions\/90234"}],"wp:featuredmedia":[{"embeddable":true,"href":"https:\/\/www.nettali.com\/rest\/wp\/v2\/media\/90233"}],"wp:attachment":[{"href":"https:\/\/www.nettali.com\/rest\/wp\/v2\/media?parent=90232"}],"wp:term":[{"taxonomy":"category","embeddable":true,"href":"https:\/\/www.nettali.com\/rest\/wp\/v2\/categories?post=90232"},{"taxonomy":"post_tag","embeddable":true,"href":"https:\/\/www.nettali.com\/rest\/wp\/v2\/tags?post=90232"}],"curies":[{"name":"wp","href":"https:\/\/api.w.org\/{rel}","templated":true}]}}