{"id":90154,"date":"2022-07-21T11:25:15","date_gmt":"2022-07-21T11:25:15","guid":{"rendered":"https:\/\/www.nettali.com\/?p=90154"},"modified":"2022-07-21T11:25:15","modified_gmt":"2022-07-21T11:25:15","slug":"trafic-de-visas-kilifeu-simon-et-thier-renvoyes-au-6-octobre-prochain","status":"publish","type":"post","link":"https:\/\/www.nettali.com\/2022\/07\/21\/trafic-de-visas-kilifeu-simon-et-thier-renvoyes-au-6-octobre-prochain\/","title":{"rendered":"TRAFIC DE VISAS - Kilifeu,\u00a0Simon et Thier renvoy\u00e9s au 6 octobre prochain"},"content":{"rendered":"<p style=\"font-weight: 400;\">NETTALI.COM-\u00a0<strong>\u00c9voqu\u00e9e ce jeudi, au tribunal correctionnel de Dakar, l\u2019affaire des trafics de visas dans laquelle les rappeurs Kilifeu et <\/strong><strong>Simon<\/strong><strong>\u00a0sont impliqu\u00e9s n\u2019a pas \u00e9t\u00e9 jug\u00e9e. Le\u00a0<\/strong><strong>proc\u00e8s<\/strong><strong> est renvoy\u00e9 au 6 octobre prochain pour retour des citations et plaidoiries.<\/strong><\/p>\n<p style=\"font-weight: 400;\">Le proc\u00e8s de Kilifeu ou Landing Mbessane Seck \u00e0 l\u2019\u00e9tat-civil, Simon Kouka et Thierno Amadou Diallo dit Thier dans l'affaire du trafic pr\u00e9sum\u00e9 de visa est renvoy\u00e9 au 6 octobre 2022 pour retour des citations des pr\u00e9venus.\u00a0 Les trois pr\u00e9venus, tous en libert\u00e9 provisoire, n'ont pas comparu car ils n'ont pas jusque l\u00e0 re\u00e7u leurs convocations malgr\u00e9 les nombreux renvois.<\/p>\n<p style=\"font-weight: 400;\">Le trio est poursuivi pour association de malfaiteurs, escroquerie, corruption et tentative de faux dans un document administratif et tentative de trafic de migrants contre Kilifeu et Simon, complicit\u00e9 de ces d\u00e9lits pour Thier.<\/p>\n<p style=\"font-weight: 400;\">Cette affaire remonte au mois d\u2019ao\u00fbt 2021. Des vid\u00e9os montrant les deux \u00ab Y en maristes \u00bb en train de recevoir des sommes d\u2019argent pour l'obtention d'un visa avaient \u00e9t\u00e9 diffus\u00e9es sur un site internet. Ces derniers ont \u00e9t\u00e9 film\u00e9s par Thier qui, par la suite, a envoy\u00e9 lesdites vid\u00e9os incrimin\u00e9es \u00e0 des sites internet pour diffusion.<\/p>\n<div class='share-to-whatsapp-wrapper'><div class='share-on-whsp'>PARTAGER SUR : <\/div><a data-text='TRAFIC DE VISAS - Kilifeu,\u00a0Simon et Thier renvoy\u00e9s au 6 octobre prochain' data-link='https:\/\/www.nettali.com\/2022\/07\/21\/trafic-de-visas-kilifeu-simon-et-thier-renvoyes-au-6-octobre-prochain\/' class='whatsapp-button whatsapp-share'>WhatsApp<\/a><div class='clear '><\/div><\/div>","protected":false},"excerpt":{"rendered":"<p>NETTALI.COM-\u00a0\u00c9voqu\u00e9e ce jeudi, au tribunal correctionnel de Dakar, l\u2019affaire des trafics de visas dans laquelle les rappeurs Kilifeu et Simon\u00a0sont impliqu\u00e9s n\u2019a pas \u00e9t\u00e9 jug\u00e9e. Le\u00a0proc\u00e8s est renvoy\u00e9 au 6 octobre prochain pour retour des citations et plaidoiries. Le proc\u00e8s de Kilifeu ou Landing Mbessane Seck \u00e0 l\u2019\u00e9tat-civil, Simon Kouka et Thierno Amadou Diallo dit [&hellip;]<\/p>\n","protected":false},"author":6,"featured_media":89363,"comment_status":"open","ping_status":"open","sticky":false,"template":"","format":"standard","meta":{"_et_pb_use_builder":"","_et_pb_old_content":""},"categories":[3],"tags":[],"yoast_head":"<!-- This site is optimized with the Yoast SEO Premium plugin v17.8 (Yoast SEO v17.8) - https:\/\/yoast.com\/wordpress\/plugins\/seo\/ -->\n<title>TRAFIC DE VISAS - Kilifeu,\u00a0Simon et Thier renvoy\u00e9s au 6 octobre prochain | Nettali.com<\/title>\n<meta name=\"robots\" content=\"index, follow, max-snippet:-1, max-image-preview:large, max-video-preview:-1\" \/>\n<link rel=\"canonical\" href=\"https:\/\/www.nettali.com\/2022\/07\/21\/trafic-de-visas-kilifeu-simon-et-thier-renvoyes-au-6-octobre-prochain\/\" \/>\n<meta property=\"og:locale\" content=\"fr_FR\" \/>\n<meta property=\"og:type\" content=\"article\" \/>\n<meta property=\"og:title\" content=\"TRAFIC DE VISAS - Kilifeu,\u00a0Simon et Thier renvoy\u00e9s au 6 octobre prochain\" \/>\n<meta property=\"og:description\" content=\"NETTALI.COM-\u00a0\u00c9voqu\u00e9e ce jeudi, au tribunal correctionnel de Dakar, l\u2019affaire des trafics de visas dans laquelle les rappeurs Kilifeu et Simon\u00a0sont impliqu\u00e9s n\u2019a pas \u00e9t\u00e9 jug\u00e9e. Le\u00a0proc\u00e8s est renvoy\u00e9 au 6 octobre prochain pour retour des citations et plaidoiries. Le proc\u00e8s de Kilifeu ou Landing Mbessane Seck \u00e0 l\u2019\u00e9tat-civil, Simon Kouka et Thierno Amadou Diallo dit [&hellip;]\" \/>\n<meta property=\"og:url\" content=\"https:\/\/www.nettali.com\/2022\/07\/21\/trafic-de-visas-kilifeu-simon-et-thier-renvoyes-au-6-octobre-prochain\/\" \/>\n<meta property=\"og:site_name\" content=\"Nettali.com\" \/>\n<meta property=\"article:publisher\" content=\"https:\/\/www.facebook.com\/nettalicom\" \/>\n<meta property=\"article:published_time\" content=\"2022-07-21T11:25:15+00:00\" \/>\n<meta property=\"og:image\" content=\"https:\/\/www.nettali.com\/wp-content\/uploads\/2022\/07\/kiliffeu_thier_simon.jpg\" \/>\n\t<meta property=\"og:image:width\" content=\"488\" \/>\n\t<meta property=\"og:image:height\" content=\"281\" \/>\n<meta name=\"twitter:card\" content=\"summary_large_image\" \/>\n<meta name=\"twitter:label1\" content=\"\u00c9crit par\" \/>\n\t<meta name=\"twitter:data1\" content=\"Fatou\" \/>\n\t<meta name=\"twitter:label2\" content=\"Dur\u00e9e de lecture estim\u00e9e\" \/>\n\t<meta name=\"twitter:data2\" content=\"1 minute\" \/>\n<script type=\"application\/ld+json\" class=\"yoast-schema-graph\">{\"@context\":\"https:\/\/schema.org\",\"@graph\":[{\"@type\":\"WebSite\",\"@id\":\"https:\/\/www.nettali.com\/#website\",\"url\":\"https:\/\/www.nettali.com\/\",\"name\":\"Nettali.com\",\"description\":\"Le rendez-vous critique du Net\",\"potentialAction\":[{\"@type\":\"SearchAction\",\"target\":{\"@type\":\"EntryPoint\",\"urlTemplate\":\"https:\/\/www.nettali.com\/?s={search_term_string}\"},\"query-input\":\"required name=search_term_string\"}],\"inLanguage\":\"fr-FR\"},{\"@type\":\"ImageObject\",\"@id\":\"https:\/\/www.nettali.com\/2022\/07\/21\/trafic-de-visas-kilifeu-simon-et-thier-renvoyes-au-6-octobre-prochain\/#primaryimage\",\"inLanguage\":\"fr-FR\",\"url\":\"https:\/\/www.nettali.com\/wp-content\/uploads\/2022\/07\/kiliffeu_thier_simon.jpg\",\"contentUrl\":\"https:\/\/www.nettali.com\/wp-content\/uploads\/2022\/07\/kiliffeu_thier_simon.jpg\",\"width\":488,\"height\":281},{\"@type\":\"WebPage\",\"@id\":\"https:\/\/www.nettali.com\/2022\/07\/21\/trafic-de-visas-kilifeu-simon-et-thier-renvoyes-au-6-octobre-prochain\/#webpage\",\"url\":\"https:\/\/www.nettali.com\/2022\/07\/21\/trafic-de-visas-kilifeu-simon-et-thier-renvoyes-au-6-octobre-prochain\/\",\"name\":\"TRAFIC DE VISAS - Kilifeu,\\u00a0Simon et Thier renvoy\\u00e9s au 6 octobre prochain | Nettali.com\",\"isPartOf\":{\"@id\":\"https:\/\/www.nettali.com\/#website\"},\"primaryImageOfPage\":{\"@id\":\"https:\/\/www.nettali.com\/2022\/07\/21\/trafic-de-visas-kilifeu-simon-et-thier-renvoyes-au-6-octobre-prochain\/#primaryimage\"},\"datePublished\":\"2022-07-21T11:25:15+00:00\",\"dateModified\":\"2022-07-21T11:25:15+00:00\",\"author\":{\"@id\":\"https:\/\/www.nettali.com\/#\/schema\/person\/418274a86bdf87caff7a3ef476bd0bbf\"},\"breadcrumb\":{\"@id\":\"https:\/\/www.nettali.com\/2022\/07\/21\/trafic-de-visas-kilifeu-simon-et-thier-renvoyes-au-6-octobre-prochain\/#breadcrumb\"},\"inLanguage\":\"fr-FR\",\"potentialAction\":[{\"@type\":\"ReadAction\",\"target\":[\"https:\/\/www.nettali.com\/2022\/07\/21\/trafic-de-visas-kilifeu-simon-et-thier-renvoyes-au-6-octobre-prochain\/\"]}]},{\"@type\":\"BreadcrumbList\",\"@id\":\"https:\/\/www.nettali.com\/2022\/07\/21\/trafic-de-visas-kilifeu-simon-et-thier-renvoyes-au-6-octobre-prochain\/#breadcrumb\",\"itemListElement\":[{\"@type\":\"ListItem\",\"position\":1,\"name\":\"Accueil\",\"item\":\"https:\/\/www.nettali.com\/\"},{\"@type\":\"ListItem\",\"position\":2,\"name\":\"TRAFIC DE VISAS - Kilifeu,\\u00a0Simon et Thier renvoy\\u00e9s au 6 octobre prochain\"}]},{\"@type\":\"Person\",\"@id\":\"https:\/\/www.nettali.com\/#\/schema\/person\/418274a86bdf87caff7a3ef476bd0bbf\",\"name\":\"Fatou\",\"image\":{\"@type\":\"ImageObject\",\"@id\":\"https:\/\/www.nettali.com\/#personlogo\",\"inLanguage\":\"fr-FR\",\"url\":\"https:\/\/secure.gravatar.com\/avatar\/5a9442a2bee7b4dcf167cab035858e9a?s=96&d=mm&r=g\",\"contentUrl\":\"https:\/\/secure.gravatar.com\/avatar\/5a9442a2bee7b4dcf167cab035858e9a?s=96&d=mm&r=g\",\"caption\":\"Fatou\"},\"sameAs\":[\"https:\/\/www.nettali.com\"]}]}<\/script>\n<!-- \/ Yoast SEO Premium plugin. -->","yoast_head_json":{"title":"TRAFIC DE VISAS - Kilifeu,\u00a0Simon et Thier renvoy\u00e9s au 6 octobre prochain | Nettali.com","robots":{"index":"index","follow":"follow","max-snippet":"max-snippet:-1","max-image-preview":"max-image-preview:large","max-video-preview":"max-video-preview:-1"},"canonical":"https:\/\/www.nettali.com\/2022\/07\/21\/trafic-de-visas-kilifeu-simon-et-thier-renvoyes-au-6-octobre-prochain\/","og_locale":"fr_FR","og_type":"article","og_title":"TRAFIC DE VISAS - Kilifeu,\u00a0Simon et Thier renvoy\u00e9s au 6 octobre prochain","og_description":"NETTALI.COM-\u00a0\u00c9voqu\u00e9e ce jeudi, au tribunal correctionnel de Dakar, l\u2019affaire des trafics de visas dans laquelle les rappeurs Kilifeu et Simon\u00a0sont impliqu\u00e9s n\u2019a pas \u00e9t\u00e9 jug\u00e9e. Le\u00a0proc\u00e8s est renvoy\u00e9 au 6 octobre prochain pour retour des citations et plaidoiries. Le proc\u00e8s de Kilifeu ou Landing Mbessane Seck \u00e0 l\u2019\u00e9tat-civil, Simon Kouka et Thierno Amadou Diallo dit [&hellip;]","og_url":"https:\/\/www.nettali.com\/2022\/07\/21\/trafic-de-visas-kilifeu-simon-et-thier-renvoyes-au-6-octobre-prochain\/","og_site_name":"Nettali.com","article_publisher":"https:\/\/www.facebook.com\/nettalicom","article_published_time":"2022-07-21T11:25:15+00:00","og_image":[{"width":488,"height":281,"url":"https:\/\/www.nettali.com\/wp-content\/uploads\/2022\/07\/kiliffeu_thier_simon.jpg","type":"image\/jpeg"}],"twitter_card":"summary_large_image","twitter_misc":{"\u00c9crit par":"Fatou","Dur\u00e9e de lecture estim\u00e9e":"1 minute"},"schema":{"@context":"https:\/\/schema.org","@graph":[{"@type":"WebSite","@id":"https:\/\/www.nettali.com\/#website","url":"https:\/\/www.nettali.com\/","name":"Nettali.com","description":"Le rendez-vous critique du Net","potentialAction":[{"@type":"SearchAction","target":{"@type":"EntryPoint","urlTemplate":"https:\/\/www.nettali.com\/?s={search_term_string}"},"query-input":"required name=search_term_string"}],"inLanguage":"fr-FR"},{"@type":"ImageObject","@id":"https:\/\/www.nettali.com\/2022\/07\/21\/trafic-de-visas-kilifeu-simon-et-thier-renvoyes-au-6-octobre-prochain\/#primaryimage","inLanguage":"fr-FR","url":"https:\/\/www.nettali.com\/wp-content\/uploads\/2022\/07\/kiliffeu_thier_simon.jpg","contentUrl":"https:\/\/www.nettali.com\/wp-content\/uploads\/2022\/07\/kiliffeu_thier_simon.jpg","width":488,"height":281},{"@type":"WebPage","@id":"https:\/\/www.nettali.com\/2022\/07\/21\/trafic-de-visas-kilifeu-simon-et-thier-renvoyes-au-6-octobre-prochain\/#webpage","url":"https:\/\/www.nettali.com\/2022\/07\/21\/trafic-de-visas-kilifeu-simon-et-thier-renvoyes-au-6-octobre-prochain\/","name":"TRAFIC DE VISAS - Kilifeu,\u00a0Simon et Thier renvoy\u00e9s au 6 octobre prochain | Nettali.com","isPartOf":{"@id":"https:\/\/www.nettali.com\/#website"},"primaryImageOfPage":{"@id":"https:\/\/www.nettali.com\/2022\/07\/21\/trafic-de-visas-kilifeu-simon-et-thier-renvoyes-au-6-octobre-prochain\/#primaryimage"},"datePublished":"2022-07-21T11:25:15+00:00","dateModified":"2022-07-21T11:25:15+00:00","author":{"@id":"https:\/\/www.nettali.com\/#\/schema\/person\/418274a86bdf87caff7a3ef476bd0bbf"},"breadcrumb":{"@id":"https:\/\/www.nettali.com\/2022\/07\/21\/trafic-de-visas-kilifeu-simon-et-thier-renvoyes-au-6-octobre-prochain\/#breadcrumb"},"inLanguage":"fr-FR","potentialAction":[{"@type":"ReadAction","target":["https:\/\/www.nettali.com\/2022\/07\/21\/trafic-de-visas-kilifeu-simon-et-thier-renvoyes-au-6-octobre-prochain\/"]}]},{"@type":"BreadcrumbList","@id":"https:\/\/www.nettali.com\/2022\/07\/21\/trafic-de-visas-kilifeu-simon-et-thier-renvoyes-au-6-octobre-prochain\/#breadcrumb","itemListElement":[{"@type":"ListItem","position":1,"name":"Accueil","item":"https:\/\/www.nettali.com\/"},{"@type":"ListItem","position":2,"name":"TRAFIC DE VISAS - Kilifeu,\u00a0Simon et Thier renvoy\u00e9s au 6 octobre prochain"}]},{"@type":"Person","@id":"https:\/\/www.nettali.com\/#\/schema\/person\/418274a86bdf87caff7a3ef476bd0bbf","name":"Fatou","image":{"@type":"ImageObject","@id":"https:\/\/www.nettali.com\/#personlogo","inLanguage":"fr-FR","url":"https:\/\/secure.gravatar.com\/avatar\/5a9442a2bee7b4dcf167cab035858e9a?s=96&d=mm&r=g","contentUrl":"https:\/\/secure.gravatar.com\/avatar\/5a9442a2bee7b4dcf167cab035858e9a?s=96&d=mm&r=g","caption":"Fatou"},"sameAs":["https:\/\/www.nettali.com"]}]}},"_links":{"self":[{"href":"https:\/\/www.nettali.com\/rest\/wp\/v2\/posts\/90154"}],"collection":[{"href":"https:\/\/www.nettali.com\/rest\/wp\/v2\/posts"}],"about":[{"href":"https:\/\/www.nettali.com\/rest\/wp\/v2\/types\/post"}],"author":[{"embeddable":true,"href":"https:\/\/www.nettali.com\/rest\/wp\/v2\/users\/6"}],"replies":[{"embeddable":true,"href":"https:\/\/www.nettali.com\/rest\/wp\/v2\/comments?post=90154"}],"version-history":[{"count":3,"href":"https:\/\/www.nettali.com\/rest\/wp\/v2\/posts\/90154\/revisions"}],"predecessor-version":[{"id":90165,"href":"https:\/\/www.nettali.com\/rest\/wp\/v2\/posts\/90154\/revisions\/90165"}],"wp:featuredmedia":[{"embeddable":true,"href":"https:\/\/www.nettali.com\/rest\/wp\/v2\/media\/89363"}],"wp:attachment":[{"href":"https:\/\/www.nettali.com\/rest\/wp\/v2\/media?parent=90154"}],"wp:term":[{"taxonomy":"category","embeddable":true,"href":"https:\/\/www.nettali.com\/rest\/wp\/v2\/categories?post=90154"},{"taxonomy":"post_tag","embeddable":true,"href":"https:\/\/www.nettali.com\/rest\/wp\/v2\/tags?post=90154"}],"curies":[{"name":"wp","href":"https:\/\/api.w.org\/{rel}","templated":true}]}}