{"id":90014,"date":"2022-07-20T08:12:30","date_gmt":"2022-07-20T08:12:30","guid":{"rendered":"https:\/\/www.nettali.com\/?p=90014"},"modified":"2022-07-21T09:06:10","modified_gmt":"2022-07-21T09:06:10","slug":"manipulation-de-sa-une-sur-les-reaseaux-sociaux-le-journal-enquete-va-porter-plainte","status":"publish","type":"post","link":"https:\/\/www.nettali.com\/2022\/07\/20\/manipulation-de-sa-une-sur-les-reaseaux-sociaux-le-journal-enquete-va-porter-plainte\/","title":{"rendered":"MANIPULATION DE SA UNE SUR LES REASEAUX SOCIAUX - Le journal \"Enqu\u00eate\" va porter plainte"},"content":{"rendered":"<p><strong>NETTALI.COM - A travers un communiqu\u00e9 parvenu \u00e0 notre r\u00e9daction, le quotidien d'investigation Enqu\u00eate annonce sa d\u00e9cision de porter plainte, suite au d\u00e9tournement et manipulation de sa Une depuis le 15 juillet dernier, date \u00e0 laquelle, il a \u00e9t\u00e9 mis au courant de ce fait.\u00a0 <\/strong><\/p>\n<p>Depuis quelques temps, la Une du journal \"EnQu\u00eate\" fait l\u2019objet d\u2019un d\u00e9tournement de personnes mal intentionn\u00e9es qui l\u2019utilisent pour attaquer leurs adversaires politiques. Ceci constitue, selon les responsables du journal, un fait extr\u00eamement grave qui nuit \u00e0 la r\u00e9putation du journal et heurte la sensibilit\u00e9 de nos lecteurs.<\/p>\n<p>\"<em>D\u2019ores et d\u00e9j\u00e0, nous remercions tous ceux qui nous ont appel\u00e9s pour nous avertir et manifester leur solidarit\u00e9. Nous informons, par la m\u00eame<\/em><br \/>\n<em>occasion, nos lecteurs et l\u2019opinion qu\u2019une plainte sera d\u00e9pos\u00e9e, aujourd\u2019hui (ndlr- mercredi 20 juillet), afin que cela cesse et que le pr\u00e9judice soit r\u00e9par\u00e9. Le<\/em><br \/>\n<em>dossier est entre les mains de notre avocat<\/em>.\", ajoutent les responsables.<\/p>\n<p>A noter la Une du 15 juillet du journal avait mis en sc\u00e8ne un leader politique de l'opposition dans une situation peu avantageuse, et laissait voir qu'il s'agit du journal du 15 juillet. Or, ce m\u00eame jour l\u00e0, soit vendredi dernier 15 juillet, le jour avait barr\u00e9 \u00e0 sa Une : \"<em>Affaire Mancabou - Le film de la trag\u00e9die !\"<\/em> De plus les traces de retouches de la photo pour tourner\u00a0 ce leader en ridicule, \u00e9tait d'une \u00e9vidence frappante pour les personnes observatrices et averties.<\/p>\n<p>Une Une qui ne refl\u00e8te d'ailleurs visiblement pas la charte graphique d'Enqu\u00eate pour les habitu\u00e9s du journal. A l'heure de la manipulation et des fake news, il est tout cas bien difficile d'\u00eatre tranquille.<\/p>\n<div class='share-to-whatsapp-wrapper'><div class='share-on-whsp'>PARTAGER SUR : <\/div><a data-text='MANIPULATION DE SA UNE SUR LES REASEAUX SOCIAUX - Le journal \"Enqu\u00eate\" va porter plainte' data-link='https:\/\/www.nettali.com\/2022\/07\/20\/manipulation-de-sa-une-sur-les-reaseaux-sociaux-le-journal-enquete-va-porter-plainte\/' class='whatsapp-button whatsapp-share'>WhatsApp<\/a><div class='clear '><\/div><\/div>","protected":false},"excerpt":{"rendered":"<p>NETTALI.COM - A travers un communiqu\u00e9 parvenu \u00e0 notre r\u00e9daction, le quotidien d'investigation Enqu\u00eate annonce sa d\u00e9cision de porter plainte, suite au d\u00e9tournement et manipulation de sa Une depuis le 15 juillet dernier, date \u00e0 laquelle, il a \u00e9t\u00e9 mis au courant de ce fait.\u00a0 Depuis quelques temps, la Une du journal \"EnQu\u00eate\" fait l\u2019objet [&hellip;]<\/p>\n","protected":false},"author":2,"featured_media":90017,"comment_status":"open","ping_status":"open","sticky":false,"template":"","format":"standard","meta":{"_et_pb_use_builder":"","_et_pb_old_content":""},"categories":[3],"tags":[],"yoast_head":"<!-- This site is optimized with the Yoast SEO Premium plugin v17.8 (Yoast SEO v17.8) - https:\/\/yoast.com\/wordpress\/plugins\/seo\/ -->\n<title>MANIPULATION DE SA UNE SUR LES REASEAUX SOCIAUX - Le journal &quot;Enqu\u00eate&quot; va porter plainte | Nettali.com<\/title>\n<meta name=\"robots\" content=\"index, follow, max-snippet:-1, max-image-preview:large, max-video-preview:-1\" \/>\n<link rel=\"canonical\" href=\"https:\/\/www.nettali.com\/2022\/07\/20\/manipulation-de-sa-une-sur-les-reaseaux-sociaux-le-journal-enquete-va-porter-plainte\/\" \/>\n<meta property=\"og:locale\" content=\"fr_FR\" \/>\n<meta property=\"og:type\" content=\"article\" \/>\n<meta property=\"og:title\" content=\"MANIPULATION DE SA UNE SUR LES REASEAUX SOCIAUX - Le journal &quot;Enqu\u00eate&quot; va porter plainte\" \/>\n<meta property=\"og:description\" content=\"NETTALI.COM - A travers un communiqu\u00e9 parvenu \u00e0 notre r\u00e9daction, le quotidien d&#039;investigation Enqu\u00eate annonce sa d\u00e9cision de porter plainte, suite au d\u00e9tournement et manipulation de sa Une depuis le 15 juillet dernier, date \u00e0 laquelle, il a \u00e9t\u00e9 mis au courant de ce fait.\u00a0 Depuis quelques temps, la Une du journal &quot;EnQu\u00eate&quot; fait l\u2019objet [&hellip;]\" \/>\n<meta property=\"og:url\" content=\"https:\/\/www.nettali.com\/2022\/07\/20\/manipulation-de-sa-une-sur-les-reaseaux-sociaux-le-journal-enquete-va-porter-plainte\/\" \/>\n<meta property=\"og:site_name\" content=\"Nettali.com\" \/>\n<meta property=\"article:publisher\" content=\"https:\/\/www.facebook.com\/nettalicom\" \/>\n<meta property=\"article:published_time\" content=\"2022-07-20T08:12:30+00:00\" \/>\n<meta property=\"article:modified_time\" content=\"2022-07-21T09:06:10+00:00\" \/>\n<meta property=\"og:image\" content=\"https:\/\/www.nettali.com\/wp-content\/uploads\/2022\/07\/PHOTO-2022-07-16-00-55-48.jpg\" \/>\n\t<meta property=\"og:image:width\" content=\"747\" \/>\n\t<meta property=\"og:image:height\" content=\"1080\" \/>\n<meta name=\"twitter:card\" content=\"summary_large_image\" \/>\n<meta name=\"twitter:label1\" content=\"\u00c9crit par\" \/>\n\t<meta name=\"twitter:data1\" content=\"CK\" \/>\n\t<meta name=\"twitter:label2\" content=\"Dur\u00e9e de lecture estim\u00e9e\" \/>\n\t<meta name=\"twitter:data2\" content=\"2 minutes\" \/>\n<script type=\"application\/ld+json\" class=\"yoast-schema-graph\">{\"@context\":\"https:\/\/schema.org\",\"@graph\":[{\"@type\":\"WebSite\",\"@id\":\"https:\/\/www.nettali.com\/#website\",\"url\":\"https:\/\/www.nettali.com\/\",\"name\":\"Nettali.com\",\"description\":\"Le rendez-vous critique du Net\",\"potentialAction\":[{\"@type\":\"SearchAction\",\"target\":{\"@type\":\"EntryPoint\",\"urlTemplate\":\"https:\/\/www.nettali.com\/?s={search_term_string}\"},\"query-input\":\"required name=search_term_string\"}],\"inLanguage\":\"fr-FR\"},{\"@type\":\"ImageObject\",\"@id\":\"https:\/\/www.nettali.com\/2022\/07\/20\/manipulation-de-sa-une-sur-les-reaseaux-sociaux-le-journal-enquete-va-porter-plainte\/#primaryimage\",\"inLanguage\":\"fr-FR\",\"url\":\"https:\/\/www.nettali.com\/wp-content\/uploads\/2022\/07\/PHOTO-2022-07-16-00-55-48.jpg\",\"contentUrl\":\"https:\/\/www.nettali.com\/wp-content\/uploads\/2022\/07\/PHOTO-2022-07-16-00-55-48.jpg\",\"width\":747,\"height\":1080},{\"@type\":\"WebPage\",\"@id\":\"https:\/\/www.nettali.com\/2022\/07\/20\/manipulation-de-sa-une-sur-les-reaseaux-sociaux-le-journal-enquete-va-porter-plainte\/#webpage\",\"url\":\"https:\/\/www.nettali.com\/2022\/07\/20\/manipulation-de-sa-une-sur-les-reaseaux-sociaux-le-journal-enquete-va-porter-plainte\/\",\"name\":\"MANIPULATION DE SA UNE SUR LES REASEAUX SOCIAUX - Le journal \\\"Enqu\\u00eate\\\" va porter plainte | Nettali.com\",\"isPartOf\":{\"@id\":\"https:\/\/www.nettali.com\/#website\"},\"primaryImageOfPage\":{\"@id\":\"https:\/\/www.nettali.com\/2022\/07\/20\/manipulation-de-sa-une-sur-les-reaseaux-sociaux-le-journal-enquete-va-porter-plainte\/#primaryimage\"},\"datePublished\":\"2022-07-20T08:12:30+00:00\",\"dateModified\":\"2022-07-21T09:06:10+00:00\",\"author\":{\"@id\":\"https:\/\/www.nettali.com\/#\/schema\/person\/d8ac7b7e27ddad43f1c0d2ef090d7f71\"},\"breadcrumb\":{\"@id\":\"https:\/\/www.nettali.com\/2022\/07\/20\/manipulation-de-sa-une-sur-les-reaseaux-sociaux-le-journal-enquete-va-porter-plainte\/#breadcrumb\"},\"inLanguage\":\"fr-FR\",\"potentialAction\":[{\"@type\":\"ReadAction\",\"target\":[\"https:\/\/www.nettali.com\/2022\/07\/20\/manipulation-de-sa-une-sur-les-reaseaux-sociaux-le-journal-enquete-va-porter-plainte\/\"]}]},{\"@type\":\"BreadcrumbList\",\"@id\":\"https:\/\/www.nettali.com\/2022\/07\/20\/manipulation-de-sa-une-sur-les-reaseaux-sociaux-le-journal-enquete-va-porter-plainte\/#breadcrumb\",\"itemListElement\":[{\"@type\":\"ListItem\",\"position\":1,\"name\":\"Accueil\",\"item\":\"https:\/\/www.nettali.com\/\"},{\"@type\":\"ListItem\",\"position\":2,\"name\":\"MANIPULATION DE SA UNE SUR LES REASEAUX SOCIAUX - Le journal \\\"Enqu\\u00eate\\\" va porter plainte\"}]},{\"@type\":\"Person\",\"@id\":\"https:\/\/www.nettali.com\/#\/schema\/person\/d8ac7b7e27ddad43f1c0d2ef090d7f71\",\"name\":\"CK\",\"image\":{\"@type\":\"ImageObject\",\"@id\":\"https:\/\/www.nettali.com\/#personlogo\",\"inLanguage\":\"fr-FR\",\"url\":\"https:\/\/secure.gravatar.com\/avatar\/1d8d5118b9327d94da7cd4ce7f17fec2?s=96&d=mm&r=g\",\"contentUrl\":\"https:\/\/secure.gravatar.com\/avatar\/1d8d5118b9327d94da7cd4ce7f17fec2?s=96&d=mm&r=g\",\"caption\":\"CK\"},\"sameAs\":[\"https:\/\/www.nettali.com\"]}]}<\/script>\n<!-- \/ Yoast SEO Premium plugin. -->","yoast_head_json":{"title":"MANIPULATION DE SA UNE SUR LES REASEAUX SOCIAUX - Le journal \"Enqu\u00eate\" va porter plainte | Nettali.com","robots":{"index":"index","follow":"follow","max-snippet":"max-snippet:-1","max-image-preview":"max-image-preview:large","max-video-preview":"max-video-preview:-1"},"canonical":"https:\/\/www.nettali.com\/2022\/07\/20\/manipulation-de-sa-une-sur-les-reaseaux-sociaux-le-journal-enquete-va-porter-plainte\/","og_locale":"fr_FR","og_type":"article","og_title":"MANIPULATION DE SA UNE SUR LES REASEAUX SOCIAUX - Le journal \"Enqu\u00eate\" va porter plainte","og_description":"NETTALI.COM - A travers un communiqu\u00e9 parvenu \u00e0 notre r\u00e9daction, le quotidien d'investigation Enqu\u00eate annonce sa d\u00e9cision de porter plainte, suite au d\u00e9tournement et manipulation de sa Une depuis le 15 juillet dernier, date \u00e0 laquelle, il a \u00e9t\u00e9 mis au courant de ce fait.\u00a0 Depuis quelques temps, la Une du journal \"EnQu\u00eate\" fait l\u2019objet [&hellip;]","og_url":"https:\/\/www.nettali.com\/2022\/07\/20\/manipulation-de-sa-une-sur-les-reaseaux-sociaux-le-journal-enquete-va-porter-plainte\/","og_site_name":"Nettali.com","article_publisher":"https:\/\/www.facebook.com\/nettalicom","article_published_time":"2022-07-20T08:12:30+00:00","article_modified_time":"2022-07-21T09:06:10+00:00","og_image":[{"width":747,"height":1080,"url":"https:\/\/www.nettali.com\/wp-content\/uploads\/2022\/07\/PHOTO-2022-07-16-00-55-48.jpg","type":"image\/jpeg"}],"twitter_card":"summary_large_image","twitter_misc":{"\u00c9crit par":"CK","Dur\u00e9e de lecture estim\u00e9e":"2 minutes"},"schema":{"@context":"https:\/\/schema.org","@graph":[{"@type":"WebSite","@id":"https:\/\/www.nettali.com\/#website","url":"https:\/\/www.nettali.com\/","name":"Nettali.com","description":"Le rendez-vous critique du Net","potentialAction":[{"@type":"SearchAction","target":{"@type":"EntryPoint","urlTemplate":"https:\/\/www.nettali.com\/?s={search_term_string}"},"query-input":"required name=search_term_string"}],"inLanguage":"fr-FR"},{"@type":"ImageObject","@id":"https:\/\/www.nettali.com\/2022\/07\/20\/manipulation-de-sa-une-sur-les-reaseaux-sociaux-le-journal-enquete-va-porter-plainte\/#primaryimage","inLanguage":"fr-FR","url":"https:\/\/www.nettali.com\/wp-content\/uploads\/2022\/07\/PHOTO-2022-07-16-00-55-48.jpg","contentUrl":"https:\/\/www.nettali.com\/wp-content\/uploads\/2022\/07\/PHOTO-2022-07-16-00-55-48.jpg","width":747,"height":1080},{"@type":"WebPage","@id":"https:\/\/www.nettali.com\/2022\/07\/20\/manipulation-de-sa-une-sur-les-reaseaux-sociaux-le-journal-enquete-va-porter-plainte\/#webpage","url":"https:\/\/www.nettali.com\/2022\/07\/20\/manipulation-de-sa-une-sur-les-reaseaux-sociaux-le-journal-enquete-va-porter-plainte\/","name":"MANIPULATION DE SA UNE SUR LES REASEAUX SOCIAUX - Le journal \"Enqu\u00eate\" va porter plainte | Nettali.com","isPartOf":{"@id":"https:\/\/www.nettali.com\/#website"},"primaryImageOfPage":{"@id":"https:\/\/www.nettali.com\/2022\/07\/20\/manipulation-de-sa-une-sur-les-reaseaux-sociaux-le-journal-enquete-va-porter-plainte\/#primaryimage"},"datePublished":"2022-07-20T08:12:30+00:00","dateModified":"2022-07-21T09:06:10+00:00","author":{"@id":"https:\/\/www.nettali.com\/#\/schema\/person\/d8ac7b7e27ddad43f1c0d2ef090d7f71"},"breadcrumb":{"@id":"https:\/\/www.nettali.com\/2022\/07\/20\/manipulation-de-sa-une-sur-les-reaseaux-sociaux-le-journal-enquete-va-porter-plainte\/#breadcrumb"},"inLanguage":"fr-FR","potentialAction":[{"@type":"ReadAction","target":["https:\/\/www.nettali.com\/2022\/07\/20\/manipulation-de-sa-une-sur-les-reaseaux-sociaux-le-journal-enquete-va-porter-plainte\/"]}]},{"@type":"BreadcrumbList","@id":"https:\/\/www.nettali.com\/2022\/07\/20\/manipulation-de-sa-une-sur-les-reaseaux-sociaux-le-journal-enquete-va-porter-plainte\/#breadcrumb","itemListElement":[{"@type":"ListItem","position":1,"name":"Accueil","item":"https:\/\/www.nettali.com\/"},{"@type":"ListItem","position":2,"name":"MANIPULATION DE SA UNE SUR LES REASEAUX SOCIAUX - Le journal \"Enqu\u00eate\" va porter plainte"}]},{"@type":"Person","@id":"https:\/\/www.nettali.com\/#\/schema\/person\/d8ac7b7e27ddad43f1c0d2ef090d7f71","name":"CK","image":{"@type":"ImageObject","@id":"https:\/\/www.nettali.com\/#personlogo","inLanguage":"fr-FR","url":"https:\/\/secure.gravatar.com\/avatar\/1d8d5118b9327d94da7cd4ce7f17fec2?s=96&d=mm&r=g","contentUrl":"https:\/\/secure.gravatar.com\/avatar\/1d8d5118b9327d94da7cd4ce7f17fec2?s=96&d=mm&r=g","caption":"CK"},"sameAs":["https:\/\/www.nettali.com"]}]}},"_links":{"self":[{"href":"https:\/\/www.nettali.com\/rest\/wp\/v2\/posts\/90014"}],"collection":[{"href":"https:\/\/www.nettali.com\/rest\/wp\/v2\/posts"}],"about":[{"href":"https:\/\/www.nettali.com\/rest\/wp\/v2\/types\/post"}],"author":[{"embeddable":true,"href":"https:\/\/www.nettali.com\/rest\/wp\/v2\/users\/2"}],"replies":[{"embeddable":true,"href":"https:\/\/www.nettali.com\/rest\/wp\/v2\/comments?post=90014"}],"version-history":[{"count":2,"href":"https:\/\/www.nettali.com\/rest\/wp\/v2\/posts\/90014\/revisions"}],"predecessor-version":[{"id":90016,"href":"https:\/\/www.nettali.com\/rest\/wp\/v2\/posts\/90014\/revisions\/90016"}],"wp:featuredmedia":[{"embeddable":true,"href":"https:\/\/www.nettali.com\/rest\/wp\/v2\/media\/90017"}],"wp:attachment":[{"href":"https:\/\/www.nettali.com\/rest\/wp\/v2\/media?parent=90014"}],"wp:term":[{"taxonomy":"category","embeddable":true,"href":"https:\/\/www.nettali.com\/rest\/wp\/v2\/categories?post=90014"},{"taxonomy":"post_tag","embeddable":true,"href":"https:\/\/www.nettali.com\/rest\/wp\/v2\/tags?post=90014"}],"curies":[{"name":"wp","href":"https:\/\/api.w.org\/{rel}","templated":true}]}}