{"id":90003,"date":"2022-07-19T17:41:12","date_gmt":"2022-07-19T17:41:12","guid":{"rendered":"https:\/\/www.nettali.com\/?p=90003"},"modified":"2022-07-19T17:41:12","modified_gmt":"2022-07-19T17:41:12","slug":"football-bamba-dieng-dans-le-viseur-dun-club-allemand","status":"publish","type":"post","link":"https:\/\/www.nettali.com\/2022\/07\/19\/football-bamba-dieng-dans-le-viseur-dun-club-allemand\/","title":{"rendered":"FOOTBALL - Bamba Dieng dans le viseur d'un club allemand"},"content":{"rendered":"<h2 class=\"Article__chapo\" data-v-3e45bd2d=\"\"><span style=\"font-size: 14px;\">NETTALI.COM - Fribourg a discut\u00e9 avec la direction olympienne au sujet de Bamba Dieng, l'attaquant s\u00e9n\u00e9galais de 22 ans. Cependant, le club allemand n'a pas formul\u00e9 d'offre concr\u00e8te pour l'instant.<\/span><\/h2>\n<div class=\"Article__author Author\" data-v-3e45bd2d=\"\">\n<div class=\"Author__data\" data-v-3e45bd2d=\"\">\n<div class=\"Article__paragraph\" data-v-3e45bd2d=\"\">\n<div class=\"Paragraph\" data-v-1b208c60=\"\" data-v-3e45bd2d=\"\">\n<p class=\"Paragraph__content\" data-v-1b208c60=\"\"><span style=\"font-size: 14px;\">Sixi\u00e8me de Bundesliga la saison derni\u00e8re, et qualifi\u00e9 pour la prochaine campagne de Ligue Europa, Fribourg, selon les informations de L'\u00e9quipe, adore le profil de Bamba Dieng (7 buts, 3 passes d\u00e9cisives en L1 en 2021-2022), sous contrat avec l'OM jusqu'en 2024. Apr\u00e8s avoir discut\u00e9 avec l'entourage du joueur de 22 ans \u00e0 la fin du printemps, l'ancien port d'attache de Papiss Ciss\u00e9 (2009-2012) a aussi pris langue avec la direction du club marseillais.<\/span><\/p>\n<\/div>\n<\/div>\n<div class=\"Article__paragraph\" data-v-3e45bd2d=\"\">\n<div class=\"Paragraph\" data-v-1b208c60=\"\" data-v-3e45bd2d=\"\">\n<p class=\"Paragraph__content\" data-v-1b208c60=\"\"><span style=\"font-size: 14px;\">Toutefois, indique la m\u00eame source,\u00a0 \"le montant \u00e9voqu\u00e9 informellement par le club allemand (8 millions d'euros) reste \u00e9loign\u00e9 des demandes de l'OM, qui valorise son attaquant entre 12 et 15 millions d'euros\". <\/span><\/p>\n<p class=\"Paragraph__content\" data-v-1b208c60=\"\"><span style=\"font-size: 14px;\">\"D\u00e9j\u00e0, en janvier, rappelle-t-on encore, Dieng avait suscit\u00e9 l'int\u00e9r\u00eat de plusieurs formations anglaises (dont Newcastle) et turques, sans que cela ne se concr\u00e9tise mat\u00e9riellement par des offres pr\u00e9cises\".<\/span><\/p>\n<\/div>\n<\/div>\n<\/div>\n<\/div>\n<div class='share-to-whatsapp-wrapper'><div class='share-on-whsp'>PARTAGER SUR : <\/div><a data-text='FOOTBALL - Bamba Dieng dans le viseur d'un club allemand' data-link='https:\/\/www.nettali.com\/2022\/07\/19\/football-bamba-dieng-dans-le-viseur-dun-club-allemand\/' class='whatsapp-button whatsapp-share'>WhatsApp<\/a><div class='clear '><\/div><\/div>","protected":false},"excerpt":{"rendered":"<p>NETTALI.COM - Fribourg a discut\u00e9 avec la direction olympienne au sujet de Bamba Dieng, l'attaquant s\u00e9n\u00e9galais de 22 ans. Cependant, le club allemand n'a pas formul\u00e9 d'offre concr\u00e8te pour l'instant. Sixi\u00e8me de Bundesliga la saison derni\u00e8re, et qualifi\u00e9 pour la prochaine campagne de Ligue Europa, Fribourg, selon les informations de L'\u00e9quipe, adore le profil de [&hellip;]<\/p>\n","protected":false},"author":11,"featured_media":77134,"comment_status":"open","ping_status":"open","sticky":false,"template":"","format":"standard","meta":{"_et_pb_use_builder":"","_et_pb_old_content":""},"categories":[6],"tags":[],"yoast_head":"<!-- This site is optimized with the Yoast SEO Premium plugin v17.8 (Yoast SEO v17.8) - https:\/\/yoast.com\/wordpress\/plugins\/seo\/ -->\n<title>FOOTBALL - Bamba Dieng dans le viseur d&#039;un club allemand | Nettali.com<\/title>\n<meta name=\"robots\" content=\"index, follow, max-snippet:-1, max-image-preview:large, max-video-preview:-1\" \/>\n<link rel=\"canonical\" href=\"https:\/\/www.nettali.com\/2022\/07\/19\/football-bamba-dieng-dans-le-viseur-dun-club-allemand\/\" \/>\n<meta property=\"og:locale\" content=\"fr_FR\" \/>\n<meta property=\"og:type\" content=\"article\" \/>\n<meta property=\"og:title\" content=\"FOOTBALL - Bamba Dieng dans le viseur d&#039;un club allemand\" \/>\n<meta property=\"og:description\" content=\"NETTALI.COM - Fribourg a discut\u00e9 avec la direction olympienne au sujet de Bamba Dieng, l&#039;attaquant s\u00e9n\u00e9galais de 22 ans. Cependant, le club allemand n&#039;a pas formul\u00e9 d&#039;offre concr\u00e8te pour l&#039;instant. Sixi\u00e8me de Bundesliga la saison derni\u00e8re, et qualifi\u00e9 pour la prochaine campagne de Ligue Europa, Fribourg, selon les informations de L&#039;\u00e9quipe, adore le profil de [&hellip;]\" \/>\n<meta property=\"og:url\" content=\"https:\/\/www.nettali.com\/2022\/07\/19\/football-bamba-dieng-dans-le-viseur-dun-club-allemand\/\" \/>\n<meta property=\"og:site_name\" content=\"Nettali.com\" \/>\n<meta property=\"article:publisher\" content=\"https:\/\/www.facebook.com\/nettalicom\" \/>\n<meta property=\"article:published_time\" content=\"2022-07-19T17:41:12+00:00\" \/>\n<meta property=\"og:image\" content=\"https:\/\/www.nettali.com\/wp-content\/uploads\/2021\/12\/bamba-dieng-13.jpg\" \/>\n\t<meta property=\"og:image:width\" content=\"600\" \/>\n\t<meta property=\"og:image:height\" content=\"400\" \/>\n<meta name=\"twitter:card\" content=\"summary_large_image\" \/>\n<meta name=\"twitter:label1\" content=\"\u00c9crit par\" \/>\n\t<meta name=\"twitter:data1\" content=\"Thierno Diop\" \/>\n\t<meta name=\"twitter:label2\" content=\"Dur\u00e9e de lecture estim\u00e9e\" \/>\n\t<meta name=\"twitter:data2\" content=\"1 minute\" \/>\n<script type=\"application\/ld+json\" class=\"yoast-schema-graph\">{\"@context\":\"https:\/\/schema.org\",\"@graph\":[{\"@type\":\"WebSite\",\"@id\":\"https:\/\/www.nettali.com\/#website\",\"url\":\"https:\/\/www.nettali.com\/\",\"name\":\"Nettali.com\",\"description\":\"Le rendez-vous critique du Net\",\"potentialAction\":[{\"@type\":\"SearchAction\",\"target\":{\"@type\":\"EntryPoint\",\"urlTemplate\":\"https:\/\/www.nettali.com\/?s={search_term_string}\"},\"query-input\":\"required name=search_term_string\"}],\"inLanguage\":\"fr-FR\"},{\"@type\":\"ImageObject\",\"@id\":\"https:\/\/www.nettali.com\/2022\/07\/19\/football-bamba-dieng-dans-le-viseur-dun-club-allemand\/#primaryimage\",\"inLanguage\":\"fr-FR\",\"url\":\"https:\/\/www.nettali.com\/wp-content\/uploads\/2021\/12\/bamba-dieng-13.jpg\",\"contentUrl\":\"https:\/\/www.nettali.com\/wp-content\/uploads\/2021\/12\/bamba-dieng-13.jpg\",\"width\":600,\"height\":400},{\"@type\":\"WebPage\",\"@id\":\"https:\/\/www.nettali.com\/2022\/07\/19\/football-bamba-dieng-dans-le-viseur-dun-club-allemand\/#webpage\",\"url\":\"https:\/\/www.nettali.com\/2022\/07\/19\/football-bamba-dieng-dans-le-viseur-dun-club-allemand\/\",\"name\":\"FOOTBALL - Bamba Dieng dans le viseur d'un club allemand | Nettali.com\",\"isPartOf\":{\"@id\":\"https:\/\/www.nettali.com\/#website\"},\"primaryImageOfPage\":{\"@id\":\"https:\/\/www.nettali.com\/2022\/07\/19\/football-bamba-dieng-dans-le-viseur-dun-club-allemand\/#primaryimage\"},\"datePublished\":\"2022-07-19T17:41:12+00:00\",\"dateModified\":\"2022-07-19T17:41:12+00:00\",\"author\":{\"@id\":\"https:\/\/www.nettali.com\/#\/schema\/person\/8a06c6bd7b19304cf4bf985862900b5b\"},\"breadcrumb\":{\"@id\":\"https:\/\/www.nettali.com\/2022\/07\/19\/football-bamba-dieng-dans-le-viseur-dun-club-allemand\/#breadcrumb\"},\"inLanguage\":\"fr-FR\",\"potentialAction\":[{\"@type\":\"ReadAction\",\"target\":[\"https:\/\/www.nettali.com\/2022\/07\/19\/football-bamba-dieng-dans-le-viseur-dun-club-allemand\/\"]}]},{\"@type\":\"BreadcrumbList\",\"@id\":\"https:\/\/www.nettali.com\/2022\/07\/19\/football-bamba-dieng-dans-le-viseur-dun-club-allemand\/#breadcrumb\",\"itemListElement\":[{\"@type\":\"ListItem\",\"position\":1,\"name\":\"Accueil\",\"item\":\"https:\/\/www.nettali.com\/\"},{\"@type\":\"ListItem\",\"position\":2,\"name\":\"FOOTBALL - Bamba Dieng dans le viseur d'un club allemand\"}]},{\"@type\":\"Person\",\"@id\":\"https:\/\/www.nettali.com\/#\/schema\/person\/8a06c6bd7b19304cf4bf985862900b5b\",\"name\":\"Thierno Diop\",\"image\":{\"@type\":\"ImageObject\",\"@id\":\"https:\/\/www.nettali.com\/#personlogo\",\"inLanguage\":\"fr-FR\",\"url\":\"https:\/\/secure.gravatar.com\/avatar\/c8ca58550c94fd2ac856d27391a6c866?s=96&d=mm&r=g\",\"contentUrl\":\"https:\/\/secure.gravatar.com\/avatar\/c8ca58550c94fd2ac856d27391a6c866?s=96&d=mm&r=g\",\"caption\":\"Thierno Diop\"},\"sameAs\":[\"https:\/\/nettali.com\"]}]}<\/script>\n<!-- \/ Yoast SEO Premium plugin. -->","yoast_head_json":{"title":"FOOTBALL - Bamba Dieng dans le viseur d'un club allemand | Nettali.com","robots":{"index":"index","follow":"follow","max-snippet":"max-snippet:-1","max-image-preview":"max-image-preview:large","max-video-preview":"max-video-preview:-1"},"canonical":"https:\/\/www.nettali.com\/2022\/07\/19\/football-bamba-dieng-dans-le-viseur-dun-club-allemand\/","og_locale":"fr_FR","og_type":"article","og_title":"FOOTBALL - Bamba Dieng dans le viseur d'un club allemand","og_description":"NETTALI.COM - Fribourg a discut\u00e9 avec la direction olympienne au sujet de Bamba Dieng, l'attaquant s\u00e9n\u00e9galais de 22 ans. Cependant, le club allemand n'a pas formul\u00e9 d'offre concr\u00e8te pour l'instant. Sixi\u00e8me de Bundesliga la saison derni\u00e8re, et qualifi\u00e9 pour la prochaine campagne de Ligue Europa, Fribourg, selon les informations de L'\u00e9quipe, adore le profil de [&hellip;]","og_url":"https:\/\/www.nettali.com\/2022\/07\/19\/football-bamba-dieng-dans-le-viseur-dun-club-allemand\/","og_site_name":"Nettali.com","article_publisher":"https:\/\/www.facebook.com\/nettalicom","article_published_time":"2022-07-19T17:41:12+00:00","og_image":[{"width":600,"height":400,"url":"https:\/\/www.nettali.com\/wp-content\/uploads\/2021\/12\/bamba-dieng-13.jpg","type":"image\/jpeg"}],"twitter_card":"summary_large_image","twitter_misc":{"\u00c9crit par":"Thierno Diop","Dur\u00e9e de lecture estim\u00e9e":"1 minute"},"schema":{"@context":"https:\/\/schema.org","@graph":[{"@type":"WebSite","@id":"https:\/\/www.nettali.com\/#website","url":"https:\/\/www.nettali.com\/","name":"Nettali.com","description":"Le rendez-vous critique du Net","potentialAction":[{"@type":"SearchAction","target":{"@type":"EntryPoint","urlTemplate":"https:\/\/www.nettali.com\/?s={search_term_string}"},"query-input":"required name=search_term_string"}],"inLanguage":"fr-FR"},{"@type":"ImageObject","@id":"https:\/\/www.nettali.com\/2022\/07\/19\/football-bamba-dieng-dans-le-viseur-dun-club-allemand\/#primaryimage","inLanguage":"fr-FR","url":"https:\/\/www.nettali.com\/wp-content\/uploads\/2021\/12\/bamba-dieng-13.jpg","contentUrl":"https:\/\/www.nettali.com\/wp-content\/uploads\/2021\/12\/bamba-dieng-13.jpg","width":600,"height":400},{"@type":"WebPage","@id":"https:\/\/www.nettali.com\/2022\/07\/19\/football-bamba-dieng-dans-le-viseur-dun-club-allemand\/#webpage","url":"https:\/\/www.nettali.com\/2022\/07\/19\/football-bamba-dieng-dans-le-viseur-dun-club-allemand\/","name":"FOOTBALL - Bamba Dieng dans le viseur d'un club allemand | Nettali.com","isPartOf":{"@id":"https:\/\/www.nettali.com\/#website"},"primaryImageOfPage":{"@id":"https:\/\/www.nettali.com\/2022\/07\/19\/football-bamba-dieng-dans-le-viseur-dun-club-allemand\/#primaryimage"},"datePublished":"2022-07-19T17:41:12+00:00","dateModified":"2022-07-19T17:41:12+00:00","author":{"@id":"https:\/\/www.nettali.com\/#\/schema\/person\/8a06c6bd7b19304cf4bf985862900b5b"},"breadcrumb":{"@id":"https:\/\/www.nettali.com\/2022\/07\/19\/football-bamba-dieng-dans-le-viseur-dun-club-allemand\/#breadcrumb"},"inLanguage":"fr-FR","potentialAction":[{"@type":"ReadAction","target":["https:\/\/www.nettali.com\/2022\/07\/19\/football-bamba-dieng-dans-le-viseur-dun-club-allemand\/"]}]},{"@type":"BreadcrumbList","@id":"https:\/\/www.nettali.com\/2022\/07\/19\/football-bamba-dieng-dans-le-viseur-dun-club-allemand\/#breadcrumb","itemListElement":[{"@type":"ListItem","position":1,"name":"Accueil","item":"https:\/\/www.nettali.com\/"},{"@type":"ListItem","position":2,"name":"FOOTBALL - Bamba Dieng dans le viseur d'un club allemand"}]},{"@type":"Person","@id":"https:\/\/www.nettali.com\/#\/schema\/person\/8a06c6bd7b19304cf4bf985862900b5b","name":"Thierno Diop","image":{"@type":"ImageObject","@id":"https:\/\/www.nettali.com\/#personlogo","inLanguage":"fr-FR","url":"https:\/\/secure.gravatar.com\/avatar\/c8ca58550c94fd2ac856d27391a6c866?s=96&d=mm&r=g","contentUrl":"https:\/\/secure.gravatar.com\/avatar\/c8ca58550c94fd2ac856d27391a6c866?s=96&d=mm&r=g","caption":"Thierno Diop"},"sameAs":["https:\/\/nettali.com"]}]}},"_links":{"self":[{"href":"https:\/\/www.nettali.com\/rest\/wp\/v2\/posts\/90003"}],"collection":[{"href":"https:\/\/www.nettali.com\/rest\/wp\/v2\/posts"}],"about":[{"href":"https:\/\/www.nettali.com\/rest\/wp\/v2\/types\/post"}],"author":[{"embeddable":true,"href":"https:\/\/www.nettali.com\/rest\/wp\/v2\/users\/11"}],"replies":[{"embeddable":true,"href":"https:\/\/www.nettali.com\/rest\/wp\/v2\/comments?post=90003"}],"version-history":[{"count":2,"href":"https:\/\/www.nettali.com\/rest\/wp\/v2\/posts\/90003\/revisions"}],"predecessor-version":[{"id":90013,"href":"https:\/\/www.nettali.com\/rest\/wp\/v2\/posts\/90003\/revisions\/90013"}],"wp:featuredmedia":[{"embeddable":true,"href":"https:\/\/www.nettali.com\/rest\/wp\/v2\/media\/77134"}],"wp:attachment":[{"href":"https:\/\/www.nettali.com\/rest\/wp\/v2\/media?parent=90003"}],"wp:term":[{"taxonomy":"category","embeddable":true,"href":"https:\/\/www.nettali.com\/rest\/wp\/v2\/categories?post=90003"},{"taxonomy":"post_tag","embeddable":true,"href":"https:\/\/www.nettali.com\/rest\/wp\/v2\/tags?post=90003"}],"curies":[{"name":"wp","href":"https:\/\/api.w.org\/{rel}","templated":true}]}}