{"id":89967,"date":"2022-07-19T09:20:53","date_gmt":"2022-07-19T09:20:53","guid":{"rendered":"https:\/\/www.nettali.com\/?p=89967"},"modified":"2022-07-23T10:51:56","modified_gmt":"2022-07-23T10:51:56","slug":"idiovisuel-au-pays-du-chahut-du-nihilisme-et-de-la-denegation-systematique","status":"publish","type":"post","link":"https:\/\/www.nettali.com\/2022\/07\/19\/idiovisuel-au-pays-du-chahut-du-nihilisme-et-de-la-denegation-systematique\/","title":{"rendered":"IDIOVISUEL - Au pays du chahut, du nihilisme et\u00a0de la d\u00e9n\u00e9gation syst\u00e9matique"},"content":{"rendered":"<p><strong>NETTALI.COM - Sous nos cieux, c\u2019est d\u00e9sormais devenu une habitude que de rejeter syst\u00e9matiquement toute information relative aux affaires politico-judiciaires impliquant l\u2019opposition et le pouvoir. Plus qu\u2019une habitude, c\u2019est m\u00eame devenu un r\u00e9flexe. Et les cas sont nombreux pour \u00e9tayer cet \u00e9tat de fait.<\/strong><\/p>\n<p>Depuis la suppos\u00e9e affaire de viol qu\u2019il est convenu d\u2019appeler l\u2019affaire Adji Sarr-Ousmane Sonko, la justice et les forces de s\u00e9curit\u00e9 sont syst\u00e9matiquement au c\u0153ur d\u2019une grande suspicion. Ce qui ne manque pas de cr\u00e9er une confusion sans pr\u00e9c\u00e9dent, \u00e0 un point tel qu\u2019il est devenu difficile de savoir qui croire et quoi croire.<\/p>\n<p>L\u2019information relative \u00e0 de suppos\u00e9s rebelles interpell\u00e9s, la veille d\u2019une manifestation de \u00ab <em>Yewwi Askan Wi<\/em> \u00bb -avec d\u2019autres \u00e9vapor\u00e9s dans la nature-, est rendue publique, elle est aussit\u00f4t d\u00e9mentie sur les r\u00e9seaux sociaux. Une autre concerne deux morts en Casamance, dont celle d'Idrissa Goudiaby, l'autopsie est automatiquement rejet\u00e9e. Une autre information concerne un groupe de personnes arr\u00eat\u00e9es et d\u00e9nomm\u00e9 \u00ab <em>force sp\u00e9ciale<\/em> \u00bb, elle subit le m\u00eame sort.<br \/>\nA chaque fois, ce sont les m\u00eames sc\u00e9narii, d\u00e9mentis et d\u00e9n\u00e9gations qui se reproduisent. Les d\u00e9tracteurs de cette information, figurez-vous, sont m\u00eame all\u00e9s jusqu\u2019\u00e0 arguer que l\u2019Etat a cr\u00e9\u00e9 le terme \u00ab <em>Force sp\u00e9ciale<\/em> \u00bb dans une logique d\u2019accabler les mis en cause.<\/p>\n<p>Et pourtant, il n\u2019est nullement question ici de consid\u00e9rer comme vraie toute accusation. Il n'est pas non plus question de dire qu'il n'existe point de bavures sous nos cieux. Les choses se passent en effet comme si ceux qui d\u00e9mentent ces informations, ne se fondent plus que sur leur subjectivit\u00e9 et une confiance qu\u2019ils n\u2019auraient plus par rapport aux forces de s\u00e9curit\u00e9 et aux agents de la justice, avec \u00e0 la clef, des th\u00e9ories du complot qu\u2019ils ne peuvent \u00e9tayer.<\/p>\n<p>Loin de dire que tous les agents de l\u2019Etat sont cr\u00e9dibles, la question est de savoir si on pourrait se retrouver dans un cas de figure o\u00f9 aucun d\u2019eux ne le serait ? Bamba Kass\u00e9, chroniqueur \u00e0 \u00ab<em>Jakarloo<\/em>\u00bb sur la TFM, a lui propos\u00e9, \u00e0 la place d\u2019une d\u00e9n\u00e9gation sans fondement, une r\u00e9ponse plut\u00f4t factuelle dans l\u2019affaire \u00ab Force sp\u00e9ciale \u00bb. Selon lui, on reproche \u00e0 ces personnes arr\u00eat\u00e9es d\u2019avoir constitu\u00e9 un groupe whatsapp qu\u2019elles ont elles-m\u00eames nomm\u00e9 \u00ab Force sp\u00e9ciale \u00bb. Ce qui veut dire qu\u2019il ne s\u2019agit pas d\u2019une qualification issue des autorit\u00e9s judiciaires, comme l\u2019ont pr\u00e9tendu certains. Pire, celui-ci a fait savoir que ces personnes accus\u00e9es, selon les termes de l\u2019accusation, pr\u00e9paraient une insurrection. Il leur est reproch\u00e9, si on en croit Bamba Kass\u00e9, d\u2019avoir fabriqu\u00e9 des cocktails molotov et des objets tranchants et pointus en vue de s\u2019attaquer aux int\u00e9r\u00eats fran\u00e7ais et en m\u00eame temps de bloquer la mobilit\u00e9 des v\u00e9hicules des forces de s\u00e9curit\u00e9.<\/p>\n<p>Ce qui est en tout cas constant, c\u2019est ce que ce sont au total, avant le d\u00e9c\u00e8s du sieur Mancabou, 11 personnes qui ont inculp\u00e9es par le juge du 2\u00e8me Cabinet d\u2019instruction de Dakar pour \u00abc<em>omplot contre l\u2019autorit\u00e9 de l\u2019\u00c9tat, d\u2019association de malfaiteurs en rapport avec une entreprise terroriste, d\u00e9tention et transport de produits et substances incendiaires en vue d\u2019un acte terroriste, destruction de biens appartenant \u00e0 l\u2019\u00c9tat ou int\u00e9ressant la chose publique, financement du terrorisme<\/em>\u00bb.<\/p>\n<p>Ousmane Sonko a attendu d'avoir, si on en croit son post, d'avoir les r\u00e9sultats de la contre-expertise de la mort d'Idrissa Goudiaby pour enfin se prononcer. Selon lui, le jeune Idrissa Goudiaby, le 17 juin dernier \u00e0 Bignona, a \u00e9t\u00e9 tu\u00e9 par balle. Le leader de Pastef se base ainsi sur une contre expertise men\u00e9e par trois m\u00e9decins. \"Je tiens \u00e0 informer l\u2019opinion que la contre expertise, conduite par trois m\u00e9decins ind\u00e9pendants, a conclu \u00e0 la mort de notre fr\u00e8re Idrissa Goudiaby par balle\", \u00e9crit le maire de Ziguinchor sur sa page Facebook. Avant d'ajoueter : \"<em>C\u2019est un assassinat, un vil crime d\u2019\u00e9tat, qui vient s\u2019ajouter \u00e0 la longue liste des victimes politiques de Macky Sall, toutes de Pastef.<\/em>\" A l'en croire, le procureur de Ziguinchor a foment\u00e9 \"<em>une autopsie de complaisance et a menti aux S\u00e9n\u00e9galais<\/em>\".\u00a0<em>\"Gravissime<\/em> !\", juge le leader de Pastef.<\/p>\n<p>Une posture bien plus sage que cette meute qui nie \u00e0 tout va, tout ce qu'il entend.<\/p>\n<p><strong>\u00ab La vid\u00e9o de 13 minutes \u00bb et ses cons\u00e9quences<\/strong><\/p>\n<p>Toujours est-il que Le d\u00e9c\u00e8s du sieur Mancabou est devenu une affaire dans l\u2019affaire dite \u00ab <em>force sp\u00e9ciale<\/em> \u00bb. Et la sortie du procureur de la r\u00e9publique, Amady Diouf n\u2019a rien arrang\u00e9. Au contraire, elle est venue compliquer l\u2019affaire. En cause ce que d\u2019aucuns consid\u00e8rent comme une erreur de communication et qui a attir\u00e9 des suspicions. La vid\u00e9o de 13 minutes qu\u2019il a \u00e9voqu\u00e9e et sur laquelle on peut voir, selon ses propres termes, le concern\u00e9 cogner les grilles de la chambre de s\u00fbret\u00e9, ont conduit \u00e0 sa mort. En tant qu\u2019avocat de la soci\u00e9t\u00e9, maitre des poursuites, celui qui devra d\u00e9cider en dernier ressort, en cas de pol\u00e9mique de ce genre, le Procureur devrait se garder d\u2019\u00e9voquer cette vid\u00e9o au risque de faire penser qu\u2019il privil\u00e9gie la version de la police au d\u00e9triment de celle de la famille. Il se doit d\u2019\u00eatre neutre et d\u2019attendre les r\u00e9sultats de l\u2019enqu\u00eate. Tout au plus, il devait se limiter \u00e0 communiquer les mesures qu\u2019il a prises : ouverture d\u2019une enqu\u00eate confi\u00e9e \u00e0 la Division des investigations criminelles (Dic), d\u00e9cision d\u2019ordonner une autopsie en relation avec l\u2019ordre des M\u00e9decins.<\/p>\n<p>C\u2019est aussit\u00f4t le d\u00e9cha\u00eenement sur les r\u00e9seaux sociaux et une certaine opinion a conclu que Fran\u00e7ois Mancabou a \u00e9t\u00e9 tortur\u00e9 par la police. Guy Marius Sagna y est m\u00eame all\u00e9 de son commentaire pour accabler Macky Sall et ses alli\u00e9s, ajoutant m\u00eame que le commissaire Bara Sangar\u00e9 a tortur\u00e9 le sieur Mancabou.<\/p>\n<p>Comble de l\u2019\u00e9motion, certains ont m\u00eame r\u00e9clam\u00e9 la publication de la vid\u00e9o. D\u2019autres, un jury d\u2019honneur avec des religieux et des membres de la soci\u00e9t\u00e9 civile pour une ind\u00e9pendance de l\u2019enqu\u00eate. Bref c\u2019est une confusion sans pr\u00e9c\u00e9dent qui est not\u00e9e. Et difficile de savoir comment d\u00e9nouer cette affaire tant la pol\u00e9mique enfle. Que ceux qui r\u00e9clament comme \u00abFou Malade\u00bb la publication de la vid\u00e9o sachent raison garder. Il ne peut nullement \u00eatre question de cela. Que font-ils du droit \u00e0 l\u2019image, de l\u2019\u00e9thique, de la dignit\u00e9 des personnes \u00e0 pr\u00e9server pour elles et pour leurs familles ? Est-ce l\u2019effet des r\u00e9seaux sociaux qui s\u2019assimile de plus en plus \u00e0 une jungle qui am\u00e8ne \u00e0 laisser penser que la justice doit \u00eatre populaire, pour ne pas dire populiste ? Il faut que certains reviennent \u00e0 la raison.<\/p>\n<p>Dans cette affaire, \u00e0 l\u2019\u00e9vocation de cette vid\u00e9o de 13 minutes qui en a surpris plus d\u2019un, beaucoup s\u2019\u00e9taient mis \u00e0 se poser des questions. Avait-on film\u00e9 le d\u00e9funt 13 minutes durant, tout en le laissant se cogner contre les grilles ? Ou y avait-il des cam\u00e9ras de surveillance install\u00e9es \u00e0 cet effet ? Et d\u2019aucuns y sont all\u00e9s de leurs soup\u00e7ons de complaisance dans l\u2019enqu\u00eate, demandant m\u00eame le dessaisissement de la Division des investigations criminelles au profit de la Section de recherches de la gendarmerie.<\/p>\n<p>Une affaire Fran\u00e7ois Mancabou qui pose en tout cas la probl\u00e9matique des gardes \u00e0 vue au S\u00e9n\u00e9gal o\u00f9 on a r\u00e9pertori\u00e9 plus d\u2019une dizaine de cas de suspects d\u00e9c\u00e9d\u00e9s, dans le cadre de la garde \u00e0 vue. En effet, plusieurs individus ont trouv\u00e9 la mort dans les rigueurs de la garde \u00e0 vue, ainsi que le rappelle la publication de ce samedi 16 juillet du quotidien \u00ab <em>Enqu\u00eate<\/em> \u00bb. Elimane Tour\u00e9 est mort, le dimanche 19 f\u00e9vrier 2017, dans les locaux de garde \u00e0 vue du commissariat sp\u00e9cial de Port. Sur les circonstances du d\u00e9c\u00e8s, les avis divergent. La version officielle parle de suicide. Des propos r\u00e9cus\u00e9s par la famille qui parle d\u2019assassinat men\u00e9 par des hommes d\u00e9guis\u00e9s en policiers. Idem pour Abdoulaye Faye, d\u00e9c\u00e9d\u00e9 dans les locaux du commissariat central de Dakar, dans la nuit du 7 au 8 juin 2021. La version initiale de la police conclut au suicide d\u2019Abdoulaye Faye, un des complices de Baye Modou Fall alias \u201cBoy Djinn\u00e9\u2019\u2019. Une th\u00e8se contest\u00e9e par la famille du d\u00e9funt. Les autres cas soul\u00e8vent les m\u00eames interrogations. Ce qui peut mettre de l\u2019eau dans le moulin de ceux-l\u00e0 qui plaident une mort par torture, m\u00eame s\u2019ils sont loin d\u2019\u00eatre s\u00fbrs de leurs assertions.<\/p>\n<p>Dans son \u00e9dition de ce lundi 18 juillet, le quotidien d\u2019investigation \u00ab <em>Enqu\u00eate<\/em> \u00bb est revenu sur le sujet pour faire parler la fameuse vid\u00e9o en r\u00e9f\u00e9rence \u00e0 des sources l\u2019ayant visionn\u00e9e.<\/p>\n<p>Selon les sources du journal d'investigations \"Enqu\u00eate\" qui ont vu la fameuse vid\u00e9o qu\u2019\u00e9voque le procureur de la r\u00e9publique, une ambiance sereine r\u00e9gnait dans le violon du Commissariat central de Dakar. Pendant qu\u2019environ neuf d\u2019entre eux discutent tranquillement dans le violon, dans une ambiance bon enfant, le sieur Mancabou, lui, s\u2019est isol\u00e9 \u00e0 c\u00f4t\u00e9, dos contre le mur, les yeux riv\u00e9s sur la porte de la cellule. Il avait l\u2019air \u201ctr\u00e8s anxieux et bizarre\u2019\u2019, confie l\u2019interlocuteur du journal. \"Tant\u00f4t, il croisait les bras, tant\u00f4t il les d\u00e9croisait. Tant\u00f4t, il les mettait dans les poches, tant\u00f4t il les enlevait ; il grattait la t\u00eate. Il n\u2019\u00e9tait vraiment pas dans son assiette. Mais, les autres ne semblaient se douter de rien, tr\u00e8s engag\u00e9s dans leurs discussions. Il y avait m\u00eame de la boisson \u00e0 c\u00f4t\u00e9, pour dire que ce sont des hommes qui \u00e9taient tous bien portants.\" Il en sera ainsi pendant environ 10 minutes. Les \u00e9changes se sont poursuivis dans la m\u00eame atmosph\u00e8re. Avec Mancabou toujours dans son isolement\u2026Puis, l\u2019irr\u00e9parable est arriv\u00e9, surprenant tous les d\u00e9tenus.<\/p>\n<p>\"<em>On voit Mancabou debout, avec une sorte de pantalon blouson noir, assorti d\u2019un t-shirt bleu sombre ou noir. A un moment, vers la dixi\u00e8me minute, on le voit faire un sprint et cogner violemment la t\u00eate contre la porte de la cellule. Contrairement \u00e0 ce qui a \u00e9t\u00e9 dit par le procureur, il ne l\u2019a fait qu\u2019une seule fois dans la vid\u00e9o et il est aussit\u00f4t tomb\u00e9 et s\u2019est \u00e9vanoui. Cela a \u00e9t\u00e9 tellement rapide que tout le monde a \u00e9t\u00e9 surpris<\/em>.\" La suite, confie-t-il, c\u2019est surtout des cris et des invocations du nom de Dieu, pendant que d\u2019autres s\u2019activent autour de Mancabou, tr\u00e8s mal en point.<\/p>\n<p>Pour laver son honneur, la Police a alors pris la d\u00e9cision de montrer la vid\u00e9o \u00e0 certaines organisations de d\u00e9fense des droits de l\u2019homme, ainsi qu\u2019\u00e0 l\u2019Observatoire national des lieux de privation de libert\u00e9. Pour le moment, seul l\u2019Observatoire a confirm\u00e9, par un communiqu\u00e9, avoir vu la fameuse vid\u00e9o.<br \/>\n\"Suite \u00e0 des all\u00e9gations de tortures dont serait victime feu Fran\u00e7ois Mancabou dans les locaux de garde \u00e0 vue de la Suret\u00e9 urbaine, l\u2019observateur, en compagnie d\u2019une \u00e9quipe pluridisciplinaire, s'est rendu dans les locaux de ladite unit\u00e9. Apr\u00e8s un entretien avec les autorit\u00e9s polici\u00e8res, l\u2019examen du registre et des locaux de garde \u00e0 vue, ainsi que le visionnage d\u2019un extrait des enregistrements des vid\u00e9os de surveillance, l\u2019Observatoire national et son \u00e9quipe se sont retir\u00e9s\u2026\", fait savoir le document sans entrer dans les d\u00e9tails.<\/p>\n<p>Dans la foul\u00e9e, les avocats de Fran\u00e7ois Mancabou ont publi\u00e9 un communiqu\u00e9 pour d\u00e9noncer cette pr\u00e9sentation du fameux extrait \u00e0 des \u00e9l\u00e9ments qui sont \u00e9trangers au dossier. Ils pestent et pointent du doigt une violation flagrante du secret de l\u2019enqu\u00eate par les parties.\" Ainsi qu\u2019une \u00ab atteinte au droit \u00e0 l\u2019image de leur client. \u00bb \"D\u00e8s lors, ils ont clam\u00e9 \u00ab la recevabilit\u00e9 de cette vid\u00e9o comme \u00e9l\u00e9ment de preuve\u2026. \u00bb consid\u00e9rant que \u00ab cet acte fragilise tout s\u00e9rieux que l\u2019on pourrait accorder \u00e0 cette pi\u00e8ce dans le dossier \u00bb, ce d\u2019autant plus que leur \u00ab client n\u2019a pas fait que 13 minutes dans ce Commissariat\u00bb.<\/p>\n<p>Dans tous les cas, gr\u00e2ce \u00e0 cet \u00e9l\u00e9ment vers\u00e9 par le procureur dans le dossier, beaucoup de choses pourraient \u00eatre clarifi\u00e9es. En effet, m\u00eame dans l\u2019hypoth\u00e8se o\u00f9 les faits se sont d\u00e9roul\u00e9s comme renseign\u00e9s par les autorit\u00e9s judiciaires, la question qui reste en suspens c\u2019est comment Mancabou en est arriv\u00e9 \u00e0 une telle d\u00e9cision ? A-t-il \u00e9t\u00e9 victime de tortures durant les jours ou les heures ayant pr\u00e9c\u00e9d\u00e9 son acte ? Autant de questions sans r\u00e9ponse. Et les avocats n\u2019ont pas manqu\u00e9 de saisir la balle au bond.<\/p>\n<p>Pour eux, il faut produire l\u2019int\u00e9gralit\u00e9 de la vid\u00e9o, depuis l\u2019entr\u00e9e de leur d\u00e9funt client dans les locaux du Commissariat.<\/p>\n<p>Quoi qu\u2019il en soit, les autorit\u00e9s judiciaires, depuis l\u2019\u00e9clatement de cette affaire, multiplient les actes, comme pour montrer qu\u2019elles n\u2019ont rien \u00e0 se reprocher. En sus de la sortie du Procureur, le visionnage des extraits par l\u2019Observatoire, elles ont opt\u00e9 pour une autopsie faite par un m\u00e9decin ind\u00e9pendant qui sera choisi par le pr\u00e9sident de l\u2019Ordre des m\u00e9decins. Un v\u0153ux qui a \u00e9t\u00e9 exauc\u00e9. L\u2019autopsie a toutefois eu lieu, mais sans la pr\u00e9sence du m\u00e9decin d\u00e9sign\u00e9 par la famille, pour cause d\u2019indisponibilit\u00e9 de celui-ci. Une situation qui a mis en col\u00e8re l\u2019avocat de la famille qui a argu\u00e9 d\u2019un manque de transparence, estimant que le procureur aurait d\u00fb l\u2019aviser avant l\u2019autopsie afin de permettre au m\u00e9decin d\u00e9sign\u00e9 par la famille d\u2019\u00eatre pr\u00e9sent. La robe noire qui ne d\u00e9col\u00e8re pas, a aussi fait savoir que jusqu\u2019au moment o\u00f9 il s\u2019exprimait, aucun membre de la famille ainsi que les avocats n\u2019ont \u00e9t\u00e9 officiellement inform\u00e9s que l\u2019autopsie a \u00e9t\u00e9 effectu\u00e9e.<br \/>\nUne affaire rn tout cas \u00e0 suivre, surtout que l\u2019enqu\u00eate semble bien avancer puisque les auditions des t\u00e9moins ont d\u00e9marr\u00e9 depuis vendredi pass\u00e9 devant les policiers de la Dic. Des personnes ont \u00e9t\u00e9 entendues sur les derniers moments de la vie de Fran\u00e7ois Mancabou, sur les conditions de sa garde \u00e0 vue... Les premi\u00e8res personnes \u00e0 passer devant les redoutables enqu\u00eateurs de la Dic ont toutes rejet\u00e9 toute forme de tortures ayant entra\u00een\u00e9 la mort de Fran\u00e7ois Mancabou, lors de son passage \u00e0 la police.<\/p>\n<p>Ce qui est somme toute curieux dans cette affaire, c\u2019est la posture de la communaut\u00e9 Mancagne qui a tr\u00e8s vite hauss\u00e9 le ton pour r\u00e9clamer justice, suite \u00e0 la mort de Fran\u00e7ois Mancabou. Elle a aussi menac\u00e9 de se faire elle-m\u00eame justice. Ce qui laisse penser que la coh\u00e9sion sociale est en train de se fissurer depuis qu\u2019on a laiss\u00e9 les politiciens entra\u00eener les populations dans des d\u00e9rives ethnicistes ou dans des logiques d\u2019opposition radicale. Fran\u00e7ois Mancabo que l\u2019on pr\u00e9sente comme un ancien militaire, ne peut en aucun cas \u00eatre consid\u00e9r\u00e9 comme un mancagne. Il est s\u00e9n\u00e9galais avant tout. Qu\u2019on ne fasse surtout pas de cette affaire, une affaire ethnique, mais plut\u00f4t une affaire de justice.<\/p>\n<p><strong>Gagner le combat de la r\u00e9forme des institutions et renforcer la presse<\/strong><\/p>\n<p>Nous sommes en effet entr\u00e9s dans une \u00e8re de suspicion qui laisse beaucoup craindre pour la coh\u00e9sion nationale. Des S\u00e9n\u00e9galais s\u2019amusent \u00e0 se faire peur et sont dans une logique de tout d\u00e9sacraliser. La justice, tout comme la presse que l\u2019on consid\u00e8re comme le 4\u00e8me pouvoir, ne cessent d\u2019\u00eatre chahut\u00e9es. Fragiliser la justice ne reviendrait-il pas \u00e0 promouvoir une justice priv\u00e9e aux cons\u00e9quences encore plus d\u00e9sastreuses ? S\u2019en prendre \u00e0 la presse, n\u2019est-ce pas fragiliser cette institution qui a \u00e9t\u00e9 au d\u00e9but et \u00e0 la fin de tous les acquis d\u00e9mocratiques, notamment en \u00e9tant la vigie des alternances. Elle \u00e9veille et \u00e9claire les citoyens. Qu\u2019il y ait des personnes en son sein pour mal faire leur boulot, est un fait inh\u00e9rent \u00e0 toute corporation. Il a \u00e9t\u00e9 bien d\u00e9solant d\u2019entendre Pape Assane Seck s\u2019en prendre \u00e0 la presse qui ne serait plus libre, alors qu\u2019il fait une revue presse aux c\u00f4t\u00e9s d\u2019Ahmed A\u00efdara, engag\u00e9 politiquement.<\/p>\n<p>Difficile de savoir quelle le\u00e7on de d\u00e9ontologie et d\u2019\u00e9thique peut-il donner, m\u00eame s'il est vrai que le journaliste devrait se pr\u00e9occuper d'\u00e9quilibre et \u00eatre \u00e9quidistant entre les chapelles politiques ! De m\u00eame, en suivant de pr\u00e8s la pol\u00e9mique relative \u00e0 la demande d\u2019Ousmane Sonko d\u2019\u00e9carter le micro de la RTS, peut-on vraiment lui en tenir rigueur ? Cette derni\u00e8re ne devrait en aucun cas estimer ne devoir donner la parole \u00e0 l\u2019opposition que 3 fois tous les 5 ans ou 7 ans, c\u2019est-\u00e0-dire au moment des locales, l\u00e9gislatives ou de la pr\u00e9sidentielle. Que ceux qui ont condamn\u00e9 l\u2019acte d\u2019Ousmane Sonko, critiquent \u00e9galement l\u2019ostracisme dont fait montre la RTS vis-\u00e0-vis de l\u2019opposition.<\/p>\n<p>Les recommandations des Assises nationales nous ont en tout cas suffisamment appris qu\u2019il faut une refonte des institutions avec un Conseil sup\u00e9rieur de la magistrature d\u2019o\u00f9 seront absents le pr\u00e9sident de la R\u00e9publique et le ministre de la Justice. Lorsque ces derniers cesseront de g\u00e9rer la carri\u00e8re des magistrats qui devrait toutefois \u00eatre une affaire des acteurs de la justice et non des seuls magistrats, l\u2019on s\u2019orientera sans doute en ce moment-l\u00e0, vers une justice plus ind\u00e9pendante. Le pire est que le contentieux politico-judiciaire pour lequel les magistrats sont en g\u00e9n\u00e9ral point\u00e9s du doigt, est une infime partie des dossiers trait\u00e9s par les cours et tribunaux, m\u00eame si son impact dans la marche du pays, reste bien pr\u00e9gnant. Le seul combat qui vaille alors, reste celui des institutions. Pas le fait de jeter en permanence le discr\u00e9dit sur les institutions car on ne sait pas de quoi demain sera fait.<\/p>\n<div class='share-to-whatsapp-wrapper'><div class='share-on-whsp'>PARTAGER SUR : <\/div><a data-text='IDIOVISUEL - Au pays du chahut, du nihilisme et\u00a0de la d\u00e9n\u00e9gation syst\u00e9matique' data-link='https:\/\/www.nettali.com\/2022\/07\/19\/idiovisuel-au-pays-du-chahut-du-nihilisme-et-de-la-denegation-systematique\/' class='whatsapp-button whatsapp-share'>WhatsApp<\/a><div class='clear '><\/div><\/div>","protected":false},"excerpt":{"rendered":"<p>NETTALI.COM - Sous nos cieux, c\u2019est d\u00e9sormais devenu une habitude que de rejeter syst\u00e9matiquement toute information relative aux affaires politico-judiciaires impliquant l\u2019opposition et le pouvoir. Plus qu\u2019une habitude, c\u2019est m\u00eame devenu un r\u00e9flexe. Et les cas sont nombreux pour \u00e9tayer cet \u00e9tat de fait. Depuis la suppos\u00e9e affaire de viol qu\u2019il est convenu d\u2019appeler l\u2019affaire [&hellip;]<\/p>\n","protected":false},"author":2,"featured_media":89961,"comment_status":"open","ping_status":"open","sticky":false,"template":"","format":"standard","meta":{"_et_pb_use_builder":"","_et_pb_old_content":""},"categories":[9],"tags":[],"yoast_head":"<!-- This site is optimized with the Yoast SEO Premium plugin v17.8 (Yoast SEO v17.8) - https:\/\/yoast.com\/wordpress\/plugins\/seo\/ -->\n<title>IDIOVISUEL - Au pays du chahut, du nihilisme et\u00a0de la d\u00e9n\u00e9gation syst\u00e9matique | Nettali.com<\/title>\n<meta name=\"robots\" content=\"index, follow, max-snippet:-1, max-image-preview:large, max-video-preview:-1\" \/>\n<link rel=\"canonical\" href=\"https:\/\/www.nettali.com\/2022\/07\/19\/idiovisuel-au-pays-du-chahut-du-nihilisme-et-de-la-denegation-systematique\/\" \/>\n<meta property=\"og:locale\" content=\"fr_FR\" \/>\n<meta property=\"og:type\" content=\"article\" \/>\n<meta property=\"og:title\" content=\"IDIOVISUEL - Au pays du chahut, du nihilisme et\u00a0de la d\u00e9n\u00e9gation syst\u00e9matique\" \/>\n<meta property=\"og:description\" content=\"NETTALI.COM - Sous nos cieux, c\u2019est d\u00e9sormais devenu une habitude que de rejeter syst\u00e9matiquement toute information relative aux affaires politico-judiciaires impliquant l\u2019opposition et le pouvoir. Plus qu\u2019une habitude, c\u2019est m\u00eame devenu un r\u00e9flexe. Et les cas sont nombreux pour \u00e9tayer cet \u00e9tat de fait. Depuis la suppos\u00e9e affaire de viol qu\u2019il est convenu d\u2019appeler l\u2019affaire [&hellip;]\" \/>\n<meta property=\"og:url\" content=\"https:\/\/www.nettali.com\/2022\/07\/19\/idiovisuel-au-pays-du-chahut-du-nihilisme-et-de-la-denegation-systematique\/\" \/>\n<meta property=\"og:site_name\" content=\"Nettali.com\" \/>\n<meta property=\"article:publisher\" content=\"https:\/\/www.facebook.com\/nettalicom\" \/>\n<meta property=\"article:published_time\" content=\"2022-07-19T09:20:53+00:00\" \/>\n<meta property=\"article:modified_time\" content=\"2022-07-23T10:51:56+00:00\" \/>\n<meta property=\"og:image\" content=\"https:\/\/www.nettali.com\/wp-content\/uploads\/2022\/07\/diouf-sall-ngom-mancabou.jpg\" \/>\n\t<meta property=\"og:image:width\" content=\"1280\" \/>\n\t<meta property=\"og:image:height\" content=\"600\" \/>\n<meta name=\"twitter:card\" content=\"summary_large_image\" \/>\n<meta name=\"twitter:label1\" content=\"\u00c9crit par\" \/>\n\t<meta name=\"twitter:data1\" content=\"CK\" \/>\n\t<meta name=\"twitter:label2\" content=\"Dur\u00e9e de lecture estim\u00e9e\" \/>\n\t<meta name=\"twitter:data2\" content=\"15 minutes\" \/>\n<script type=\"application\/ld+json\" class=\"yoast-schema-graph\">{\"@context\":\"https:\/\/schema.org\",\"@graph\":[{\"@type\":\"WebSite\",\"@id\":\"https:\/\/www.nettali.com\/#website\",\"url\":\"https:\/\/www.nettali.com\/\",\"name\":\"Nettali.com\",\"description\":\"Le rendez-vous critique du Net\",\"potentialAction\":[{\"@type\":\"SearchAction\",\"target\":{\"@type\":\"EntryPoint\",\"urlTemplate\":\"https:\/\/www.nettali.com\/?s={search_term_string}\"},\"query-input\":\"required name=search_term_string\"}],\"inLanguage\":\"fr-FR\"},{\"@type\":\"ImageObject\",\"@id\":\"https:\/\/www.nettali.com\/2022\/07\/19\/idiovisuel-au-pays-du-chahut-du-nihilisme-et-de-la-denegation-systematique\/#primaryimage\",\"inLanguage\":\"fr-FR\",\"url\":\"https:\/\/www.nettali.com\/wp-content\/uploads\/2022\/07\/diouf-sall-ngom-mancabou.jpg\",\"contentUrl\":\"https:\/\/www.nettali.com\/wp-content\/uploads\/2022\/07\/diouf-sall-ngom-mancabou.jpg\",\"width\":1280,\"height\":600},{\"@type\":\"WebPage\",\"@id\":\"https:\/\/www.nettali.com\/2022\/07\/19\/idiovisuel-au-pays-du-chahut-du-nihilisme-et-de-la-denegation-systematique\/#webpage\",\"url\":\"https:\/\/www.nettali.com\/2022\/07\/19\/idiovisuel-au-pays-du-chahut-du-nihilisme-et-de-la-denegation-systematique\/\",\"name\":\"IDIOVISUEL - Au pays du chahut, du nihilisme et\\u00a0de la d\\u00e9n\\u00e9gation syst\\u00e9matique | Nettali.com\",\"isPartOf\":{\"@id\":\"https:\/\/www.nettali.com\/#website\"},\"primaryImageOfPage\":{\"@id\":\"https:\/\/www.nettali.com\/2022\/07\/19\/idiovisuel-au-pays-du-chahut-du-nihilisme-et-de-la-denegation-systematique\/#primaryimage\"},\"datePublished\":\"2022-07-19T09:20:53+00:00\",\"dateModified\":\"2022-07-23T10:51:56+00:00\",\"author\":{\"@id\":\"https:\/\/www.nettali.com\/#\/schema\/person\/d8ac7b7e27ddad43f1c0d2ef090d7f71\"},\"breadcrumb\":{\"@id\":\"https:\/\/www.nettali.com\/2022\/07\/19\/idiovisuel-au-pays-du-chahut-du-nihilisme-et-de-la-denegation-systematique\/#breadcrumb\"},\"inLanguage\":\"fr-FR\",\"potentialAction\":[{\"@type\":\"ReadAction\",\"target\":[\"https:\/\/www.nettali.com\/2022\/07\/19\/idiovisuel-au-pays-du-chahut-du-nihilisme-et-de-la-denegation-systematique\/\"]}]},{\"@type\":\"BreadcrumbList\",\"@id\":\"https:\/\/www.nettali.com\/2022\/07\/19\/idiovisuel-au-pays-du-chahut-du-nihilisme-et-de-la-denegation-systematique\/#breadcrumb\",\"itemListElement\":[{\"@type\":\"ListItem\",\"position\":1,\"name\":\"Accueil\",\"item\":\"https:\/\/www.nettali.com\/\"},{\"@type\":\"ListItem\",\"position\":2,\"name\":\"IDIOVISUEL - Au pays du chahut, du nihilisme et\\u00a0de la d\\u00e9n\\u00e9gation syst\\u00e9matique\"}]},{\"@type\":\"Person\",\"@id\":\"https:\/\/www.nettali.com\/#\/schema\/person\/d8ac7b7e27ddad43f1c0d2ef090d7f71\",\"name\":\"CK\",\"image\":{\"@type\":\"ImageObject\",\"@id\":\"https:\/\/www.nettali.com\/#personlogo\",\"inLanguage\":\"fr-FR\",\"url\":\"https:\/\/secure.gravatar.com\/avatar\/1d8d5118b9327d94da7cd4ce7f17fec2?s=96&d=mm&r=g\",\"contentUrl\":\"https:\/\/secure.gravatar.com\/avatar\/1d8d5118b9327d94da7cd4ce7f17fec2?s=96&d=mm&r=g\",\"caption\":\"CK\"},\"sameAs\":[\"https:\/\/www.nettali.com\"]}]}<\/script>\n<!-- \/ Yoast SEO Premium plugin. -->","yoast_head_json":{"title":"IDIOVISUEL - Au pays du chahut, du nihilisme et\u00a0de la d\u00e9n\u00e9gation syst\u00e9matique | Nettali.com","robots":{"index":"index","follow":"follow","max-snippet":"max-snippet:-1","max-image-preview":"max-image-preview:large","max-video-preview":"max-video-preview:-1"},"canonical":"https:\/\/www.nettali.com\/2022\/07\/19\/idiovisuel-au-pays-du-chahut-du-nihilisme-et-de-la-denegation-systematique\/","og_locale":"fr_FR","og_type":"article","og_title":"IDIOVISUEL - Au pays du chahut, du nihilisme et\u00a0de la d\u00e9n\u00e9gation syst\u00e9matique","og_description":"NETTALI.COM - Sous nos cieux, c\u2019est d\u00e9sormais devenu une habitude que de rejeter syst\u00e9matiquement toute information relative aux affaires politico-judiciaires impliquant l\u2019opposition et le pouvoir. Plus qu\u2019une habitude, c\u2019est m\u00eame devenu un r\u00e9flexe. Et les cas sont nombreux pour \u00e9tayer cet \u00e9tat de fait. Depuis la suppos\u00e9e affaire de viol qu\u2019il est convenu d\u2019appeler l\u2019affaire [&hellip;]","og_url":"https:\/\/www.nettali.com\/2022\/07\/19\/idiovisuel-au-pays-du-chahut-du-nihilisme-et-de-la-denegation-systematique\/","og_site_name":"Nettali.com","article_publisher":"https:\/\/www.facebook.com\/nettalicom","article_published_time":"2022-07-19T09:20:53+00:00","article_modified_time":"2022-07-23T10:51:56+00:00","og_image":[{"width":1280,"height":600,"url":"https:\/\/www.nettali.com\/wp-content\/uploads\/2022\/07\/diouf-sall-ngom-mancabou.jpg","type":"image\/jpeg"}],"twitter_card":"summary_large_image","twitter_misc":{"\u00c9crit par":"CK","Dur\u00e9e de lecture estim\u00e9e":"15 minutes"},"schema":{"@context":"https:\/\/schema.org","@graph":[{"@type":"WebSite","@id":"https:\/\/www.nettali.com\/#website","url":"https:\/\/www.nettali.com\/","name":"Nettali.com","description":"Le rendez-vous critique du Net","potentialAction":[{"@type":"SearchAction","target":{"@type":"EntryPoint","urlTemplate":"https:\/\/www.nettali.com\/?s={search_term_string}"},"query-input":"required name=search_term_string"}],"inLanguage":"fr-FR"},{"@type":"ImageObject","@id":"https:\/\/www.nettali.com\/2022\/07\/19\/idiovisuel-au-pays-du-chahut-du-nihilisme-et-de-la-denegation-systematique\/#primaryimage","inLanguage":"fr-FR","url":"https:\/\/www.nettali.com\/wp-content\/uploads\/2022\/07\/diouf-sall-ngom-mancabou.jpg","contentUrl":"https:\/\/www.nettali.com\/wp-content\/uploads\/2022\/07\/diouf-sall-ngom-mancabou.jpg","width":1280,"height":600},{"@type":"WebPage","@id":"https:\/\/www.nettali.com\/2022\/07\/19\/idiovisuel-au-pays-du-chahut-du-nihilisme-et-de-la-denegation-systematique\/#webpage","url":"https:\/\/www.nettali.com\/2022\/07\/19\/idiovisuel-au-pays-du-chahut-du-nihilisme-et-de-la-denegation-systematique\/","name":"IDIOVISUEL - Au pays du chahut, du nihilisme et\u00a0de la d\u00e9n\u00e9gation syst\u00e9matique | Nettali.com","isPartOf":{"@id":"https:\/\/www.nettali.com\/#website"},"primaryImageOfPage":{"@id":"https:\/\/www.nettali.com\/2022\/07\/19\/idiovisuel-au-pays-du-chahut-du-nihilisme-et-de-la-denegation-systematique\/#primaryimage"},"datePublished":"2022-07-19T09:20:53+00:00","dateModified":"2022-07-23T10:51:56+00:00","author":{"@id":"https:\/\/www.nettali.com\/#\/schema\/person\/d8ac7b7e27ddad43f1c0d2ef090d7f71"},"breadcrumb":{"@id":"https:\/\/www.nettali.com\/2022\/07\/19\/idiovisuel-au-pays-du-chahut-du-nihilisme-et-de-la-denegation-systematique\/#breadcrumb"},"inLanguage":"fr-FR","potentialAction":[{"@type":"ReadAction","target":["https:\/\/www.nettali.com\/2022\/07\/19\/idiovisuel-au-pays-du-chahut-du-nihilisme-et-de-la-denegation-systematique\/"]}]},{"@type":"BreadcrumbList","@id":"https:\/\/www.nettali.com\/2022\/07\/19\/idiovisuel-au-pays-du-chahut-du-nihilisme-et-de-la-denegation-systematique\/#breadcrumb","itemListElement":[{"@type":"ListItem","position":1,"name":"Accueil","item":"https:\/\/www.nettali.com\/"},{"@type":"ListItem","position":2,"name":"IDIOVISUEL - Au pays du chahut, du nihilisme et\u00a0de la d\u00e9n\u00e9gation syst\u00e9matique"}]},{"@type":"Person","@id":"https:\/\/www.nettali.com\/#\/schema\/person\/d8ac7b7e27ddad43f1c0d2ef090d7f71","name":"CK","image":{"@type":"ImageObject","@id":"https:\/\/www.nettali.com\/#personlogo","inLanguage":"fr-FR","url":"https:\/\/secure.gravatar.com\/avatar\/1d8d5118b9327d94da7cd4ce7f17fec2?s=96&d=mm&r=g","contentUrl":"https:\/\/secure.gravatar.com\/avatar\/1d8d5118b9327d94da7cd4ce7f17fec2?s=96&d=mm&r=g","caption":"CK"},"sameAs":["https:\/\/www.nettali.com"]}]}},"_links":{"self":[{"href":"https:\/\/www.nettali.com\/rest\/wp\/v2\/posts\/89967"}],"collection":[{"href":"https:\/\/www.nettali.com\/rest\/wp\/v2\/posts"}],"about":[{"href":"https:\/\/www.nettali.com\/rest\/wp\/v2\/types\/post"}],"author":[{"embeddable":true,"href":"https:\/\/www.nettali.com\/rest\/wp\/v2\/users\/2"}],"replies":[{"embeddable":true,"href":"https:\/\/www.nettali.com\/rest\/wp\/v2\/comments?post=89967"}],"version-history":[{"count":3,"href":"https:\/\/www.nettali.com\/rest\/wp\/v2\/posts\/89967\/revisions"}],"predecessor-version":[{"id":90124,"href":"https:\/\/www.nettali.com\/rest\/wp\/v2\/posts\/89967\/revisions\/90124"}],"wp:featuredmedia":[{"embeddable":true,"href":"https:\/\/www.nettali.com\/rest\/wp\/v2\/media\/89961"}],"wp:attachment":[{"href":"https:\/\/www.nettali.com\/rest\/wp\/v2\/media?parent=89967"}],"wp:term":[{"taxonomy":"category","embeddable":true,"href":"https:\/\/www.nettali.com\/rest\/wp\/v2\/categories?post=89967"},{"taxonomy":"post_tag","embeddable":true,"href":"https:\/\/www.nettali.com\/rest\/wp\/v2\/tags?post=89967"}],"curies":[{"name":"wp","href":"https:\/\/api.w.org\/{rel}","templated":true}]}}