{"id":89964,"date":"2022-07-19T09:52:40","date_gmt":"2022-07-19T09:52:40","guid":{"rendered":"https:\/\/www.nettali.com\/?p=89964"},"modified":"2022-07-19T09:52:40","modified_gmt":"2022-07-19T09:52:40","slug":"colonel-moussa-koulibaly-la-nouvelle-voix-de-larmee","status":"publish","type":"post","link":"https:\/\/www.nettali.com\/2022\/07\/19\/colonel-moussa-koulibaly-la-nouvelle-voix-de-larmee\/","title":{"rendered":"COLONEL MOUSSA KOULIBALY- La nouvelle voix de l\u2019arm\u00e9e"},"content":{"rendered":"<p><strong>NETTALI.COM<\/strong> -<strong>La Direction de l'information et des relations publiques des arm\u00e9es (Dirpa) a un nouveau patron. Il s\u2019agit du colonel Moussa Coulibaly, un ancien enfant de troupe du Prytan\u00e9e militaire de Saint-Louis. Il a \u00e9t\u00e9 install\u00e9 dans ses fonctions.<\/strong><\/p>\n<p>C\u2019est officiel. Le colonel Moussa Coulibaly est le nouveau patron de la Direction de l'information et des relations publiques des arm\u00e9es (Dirpa), \u00e0 compter du 1er juillet 2022. Il succ\u00e8de \u00e0 ce poste au colonel Alexis Gr\u00e9goire Vasse qui est appel\u00e9 \u00e0 d'autres fonctions. Le colonel Moussa Koulibaly a un parcours atypique. II a \u00e9t\u00e9 chef de corps du 2e bataillon d'infanterie de Saint-Louis et directeur du cours d'\u00e9tat-major. Ancien \u00e9l\u00e8ve du Prytan\u00e9e militaire de Saint-Louis, il est un officier d'infanterie form\u00e9 \u00e0 l'Ecole sp\u00e9ciale militaire de Saint-Cyr (France). Il a servi dans diverses unit\u00e9s op\u00e9rationnelles, en \u00e9tat-major et en \u00e9coles de formation.<\/p>\n<p>\u00ab<em>\u00a0Le colonel Moussa Koulibaly, a obtenu le Dipl\u00f4me sup\u00e9rieur de journalisme au titre de la 35e promotion du Centre d'\u00e9tudes des sciences et techniques de l'information (Cesti). Il a aussi suivi diverses formations dans le domaine de la communication, notamment le Cours international des officiers de relations publiques \u00e0 l'Acad\u00e9mie de l'information et de la communication de l'arm\u00e9e allemande<\/em>\u00a0\u00bb, renseigne le communiqu\u00e9 de presse.<\/p>\n<p>La nouvelle voix de l\u2019arm\u00e9e est, en outre, titulaire du Brevet de l'enseignement militaire sup\u00e9rieur (Ecole sup\u00e9rieure de guerre), d'un Master 2 en Sciences militaires et strat\u00e9gie de s\u00e9curit\u00e9 nationale \u00e0 l'universit\u00e9 de la D\u00e9fense nationale de Beijing (Chine) et d'un Master 2 en Strat\u00e9gie globale et S\u00e9curit\u00e9 \u00e0 l'universit\u00e9 des \u00c9tudes de Turin (Italie). Il est aussi dipl\u00f4m\u00e9 de l'Institut des hautes \u00e9tudes de d\u00e9fense de Rome (Italie).<\/p>\n<div class='share-to-whatsapp-wrapper'><div class='share-on-whsp'>PARTAGER SUR : <\/div><a data-text='COLONEL MOUSSA KOULIBALY- La nouvelle voix de l\u2019arm\u00e9e' data-link='https:\/\/www.nettali.com\/2022\/07\/19\/colonel-moussa-koulibaly-la-nouvelle-voix-de-larmee\/' class='whatsapp-button whatsapp-share'>WhatsApp<\/a><div class='clear '><\/div><\/div>","protected":false},"excerpt":{"rendered":"<p>NETTALI.COM -La Direction de l'information et des relations publiques des arm\u00e9es (Dirpa) a un nouveau patron. Il s\u2019agit du colonel Moussa Coulibaly, un ancien enfant de troupe du Prytan\u00e9e militaire de Saint-Louis. Il a \u00e9t\u00e9 install\u00e9 dans ses fonctions. C\u2019est officiel. Le colonel Moussa Coulibaly est le nouveau patron de la Direction de l'information et [&hellip;]<\/p>\n","protected":false},"author":6,"featured_media":89965,"comment_status":"open","ping_status":"open","sticky":false,"template":"","format":"standard","meta":{"_et_pb_use_builder":"","_et_pb_old_content":""},"categories":[3],"tags":[],"yoast_head":"<!-- This site is optimized with the Yoast SEO Premium plugin v17.8 (Yoast SEO v17.8) - https:\/\/yoast.com\/wordpress\/plugins\/seo\/ -->\n<title>COLONEL MOUSSA KOULIBALY- La nouvelle voix de l\u2019arm\u00e9e | Nettali.com<\/title>\n<meta name=\"robots\" content=\"index, follow, max-snippet:-1, max-image-preview:large, max-video-preview:-1\" \/>\n<link rel=\"canonical\" href=\"https:\/\/www.nettali.com\/2022\/07\/19\/colonel-moussa-koulibaly-la-nouvelle-voix-de-larmee\/\" \/>\n<meta property=\"og:locale\" content=\"fr_FR\" \/>\n<meta property=\"og:type\" content=\"article\" \/>\n<meta property=\"og:title\" content=\"COLONEL MOUSSA KOULIBALY- La nouvelle voix de l\u2019arm\u00e9e\" \/>\n<meta property=\"og:description\" content=\"NETTALI.COM -La Direction de l&#039;information et des relations publiques des arm\u00e9es (Dirpa) a un nouveau patron. Il s\u2019agit du colonel Moussa Coulibaly, un ancien enfant de troupe du Prytan\u00e9e militaire de Saint-Louis. Il a \u00e9t\u00e9 install\u00e9 dans ses fonctions. C\u2019est officiel. Le colonel Moussa Coulibaly est le nouveau patron de la Direction de l&#039;information et [&hellip;]\" \/>\n<meta property=\"og:url\" content=\"https:\/\/www.nettali.com\/2022\/07\/19\/colonel-moussa-koulibaly-la-nouvelle-voix-de-larmee\/\" \/>\n<meta property=\"og:site_name\" content=\"Nettali.com\" \/>\n<meta property=\"article:publisher\" content=\"https:\/\/www.facebook.com\/nettalicom\" \/>\n<meta property=\"article:published_time\" content=\"2022-07-19T09:52:40+00:00\" \/>\n<meta property=\"og:image\" content=\"https:\/\/www.nettali.com\/wp-content\/uploads\/2022\/07\/66137670-47048214.jpg\" \/>\n\t<meta property=\"og:image:width\" content=\"924\" \/>\n\t<meta property=\"og:image:height\" content=\"1080\" \/>\n<meta name=\"twitter:card\" content=\"summary_large_image\" \/>\n<meta name=\"twitter:label1\" content=\"\u00c9crit par\" \/>\n\t<meta name=\"twitter:data1\" content=\"Fatou\" \/>\n\t<meta name=\"twitter:label2\" content=\"Dur\u00e9e de lecture estim\u00e9e\" \/>\n\t<meta name=\"twitter:data2\" content=\"2 minutes\" \/>\n<script type=\"application\/ld+json\" class=\"yoast-schema-graph\">{\"@context\":\"https:\/\/schema.org\",\"@graph\":[{\"@type\":\"WebSite\",\"@id\":\"https:\/\/www.nettali.com\/#website\",\"url\":\"https:\/\/www.nettali.com\/\",\"name\":\"Nettali.com\",\"description\":\"Le rendez-vous critique du Net\",\"potentialAction\":[{\"@type\":\"SearchAction\",\"target\":{\"@type\":\"EntryPoint\",\"urlTemplate\":\"https:\/\/www.nettali.com\/?s={search_term_string}\"},\"query-input\":\"required name=search_term_string\"}],\"inLanguage\":\"fr-FR\"},{\"@type\":\"ImageObject\",\"@id\":\"https:\/\/www.nettali.com\/2022\/07\/19\/colonel-moussa-koulibaly-la-nouvelle-voix-de-larmee\/#primaryimage\",\"inLanguage\":\"fr-FR\",\"url\":\"https:\/\/www.nettali.com\/wp-content\/uploads\/2022\/07\/66137670-47048214.jpg\",\"contentUrl\":\"https:\/\/www.nettali.com\/wp-content\/uploads\/2022\/07\/66137670-47048214.jpg\",\"width\":924,\"height\":1080},{\"@type\":\"WebPage\",\"@id\":\"https:\/\/www.nettali.com\/2022\/07\/19\/colonel-moussa-koulibaly-la-nouvelle-voix-de-larmee\/#webpage\",\"url\":\"https:\/\/www.nettali.com\/2022\/07\/19\/colonel-moussa-koulibaly-la-nouvelle-voix-de-larmee\/\",\"name\":\"COLONEL MOUSSA KOULIBALY- La nouvelle voix de l\\u2019arm\\u00e9e | Nettali.com\",\"isPartOf\":{\"@id\":\"https:\/\/www.nettali.com\/#website\"},\"primaryImageOfPage\":{\"@id\":\"https:\/\/www.nettali.com\/2022\/07\/19\/colonel-moussa-koulibaly-la-nouvelle-voix-de-larmee\/#primaryimage\"},\"datePublished\":\"2022-07-19T09:52:40+00:00\",\"dateModified\":\"2022-07-19T09:52:40+00:00\",\"author\":{\"@id\":\"https:\/\/www.nettali.com\/#\/schema\/person\/418274a86bdf87caff7a3ef476bd0bbf\"},\"breadcrumb\":{\"@id\":\"https:\/\/www.nettali.com\/2022\/07\/19\/colonel-moussa-koulibaly-la-nouvelle-voix-de-larmee\/#breadcrumb\"},\"inLanguage\":\"fr-FR\",\"potentialAction\":[{\"@type\":\"ReadAction\",\"target\":[\"https:\/\/www.nettali.com\/2022\/07\/19\/colonel-moussa-koulibaly-la-nouvelle-voix-de-larmee\/\"]}]},{\"@type\":\"BreadcrumbList\",\"@id\":\"https:\/\/www.nettali.com\/2022\/07\/19\/colonel-moussa-koulibaly-la-nouvelle-voix-de-larmee\/#breadcrumb\",\"itemListElement\":[{\"@type\":\"ListItem\",\"position\":1,\"name\":\"Accueil\",\"item\":\"https:\/\/www.nettali.com\/\"},{\"@type\":\"ListItem\",\"position\":2,\"name\":\"COLONEL MOUSSA KOULIBALY- La nouvelle voix de l\\u2019arm\\u00e9e\"}]},{\"@type\":\"Person\",\"@id\":\"https:\/\/www.nettali.com\/#\/schema\/person\/418274a86bdf87caff7a3ef476bd0bbf\",\"name\":\"Fatou\",\"image\":{\"@type\":\"ImageObject\",\"@id\":\"https:\/\/www.nettali.com\/#personlogo\",\"inLanguage\":\"fr-FR\",\"url\":\"https:\/\/secure.gravatar.com\/avatar\/5a9442a2bee7b4dcf167cab035858e9a?s=96&d=mm&r=g\",\"contentUrl\":\"https:\/\/secure.gravatar.com\/avatar\/5a9442a2bee7b4dcf167cab035858e9a?s=96&d=mm&r=g\",\"caption\":\"Fatou\"},\"sameAs\":[\"https:\/\/www.nettali.com\"]}]}<\/script>\n<!-- \/ Yoast SEO Premium plugin. -->","yoast_head_json":{"title":"COLONEL MOUSSA KOULIBALY- La nouvelle voix de l\u2019arm\u00e9e | Nettali.com","robots":{"index":"index","follow":"follow","max-snippet":"max-snippet:-1","max-image-preview":"max-image-preview:large","max-video-preview":"max-video-preview:-1"},"canonical":"https:\/\/www.nettali.com\/2022\/07\/19\/colonel-moussa-koulibaly-la-nouvelle-voix-de-larmee\/","og_locale":"fr_FR","og_type":"article","og_title":"COLONEL MOUSSA KOULIBALY- La nouvelle voix de l\u2019arm\u00e9e","og_description":"NETTALI.COM -La Direction de l'information et des relations publiques des arm\u00e9es (Dirpa) a un nouveau patron. Il s\u2019agit du colonel Moussa Coulibaly, un ancien enfant de troupe du Prytan\u00e9e militaire de Saint-Louis. Il a \u00e9t\u00e9 install\u00e9 dans ses fonctions. C\u2019est officiel. Le colonel Moussa Coulibaly est le nouveau patron de la Direction de l'information et [&hellip;]","og_url":"https:\/\/www.nettali.com\/2022\/07\/19\/colonel-moussa-koulibaly-la-nouvelle-voix-de-larmee\/","og_site_name":"Nettali.com","article_publisher":"https:\/\/www.facebook.com\/nettalicom","article_published_time":"2022-07-19T09:52:40+00:00","og_image":[{"width":924,"height":1080,"url":"https:\/\/www.nettali.com\/wp-content\/uploads\/2022\/07\/66137670-47048214.jpg","type":"image\/jpeg"}],"twitter_card":"summary_large_image","twitter_misc":{"\u00c9crit par":"Fatou","Dur\u00e9e de lecture estim\u00e9e":"2 minutes"},"schema":{"@context":"https:\/\/schema.org","@graph":[{"@type":"WebSite","@id":"https:\/\/www.nettali.com\/#website","url":"https:\/\/www.nettali.com\/","name":"Nettali.com","description":"Le rendez-vous critique du Net","potentialAction":[{"@type":"SearchAction","target":{"@type":"EntryPoint","urlTemplate":"https:\/\/www.nettali.com\/?s={search_term_string}"},"query-input":"required name=search_term_string"}],"inLanguage":"fr-FR"},{"@type":"ImageObject","@id":"https:\/\/www.nettali.com\/2022\/07\/19\/colonel-moussa-koulibaly-la-nouvelle-voix-de-larmee\/#primaryimage","inLanguage":"fr-FR","url":"https:\/\/www.nettali.com\/wp-content\/uploads\/2022\/07\/66137670-47048214.jpg","contentUrl":"https:\/\/www.nettali.com\/wp-content\/uploads\/2022\/07\/66137670-47048214.jpg","width":924,"height":1080},{"@type":"WebPage","@id":"https:\/\/www.nettali.com\/2022\/07\/19\/colonel-moussa-koulibaly-la-nouvelle-voix-de-larmee\/#webpage","url":"https:\/\/www.nettali.com\/2022\/07\/19\/colonel-moussa-koulibaly-la-nouvelle-voix-de-larmee\/","name":"COLONEL MOUSSA KOULIBALY- La nouvelle voix de l\u2019arm\u00e9e | Nettali.com","isPartOf":{"@id":"https:\/\/www.nettali.com\/#website"},"primaryImageOfPage":{"@id":"https:\/\/www.nettali.com\/2022\/07\/19\/colonel-moussa-koulibaly-la-nouvelle-voix-de-larmee\/#primaryimage"},"datePublished":"2022-07-19T09:52:40+00:00","dateModified":"2022-07-19T09:52:40+00:00","author":{"@id":"https:\/\/www.nettali.com\/#\/schema\/person\/418274a86bdf87caff7a3ef476bd0bbf"},"breadcrumb":{"@id":"https:\/\/www.nettali.com\/2022\/07\/19\/colonel-moussa-koulibaly-la-nouvelle-voix-de-larmee\/#breadcrumb"},"inLanguage":"fr-FR","potentialAction":[{"@type":"ReadAction","target":["https:\/\/www.nettali.com\/2022\/07\/19\/colonel-moussa-koulibaly-la-nouvelle-voix-de-larmee\/"]}]},{"@type":"BreadcrumbList","@id":"https:\/\/www.nettali.com\/2022\/07\/19\/colonel-moussa-koulibaly-la-nouvelle-voix-de-larmee\/#breadcrumb","itemListElement":[{"@type":"ListItem","position":1,"name":"Accueil","item":"https:\/\/www.nettali.com\/"},{"@type":"ListItem","position":2,"name":"COLONEL MOUSSA KOULIBALY- La nouvelle voix de l\u2019arm\u00e9e"}]},{"@type":"Person","@id":"https:\/\/www.nettali.com\/#\/schema\/person\/418274a86bdf87caff7a3ef476bd0bbf","name":"Fatou","image":{"@type":"ImageObject","@id":"https:\/\/www.nettali.com\/#personlogo","inLanguage":"fr-FR","url":"https:\/\/secure.gravatar.com\/avatar\/5a9442a2bee7b4dcf167cab035858e9a?s=96&d=mm&r=g","contentUrl":"https:\/\/secure.gravatar.com\/avatar\/5a9442a2bee7b4dcf167cab035858e9a?s=96&d=mm&r=g","caption":"Fatou"},"sameAs":["https:\/\/www.nettali.com"]}]}},"_links":{"self":[{"href":"https:\/\/www.nettali.com\/rest\/wp\/v2\/posts\/89964"}],"collection":[{"href":"https:\/\/www.nettali.com\/rest\/wp\/v2\/posts"}],"about":[{"href":"https:\/\/www.nettali.com\/rest\/wp\/v2\/types\/post"}],"author":[{"embeddable":true,"href":"https:\/\/www.nettali.com\/rest\/wp\/v2\/users\/6"}],"replies":[{"embeddable":true,"href":"https:\/\/www.nettali.com\/rest\/wp\/v2\/comments?post=89964"}],"version-history":[{"count":3,"href":"https:\/\/www.nettali.com\/rest\/wp\/v2\/posts\/89964\/revisions"}],"predecessor-version":[{"id":89982,"href":"https:\/\/www.nettali.com\/rest\/wp\/v2\/posts\/89964\/revisions\/89982"}],"wp:featuredmedia":[{"embeddable":true,"href":"https:\/\/www.nettali.com\/rest\/wp\/v2\/media\/89965"}],"wp:attachment":[{"href":"https:\/\/www.nettali.com\/rest\/wp\/v2\/media?parent=89964"}],"wp:term":[{"taxonomy":"category","embeddable":true,"href":"https:\/\/www.nettali.com\/rest\/wp\/v2\/categories?post=89964"},{"taxonomy":"post_tag","embeddable":true,"href":"https:\/\/www.nettali.com\/rest\/wp\/v2\/tags?post=89964"}],"curies":[{"name":"wp","href":"https:\/\/api.w.org\/{rel}","templated":true}]}}