{"id":89829,"date":"2022-07-16T23:59:10","date_gmt":"2022-07-16T23:59:10","guid":{"rendered":"https:\/\/www.nettali.com\/?p=89829"},"modified":"2022-07-17T15:52:20","modified_gmt":"2022-07-17T15:52:20","slug":"caravane-de-yaw-a-tivaouane-ousmane-sonko-se-cree-une-nouvelle-polemique","status":"publish","type":"post","link":"https:\/\/www.nettali.com\/2022\/07\/16\/caravane-de-yaw-a-tivaouane-ousmane-sonko-se-cree-une-nouvelle-polemique\/","title":{"rendered":"CARAVANE DE YAW A TIVAOUANE - Ousmane Sonko se cr\u00e9e une nouvelle pol\u00e9mique"},"content":{"rendered":"<p><strong>NETTALI.COM - Un fait in\u00e9dit a marqu\u00e9, ce samedi, la caravane des leaders de Yewwi askan wi \u00e0 Tivaouane. Ousmane Sonko a tout bonnement refus\u00e9 le micro de la Rts au moment de sa prise de parole. Suffisant pour cr\u00e9er une nouvelle pol\u00e9mique.\u00a0<\/strong><\/p>\n<p>La sc\u00e8ne s'est d\u00e9roul\u00e9e dans la cit\u00e9 religieuse de Tivaouane o\u00f9 la coalition Yewwi askan wi \u00e9tait en caravane samedi. Alors qu'il devait prendre la parole devant une foule de militants, Ousmane Sonko demande que le micro de la Rts soit \u00e9cart\u00e9. Ce qui est imm\u00e9diatement fait suscitant un toll\u00e9 d'applaudissements des militants. Un acte qui a vite fait na\u00eetre une vive pol\u00e9mique dans la famille de la presse, mais aussi sur les r\u00e9seaux sociaux.<\/p>\n<p>Dans un communiqu\u00e9, la direction de la Radiodiffusion t\u00e9l\u00e9vision\u00a0 s\u00e9n\u00e9galaise (Rts) d\u00e9nonce l'acte pos\u00e9 par le leader de Pastef. \"<em>Ce samedi 16 juillet 2022, dans le cadre de la couverture officielle de la campagne \u00e9lectorale des l\u00e9gislatives du 31 juillet prochain, l'\u00e9quipe de la Rts mise \u00e0 la disposition de la coalition Yewwi askan wi a fait l'objet de propos discourtois et in\u00e9l\u00e9gants de la part de Monsieur Ousmane Sonko pourtant non candidat \u00e0 ces joutes \u00e9lectorale<\/em>s\", regrette le communiqu\u00e9. Et la m\u00eame source d'ajouter : \"<em>Monsieur Sonko a, sans m\u00e9nagement, \u00e9cart\u00e9 le micro de la Rts, provoquant dans la foul\u00e9e des hu\u00e9es de ses partisans. La Rts condamne avec fermet\u00e9 cette attitude et exige du respect vis-\u00e0-vis de son \u00e9quipe qui ne fait qu'accomplir sa mission de service public<\/em>.\" \"<em>Pour le reste, la Rts prendra toutes ses dispositions pour ne plus faire l'objet d'attaques indignes de quel que responsable politique que ce soit<\/em>\", conclut le communiqu\u00e9.<\/p>\n<p>Mais la r\u00e9ponse n'a pas tard\u00e9. Patron du mouvement des cadres de Pastef, Bassirou Diomaye Faye estime que ce qu'a fait son leader est \"<em>un acte de r\u00e9sistance contre la propagande permanente de la Rts<\/em>\". Et de rappeler : \"<em>Le pr\u00e9sident Ousmane Sonko a acc\u00e9d\u00e9 au micro de la Rts aux \u00e9lections l\u00e9gislatives de 2017, \u00e0 la pr\u00e9sidentielle de 2019 et aux l\u00e9gislatives de 2022. A chaque fois, il a fallu payer une caution \u00e0 coup de millions pour qu'il soit accept\u00e9 \u00e0 contre-coeur<\/em>.\" Selon Diomaye Faye, l'acte consistant \u00e0 se d\u00e9barrasser du micro de la Rts est \"<em>un acte de r\u00e9sistance vis-\u00e0-vis d'un m\u00e9dia de propagande gouvernementale<\/em>\". \"<em>60 mois de propagande contre un mois d'\u00e9quilibrisme sujet \u00e0 caution \u00e9lectorale! C'est une fumisterie \u00e0 d\u00e9noncer car l'\u00e9quilibre dans le traitement de l'information doit \u00eatre assur\u00e9 dans et en dehors des joutes \u00e9lectorales<\/em>\", \u00e9crit le patron des cadres du parti d'Ousmane Sonko.<\/p>\n<p>Cette position de Bassirou Diomaye Faye n'est pas partag\u00e9e par le journaliste Khalifa Diakhat\u00e9. Et ce dernier d'\u00e9crire : \"<em>Je d\u00e9nonce fermement le geste du leader de Pastef. Geste indigne de son rang! Je marque ma solidarit\u00e9 aux confr\u00e8res de la cha\u00eene nationale et invite tous les journalistes \u00e0 en faire autant<\/em>.\" Une invite qui laisse de marbre certains journalistes. C'est le cas de Pape Sadio Thiam qui rappelle : \"<em>La Rts censure l'opposition depuis plus de dix ans et \u00e7a ne d\u00e9range personne<\/em>.\" D'autres internautes rappellent \u00e0 Khalifa Diakhat\u00e9 et \u00e0 ceux qui d\u00e9noncent l'acte d'Ousmane Sonko que Youssou Ndour avait fait exactement la m\u00eame chose en 2012 pour d\u00e9noncer <em>\"une<\/em> <em>politisation de la t\u00e9l\u00e9vision nationale<\/em>\".<\/p>\n<div class='share-to-whatsapp-wrapper'><div class='share-on-whsp'>PARTAGER SUR : <\/div><a data-text='CARAVANE DE YAW A TIVAOUANE - Ousmane Sonko se cr\u00e9e une nouvelle pol\u00e9mique' data-link='https:\/\/www.nettali.com\/2022\/07\/16\/caravane-de-yaw-a-tivaouane-ousmane-sonko-se-cree-une-nouvelle-polemique\/' class='whatsapp-button whatsapp-share'>WhatsApp<\/a><div class='clear '><\/div><\/div>","protected":false},"excerpt":{"rendered":"<p>NETTALI.COM - Un fait in\u00e9dit a marqu\u00e9, ce samedi, la caravane des leaders de Yewwi askan wi \u00e0 Tivaouane. Ousmane Sonko a tout bonnement refus\u00e9 le micro de la Rts au moment de sa prise de parole. Suffisant pour cr\u00e9er une nouvelle pol\u00e9mique.\u00a0 La sc\u00e8ne s'est d\u00e9roul\u00e9e dans la cit\u00e9 religieuse de Tivaouane o\u00f9 la [&hellip;]<\/p>\n","protected":false},"author":3,"featured_media":89831,"comment_status":"open","ping_status":"open","sticky":false,"template":"","format":"standard","meta":{"_et_pb_use_builder":"","_et_pb_old_content":""},"categories":[2],"tags":[],"yoast_head":"<!-- This site is optimized with the Yoast SEO Premium plugin v17.8 (Yoast SEO v17.8) - https:\/\/yoast.com\/wordpress\/plugins\/seo\/ -->\n<title>CARAVANE DE YAW A TIVAOUANE - Ousmane Sonko se cr\u00e9e une nouvelle pol\u00e9mique | Nettali.com<\/title>\n<meta name=\"robots\" content=\"index, follow, max-snippet:-1, max-image-preview:large, max-video-preview:-1\" \/>\n<link rel=\"canonical\" href=\"https:\/\/www.nettali.com\/2022\/07\/16\/caravane-de-yaw-a-tivaouane-ousmane-sonko-se-cree-une-nouvelle-polemique\/\" \/>\n<meta property=\"og:locale\" content=\"fr_FR\" \/>\n<meta property=\"og:type\" content=\"article\" \/>\n<meta property=\"og:title\" content=\"CARAVANE DE YAW A TIVAOUANE - Ousmane Sonko se cr\u00e9e une nouvelle pol\u00e9mique\" \/>\n<meta property=\"og:description\" content=\"NETTALI.COM - Un fait in\u00e9dit a marqu\u00e9, ce samedi, la caravane des leaders de Yewwi askan wi \u00e0 Tivaouane. Ousmane Sonko a tout bonnement refus\u00e9 le micro de la Rts au moment de sa prise de parole. Suffisant pour cr\u00e9er une nouvelle pol\u00e9mique.\u00a0 La sc\u00e8ne s&#039;est d\u00e9roul\u00e9e dans la cit\u00e9 religieuse de Tivaouane o\u00f9 la [&hellip;]\" \/>\n<meta property=\"og:url\" content=\"https:\/\/www.nettali.com\/2022\/07\/16\/caravane-de-yaw-a-tivaouane-ousmane-sonko-se-cree-une-nouvelle-polemique\/\" \/>\n<meta property=\"og:site_name\" content=\"Nettali.com\" \/>\n<meta property=\"article:publisher\" content=\"https:\/\/www.facebook.com\/nettalicom\" \/>\n<meta property=\"article:published_time\" content=\"2022-07-16T23:59:10+00:00\" \/>\n<meta property=\"article:modified_time\" content=\"2022-07-17T15:52:20+00:00\" \/>\n<meta property=\"og:image\" content=\"https:\/\/www.nettali.com\/wp-content\/uploads\/2022\/07\/ousmane-Sonko.jpg\" \/>\n\t<meta property=\"og:image:width\" content=\"1024\" \/>\n\t<meta property=\"og:image:height\" content=\"682\" \/>\n<meta name=\"twitter:card\" content=\"summary_large_image\" \/>\n<meta name=\"twitter:label1\" content=\"\u00c9crit par\" \/>\n\t<meta name=\"twitter:data1\" content=\"Moustapha\" \/>\n\t<meta name=\"twitter:label2\" content=\"Dur\u00e9e de lecture estim\u00e9e\" \/>\n\t<meta name=\"twitter:data2\" content=\"3 minutes\" \/>\n<script type=\"application\/ld+json\" class=\"yoast-schema-graph\">{\"@context\":\"https:\/\/schema.org\",\"@graph\":[{\"@type\":\"WebSite\",\"@id\":\"https:\/\/www.nettali.com\/#website\",\"url\":\"https:\/\/www.nettali.com\/\",\"name\":\"Nettali.com\",\"description\":\"Le rendez-vous critique du Net\",\"potentialAction\":[{\"@type\":\"SearchAction\",\"target\":{\"@type\":\"EntryPoint\",\"urlTemplate\":\"https:\/\/www.nettali.com\/?s={search_term_string}\"},\"query-input\":\"required name=search_term_string\"}],\"inLanguage\":\"fr-FR\"},{\"@type\":\"ImageObject\",\"@id\":\"https:\/\/www.nettali.com\/2022\/07\/16\/caravane-de-yaw-a-tivaouane-ousmane-sonko-se-cree-une-nouvelle-polemique\/#primaryimage\",\"inLanguage\":\"fr-FR\",\"url\":\"https:\/\/www.nettali.com\/wp-content\/uploads\/2022\/07\/ousmane-Sonko.jpg\",\"contentUrl\":\"https:\/\/www.nettali.com\/wp-content\/uploads\/2022\/07\/ousmane-Sonko.jpg\",\"width\":1024,\"height\":682},{\"@type\":\"WebPage\",\"@id\":\"https:\/\/www.nettali.com\/2022\/07\/16\/caravane-de-yaw-a-tivaouane-ousmane-sonko-se-cree-une-nouvelle-polemique\/#webpage\",\"url\":\"https:\/\/www.nettali.com\/2022\/07\/16\/caravane-de-yaw-a-tivaouane-ousmane-sonko-se-cree-une-nouvelle-polemique\/\",\"name\":\"CARAVANE DE YAW A TIVAOUANE - Ousmane Sonko se cr\\u00e9e une nouvelle pol\\u00e9mique | Nettali.com\",\"isPartOf\":{\"@id\":\"https:\/\/www.nettali.com\/#website\"},\"primaryImageOfPage\":{\"@id\":\"https:\/\/www.nettali.com\/2022\/07\/16\/caravane-de-yaw-a-tivaouane-ousmane-sonko-se-cree-une-nouvelle-polemique\/#primaryimage\"},\"datePublished\":\"2022-07-16T23:59:10+00:00\",\"dateModified\":\"2022-07-17T15:52:20+00:00\",\"author\":{\"@id\":\"https:\/\/www.nettali.com\/#\/schema\/person\/7962a12a6e0267f88f0ffa544c36469a\"},\"breadcrumb\":{\"@id\":\"https:\/\/www.nettali.com\/2022\/07\/16\/caravane-de-yaw-a-tivaouane-ousmane-sonko-se-cree-une-nouvelle-polemique\/#breadcrumb\"},\"inLanguage\":\"fr-FR\",\"potentialAction\":[{\"@type\":\"ReadAction\",\"target\":[\"https:\/\/www.nettali.com\/2022\/07\/16\/caravane-de-yaw-a-tivaouane-ousmane-sonko-se-cree-une-nouvelle-polemique\/\"]}]},{\"@type\":\"BreadcrumbList\",\"@id\":\"https:\/\/www.nettali.com\/2022\/07\/16\/caravane-de-yaw-a-tivaouane-ousmane-sonko-se-cree-une-nouvelle-polemique\/#breadcrumb\",\"itemListElement\":[{\"@type\":\"ListItem\",\"position\":1,\"name\":\"Accueil\",\"item\":\"https:\/\/www.nettali.com\/\"},{\"@type\":\"ListItem\",\"position\":2,\"name\":\"CARAVANE DE YAW A TIVAOUANE - Ousmane Sonko se cr\\u00e9e une nouvelle pol\\u00e9mique\"}]},{\"@type\":\"Person\",\"@id\":\"https:\/\/www.nettali.com\/#\/schema\/person\/7962a12a6e0267f88f0ffa544c36469a\",\"name\":\"Moustapha\",\"image\":{\"@type\":\"ImageObject\",\"@id\":\"https:\/\/www.nettali.com\/#personlogo\",\"inLanguage\":\"fr-FR\",\"url\":\"https:\/\/secure.gravatar.com\/avatar\/10fdf6a071cccdcf374e3dbe45159590?s=96&d=mm&r=g\",\"contentUrl\":\"https:\/\/secure.gravatar.com\/avatar\/10fdf6a071cccdcf374e3dbe45159590?s=96&d=mm&r=g\",\"caption\":\"Moustapha\"},\"sameAs\":[\"https:\/\/www.nettali.com\"]}]}<\/script>\n<!-- \/ Yoast SEO Premium plugin. -->","yoast_head_json":{"title":"CARAVANE DE YAW A TIVAOUANE - Ousmane Sonko se cr\u00e9e une nouvelle pol\u00e9mique | Nettali.com","robots":{"index":"index","follow":"follow","max-snippet":"max-snippet:-1","max-image-preview":"max-image-preview:large","max-video-preview":"max-video-preview:-1"},"canonical":"https:\/\/www.nettali.com\/2022\/07\/16\/caravane-de-yaw-a-tivaouane-ousmane-sonko-se-cree-une-nouvelle-polemique\/","og_locale":"fr_FR","og_type":"article","og_title":"CARAVANE DE YAW A TIVAOUANE - Ousmane Sonko se cr\u00e9e une nouvelle pol\u00e9mique","og_description":"NETTALI.COM - Un fait in\u00e9dit a marqu\u00e9, ce samedi, la caravane des leaders de Yewwi askan wi \u00e0 Tivaouane. Ousmane Sonko a tout bonnement refus\u00e9 le micro de la Rts au moment de sa prise de parole. Suffisant pour cr\u00e9er une nouvelle pol\u00e9mique.\u00a0 La sc\u00e8ne s'est d\u00e9roul\u00e9e dans la cit\u00e9 religieuse de Tivaouane o\u00f9 la [&hellip;]","og_url":"https:\/\/www.nettali.com\/2022\/07\/16\/caravane-de-yaw-a-tivaouane-ousmane-sonko-se-cree-une-nouvelle-polemique\/","og_site_name":"Nettali.com","article_publisher":"https:\/\/www.facebook.com\/nettalicom","article_published_time":"2022-07-16T23:59:10+00:00","article_modified_time":"2022-07-17T15:52:20+00:00","og_image":[{"width":1024,"height":682,"url":"https:\/\/www.nettali.com\/wp-content\/uploads\/2022\/07\/ousmane-Sonko.jpg","type":"image\/jpeg"}],"twitter_card":"summary_large_image","twitter_misc":{"\u00c9crit par":"Moustapha","Dur\u00e9e de lecture estim\u00e9e":"3 minutes"},"schema":{"@context":"https:\/\/schema.org","@graph":[{"@type":"WebSite","@id":"https:\/\/www.nettali.com\/#website","url":"https:\/\/www.nettali.com\/","name":"Nettali.com","description":"Le rendez-vous critique du Net","potentialAction":[{"@type":"SearchAction","target":{"@type":"EntryPoint","urlTemplate":"https:\/\/www.nettali.com\/?s={search_term_string}"},"query-input":"required name=search_term_string"}],"inLanguage":"fr-FR"},{"@type":"ImageObject","@id":"https:\/\/www.nettali.com\/2022\/07\/16\/caravane-de-yaw-a-tivaouane-ousmane-sonko-se-cree-une-nouvelle-polemique\/#primaryimage","inLanguage":"fr-FR","url":"https:\/\/www.nettali.com\/wp-content\/uploads\/2022\/07\/ousmane-Sonko.jpg","contentUrl":"https:\/\/www.nettali.com\/wp-content\/uploads\/2022\/07\/ousmane-Sonko.jpg","width":1024,"height":682},{"@type":"WebPage","@id":"https:\/\/www.nettali.com\/2022\/07\/16\/caravane-de-yaw-a-tivaouane-ousmane-sonko-se-cree-une-nouvelle-polemique\/#webpage","url":"https:\/\/www.nettali.com\/2022\/07\/16\/caravane-de-yaw-a-tivaouane-ousmane-sonko-se-cree-une-nouvelle-polemique\/","name":"CARAVANE DE YAW A TIVAOUANE - Ousmane Sonko se cr\u00e9e une nouvelle pol\u00e9mique | Nettali.com","isPartOf":{"@id":"https:\/\/www.nettali.com\/#website"},"primaryImageOfPage":{"@id":"https:\/\/www.nettali.com\/2022\/07\/16\/caravane-de-yaw-a-tivaouane-ousmane-sonko-se-cree-une-nouvelle-polemique\/#primaryimage"},"datePublished":"2022-07-16T23:59:10+00:00","dateModified":"2022-07-17T15:52:20+00:00","author":{"@id":"https:\/\/www.nettali.com\/#\/schema\/person\/7962a12a6e0267f88f0ffa544c36469a"},"breadcrumb":{"@id":"https:\/\/www.nettali.com\/2022\/07\/16\/caravane-de-yaw-a-tivaouane-ousmane-sonko-se-cree-une-nouvelle-polemique\/#breadcrumb"},"inLanguage":"fr-FR","potentialAction":[{"@type":"ReadAction","target":["https:\/\/www.nettali.com\/2022\/07\/16\/caravane-de-yaw-a-tivaouane-ousmane-sonko-se-cree-une-nouvelle-polemique\/"]}]},{"@type":"BreadcrumbList","@id":"https:\/\/www.nettali.com\/2022\/07\/16\/caravane-de-yaw-a-tivaouane-ousmane-sonko-se-cree-une-nouvelle-polemique\/#breadcrumb","itemListElement":[{"@type":"ListItem","position":1,"name":"Accueil","item":"https:\/\/www.nettali.com\/"},{"@type":"ListItem","position":2,"name":"CARAVANE DE YAW A TIVAOUANE - Ousmane Sonko se cr\u00e9e une nouvelle pol\u00e9mique"}]},{"@type":"Person","@id":"https:\/\/www.nettali.com\/#\/schema\/person\/7962a12a6e0267f88f0ffa544c36469a","name":"Moustapha","image":{"@type":"ImageObject","@id":"https:\/\/www.nettali.com\/#personlogo","inLanguage":"fr-FR","url":"https:\/\/secure.gravatar.com\/avatar\/10fdf6a071cccdcf374e3dbe45159590?s=96&d=mm&r=g","contentUrl":"https:\/\/secure.gravatar.com\/avatar\/10fdf6a071cccdcf374e3dbe45159590?s=96&d=mm&r=g","caption":"Moustapha"},"sameAs":["https:\/\/www.nettali.com"]}]}},"_links":{"self":[{"href":"https:\/\/www.nettali.com\/rest\/wp\/v2\/posts\/89829"}],"collection":[{"href":"https:\/\/www.nettali.com\/rest\/wp\/v2\/posts"}],"about":[{"href":"https:\/\/www.nettali.com\/rest\/wp\/v2\/types\/post"}],"author":[{"embeddable":true,"href":"https:\/\/www.nettali.com\/rest\/wp\/v2\/users\/3"}],"replies":[{"embeddable":true,"href":"https:\/\/www.nettali.com\/rest\/wp\/v2\/comments?post=89829"}],"version-history":[{"count":4,"href":"https:\/\/www.nettali.com\/rest\/wp\/v2\/posts\/89829\/revisions"}],"predecessor-version":[{"id":89862,"href":"https:\/\/www.nettali.com\/rest\/wp\/v2\/posts\/89829\/revisions\/89862"}],"wp:featuredmedia":[{"embeddable":true,"href":"https:\/\/www.nettali.com\/rest\/wp\/v2\/media\/89831"}],"wp:attachment":[{"href":"https:\/\/www.nettali.com\/rest\/wp\/v2\/media?parent=89829"}],"wp:term":[{"taxonomy":"category","embeddable":true,"href":"https:\/\/www.nettali.com\/rest\/wp\/v2\/categories?post=89829"},{"taxonomy":"post_tag","embeddable":true,"href":"https:\/\/www.nettali.com\/rest\/wp\/v2\/tags?post=89829"}],"curies":[{"name":"wp","href":"https:\/\/api.w.org\/{rel}","templated":true}]}}