{"id":89792,"date":"2022-07-16T07:03:38","date_gmt":"2022-07-16T07:03:38","guid":{"rendered":"https:\/\/www.nettali.com\/?p=89792"},"modified":"2022-07-17T00:05:22","modified_gmt":"2022-07-17T00:05:22","slug":"la-fifa-cest-termine-affirme-michel-platini","status":"publish","type":"post","link":"https:\/\/www.nettali.com\/2022\/07\/16\/la-fifa-cest-termine-affirme-michel-platini\/","title":{"rendered":"MICHEL PLATINI  - \"La Fifa, c'est termin\u00e9\""},"content":{"rendered":"<p><strong>NETTALI.COM - Michel Platini a affirm\u00e9 vendredi qu'il ne reviendrait pas \u00e0 la Fifa apr\u00e8s son acquittement dans l'affaire d'escroquerie qui avait bris\u00e9 en 2015 ses ambitions d'acc\u00e9der \u00e0 la t\u00eate du football mondial.<\/strong><\/p>\n<p>\"C'est termin\u00e9\", a r\u00e9pondu l'ancien footballeur et ex-pr\u00e9sident de l'UEFA interrog\u00e9 sur LCI sur un \u00e9ventuel retour au sein de la F\u00e9d\u00e9ration internationale du football.<\/p>\n<p>Il a indiqu\u00e9 avoir d\u00e9pos\u00e9 plainte en France pour faire la lumi\u00e8re sur l'origine des accusations de paiement ill\u00e9gal qui lui ont valu d'\u00eatre jug\u00e9. \"Il y en a quelques-uns qui m'ont tu\u00e9\", a-t-il affirm\u00e9, ajoutant qu'il \u00e9tait anim\u00e9 \"un peu par la revanche\".<\/p>\n<p id=\"mt_multitag_85_1157_0\">\"Ceux qui \u00e9taient en place ne voulaient pas que je vienne, ils n'ont pas souhait\u00e9 que quelqu'un d'autre vienne voir ce qui se passe\", a-t-il lanc\u00e9, tout en ajoutant qu'il ne \"savait pas\" de qui il s'agissait.<\/p>\n<p>Michel Platini a affirm\u00e9 vendredi qu'il ne reviendrait pas \u00e0 la Fifa apr\u00e8s son acquittement dans l'affaire d'escroquerie qui avait bris\u00e9 en 2015 ses ambitions d'acc\u00e9der \u00e0 la t\u00eate du football mondial.<\/p>\n<p>\"C'est termin\u00e9\", a r\u00e9pondu l'ancien footballeur et ex-pr\u00e9sident de l'UEFA interrog\u00e9 sur LCI sur un \u00e9ventuel retour au sein de la F\u00e9d\u00e9ration internationale du football.<\/p>\n<p>Il a indiqu\u00e9 avoir d\u00e9pos\u00e9 plainte en France pour faire la lumi\u00e8re sur l'origine des accusations de paiement ill\u00e9gal qui lui ont valu d'\u00eatre jug\u00e9. \"Il y en a quelques-uns qui m'ont tu\u00e9\", a-t-il affirm\u00e9, ajoutant qu'il \u00e9tait anim\u00e9 \"un peu par la revanche\".<\/p>\n<p>\"Ceux qui \u00e9taient en place ne voulaient pas que je vienne, ils n'ont pas souhait\u00e9 que quelqu'un d'autre vienne voir ce qui se passe\", a-t-il lanc\u00e9, tout en ajoutant qu'il ne \"savait pas\" de qui il s'agissait.<\/p>\n<p>\"Ceux qui m'ont l\u00e2ch\u00e9 ce sont les politiques du football. Ils ont pris ma place, \u00e0 l'UEFA, \u00e0 la Fifa, ils ont tous eu des augmentations, ils ont eu des avantages \u00e0 ce que je ne sois plus l\u00e0\".<\/p>\n<p>Il a estim\u00e9 que Sepp Blatter, ancien pr\u00e9sident de la Fifa jug\u00e9 et acquitt\u00e9 avec lui, a \u00e9t\u00e9 \"un tr\u00e8s bon pr\u00e9sident, jusqu'au jour o\u00f9 il m'a dit qu'il voulait mourir \u00e0 la Fifa. A partir de l\u00e0, il a essay\u00e9 de cr\u00e9er des probl\u00e8mes avec tous ceux qui avaient l'intention un jour de le remplacer et \u00e0 partir de l\u00e0, cela s'est mal pass\u00e9\".<\/p>\n<p>Le vainqueur de l'Euro avec l'\u00e9quipe de France en 1984 et de la C1 en 1985 avec la Juventus, aujourd'hui \u00e2g\u00e9 de 67 ans, a \u00e9cart\u00e9 toute \u00e9ventualit\u00e9 de reprendre des responsabilit\u00e9s de dirigeant au sein du monde du football.<\/p>\n<p>\"J'ai envie de vivre un peu tranquille\", a-t-il confi\u00e9. \"J'ai d\u00e9cid\u00e9 de ne pas me pr\u00e9senter \u00e0 la Fifa, de ne pas me pr\u00e9senter \u00e0 l'UEFA, j'ai d\u00e9cid\u00e9 de ne pas me pr\u00e9senter \u00e0 la F\u00e9d\u00e9ration fran\u00e7aise de football. Ce sont des d\u00e9cisions que j'ai prises depuis longtemps mais je voulais pouvoir le dire la t\u00eate haute, pas sous le coup d'une inculpation, d'un truc bidon.\"<\/p>\n<p id=\"mt_multitag_57_6_1\">\"S'il y a quelque chose d'int\u00e9ressant \u00e0 faire pour le football, je le ferais mais pas dans ces institutions, je n'ai pas envie de retourner dans ce monde-l\u00e0\", a-t-il encore assur\u00e9.<\/p>\n<p>(Avec AFP)<\/p>\n<div id=\"moneytag-INARTICLE-ATF\">\n<div id=\"moneytag-INARTICLE1\" data-google-query-id=\"CNvC89_q_PgCFSRGHQkd-0sJbg\"><\/div>\n<\/div>\n<div class='share-to-whatsapp-wrapper'><div class='share-on-whsp'>PARTAGER SUR : <\/div><a data-text='MICHEL PLATINI  - \"La Fifa, c'est termin\u00e9\"' data-link='https:\/\/www.nettali.com\/2022\/07\/16\/la-fifa-cest-termine-affirme-michel-platini\/' class='whatsapp-button whatsapp-share'>WhatsApp<\/a><div class='clear '><\/div><\/div>","protected":false},"excerpt":{"rendered":"<p>NETTALI.COM - Michel Platini a affirm\u00e9 vendredi qu'il ne reviendrait pas \u00e0 la Fifa apr\u00e8s son acquittement dans l'affaire d'escroquerie qui avait bris\u00e9 en 2015 ses ambitions d'acc\u00e9der \u00e0 la t\u00eate du football mondial. \"C'est termin\u00e9\", a r\u00e9pondu l'ancien footballeur et ex-pr\u00e9sident de l'UEFA interrog\u00e9 sur LCI sur un \u00e9ventuel retour au sein de la [&hellip;]<\/p>\n","protected":false},"author":11,"featured_media":11704,"comment_status":"open","ping_status":"open","sticky":false,"template":"","format":"standard","meta":{"_et_pb_use_builder":"","_et_pb_old_content":""},"categories":[6],"tags":[],"yoast_head":"<!-- This site is optimized with the Yoast SEO Premium plugin v17.8 (Yoast SEO v17.8) - https:\/\/yoast.com\/wordpress\/plugins\/seo\/ -->\n<title>MICHEL PLATINI - &quot;La Fifa, c&#039;est termin\u00e9&quot; | Nettali.com<\/title>\n<meta name=\"robots\" content=\"index, follow, max-snippet:-1, max-image-preview:large, max-video-preview:-1\" \/>\n<link rel=\"canonical\" href=\"https:\/\/www.nettali.com\/2022\/07\/16\/la-fifa-cest-termine-affirme-michel-platini\/\" \/>\n<meta property=\"og:locale\" content=\"fr_FR\" \/>\n<meta property=\"og:type\" content=\"article\" \/>\n<meta property=\"og:title\" content=\"MICHEL PLATINI - &quot;La Fifa, c&#039;est termin\u00e9&quot;\" \/>\n<meta property=\"og:description\" content=\"NETTALI.COM - Michel Platini a affirm\u00e9 vendredi qu&#039;il ne reviendrait pas \u00e0 la Fifa apr\u00e8s son acquittement dans l&#039;affaire d&#039;escroquerie qui avait bris\u00e9 en 2015 ses ambitions d&#039;acc\u00e9der \u00e0 la t\u00eate du football mondial. &quot;C&#039;est termin\u00e9&quot;, a r\u00e9pondu l&#039;ancien footballeur et ex-pr\u00e9sident de l&#039;UEFA interrog\u00e9 sur LCI sur un \u00e9ventuel retour au sein de la [&hellip;]\" \/>\n<meta property=\"og:url\" content=\"https:\/\/www.nettali.com\/2022\/07\/16\/la-fifa-cest-termine-affirme-michel-platini\/\" \/>\n<meta property=\"og:site_name\" content=\"Nettali.com\" \/>\n<meta property=\"article:publisher\" content=\"https:\/\/www.facebook.com\/nettalicom\" \/>\n<meta property=\"article:published_time\" content=\"2022-07-16T07:03:38+00:00\" \/>\n<meta property=\"article:modified_time\" content=\"2022-07-17T00:05:22+00:00\" \/>\n<meta property=\"og:image\" content=\"https:\/\/www.nettali.com\/wp-content\/uploads\/2019\/06\/platini.jpg\" \/>\n\t<meta property=\"og:image:width\" content=\"615\" \/>\n\t<meta property=\"og:image:height\" content=\"409\" \/>\n<meta name=\"twitter:card\" content=\"summary_large_image\" \/>\n<meta name=\"twitter:label1\" content=\"\u00c9crit par\" \/>\n\t<meta name=\"twitter:data1\" content=\"Thierno Diop\" \/>\n\t<meta name=\"twitter:label2\" content=\"Dur\u00e9e de lecture estim\u00e9e\" \/>\n\t<meta name=\"twitter:data2\" content=\"3 minutes\" \/>\n<script type=\"application\/ld+json\" class=\"yoast-schema-graph\">{\"@context\":\"https:\/\/schema.org\",\"@graph\":[{\"@type\":\"WebSite\",\"@id\":\"https:\/\/www.nettali.com\/#website\",\"url\":\"https:\/\/www.nettali.com\/\",\"name\":\"Nettali.com\",\"description\":\"Le rendez-vous critique du Net\",\"potentialAction\":[{\"@type\":\"SearchAction\",\"target\":{\"@type\":\"EntryPoint\",\"urlTemplate\":\"https:\/\/www.nettali.com\/?s={search_term_string}\"},\"query-input\":\"required name=search_term_string\"}],\"inLanguage\":\"fr-FR\"},{\"@type\":\"ImageObject\",\"@id\":\"https:\/\/www.nettali.com\/2022\/07\/16\/la-fifa-cest-termine-affirme-michel-platini\/#primaryimage\",\"inLanguage\":\"fr-FR\",\"url\":\"https:\/\/www.nettali.com\/wp-content\/uploads\/2019\/06\/platini.jpg\",\"contentUrl\":\"https:\/\/www.nettali.com\/wp-content\/uploads\/2019\/06\/platini.jpg\",\"width\":615,\"height\":409},{\"@type\":\"WebPage\",\"@id\":\"https:\/\/www.nettali.com\/2022\/07\/16\/la-fifa-cest-termine-affirme-michel-platini\/#webpage\",\"url\":\"https:\/\/www.nettali.com\/2022\/07\/16\/la-fifa-cest-termine-affirme-michel-platini\/\",\"name\":\"MICHEL PLATINI - \\\"La Fifa, c'est termin\\u00e9\\\" | Nettali.com\",\"isPartOf\":{\"@id\":\"https:\/\/www.nettali.com\/#website\"},\"primaryImageOfPage\":{\"@id\":\"https:\/\/www.nettali.com\/2022\/07\/16\/la-fifa-cest-termine-affirme-michel-platini\/#primaryimage\"},\"datePublished\":\"2022-07-16T07:03:38+00:00\",\"dateModified\":\"2022-07-17T00:05:22+00:00\",\"author\":{\"@id\":\"https:\/\/www.nettali.com\/#\/schema\/person\/8a06c6bd7b19304cf4bf985862900b5b\"},\"breadcrumb\":{\"@id\":\"https:\/\/www.nettali.com\/2022\/07\/16\/la-fifa-cest-termine-affirme-michel-platini\/#breadcrumb\"},\"inLanguage\":\"fr-FR\",\"potentialAction\":[{\"@type\":\"ReadAction\",\"target\":[\"https:\/\/www.nettali.com\/2022\/07\/16\/la-fifa-cest-termine-affirme-michel-platini\/\"]}]},{\"@type\":\"BreadcrumbList\",\"@id\":\"https:\/\/www.nettali.com\/2022\/07\/16\/la-fifa-cest-termine-affirme-michel-platini\/#breadcrumb\",\"itemListElement\":[{\"@type\":\"ListItem\",\"position\":1,\"name\":\"Accueil\",\"item\":\"https:\/\/www.nettali.com\/\"},{\"@type\":\"ListItem\",\"position\":2,\"name\":\"MICHEL PLATINI - \\\"La Fifa, c'est termin\\u00e9\\\"\"}]},{\"@type\":\"Person\",\"@id\":\"https:\/\/www.nettali.com\/#\/schema\/person\/8a06c6bd7b19304cf4bf985862900b5b\",\"name\":\"Thierno Diop\",\"image\":{\"@type\":\"ImageObject\",\"@id\":\"https:\/\/www.nettali.com\/#personlogo\",\"inLanguage\":\"fr-FR\",\"url\":\"https:\/\/secure.gravatar.com\/avatar\/c8ca58550c94fd2ac856d27391a6c866?s=96&d=mm&r=g\",\"contentUrl\":\"https:\/\/secure.gravatar.com\/avatar\/c8ca58550c94fd2ac856d27391a6c866?s=96&d=mm&r=g\",\"caption\":\"Thierno Diop\"},\"sameAs\":[\"https:\/\/nettali.com\"]}]}<\/script>\n<!-- \/ Yoast SEO Premium plugin. -->","yoast_head_json":{"title":"MICHEL PLATINI - \"La Fifa, c'est termin\u00e9\" | Nettali.com","robots":{"index":"index","follow":"follow","max-snippet":"max-snippet:-1","max-image-preview":"max-image-preview:large","max-video-preview":"max-video-preview:-1"},"canonical":"https:\/\/www.nettali.com\/2022\/07\/16\/la-fifa-cest-termine-affirme-michel-platini\/","og_locale":"fr_FR","og_type":"article","og_title":"MICHEL PLATINI - \"La Fifa, c'est termin\u00e9\"","og_description":"NETTALI.COM - Michel Platini a affirm\u00e9 vendredi qu'il ne reviendrait pas \u00e0 la Fifa apr\u00e8s son acquittement dans l'affaire d'escroquerie qui avait bris\u00e9 en 2015 ses ambitions d'acc\u00e9der \u00e0 la t\u00eate du football mondial. \"C'est termin\u00e9\", a r\u00e9pondu l'ancien footballeur et ex-pr\u00e9sident de l'UEFA interrog\u00e9 sur LCI sur un \u00e9ventuel retour au sein de la [&hellip;]","og_url":"https:\/\/www.nettali.com\/2022\/07\/16\/la-fifa-cest-termine-affirme-michel-platini\/","og_site_name":"Nettali.com","article_publisher":"https:\/\/www.facebook.com\/nettalicom","article_published_time":"2022-07-16T07:03:38+00:00","article_modified_time":"2022-07-17T00:05:22+00:00","og_image":[{"width":615,"height":409,"url":"https:\/\/www.nettali.com\/wp-content\/uploads\/2019\/06\/platini.jpg","type":"image\/jpeg"}],"twitter_card":"summary_large_image","twitter_misc":{"\u00c9crit par":"Thierno Diop","Dur\u00e9e de lecture estim\u00e9e":"3 minutes"},"schema":{"@context":"https:\/\/schema.org","@graph":[{"@type":"WebSite","@id":"https:\/\/www.nettali.com\/#website","url":"https:\/\/www.nettali.com\/","name":"Nettali.com","description":"Le rendez-vous critique du Net","potentialAction":[{"@type":"SearchAction","target":{"@type":"EntryPoint","urlTemplate":"https:\/\/www.nettali.com\/?s={search_term_string}"},"query-input":"required name=search_term_string"}],"inLanguage":"fr-FR"},{"@type":"ImageObject","@id":"https:\/\/www.nettali.com\/2022\/07\/16\/la-fifa-cest-termine-affirme-michel-platini\/#primaryimage","inLanguage":"fr-FR","url":"https:\/\/www.nettali.com\/wp-content\/uploads\/2019\/06\/platini.jpg","contentUrl":"https:\/\/www.nettali.com\/wp-content\/uploads\/2019\/06\/platini.jpg","width":615,"height":409},{"@type":"WebPage","@id":"https:\/\/www.nettali.com\/2022\/07\/16\/la-fifa-cest-termine-affirme-michel-platini\/#webpage","url":"https:\/\/www.nettali.com\/2022\/07\/16\/la-fifa-cest-termine-affirme-michel-platini\/","name":"MICHEL PLATINI - \"La Fifa, c'est termin\u00e9\" | Nettali.com","isPartOf":{"@id":"https:\/\/www.nettali.com\/#website"},"primaryImageOfPage":{"@id":"https:\/\/www.nettali.com\/2022\/07\/16\/la-fifa-cest-termine-affirme-michel-platini\/#primaryimage"},"datePublished":"2022-07-16T07:03:38+00:00","dateModified":"2022-07-17T00:05:22+00:00","author":{"@id":"https:\/\/www.nettali.com\/#\/schema\/person\/8a06c6bd7b19304cf4bf985862900b5b"},"breadcrumb":{"@id":"https:\/\/www.nettali.com\/2022\/07\/16\/la-fifa-cest-termine-affirme-michel-platini\/#breadcrumb"},"inLanguage":"fr-FR","potentialAction":[{"@type":"ReadAction","target":["https:\/\/www.nettali.com\/2022\/07\/16\/la-fifa-cest-termine-affirme-michel-platini\/"]}]},{"@type":"BreadcrumbList","@id":"https:\/\/www.nettali.com\/2022\/07\/16\/la-fifa-cest-termine-affirme-michel-platini\/#breadcrumb","itemListElement":[{"@type":"ListItem","position":1,"name":"Accueil","item":"https:\/\/www.nettali.com\/"},{"@type":"ListItem","position":2,"name":"MICHEL PLATINI - \"La Fifa, c'est termin\u00e9\""}]},{"@type":"Person","@id":"https:\/\/www.nettali.com\/#\/schema\/person\/8a06c6bd7b19304cf4bf985862900b5b","name":"Thierno Diop","image":{"@type":"ImageObject","@id":"https:\/\/www.nettali.com\/#personlogo","inLanguage":"fr-FR","url":"https:\/\/secure.gravatar.com\/avatar\/c8ca58550c94fd2ac856d27391a6c866?s=96&d=mm&r=g","contentUrl":"https:\/\/secure.gravatar.com\/avatar\/c8ca58550c94fd2ac856d27391a6c866?s=96&d=mm&r=g","caption":"Thierno Diop"},"sameAs":["https:\/\/nettali.com"]}]}},"_links":{"self":[{"href":"https:\/\/www.nettali.com\/rest\/wp\/v2\/posts\/89792"}],"collection":[{"href":"https:\/\/www.nettali.com\/rest\/wp\/v2\/posts"}],"about":[{"href":"https:\/\/www.nettali.com\/rest\/wp\/v2\/types\/post"}],"author":[{"embeddable":true,"href":"https:\/\/www.nettali.com\/rest\/wp\/v2\/users\/11"}],"replies":[{"embeddable":true,"href":"https:\/\/www.nettali.com\/rest\/wp\/v2\/comments?post=89792"}],"version-history":[{"count":2,"href":"https:\/\/www.nettali.com\/rest\/wp\/v2\/posts\/89792\/revisions"}],"predecessor-version":[{"id":89834,"href":"https:\/\/www.nettali.com\/rest\/wp\/v2\/posts\/89792\/revisions\/89834"}],"wp:featuredmedia":[{"embeddable":true,"href":"https:\/\/www.nettali.com\/rest\/wp\/v2\/media\/11704"}],"wp:attachment":[{"href":"https:\/\/www.nettali.com\/rest\/wp\/v2\/media?parent=89792"}],"wp:term":[{"taxonomy":"category","embeddable":true,"href":"https:\/\/www.nettali.com\/rest\/wp\/v2\/categories?post=89792"},{"taxonomy":"post_tag","embeddable":true,"href":"https:\/\/www.nettali.com\/rest\/wp\/v2\/tags?post=89792"}],"curies":[{"name":"wp","href":"https:\/\/api.w.org\/{rel}","templated":true}]}}