{"id":89756,"date":"2022-07-15T13:27:46","date_gmt":"2022-07-15T13:27:46","guid":{"rendered":"https:\/\/www.nettali.com\/?p=89756"},"modified":"2022-07-15T13:27:46","modified_gmt":"2022-07-15T13:27:46","slug":"la-france-a-fait-du-dialogue-entre-leurope-et-afrique-une-de-ses-grandes-prioritesambassadeur","status":"publish","type":"post","link":"https:\/\/www.nettali.com\/2022\/07\/15\/la-france-a-fait-du-dialogue-entre-leurope-et-afrique-une-de-ses-grandes-prioritesambassadeur\/","title":{"rendered":"\u2019\u2019La France a fait du dialogue entre l\u2019Europe et Afrique une de ses grandes priorit\u00e9s\u2019\u2019(Ambassadeur)"},"content":{"rendered":"<div>NETTALI.COM - La France fait du dialogue entre l\u2019Europe et l\u2019Afrique \u2019\u2019une de ses grandes priorit\u00e9s\u2019\u2019, avec l\u2019ambition que l\u2019Union europ\u00e9enne puisse demeurer le premier partenaire \u00e9conomique du continent africain, a d\u00e9clar\u00e9 Philippe Lalliot, ambassadeur fran\u00e7ais au S\u00e9n\u00e9gal.<\/div>\n<div>\n\u2019\u2019La France a fait (...) du dialogue entre l\u2019Europe et Afrique une de ses grandes priorit\u00e9s\u2019\u2019, a-t-il d\u00e9clar\u00e9 \u00e0 l\u2019occasion de la traditionnelle soir\u00e9e du 14 juillet comm\u00e9morant la f\u00eate nationale fran\u00e7aise dans les jardins de la r\u00e9sidence de l\u2019ambassade de France au S\u00e9n\u00e9gal, \u00e0 Dakar.<\/div>\n<div><\/div>\n<div>Le diplomate a r\u00e9it\u00e9r\u00e9, en des propos repris par l'Agence de presse s\u00e9n\u00e9galaise, que \"la grande ambition\" de la partie fran\u00e7aise de travailler \u00e0 ce que \"l\u2019Union europ\u00e9enne (UE) reste ainsi le premier partenaire du continent africain et continue \u00e0 accompagner le S\u00e9n\u00e9gal sur la voie de l\u2019\u00e9mergence\u2019\u2019.<\/div>\n<div><\/div>\n<div>Il estime, \u00e0 ce propos, que le 6e sommet Union europ\u00e9enne-Union africaine, tenu en f\u00e9vrier dernier \u00e0 Bruxelles, en Belgique, a permis d\u2019affirmer la \"volont\u00e9 commune\" des parties concern\u00e9es de \"refonder le partenariat euro-africain.\u2019\u2019<\/div>\n<div><\/div>\n<div>\u2019\u2019Ce sommet o\u00f9 150 milliards d\u2019euros d\u2019investissements ont \u00e9t\u00e9 annonc\u00e9s a permis de lancer des initiatives tr\u00e8s concr\u00e8tes pour la formation et l\u2019acc\u00e8s \u00e0 l\u2019emploi des jeunes, pour le financement de la croissance en Afrique, la souverainet\u00e9 sanitaire, la transition \u00e9nerg\u00e9tique ou encore le maintien de la paix et de la s\u00e9curit\u00e9 sur le continent\u2019\u2019, a d\u00e9taill\u00e9 l\u2019ambassadeur de France au S\u00e9n\u00e9gal.<\/div>\n<div><\/div>\n<div>Selon Philippe Lalliot, le partenariat euro-africain constitue \u2019\u2019un p\u00f4le de stabilit\u00e9 et de coop\u00e9ration dans un monde confront\u00e9 \u00e0 une instabilit\u00e9 chronique et \u00e0 une brutalit\u00e9 croissante.\u2019\u2019<\/div>\n<div><\/div>\n<div>Il ajoute que le partenariat franco-s\u00e9n\u00e9galais en particulier \"devra \u00eatre ambitieux, respectueux et conduit sur un strict pied d\u2019\u00e9galit\u00e9 et tourn\u00e9 vers l\u2019avenir.\u2019\u2019<\/div>\n<div><\/div>\n<div>Aussi, \u2019\u2019face au choc \u00e9conomique majeur provoqu\u00e9 par la guerre en Ukraine et qui frappe les \u00e9conomies d\u00e9j\u00e0 fragilis\u00e9es par la pand\u00e9mie de Covid-19\", la France et le S\u00e9n\u00e9gal continuent de travailler \"main dans la main pour trouver des solutions concr\u00e8tes qui r\u00e9pondent \u00e0 la fois aux urgences, mais aussi aux d\u00e9fis de demain.\u2019\u2019<\/div>\n<div><\/div>\n<div>\u2019\u2019Cela ne signifie pas que nous soyons d\u2019accord sur tout, mais\u00a0signifie que nous pouvons parler de tout et agir ensemble en conscience, ce qui n\u2019est pas fr\u00e9quent\u2019\u2019, a-t-il d\u00e9clar\u00e9.<\/div>\n<div><\/div>\n<div>M.\u00a0Lalliot a par ailleurs soulign\u00e9 que \u2019\u2019face \u00e0 la mont\u00e9e du populisme et de l\u2019extr\u00e9misme qui sont les poisons lents pour nos d\u00e9mocraties\u2019\u2019, la France et le S\u00e9n\u00e9gal doivent \u2019\u2019continuer \u00e0 d\u00e9fendre sans arrogance, mais avec la plus grande fermet\u00e9, la paix, la concorde entre les nations, le respect et la responsabilit\u00e9, l\u2019\u00c9tat de droit et la solidarit\u00e9.\u2019\u2019<\/div>\n<div><\/div>\n<div>Le ministre secr\u00e9taire g\u00e9n\u00e9ral de la pr\u00e9sidence de la R\u00e9publique, Oumar Samba Ba, a pour sa part indiqu\u00e9 que le S\u00e9n\u00e9gal et la France entretiennent \u2019\u2019une longue tradition de relations d\u2019amiti\u00e9 confiante et de coop\u00e9ration f\u00e9conde\".<\/div>\n<div><\/div>\n<div>\u2019\u2019Ces liens privil\u00e9gi\u00e9s trouvent leur source dans notre attachement \u00e0 des valeurs communes \u00e0 savoir la paix, la d\u00e9mocratie, la libert\u00e9, la fraternit\u00e9 et le respect des droits de l\u2019Homme\", dit-il. Cela explique, \u00e0 ses yeux, \"la densit\u00e9\" des liens et \"l\u2019intensit\u00e9 des \u00e9changes officiels\" entre la France et le S\u00e9n\u00e9gal, \"y compris au plus haut niveau\u2019\u2019.<\/div>\n<div><\/div>\n<div>S\u2019y ajoute, selon lui, \u2019\u2019un facteur extr\u00eamement important, le facteur humain\u2019\u2019, avec \u2019\u2019au fil de l\u2019histoire, le brassage socioculturel si cher au pr\u00e9sident po\u00e8te L\u00e9opard S\u00e9dar Senghor qui a fait na\u00eetre parmi nous (...) des binationaux qui constituent aujourd\u2019hui le symbole vivant de la contribution des peuples s\u00e9n\u00e9galais et fran\u00e7ais, \u00e0 la civilisation de l\u2019universel et au banquet du donner et du recevoir.\u2019\u2019<\/div>\n<div><\/div>\n<div>\u2019\u2019C\u2019est le meilleur antidote aux pathologies qui gangr\u00e8nent actuellement nos soci\u00e9t\u00e9s humaines, \u00e0 savoir le terrorisme, le radicalisme, le racisme, la discrimination raciale et la x\u00e9nophobie\u2019\u2019, a conclu Oumar Samba Ba.<\/div>\n<div class='share-to-whatsapp-wrapper'><div class='share-on-whsp'>PARTAGER SUR : <\/div><a data-text='\u2019\u2019La France a fait du dialogue entre l\u2019Europe et Afrique une de ses grandes priorit\u00e9s\u2019\u2019(Ambassadeur)' data-link='https:\/\/www.nettali.com\/2022\/07\/15\/la-france-a-fait-du-dialogue-entre-leurope-et-afrique-une-de-ses-grandes-prioritesambassadeur\/' class='whatsapp-button whatsapp-share'>WhatsApp<\/a><div class='clear '><\/div><\/div>","protected":false},"excerpt":{"rendered":"<p>NETTALI.COM - La France fait du dialogue entre l\u2019Europe et l\u2019Afrique \u2019\u2019une de ses grandes priorit\u00e9s\u2019\u2019, avec l\u2019ambition que l\u2019Union europ\u00e9enne puisse demeurer le premier partenaire \u00e9conomique du continent africain, a d\u00e9clar\u00e9 Philippe Lalliot, ambassadeur fran\u00e7ais au S\u00e9n\u00e9gal. \u2019\u2019La France a fait (...) du dialogue entre l\u2019Europe et Afrique une de ses grandes priorit\u00e9s\u2019\u2019, a-t-il [&hellip;]<\/p>\n","protected":false},"author":11,"featured_media":89757,"comment_status":"open","ping_status":"open","sticky":false,"template":"","format":"standard","meta":{"_et_pb_use_builder":"","_et_pb_old_content":""},"categories":[8],"tags":[],"yoast_head":"<!-- This site is optimized with the Yoast SEO Premium plugin v17.8 (Yoast SEO v17.8) - https:\/\/yoast.com\/wordpress\/plugins\/seo\/ -->\n<title>\u2019\u2019La France a fait du dialogue entre l\u2019Europe et Afrique une de ses grandes priorit\u00e9s\u2019\u2019(Ambassadeur) | Nettali.com<\/title>\n<meta name=\"robots\" content=\"index, follow, max-snippet:-1, max-image-preview:large, max-video-preview:-1\" \/>\n<link rel=\"canonical\" href=\"https:\/\/www.nettali.com\/2022\/07\/15\/la-france-a-fait-du-dialogue-entre-leurope-et-afrique-une-de-ses-grandes-prioritesambassadeur\/\" \/>\n<meta property=\"og:locale\" content=\"fr_FR\" \/>\n<meta property=\"og:type\" content=\"article\" \/>\n<meta property=\"og:title\" content=\"\u2019\u2019La France a fait du dialogue entre l\u2019Europe et Afrique une de ses grandes priorit\u00e9s\u2019\u2019(Ambassadeur)\" \/>\n<meta property=\"og:description\" content=\"NETTALI.COM - La France fait du dialogue entre l\u2019Europe et l\u2019Afrique \u2019\u2019une de ses grandes priorit\u00e9s\u2019\u2019, avec l\u2019ambition que l\u2019Union europ\u00e9enne puisse demeurer le premier partenaire \u00e9conomique du continent africain, a d\u00e9clar\u00e9 Philippe Lalliot, ambassadeur fran\u00e7ais au S\u00e9n\u00e9gal. \u2019\u2019La France a fait (...) du dialogue entre l\u2019Europe et Afrique une de ses grandes priorit\u00e9s\u2019\u2019, a-t-il [&hellip;]\" \/>\n<meta property=\"og:url\" content=\"https:\/\/www.nettali.com\/2022\/07\/15\/la-france-a-fait-du-dialogue-entre-leurope-et-afrique-une-de-ses-grandes-prioritesambassadeur\/\" \/>\n<meta property=\"og:site_name\" content=\"Nettali.com\" \/>\n<meta property=\"article:publisher\" content=\"https:\/\/www.facebook.com\/nettalicom\" \/>\n<meta property=\"article:published_time\" content=\"2022-07-15T13:27:46+00:00\" \/>\n<meta property=\"og:image\" content=\"https:\/\/www.nettali.com\/wp-content\/uploads\/2022\/07\/laliot.jpg\" \/>\n\t<meta property=\"og:image:width\" content=\"750\" \/>\n\t<meta property=\"og:image:height\" content=\"640\" \/>\n<meta name=\"twitter:card\" content=\"summary_large_image\" \/>\n<meta name=\"twitter:label1\" content=\"\u00c9crit par\" \/>\n\t<meta name=\"twitter:data1\" content=\"Thierno Diop\" \/>\n\t<meta name=\"twitter:label2\" content=\"Dur\u00e9e de lecture estim\u00e9e\" \/>\n\t<meta name=\"twitter:data2\" content=\"4 minutes\" \/>\n<script type=\"application\/ld+json\" class=\"yoast-schema-graph\">{\"@context\":\"https:\/\/schema.org\",\"@graph\":[{\"@type\":\"WebSite\",\"@id\":\"https:\/\/www.nettali.com\/#website\",\"url\":\"https:\/\/www.nettali.com\/\",\"name\":\"Nettali.com\",\"description\":\"Le rendez-vous critique du Net\",\"potentialAction\":[{\"@type\":\"SearchAction\",\"target\":{\"@type\":\"EntryPoint\",\"urlTemplate\":\"https:\/\/www.nettali.com\/?s={search_term_string}\"},\"query-input\":\"required name=search_term_string\"}],\"inLanguage\":\"fr-FR\"},{\"@type\":\"ImageObject\",\"@id\":\"https:\/\/www.nettali.com\/2022\/07\/15\/la-france-a-fait-du-dialogue-entre-leurope-et-afrique-une-de-ses-grandes-prioritesambassadeur\/#primaryimage\",\"inLanguage\":\"fr-FR\",\"url\":\"https:\/\/www.nettali.com\/wp-content\/uploads\/2022\/07\/laliot.jpg\",\"contentUrl\":\"https:\/\/www.nettali.com\/wp-content\/uploads\/2022\/07\/laliot.jpg\",\"width\":750,\"height\":640},{\"@type\":\"WebPage\",\"@id\":\"https:\/\/www.nettali.com\/2022\/07\/15\/la-france-a-fait-du-dialogue-entre-leurope-et-afrique-une-de-ses-grandes-prioritesambassadeur\/#webpage\",\"url\":\"https:\/\/www.nettali.com\/2022\/07\/15\/la-france-a-fait-du-dialogue-entre-leurope-et-afrique-une-de-ses-grandes-prioritesambassadeur\/\",\"name\":\"\\u2019\\u2019La France a fait du dialogue entre l\\u2019Europe et Afrique une de ses grandes priorit\\u00e9s\\u2019\\u2019(Ambassadeur) | Nettali.com\",\"isPartOf\":{\"@id\":\"https:\/\/www.nettali.com\/#website\"},\"primaryImageOfPage\":{\"@id\":\"https:\/\/www.nettali.com\/2022\/07\/15\/la-france-a-fait-du-dialogue-entre-leurope-et-afrique-une-de-ses-grandes-prioritesambassadeur\/#primaryimage\"},\"datePublished\":\"2022-07-15T13:27:46+00:00\",\"dateModified\":\"2022-07-15T13:27:46+00:00\",\"author\":{\"@id\":\"https:\/\/www.nettali.com\/#\/schema\/person\/8a06c6bd7b19304cf4bf985862900b5b\"},\"breadcrumb\":{\"@id\":\"https:\/\/www.nettali.com\/2022\/07\/15\/la-france-a-fait-du-dialogue-entre-leurope-et-afrique-une-de-ses-grandes-prioritesambassadeur\/#breadcrumb\"},\"inLanguage\":\"fr-FR\",\"potentialAction\":[{\"@type\":\"ReadAction\",\"target\":[\"https:\/\/www.nettali.com\/2022\/07\/15\/la-france-a-fait-du-dialogue-entre-leurope-et-afrique-une-de-ses-grandes-prioritesambassadeur\/\"]}]},{\"@type\":\"BreadcrumbList\",\"@id\":\"https:\/\/www.nettali.com\/2022\/07\/15\/la-france-a-fait-du-dialogue-entre-leurope-et-afrique-une-de-ses-grandes-prioritesambassadeur\/#breadcrumb\",\"itemListElement\":[{\"@type\":\"ListItem\",\"position\":1,\"name\":\"Accueil\",\"item\":\"https:\/\/www.nettali.com\/\"},{\"@type\":\"ListItem\",\"position\":2,\"name\":\"\\u2019\\u2019La France a fait du dialogue entre l\\u2019Europe et Afrique une de ses grandes priorit\\u00e9s\\u2019\\u2019(Ambassadeur)\"}]},{\"@type\":\"Person\",\"@id\":\"https:\/\/www.nettali.com\/#\/schema\/person\/8a06c6bd7b19304cf4bf985862900b5b\",\"name\":\"Thierno Diop\",\"image\":{\"@type\":\"ImageObject\",\"@id\":\"https:\/\/www.nettali.com\/#personlogo\",\"inLanguage\":\"fr-FR\",\"url\":\"https:\/\/secure.gravatar.com\/avatar\/c8ca58550c94fd2ac856d27391a6c866?s=96&d=mm&r=g\",\"contentUrl\":\"https:\/\/secure.gravatar.com\/avatar\/c8ca58550c94fd2ac856d27391a6c866?s=96&d=mm&r=g\",\"caption\":\"Thierno Diop\"},\"sameAs\":[\"https:\/\/nettali.com\"]}]}<\/script>\n<!-- \/ Yoast SEO Premium plugin. -->","yoast_head_json":{"title":"\u2019\u2019La France a fait du dialogue entre l\u2019Europe et Afrique une de ses grandes priorit\u00e9s\u2019\u2019(Ambassadeur) | Nettali.com","robots":{"index":"index","follow":"follow","max-snippet":"max-snippet:-1","max-image-preview":"max-image-preview:large","max-video-preview":"max-video-preview:-1"},"canonical":"https:\/\/www.nettali.com\/2022\/07\/15\/la-france-a-fait-du-dialogue-entre-leurope-et-afrique-une-de-ses-grandes-prioritesambassadeur\/","og_locale":"fr_FR","og_type":"article","og_title":"\u2019\u2019La France a fait du dialogue entre l\u2019Europe et Afrique une de ses grandes priorit\u00e9s\u2019\u2019(Ambassadeur)","og_description":"NETTALI.COM - La France fait du dialogue entre l\u2019Europe et l\u2019Afrique \u2019\u2019une de ses grandes priorit\u00e9s\u2019\u2019, avec l\u2019ambition que l\u2019Union europ\u00e9enne puisse demeurer le premier partenaire \u00e9conomique du continent africain, a d\u00e9clar\u00e9 Philippe Lalliot, ambassadeur fran\u00e7ais au S\u00e9n\u00e9gal. \u2019\u2019La France a fait (...) du dialogue entre l\u2019Europe et Afrique une de ses grandes priorit\u00e9s\u2019\u2019, a-t-il [&hellip;]","og_url":"https:\/\/www.nettali.com\/2022\/07\/15\/la-france-a-fait-du-dialogue-entre-leurope-et-afrique-une-de-ses-grandes-prioritesambassadeur\/","og_site_name":"Nettali.com","article_publisher":"https:\/\/www.facebook.com\/nettalicom","article_published_time":"2022-07-15T13:27:46+00:00","og_image":[{"width":750,"height":640,"url":"https:\/\/www.nettali.com\/wp-content\/uploads\/2022\/07\/laliot.jpg","type":"image\/jpeg"}],"twitter_card":"summary_large_image","twitter_misc":{"\u00c9crit par":"Thierno Diop","Dur\u00e9e de lecture estim\u00e9e":"4 minutes"},"schema":{"@context":"https:\/\/schema.org","@graph":[{"@type":"WebSite","@id":"https:\/\/www.nettali.com\/#website","url":"https:\/\/www.nettali.com\/","name":"Nettali.com","description":"Le rendez-vous critique du Net","potentialAction":[{"@type":"SearchAction","target":{"@type":"EntryPoint","urlTemplate":"https:\/\/www.nettali.com\/?s={search_term_string}"},"query-input":"required name=search_term_string"}],"inLanguage":"fr-FR"},{"@type":"ImageObject","@id":"https:\/\/www.nettali.com\/2022\/07\/15\/la-france-a-fait-du-dialogue-entre-leurope-et-afrique-une-de-ses-grandes-prioritesambassadeur\/#primaryimage","inLanguage":"fr-FR","url":"https:\/\/www.nettali.com\/wp-content\/uploads\/2022\/07\/laliot.jpg","contentUrl":"https:\/\/www.nettali.com\/wp-content\/uploads\/2022\/07\/laliot.jpg","width":750,"height":640},{"@type":"WebPage","@id":"https:\/\/www.nettali.com\/2022\/07\/15\/la-france-a-fait-du-dialogue-entre-leurope-et-afrique-une-de-ses-grandes-prioritesambassadeur\/#webpage","url":"https:\/\/www.nettali.com\/2022\/07\/15\/la-france-a-fait-du-dialogue-entre-leurope-et-afrique-une-de-ses-grandes-prioritesambassadeur\/","name":"\u2019\u2019La France a fait du dialogue entre l\u2019Europe et Afrique une de ses grandes priorit\u00e9s\u2019\u2019(Ambassadeur) | Nettali.com","isPartOf":{"@id":"https:\/\/www.nettali.com\/#website"},"primaryImageOfPage":{"@id":"https:\/\/www.nettali.com\/2022\/07\/15\/la-france-a-fait-du-dialogue-entre-leurope-et-afrique-une-de-ses-grandes-prioritesambassadeur\/#primaryimage"},"datePublished":"2022-07-15T13:27:46+00:00","dateModified":"2022-07-15T13:27:46+00:00","author":{"@id":"https:\/\/www.nettali.com\/#\/schema\/person\/8a06c6bd7b19304cf4bf985862900b5b"},"breadcrumb":{"@id":"https:\/\/www.nettali.com\/2022\/07\/15\/la-france-a-fait-du-dialogue-entre-leurope-et-afrique-une-de-ses-grandes-prioritesambassadeur\/#breadcrumb"},"inLanguage":"fr-FR","potentialAction":[{"@type":"ReadAction","target":["https:\/\/www.nettali.com\/2022\/07\/15\/la-france-a-fait-du-dialogue-entre-leurope-et-afrique-une-de-ses-grandes-prioritesambassadeur\/"]}]},{"@type":"BreadcrumbList","@id":"https:\/\/www.nettali.com\/2022\/07\/15\/la-france-a-fait-du-dialogue-entre-leurope-et-afrique-une-de-ses-grandes-prioritesambassadeur\/#breadcrumb","itemListElement":[{"@type":"ListItem","position":1,"name":"Accueil","item":"https:\/\/www.nettali.com\/"},{"@type":"ListItem","position":2,"name":"\u2019\u2019La France a fait du dialogue entre l\u2019Europe et Afrique une de ses grandes priorit\u00e9s\u2019\u2019(Ambassadeur)"}]},{"@type":"Person","@id":"https:\/\/www.nettali.com\/#\/schema\/person\/8a06c6bd7b19304cf4bf985862900b5b","name":"Thierno Diop","image":{"@type":"ImageObject","@id":"https:\/\/www.nettali.com\/#personlogo","inLanguage":"fr-FR","url":"https:\/\/secure.gravatar.com\/avatar\/c8ca58550c94fd2ac856d27391a6c866?s=96&d=mm&r=g","contentUrl":"https:\/\/secure.gravatar.com\/avatar\/c8ca58550c94fd2ac856d27391a6c866?s=96&d=mm&r=g","caption":"Thierno Diop"},"sameAs":["https:\/\/nettali.com"]}]}},"_links":{"self":[{"href":"https:\/\/www.nettali.com\/rest\/wp\/v2\/posts\/89756"}],"collection":[{"href":"https:\/\/www.nettali.com\/rest\/wp\/v2\/posts"}],"about":[{"href":"https:\/\/www.nettali.com\/rest\/wp\/v2\/types\/post"}],"author":[{"embeddable":true,"href":"https:\/\/www.nettali.com\/rest\/wp\/v2\/users\/11"}],"replies":[{"embeddable":true,"href":"https:\/\/www.nettali.com\/rest\/wp\/v2\/comments?post=89756"}],"version-history":[{"count":1,"href":"https:\/\/www.nettali.com\/rest\/wp\/v2\/posts\/89756\/revisions"}],"predecessor-version":[{"id":89758,"href":"https:\/\/www.nettali.com\/rest\/wp\/v2\/posts\/89756\/revisions\/89758"}],"wp:featuredmedia":[{"embeddable":true,"href":"https:\/\/www.nettali.com\/rest\/wp\/v2\/media\/89757"}],"wp:attachment":[{"href":"https:\/\/www.nettali.com\/rest\/wp\/v2\/media?parent=89756"}],"wp:term":[{"taxonomy":"category","embeddable":true,"href":"https:\/\/www.nettali.com\/rest\/wp\/v2\/categories?post=89756"},{"taxonomy":"post_tag","embeddable":true,"href":"https:\/\/www.nettali.com\/rest\/wp\/v2\/tags?post=89756"}],"curies":[{"name":"wp","href":"https:\/\/api.w.org\/{rel}","templated":true}]}}