{"id":89751,"date":"2022-07-15T11:06:12","date_gmt":"2022-07-15T11:06:12","guid":{"rendered":"https:\/\/www.nettali.com\/?p=89751"},"modified":"2022-07-15T11:06:12","modified_gmt":"2022-07-15T11:06:12","slug":"incendie-hopital-tivaouane-les-mis-en-cause-restent-en-prison","status":"publish","type":"post","link":"https:\/\/www.nettali.com\/2022\/07\/15\/incendie-hopital-tivaouane-les-mis-en-cause-restent-en-prison\/","title":{"rendered":"INCENDIE H\u00d4PITAL TIVAOUANE - Les mis en cause restent en prison"},"content":{"rendered":"<p><b>NETTALI.COM \u2013 La demande de libert\u00e9 provisoire introduite par les avocats des mis en cause dans l\u2019affaire de l\u2019incendie de h\u00f4pital de Tivaouane est rejet\u00e9e par le juge d'instruction en charge du dossier.<\/b><\/p>\n<p>Fod\u00e9 Dione, Awa Diop et Coumba Mbodj restent en prison. Inculp\u00e9s et plac\u00e9s sous mandat de d\u00e9p\u00f4t depuis juin dernier, dans le cadre de l\u2019enqu\u00eate sur l\u2019incendie de l\u2019h\u00f4pital de Tivaouane qui a caus\u00e9 la mort de onze b\u00e9b\u00e9s, Fod\u00e9 Dione, Awa Diop et Coumba Mbodj restent en prison.<\/p>\n<p>Pour m\u00e9moire, ils avaient introduit une demande de libert\u00e9 provisoire avant la Tabaski.<\/p>\n<p>Cependant, informe la publication de ce vendredi 15,juillet de L\u2019Observateur de ce vendredi, le juge d\u2019instruction, charg\u00e9 de leur dossier, a rejet\u00e9 leur requ\u00eate. Les mis en cause restent donc en d\u00e9tention \u00e0 la Maison d\u2019arr\u00eat et de correction (Mac) de Thi\u00e8s.<\/p>\n<p>Fod\u00e9 Dione est le chef du service charg\u00e9 de la maintenance des installations au niveau de l\u2019h\u00f4pital de Tivaouane. Awa Diop y officie en tant que sage-femme tandis que l'aide-infirmi\u00e8re Coumba Mbodj \u00e9tait en stage au niveau du service n\u00e9onatalogie de l'h\u00f4pital.<\/p>\n<p>Ils sont tous en prison pour exposition et d\u00e9laissement d\u2019enfants dans un endroit solitaire ayant entra\u00een\u00e9 la mise en danger d\u2019autrui.<\/p>\n<p>L\u2019Obs de pr\u00e9ciser que Coumba Mbodj, qui est \u00e9tudiante en troisi\u00e8me ann\u00e9e, doit bient\u00f4t passer son examen pour obtenir sa licence d\u2019infirmi\u00e8re d\u2019Etat.<\/p>\n<div class='share-to-whatsapp-wrapper'><div class='share-on-whsp'>PARTAGER SUR : <\/div><a data-text='INCENDIE H\u00d4PITAL TIVAOUANE - Les mis en cause restent en prison' data-link='https:\/\/www.nettali.com\/2022\/07\/15\/incendie-hopital-tivaouane-les-mis-en-cause-restent-en-prison\/' class='whatsapp-button whatsapp-share'>WhatsApp<\/a><div class='clear '><\/div><\/div>","protected":false},"excerpt":{"rendered":"<p>NETTALI.COM \u2013 La demande de libert\u00e9 provisoire introduite par les avocats des mis en cause dans l\u2019affaire de l\u2019incendie de h\u00f4pital de Tivaouane est rejet\u00e9e par le juge d'instruction en charge du dossier. Fod\u00e9 Dione, Awa Diop et Coumba Mbodj restent en prison. Inculp\u00e9s et plac\u00e9s sous mandat de d\u00e9p\u00f4t depuis juin dernier, dans le [&hellip;]<\/p>\n","protected":false},"author":11,"featured_media":87002,"comment_status":"open","ping_status":"open","sticky":false,"template":"","format":"standard","meta":{"_et_pb_use_builder":"","_et_pb_old_content":""},"categories":[22],"tags":[],"yoast_head":"<!-- This site is optimized with the Yoast SEO Premium plugin v17.8 (Yoast SEO v17.8) - https:\/\/yoast.com\/wordpress\/plugins\/seo\/ -->\n<title>INCENDIE H\u00d4PITAL TIVAOUANE - Les mis en cause restent en prison | Nettali.com<\/title>\n<meta name=\"robots\" content=\"index, follow, max-snippet:-1, max-image-preview:large, max-video-preview:-1\" \/>\n<link rel=\"canonical\" href=\"https:\/\/www.nettali.com\/2022\/07\/15\/incendie-hopital-tivaouane-les-mis-en-cause-restent-en-prison\/\" \/>\n<meta property=\"og:locale\" content=\"fr_FR\" \/>\n<meta property=\"og:type\" content=\"article\" \/>\n<meta property=\"og:title\" content=\"INCENDIE H\u00d4PITAL TIVAOUANE - Les mis en cause restent en prison\" \/>\n<meta property=\"og:description\" content=\"NETTALI.COM \u2013 La demande de libert\u00e9 provisoire introduite par les avocats des mis en cause dans l\u2019affaire de l\u2019incendie de h\u00f4pital de Tivaouane est rejet\u00e9e par le juge d&#039;instruction en charge du dossier. Fod\u00e9 Dione, Awa Diop et Coumba Mbodj restent en prison. Inculp\u00e9s et plac\u00e9s sous mandat de d\u00e9p\u00f4t depuis juin dernier, dans le [&hellip;]\" \/>\n<meta property=\"og:url\" content=\"https:\/\/www.nettali.com\/2022\/07\/15\/incendie-hopital-tivaouane-les-mis-en-cause-restent-en-prison\/\" \/>\n<meta property=\"og:site_name\" content=\"Nettali.com\" \/>\n<meta property=\"article:publisher\" content=\"https:\/\/www.facebook.com\/nettalicom\" \/>\n<meta property=\"article:published_time\" content=\"2022-07-15T11:06:12+00:00\" \/>\n<meta property=\"og:image\" content=\"https:\/\/www.nettali.com\/wp-content\/uploads\/2022\/05\/hopitaltiv.jpg\" \/>\n\t<meta property=\"og:image:width\" content=\"612\" \/>\n\t<meta property=\"og:image:height\" content=\"298\" \/>\n<meta name=\"twitter:card\" content=\"summary_large_image\" \/>\n<meta name=\"twitter:label1\" content=\"\u00c9crit par\" \/>\n\t<meta name=\"twitter:data1\" content=\"Thierno Diop\" \/>\n\t<meta name=\"twitter:label2\" content=\"Dur\u00e9e de lecture estim\u00e9e\" \/>\n\t<meta name=\"twitter:data2\" content=\"2 minutes\" \/>\n<script type=\"application\/ld+json\" class=\"yoast-schema-graph\">{\"@context\":\"https:\/\/schema.org\",\"@graph\":[{\"@type\":\"WebSite\",\"@id\":\"https:\/\/www.nettali.com\/#website\",\"url\":\"https:\/\/www.nettali.com\/\",\"name\":\"Nettali.com\",\"description\":\"Le rendez-vous critique du Net\",\"potentialAction\":[{\"@type\":\"SearchAction\",\"target\":{\"@type\":\"EntryPoint\",\"urlTemplate\":\"https:\/\/www.nettali.com\/?s={search_term_string}\"},\"query-input\":\"required name=search_term_string\"}],\"inLanguage\":\"fr-FR\"},{\"@type\":\"ImageObject\",\"@id\":\"https:\/\/www.nettali.com\/2022\/07\/15\/incendie-hopital-tivaouane-les-mis-en-cause-restent-en-prison\/#primaryimage\",\"inLanguage\":\"fr-FR\",\"url\":\"https:\/\/www.nettali.com\/wp-content\/uploads\/2022\/05\/hopitaltiv.jpg\",\"contentUrl\":\"https:\/\/www.nettali.com\/wp-content\/uploads\/2022\/05\/hopitaltiv.jpg\",\"width\":612,\"height\":298},{\"@type\":\"WebPage\",\"@id\":\"https:\/\/www.nettali.com\/2022\/07\/15\/incendie-hopital-tivaouane-les-mis-en-cause-restent-en-prison\/#webpage\",\"url\":\"https:\/\/www.nettali.com\/2022\/07\/15\/incendie-hopital-tivaouane-les-mis-en-cause-restent-en-prison\/\",\"name\":\"INCENDIE H\\u00d4PITAL TIVAOUANE - Les mis en cause restent en prison | Nettali.com\",\"isPartOf\":{\"@id\":\"https:\/\/www.nettali.com\/#website\"},\"primaryImageOfPage\":{\"@id\":\"https:\/\/www.nettali.com\/2022\/07\/15\/incendie-hopital-tivaouane-les-mis-en-cause-restent-en-prison\/#primaryimage\"},\"datePublished\":\"2022-07-15T11:06:12+00:00\",\"dateModified\":\"2022-07-15T11:06:12+00:00\",\"author\":{\"@id\":\"https:\/\/www.nettali.com\/#\/schema\/person\/8a06c6bd7b19304cf4bf985862900b5b\"},\"breadcrumb\":{\"@id\":\"https:\/\/www.nettali.com\/2022\/07\/15\/incendie-hopital-tivaouane-les-mis-en-cause-restent-en-prison\/#breadcrumb\"},\"inLanguage\":\"fr-FR\",\"potentialAction\":[{\"@type\":\"ReadAction\",\"target\":[\"https:\/\/www.nettali.com\/2022\/07\/15\/incendie-hopital-tivaouane-les-mis-en-cause-restent-en-prison\/\"]}]},{\"@type\":\"BreadcrumbList\",\"@id\":\"https:\/\/www.nettali.com\/2022\/07\/15\/incendie-hopital-tivaouane-les-mis-en-cause-restent-en-prison\/#breadcrumb\",\"itemListElement\":[{\"@type\":\"ListItem\",\"position\":1,\"name\":\"Accueil\",\"item\":\"https:\/\/www.nettali.com\/\"},{\"@type\":\"ListItem\",\"position\":2,\"name\":\"INCENDIE H\\u00d4PITAL TIVAOUANE - Les mis en cause restent en prison\"}]},{\"@type\":\"Person\",\"@id\":\"https:\/\/www.nettali.com\/#\/schema\/person\/8a06c6bd7b19304cf4bf985862900b5b\",\"name\":\"Thierno Diop\",\"image\":{\"@type\":\"ImageObject\",\"@id\":\"https:\/\/www.nettali.com\/#personlogo\",\"inLanguage\":\"fr-FR\",\"url\":\"https:\/\/secure.gravatar.com\/avatar\/c8ca58550c94fd2ac856d27391a6c866?s=96&d=mm&r=g\",\"contentUrl\":\"https:\/\/secure.gravatar.com\/avatar\/c8ca58550c94fd2ac856d27391a6c866?s=96&d=mm&r=g\",\"caption\":\"Thierno Diop\"},\"sameAs\":[\"https:\/\/nettali.com\"]}]}<\/script>\n<!-- \/ Yoast SEO Premium plugin. -->","yoast_head_json":{"title":"INCENDIE H\u00d4PITAL TIVAOUANE - Les mis en cause restent en prison | Nettali.com","robots":{"index":"index","follow":"follow","max-snippet":"max-snippet:-1","max-image-preview":"max-image-preview:large","max-video-preview":"max-video-preview:-1"},"canonical":"https:\/\/www.nettali.com\/2022\/07\/15\/incendie-hopital-tivaouane-les-mis-en-cause-restent-en-prison\/","og_locale":"fr_FR","og_type":"article","og_title":"INCENDIE H\u00d4PITAL TIVAOUANE - Les mis en cause restent en prison","og_description":"NETTALI.COM \u2013 La demande de libert\u00e9 provisoire introduite par les avocats des mis en cause dans l\u2019affaire de l\u2019incendie de h\u00f4pital de Tivaouane est rejet\u00e9e par le juge d'instruction en charge du dossier. Fod\u00e9 Dione, Awa Diop et Coumba Mbodj restent en prison. Inculp\u00e9s et plac\u00e9s sous mandat de d\u00e9p\u00f4t depuis juin dernier, dans le [&hellip;]","og_url":"https:\/\/www.nettali.com\/2022\/07\/15\/incendie-hopital-tivaouane-les-mis-en-cause-restent-en-prison\/","og_site_name":"Nettali.com","article_publisher":"https:\/\/www.facebook.com\/nettalicom","article_published_time":"2022-07-15T11:06:12+00:00","og_image":[{"width":612,"height":298,"url":"https:\/\/www.nettali.com\/wp-content\/uploads\/2022\/05\/hopitaltiv.jpg","type":"image\/jpeg"}],"twitter_card":"summary_large_image","twitter_misc":{"\u00c9crit par":"Thierno Diop","Dur\u00e9e de lecture estim\u00e9e":"2 minutes"},"schema":{"@context":"https:\/\/schema.org","@graph":[{"@type":"WebSite","@id":"https:\/\/www.nettali.com\/#website","url":"https:\/\/www.nettali.com\/","name":"Nettali.com","description":"Le rendez-vous critique du Net","potentialAction":[{"@type":"SearchAction","target":{"@type":"EntryPoint","urlTemplate":"https:\/\/www.nettali.com\/?s={search_term_string}"},"query-input":"required name=search_term_string"}],"inLanguage":"fr-FR"},{"@type":"ImageObject","@id":"https:\/\/www.nettali.com\/2022\/07\/15\/incendie-hopital-tivaouane-les-mis-en-cause-restent-en-prison\/#primaryimage","inLanguage":"fr-FR","url":"https:\/\/www.nettali.com\/wp-content\/uploads\/2022\/05\/hopitaltiv.jpg","contentUrl":"https:\/\/www.nettali.com\/wp-content\/uploads\/2022\/05\/hopitaltiv.jpg","width":612,"height":298},{"@type":"WebPage","@id":"https:\/\/www.nettali.com\/2022\/07\/15\/incendie-hopital-tivaouane-les-mis-en-cause-restent-en-prison\/#webpage","url":"https:\/\/www.nettali.com\/2022\/07\/15\/incendie-hopital-tivaouane-les-mis-en-cause-restent-en-prison\/","name":"INCENDIE H\u00d4PITAL TIVAOUANE - Les mis en cause restent en prison | Nettali.com","isPartOf":{"@id":"https:\/\/www.nettali.com\/#website"},"primaryImageOfPage":{"@id":"https:\/\/www.nettali.com\/2022\/07\/15\/incendie-hopital-tivaouane-les-mis-en-cause-restent-en-prison\/#primaryimage"},"datePublished":"2022-07-15T11:06:12+00:00","dateModified":"2022-07-15T11:06:12+00:00","author":{"@id":"https:\/\/www.nettali.com\/#\/schema\/person\/8a06c6bd7b19304cf4bf985862900b5b"},"breadcrumb":{"@id":"https:\/\/www.nettali.com\/2022\/07\/15\/incendie-hopital-tivaouane-les-mis-en-cause-restent-en-prison\/#breadcrumb"},"inLanguage":"fr-FR","potentialAction":[{"@type":"ReadAction","target":["https:\/\/www.nettali.com\/2022\/07\/15\/incendie-hopital-tivaouane-les-mis-en-cause-restent-en-prison\/"]}]},{"@type":"BreadcrumbList","@id":"https:\/\/www.nettali.com\/2022\/07\/15\/incendie-hopital-tivaouane-les-mis-en-cause-restent-en-prison\/#breadcrumb","itemListElement":[{"@type":"ListItem","position":1,"name":"Accueil","item":"https:\/\/www.nettali.com\/"},{"@type":"ListItem","position":2,"name":"INCENDIE H\u00d4PITAL TIVAOUANE - Les mis en cause restent en prison"}]},{"@type":"Person","@id":"https:\/\/www.nettali.com\/#\/schema\/person\/8a06c6bd7b19304cf4bf985862900b5b","name":"Thierno Diop","image":{"@type":"ImageObject","@id":"https:\/\/www.nettali.com\/#personlogo","inLanguage":"fr-FR","url":"https:\/\/secure.gravatar.com\/avatar\/c8ca58550c94fd2ac856d27391a6c866?s=96&d=mm&r=g","contentUrl":"https:\/\/secure.gravatar.com\/avatar\/c8ca58550c94fd2ac856d27391a6c866?s=96&d=mm&r=g","caption":"Thierno Diop"},"sameAs":["https:\/\/nettali.com"]}]}},"_links":{"self":[{"href":"https:\/\/www.nettali.com\/rest\/wp\/v2\/posts\/89751"}],"collection":[{"href":"https:\/\/www.nettali.com\/rest\/wp\/v2\/posts"}],"about":[{"href":"https:\/\/www.nettali.com\/rest\/wp\/v2\/types\/post"}],"author":[{"embeddable":true,"href":"https:\/\/www.nettali.com\/rest\/wp\/v2\/users\/11"}],"replies":[{"embeddable":true,"href":"https:\/\/www.nettali.com\/rest\/wp\/v2\/comments?post=89751"}],"version-history":[{"count":1,"href":"https:\/\/www.nettali.com\/rest\/wp\/v2\/posts\/89751\/revisions"}],"predecessor-version":[{"id":89752,"href":"https:\/\/www.nettali.com\/rest\/wp\/v2\/posts\/89751\/revisions\/89752"}],"wp:featuredmedia":[{"embeddable":true,"href":"https:\/\/www.nettali.com\/rest\/wp\/v2\/media\/87002"}],"wp:attachment":[{"href":"https:\/\/www.nettali.com\/rest\/wp\/v2\/media?parent=89751"}],"wp:term":[{"taxonomy":"category","embeddable":true,"href":"https:\/\/www.nettali.com\/rest\/wp\/v2\/categories?post=89751"},{"taxonomy":"post_tag","embeddable":true,"href":"https:\/\/www.nettali.com\/rest\/wp\/v2\/tags?post=89751"}],"curies":[{"name":"wp","href":"https:\/\/api.w.org\/{rel}","templated":true}]}}