{"id":89596,"date":"2022-07-12T11:25:14","date_gmt":"2022-07-12T11:25:14","guid":{"rendered":"https:\/\/www.nettali.com\/?p=89596"},"modified":"2022-07-12T11:25:14","modified_gmt":"2022-07-12T11:25:14","slug":"reprise-du-trafic-vers-le-mali-les-camionneurs-senegalais-soulages-mais-exigent-reparation","status":"publish","type":"post","link":"https:\/\/www.nettali.com\/2022\/07\/12\/reprise-du-trafic-vers-le-mali-les-camionneurs-senegalais-soulages-mais-exigent-reparation\/","title":{"rendered":"REPRISE DU TRAFIC VERS LE MALI \u2013 Les camionneurs s\u00e9n\u00e9galais soulag\u00e9s, mais exigent r\u00e9paration"},"content":{"rendered":"<p><strong>NETTALI.COM \u2013 Au lendemain de la d\u00e9cision portant lev\u00e9e de l\u2019embargo, les camionneurs qui assurent le trajet entre Dakar et Bamako\u00a0poussent un ouf de soulagement. Cependant, ils souhaitent une r\u00e9paration du pr\u00e9judice subi. <\/strong><\/p>\n<p>Ouf de soulagement chez les camionneurs qui assurent le trajet entre Dakar et Bamako\u00a0! Leur activit\u00e9 a \u00e9t\u00e9 fortement impact\u00e9e par la fermeture de la fronti\u00e8re entre le S\u00e9n\u00e9gal et le Mali. Ainsi, la lev\u00e9e de l\u2019embargo est salu\u00e9e par ces camionneurs.<\/p>\n<p>Toutefois, le transporteur Gora Khouma, interrog\u00e9 par France 24, \u00a0porte la parole de ses coll\u00e8gues et plaide pour une r\u00e9paration. \u00ab\u00a0<em>Depuis hier, les gens ont d\u00e9marr\u00e9, mais y a des camions qui sont en panne. Y a les marchandises aussi qui sont g\u00e2t\u00e9es. Donc, nous demandons une r\u00e9paration \u00e0 partir du S\u00e9n\u00e9gal, \u00e0 travers l\u2019implication de Macky Sall qui doit parler \u00e0 la CEDEAO<\/em>\u00a0\u00bb, a d\u00e9clar\u00e9 le transporteur, non sans alerter sur un fait, en ces termes\u00a0: \u00ab\u00a0<em>la sanction n\u2019\u00e9tait pas programm\u00e9e. Si elle \u00e9tait programm\u00e9e et que nous nous ent\u00eations \u00e0 circuler alors la faute nous aurait incomb\u00e9. Mais l\u00e0, ce n\u2019est pas notre responsabilit\u00e9<\/em>\u00a0\u00bb.<\/p>\n<p>Pour rappel, le Mali est le premier partenaire commercial du S\u00e9n\u00e9gal. Selon l\u2019Agence nationale de la statistique et de la d\u00e9mographie (Ansd), 23 % des exportations du pays de la teranga sont destin\u00e9es \u00e0 son voisin malien. Des \u00e9valuations faites avant l\u2019entr\u00e9e en vigueur de l\u2019embargo.<\/p>\n<div class='share-to-whatsapp-wrapper'><div class='share-on-whsp'>PARTAGER SUR : <\/div><a data-text='REPRISE DU TRAFIC VERS LE MALI \u2013 Les camionneurs s\u00e9n\u00e9galais soulag\u00e9s, mais exigent r\u00e9paration' data-link='https:\/\/www.nettali.com\/2022\/07\/12\/reprise-du-trafic-vers-le-mali-les-camionneurs-senegalais-soulages-mais-exigent-reparation\/' class='whatsapp-button whatsapp-share'>WhatsApp<\/a><div class='clear '><\/div><\/div>","protected":false},"excerpt":{"rendered":"<p>NETTALI.COM \u2013 Au lendemain de la d\u00e9cision portant lev\u00e9e de l\u2019embargo, les camionneurs qui assurent le trajet entre Dakar et Bamako\u00a0poussent un ouf de soulagement. Cependant, ils souhaitent une r\u00e9paration du pr\u00e9judice subi. Ouf de soulagement chez les camionneurs qui assurent le trajet entre Dakar et Bamako\u00a0! Leur activit\u00e9 a \u00e9t\u00e9 fortement impact\u00e9e par la [&hellip;]<\/p>\n","protected":false},"author":11,"featured_media":13243,"comment_status":"open","ping_status":"open","sticky":false,"template":"","format":"standard","meta":{"_et_pb_use_builder":"","_et_pb_old_content":""},"categories":[4],"tags":[],"yoast_head":"<!-- This site is optimized with the Yoast SEO Premium plugin v17.8 (Yoast SEO v17.8) - https:\/\/yoast.com\/wordpress\/plugins\/seo\/ -->\n<title>REPRISE DU TRAFIC VERS LE MALI \u2013 Les camionneurs s\u00e9n\u00e9galais soulag\u00e9s, mais exigent r\u00e9paration | Nettali.com<\/title>\n<meta name=\"robots\" content=\"index, follow, max-snippet:-1, max-image-preview:large, max-video-preview:-1\" \/>\n<link rel=\"canonical\" href=\"https:\/\/www.nettali.com\/2022\/07\/12\/reprise-du-trafic-vers-le-mali-les-camionneurs-senegalais-soulages-mais-exigent-reparation\/\" \/>\n<meta property=\"og:locale\" content=\"fr_FR\" \/>\n<meta property=\"og:type\" content=\"article\" \/>\n<meta property=\"og:title\" content=\"REPRISE DU TRAFIC VERS LE MALI \u2013 Les camionneurs s\u00e9n\u00e9galais soulag\u00e9s, mais exigent r\u00e9paration\" \/>\n<meta property=\"og:description\" content=\"NETTALI.COM \u2013 Au lendemain de la d\u00e9cision portant lev\u00e9e de l\u2019embargo, les camionneurs qui assurent le trajet entre Dakar et Bamako\u00a0poussent un ouf de soulagement. Cependant, ils souhaitent une r\u00e9paration du pr\u00e9judice subi. Ouf de soulagement chez les camionneurs qui assurent le trajet entre Dakar et Bamako\u00a0! Leur activit\u00e9 a \u00e9t\u00e9 fortement impact\u00e9e par la [&hellip;]\" \/>\n<meta property=\"og:url\" content=\"https:\/\/www.nettali.com\/2022\/07\/12\/reprise-du-trafic-vers-le-mali-les-camionneurs-senegalais-soulages-mais-exigent-reparation\/\" \/>\n<meta property=\"og:site_name\" content=\"Nettali.com\" \/>\n<meta property=\"article:publisher\" content=\"https:\/\/www.facebook.com\/nettalicom\" \/>\n<meta property=\"article:published_time\" content=\"2022-07-12T11:25:14+00:00\" \/>\n<meta property=\"og:image\" content=\"https:\/\/www.nettali.com\/wp-content\/uploads\/2019\/07\/camion.jpg\" \/>\n\t<meta property=\"og:image:width\" content=\"289\" \/>\n\t<meta property=\"og:image:height\" content=\"175\" \/>\n<meta name=\"twitter:card\" content=\"summary_large_image\" \/>\n<meta name=\"twitter:label1\" content=\"\u00c9crit par\" \/>\n\t<meta name=\"twitter:data1\" content=\"Thierno Diop\" \/>\n\t<meta name=\"twitter:label2\" content=\"Dur\u00e9e de lecture estim\u00e9e\" \/>\n\t<meta name=\"twitter:data2\" content=\"2 minutes\" \/>\n<script type=\"application\/ld+json\" class=\"yoast-schema-graph\">{\"@context\":\"https:\/\/schema.org\",\"@graph\":[{\"@type\":\"WebSite\",\"@id\":\"https:\/\/www.nettali.com\/#website\",\"url\":\"https:\/\/www.nettali.com\/\",\"name\":\"Nettali.com\",\"description\":\"Le rendez-vous critique du Net\",\"potentialAction\":[{\"@type\":\"SearchAction\",\"target\":{\"@type\":\"EntryPoint\",\"urlTemplate\":\"https:\/\/www.nettali.com\/?s={search_term_string}\"},\"query-input\":\"required name=search_term_string\"}],\"inLanguage\":\"fr-FR\"},{\"@type\":\"ImageObject\",\"@id\":\"https:\/\/www.nettali.com\/2022\/07\/12\/reprise-du-trafic-vers-le-mali-les-camionneurs-senegalais-soulages-mais-exigent-reparation\/#primaryimage\",\"inLanguage\":\"fr-FR\",\"url\":\"https:\/\/www.nettali.com\/wp-content\/uploads\/2019\/07\/camion.jpg\",\"contentUrl\":\"https:\/\/www.nettali.com\/wp-content\/uploads\/2019\/07\/camion.jpg\",\"width\":289,\"height\":175},{\"@type\":\"WebPage\",\"@id\":\"https:\/\/www.nettali.com\/2022\/07\/12\/reprise-du-trafic-vers-le-mali-les-camionneurs-senegalais-soulages-mais-exigent-reparation\/#webpage\",\"url\":\"https:\/\/www.nettali.com\/2022\/07\/12\/reprise-du-trafic-vers-le-mali-les-camionneurs-senegalais-soulages-mais-exigent-reparation\/\",\"name\":\"REPRISE DU TRAFIC VERS LE MALI \\u2013 Les camionneurs s\\u00e9n\\u00e9galais soulag\\u00e9s, mais exigent r\\u00e9paration | Nettali.com\",\"isPartOf\":{\"@id\":\"https:\/\/www.nettali.com\/#website\"},\"primaryImageOfPage\":{\"@id\":\"https:\/\/www.nettali.com\/2022\/07\/12\/reprise-du-trafic-vers-le-mali-les-camionneurs-senegalais-soulages-mais-exigent-reparation\/#primaryimage\"},\"datePublished\":\"2022-07-12T11:25:14+00:00\",\"dateModified\":\"2022-07-12T11:25:14+00:00\",\"author\":{\"@id\":\"https:\/\/www.nettali.com\/#\/schema\/person\/8a06c6bd7b19304cf4bf985862900b5b\"},\"breadcrumb\":{\"@id\":\"https:\/\/www.nettali.com\/2022\/07\/12\/reprise-du-trafic-vers-le-mali-les-camionneurs-senegalais-soulages-mais-exigent-reparation\/#breadcrumb\"},\"inLanguage\":\"fr-FR\",\"potentialAction\":[{\"@type\":\"ReadAction\",\"target\":[\"https:\/\/www.nettali.com\/2022\/07\/12\/reprise-du-trafic-vers-le-mali-les-camionneurs-senegalais-soulages-mais-exigent-reparation\/\"]}]},{\"@type\":\"BreadcrumbList\",\"@id\":\"https:\/\/www.nettali.com\/2022\/07\/12\/reprise-du-trafic-vers-le-mali-les-camionneurs-senegalais-soulages-mais-exigent-reparation\/#breadcrumb\",\"itemListElement\":[{\"@type\":\"ListItem\",\"position\":1,\"name\":\"Accueil\",\"item\":\"https:\/\/www.nettali.com\/\"},{\"@type\":\"ListItem\",\"position\":2,\"name\":\"REPRISE DU TRAFIC VERS LE MALI \\u2013 Les camionneurs s\\u00e9n\\u00e9galais soulag\\u00e9s, mais exigent r\\u00e9paration\"}]},{\"@type\":\"Person\",\"@id\":\"https:\/\/www.nettali.com\/#\/schema\/person\/8a06c6bd7b19304cf4bf985862900b5b\",\"name\":\"Thierno Diop\",\"image\":{\"@type\":\"ImageObject\",\"@id\":\"https:\/\/www.nettali.com\/#personlogo\",\"inLanguage\":\"fr-FR\",\"url\":\"https:\/\/secure.gravatar.com\/avatar\/c8ca58550c94fd2ac856d27391a6c866?s=96&d=mm&r=g\",\"contentUrl\":\"https:\/\/secure.gravatar.com\/avatar\/c8ca58550c94fd2ac856d27391a6c866?s=96&d=mm&r=g\",\"caption\":\"Thierno Diop\"},\"sameAs\":[\"https:\/\/nettali.com\"]}]}<\/script>\n<!-- \/ Yoast SEO Premium plugin. -->","yoast_head_json":{"title":"REPRISE DU TRAFIC VERS LE MALI \u2013 Les camionneurs s\u00e9n\u00e9galais soulag\u00e9s, mais exigent r\u00e9paration | Nettali.com","robots":{"index":"index","follow":"follow","max-snippet":"max-snippet:-1","max-image-preview":"max-image-preview:large","max-video-preview":"max-video-preview:-1"},"canonical":"https:\/\/www.nettali.com\/2022\/07\/12\/reprise-du-trafic-vers-le-mali-les-camionneurs-senegalais-soulages-mais-exigent-reparation\/","og_locale":"fr_FR","og_type":"article","og_title":"REPRISE DU TRAFIC VERS LE MALI \u2013 Les camionneurs s\u00e9n\u00e9galais soulag\u00e9s, mais exigent r\u00e9paration","og_description":"NETTALI.COM \u2013 Au lendemain de la d\u00e9cision portant lev\u00e9e de l\u2019embargo, les camionneurs qui assurent le trajet entre Dakar et Bamako\u00a0poussent un ouf de soulagement. Cependant, ils souhaitent une r\u00e9paration du pr\u00e9judice subi. Ouf de soulagement chez les camionneurs qui assurent le trajet entre Dakar et Bamako\u00a0! Leur activit\u00e9 a \u00e9t\u00e9 fortement impact\u00e9e par la [&hellip;]","og_url":"https:\/\/www.nettali.com\/2022\/07\/12\/reprise-du-trafic-vers-le-mali-les-camionneurs-senegalais-soulages-mais-exigent-reparation\/","og_site_name":"Nettali.com","article_publisher":"https:\/\/www.facebook.com\/nettalicom","article_published_time":"2022-07-12T11:25:14+00:00","og_image":[{"width":289,"height":175,"url":"https:\/\/www.nettali.com\/wp-content\/uploads\/2019\/07\/camion.jpg","type":"image\/jpeg"}],"twitter_card":"summary_large_image","twitter_misc":{"\u00c9crit par":"Thierno Diop","Dur\u00e9e de lecture estim\u00e9e":"2 minutes"},"schema":{"@context":"https:\/\/schema.org","@graph":[{"@type":"WebSite","@id":"https:\/\/www.nettali.com\/#website","url":"https:\/\/www.nettali.com\/","name":"Nettali.com","description":"Le rendez-vous critique du Net","potentialAction":[{"@type":"SearchAction","target":{"@type":"EntryPoint","urlTemplate":"https:\/\/www.nettali.com\/?s={search_term_string}"},"query-input":"required name=search_term_string"}],"inLanguage":"fr-FR"},{"@type":"ImageObject","@id":"https:\/\/www.nettali.com\/2022\/07\/12\/reprise-du-trafic-vers-le-mali-les-camionneurs-senegalais-soulages-mais-exigent-reparation\/#primaryimage","inLanguage":"fr-FR","url":"https:\/\/www.nettali.com\/wp-content\/uploads\/2019\/07\/camion.jpg","contentUrl":"https:\/\/www.nettali.com\/wp-content\/uploads\/2019\/07\/camion.jpg","width":289,"height":175},{"@type":"WebPage","@id":"https:\/\/www.nettali.com\/2022\/07\/12\/reprise-du-trafic-vers-le-mali-les-camionneurs-senegalais-soulages-mais-exigent-reparation\/#webpage","url":"https:\/\/www.nettali.com\/2022\/07\/12\/reprise-du-trafic-vers-le-mali-les-camionneurs-senegalais-soulages-mais-exigent-reparation\/","name":"REPRISE DU TRAFIC VERS LE MALI \u2013 Les camionneurs s\u00e9n\u00e9galais soulag\u00e9s, mais exigent r\u00e9paration | Nettali.com","isPartOf":{"@id":"https:\/\/www.nettali.com\/#website"},"primaryImageOfPage":{"@id":"https:\/\/www.nettali.com\/2022\/07\/12\/reprise-du-trafic-vers-le-mali-les-camionneurs-senegalais-soulages-mais-exigent-reparation\/#primaryimage"},"datePublished":"2022-07-12T11:25:14+00:00","dateModified":"2022-07-12T11:25:14+00:00","author":{"@id":"https:\/\/www.nettali.com\/#\/schema\/person\/8a06c6bd7b19304cf4bf985862900b5b"},"breadcrumb":{"@id":"https:\/\/www.nettali.com\/2022\/07\/12\/reprise-du-trafic-vers-le-mali-les-camionneurs-senegalais-soulages-mais-exigent-reparation\/#breadcrumb"},"inLanguage":"fr-FR","potentialAction":[{"@type":"ReadAction","target":["https:\/\/www.nettali.com\/2022\/07\/12\/reprise-du-trafic-vers-le-mali-les-camionneurs-senegalais-soulages-mais-exigent-reparation\/"]}]},{"@type":"BreadcrumbList","@id":"https:\/\/www.nettali.com\/2022\/07\/12\/reprise-du-trafic-vers-le-mali-les-camionneurs-senegalais-soulages-mais-exigent-reparation\/#breadcrumb","itemListElement":[{"@type":"ListItem","position":1,"name":"Accueil","item":"https:\/\/www.nettali.com\/"},{"@type":"ListItem","position":2,"name":"REPRISE DU TRAFIC VERS LE MALI \u2013 Les camionneurs s\u00e9n\u00e9galais soulag\u00e9s, mais exigent r\u00e9paration"}]},{"@type":"Person","@id":"https:\/\/www.nettali.com\/#\/schema\/person\/8a06c6bd7b19304cf4bf985862900b5b","name":"Thierno Diop","image":{"@type":"ImageObject","@id":"https:\/\/www.nettali.com\/#personlogo","inLanguage":"fr-FR","url":"https:\/\/secure.gravatar.com\/avatar\/c8ca58550c94fd2ac856d27391a6c866?s=96&d=mm&r=g","contentUrl":"https:\/\/secure.gravatar.com\/avatar\/c8ca58550c94fd2ac856d27391a6c866?s=96&d=mm&r=g","caption":"Thierno Diop"},"sameAs":["https:\/\/nettali.com"]}]}},"_links":{"self":[{"href":"https:\/\/www.nettali.com\/rest\/wp\/v2\/posts\/89596"}],"collection":[{"href":"https:\/\/www.nettali.com\/rest\/wp\/v2\/posts"}],"about":[{"href":"https:\/\/www.nettali.com\/rest\/wp\/v2\/types\/post"}],"author":[{"embeddable":true,"href":"https:\/\/www.nettali.com\/rest\/wp\/v2\/users\/11"}],"replies":[{"embeddable":true,"href":"https:\/\/www.nettali.com\/rest\/wp\/v2\/comments?post=89596"}],"version-history":[{"count":1,"href":"https:\/\/www.nettali.com\/rest\/wp\/v2\/posts\/89596\/revisions"}],"predecessor-version":[{"id":89597,"href":"https:\/\/www.nettali.com\/rest\/wp\/v2\/posts\/89596\/revisions\/89597"}],"wp:featuredmedia":[{"embeddable":true,"href":"https:\/\/www.nettali.com\/rest\/wp\/v2\/media\/13243"}],"wp:attachment":[{"href":"https:\/\/www.nettali.com\/rest\/wp\/v2\/media?parent=89596"}],"wp:term":[{"taxonomy":"category","embeddable":true,"href":"https:\/\/www.nettali.com\/rest\/wp\/v2\/categories?post=89596"},{"taxonomy":"post_tag","embeddable":true,"href":"https:\/\/www.nettali.com\/rest\/wp\/v2\/tags?post=89596"}],"curies":[{"name":"wp","href":"https:\/\/api.w.org\/{rel}","templated":true}]}}