{"id":89504,"date":"2022-07-09T17:03:09","date_gmt":"2022-07-09T17:03:09","guid":{"rendered":"https:\/\/www.nettali.com\/?p=89504"},"modified":"2022-07-09T19:29:13","modified_gmt":"2022-07-09T19:29:13","slug":"sri-lanka-le-president-en-fuite-sa-residence-prise-dassaut-par-des-manifestants","status":"publish","type":"post","link":"https:\/\/www.nettali.com\/2022\/07\/09\/sri-lanka-le-president-en-fuite-sa-residence-prise-dassaut-par-des-manifestants\/","title":{"rendered":"SRI LANKA - Le pr\u00e9sident en fuite, sa r\u00e9sidence prise d'assaut par des manifestants"},"content":{"rendered":"<p><strong>NETTALI.COM - Des dizaines de milliers de manifestants anti-gouvernementaux ont envahi, samedi, la r\u00e9sidence du pr\u00e9sident sri lankais, Gotabaya Rajapaksa, le contraignant \u00e0 prendre la fuite avant leur arriv\u00e9e. Le pays, en proie \u00e0 une grave crise \u00e9conomique, est sujet \u00e0 d'importants mouvements de contestation depuis des mois. <\/strong><\/p>\n<p>Le pr\u00e9sident du Sri Lanka, Gotabaya Rajapaksa, a fui, samedi 9 juillet, sa r\u00e9sidence officielle de Colombo quelques minutes avant qu'elle ne soit prise d'assaut par des manifestants exigeant sa d\u00e9mission, a indiqu\u00e9 \u00e0 l'AFP une source de la D\u00e9fense.<\/p>\n<p>Le Premier ministre Ranil Wickremesinghe, qui est le prochain dans la ligne de succession si Gotabaya Rajapaksa d\u00e9missionne, a aussit\u00f4t convoqu\u00e9 une r\u00e9union d'urgence du gouvernement pour discuter d'une \"<em>r\u00e9solution rapide<\/em>\" de la crise. Dans un communiqu\u00e9, il a convi\u00e9 les dirigeants des partis politiques \u00e0 se joindre \u00e0 cette r\u00e9union et a \u00e9galement demand\u00e9 que le Parlement soit convoqu\u00e9.<\/p>\n<p>\"<em>Le pr\u00e9sident a \u00e9t\u00e9 escort\u00e9 en lieu s\u00fbr<\/em>\", a indiqu\u00e9 une source de la D\u00e9fense \u00e0 l'AFP. \"<em>Il est toujours le pr\u00e9sident, il est prot\u00e9g\u00e9 par une unit\u00e9 militaire<\/em>\", a ajout\u00e9 cette source, selon laquelle les soldats gardant la r\u00e9sidence officielle ont tir\u00e9 en l'air pour dissuader les manifestants d'approcher jusqu'\u00e0 ce que Gotabaya Rajapaksa soit \u00e9vacu\u00e9.<\/p>\n<p>Les cha\u00eenes de t\u00e9l\u00e9vision locales ont montr\u00e9 des images de centaines de personnes escaladant les grilles du palais pr\u00e9sidentiel, un b\u00e2timent datant de l'\u00e9poque coloniale, situ\u00e9 en bord de mer et symbole du pouvoir au Sri Lanka.<\/p>\n<p>Certains manifestants ont diffus\u00e9 en direct sur les r\u00e9seaux sociaux des vid\u00e9os montrant une foule d\u00e9ambulant \u00e0 l'int\u00e9rieur du palais, certains piquant m\u00eame une t\u00eate dans la piscine pr\u00e9sidentielle ou s'allongeant d'un air amus\u00e9 dans les chambres \u00e0 coucher de la r\u00e9sidence.<\/p>\n<p>Les protestataires ont \u00e9galement investi les bureaux de la pr\u00e9sidence, situ\u00e9s \u00e0 proximit\u00e9 et devant lesquels des manifestants campent depuis trois mois.<\/p>\n<p><strong>Crise \u00e9conomique\u00a0<\/strong><\/p>\n<p>Des responsables gouvernementaux ont dit ignorer les intentions de Gotabaya Rajapaksa apr\u00e8s sa fuite. \"<em>Nous attendons des instructions<\/em>\", a d\u00e9clar\u00e9 \u00e0 l'AFP un haut fonctionnaire. \"<em>Nous ne savons toujours pas o\u00f9 il se trouve, mais nous savons qu'il est avec la marine du Sri Lanka et qu'il est en s\u00e9curit\u00e9<\/em>\".<\/p>\n<p>Des dizaines de milliers de personnes avaient auparavant particip\u00e9 \u00e0 une manifestation pour exiger la d\u00e9mission de Gotabaya Rajapaksa, jug\u00e9 responsable de la crise \u00e9conomique sans pr\u00e9c\u00e9dent qui frappe le Sri Lanka et cause une inflation galopante et de graves p\u00e9nuries de carburant, d'\u00e9lectricit\u00e9 et d'aliments.<\/p>\n<p>Les Nations unies estiment notamment qu'environ 80 % de la population sautent des repas pour faire face aux p\u00e9nuries et \u00e0 la flamb\u00e9e des prix.<\/p>\n<p>Les forces de l'ordre ont tent\u00e9 de disperser l'immense foule rassembl\u00e9e dans le quartier administratif de la capitale. Le principal h\u00f4pital de Colombo a fait \u00e9tat de trois personnes bless\u00e9es par balle et de 36 autres souffrant de difficult\u00e9s respiratoires \u00e0 cause des gaz lacrymog\u00e8nes massivement employ\u00e9s.<\/p>\n<p>Vendredi, les forces de l'ordre avaient impos\u00e9 un couvre-feu pour tenter de d\u00e9courager les protestataires de descendre dans la rue, mais cette mesure a \u00e9t\u00e9 lev\u00e9e apr\u00e8s que des partis d'opposition, des militants des droits humains et le barreau du pays ont menac\u00e9 d'intenter des poursuites contre le chef de la police.<\/p>\n<p>Le couvre-feu avait \u00e9t\u00e9 largement ignor\u00e9 par les manifestants, dont certains ont m\u00eame forc\u00e9 les autorit\u00e9s ferroviaires \u00e0 les conduire en train jusqu'\u00e0 Colombo, samedi, pour participer au rassemblement, ont indiqu\u00e9 des responsables \u00e0 l'AFP.<\/p>\n<p>\"<em>Le couvre-feu n'a pas eu d'effet dissuasif. Il a en fait encourag\u00e9 davantage de personnes \u00e0 descendre dans les rues en guise de d\u00e9fi<\/em>\", a d\u00e9clar\u00e9 le responsable de la D\u00e9fense. \"<em>Des passagers ont r\u00e9quisitionn\u00e9 des trains pour rejoindre Colombo<\/em>\".<\/p>\n<p><strong>Dette souveraine<\/strong><\/p>\n<p>M\u00eame si le pays a presque \u00e9puis\u00e9 ses maigres r\u00e9serves d'essence, les manifestants, soutenus par les principaux partis d'opposition, ont \u00e9galement lou\u00e9 des bus priv\u00e9s pour se rendre dans la capitale.<\/p>\n<p>Selon les autorit\u00e9s, quelque 20 000 soldats et policiers avaient \u00e9t\u00e9 d\u00e9p\u00each\u00e9s \u00e0 Colombo pour prot\u00e9ger le pr\u00e9sident.<\/p>\n<p>L'ONU avait exhort\u00e9 les autorit\u00e9s sri-lankaises et les manifestants \u00e0 veiller \u00e0 ce que les rassemblements de samedi se d\u00e9roulent dans le calme.<\/p>\n<p>En mai, neuf personnes avaient \u00e9t\u00e9 tu\u00e9es et plusieurs centaines bless\u00e9es lors de troubles dans le pays.<\/p>\n<p>Le Sri Lanka a fait d\u00e9faut en avril sur sa dette ext\u00e9rieure de 51 milliards de dollars, et a entam\u00e9 des n\u00e9gociations de sauvetage avec le Fonds mon\u00e9taire international.<\/p>\n<p>Cette crise, d'une ampleur sans pr\u00e9c\u00e9dent depuis l'ind\u00e9pendance du pays en 1948, est imput\u00e9e \u00e0 la pand\u00e9mie de Covid-19 qui a priv\u00e9 cette \u00eele d'Asie du Sud des devises du secteur touristique et a \u00e9t\u00e9 aggrav\u00e9e par une s\u00e9rie de mauvaises d\u00e9cisions politiques, selon des \u00e9conomistes.<\/p>\n<p>AFP<\/p>\n<div class='share-to-whatsapp-wrapper'><div class='share-on-whsp'>PARTAGER SUR : <\/div><a data-text='SRI LANKA - Le pr\u00e9sident en fuite, sa r\u00e9sidence prise d'assaut par des manifestants' data-link='https:\/\/www.nettali.com\/2022\/07\/09\/sri-lanka-le-president-en-fuite-sa-residence-prise-dassaut-par-des-manifestants\/' class='whatsapp-button whatsapp-share'>WhatsApp<\/a><div class='clear '><\/div><\/div>","protected":false},"excerpt":{"rendered":"<p>NETTALI.COM - Des dizaines de milliers de manifestants anti-gouvernementaux ont envahi, samedi, la r\u00e9sidence du pr\u00e9sident sri lankais, Gotabaya Rajapaksa, le contraignant \u00e0 prendre la fuite avant leur arriv\u00e9e. Le pays, en proie \u00e0 une grave crise \u00e9conomique, est sujet \u00e0 d'importants mouvements de contestation depuis des mois. Le pr\u00e9sident du Sri Lanka, Gotabaya Rajapaksa, [&hellip;]<\/p>\n","protected":false},"author":5,"featured_media":89505,"comment_status":"open","ping_status":"open","sticky":false,"template":"","format":"standard","meta":{"_et_pb_use_builder":"","_et_pb_old_content":""},"categories":[8],"tags":[],"yoast_head":"<!-- This site is optimized with the Yoast SEO Premium plugin v17.8 (Yoast SEO v17.8) - https:\/\/yoast.com\/wordpress\/plugins\/seo\/ -->\n<title>SRI LANKA - Le pr\u00e9sident en fuite, sa r\u00e9sidence prise d&#039;assaut par des manifestants | Nettali.com<\/title>\n<meta name=\"robots\" content=\"index, follow, max-snippet:-1, max-image-preview:large, max-video-preview:-1\" \/>\n<link rel=\"canonical\" href=\"https:\/\/www.nettali.com\/2022\/07\/09\/sri-lanka-le-president-en-fuite-sa-residence-prise-dassaut-par-des-manifestants\/\" \/>\n<meta property=\"og:locale\" content=\"fr_FR\" \/>\n<meta property=\"og:type\" content=\"article\" \/>\n<meta property=\"og:title\" content=\"SRI LANKA - Le pr\u00e9sident en fuite, sa r\u00e9sidence prise d&#039;assaut par des manifestants\" \/>\n<meta property=\"og:description\" content=\"NETTALI.COM - Des dizaines de milliers de manifestants anti-gouvernementaux ont envahi, samedi, la r\u00e9sidence du pr\u00e9sident sri lankais, Gotabaya Rajapaksa, le contraignant \u00e0 prendre la fuite avant leur arriv\u00e9e. Le pays, en proie \u00e0 une grave crise \u00e9conomique, est sujet \u00e0 d&#039;importants mouvements de contestation depuis des mois. Le pr\u00e9sident du Sri Lanka, Gotabaya Rajapaksa, [&hellip;]\" \/>\n<meta property=\"og:url\" content=\"https:\/\/www.nettali.com\/2022\/07\/09\/sri-lanka-le-president-en-fuite-sa-residence-prise-dassaut-par-des-manifestants\/\" \/>\n<meta property=\"og:site_name\" content=\"Nettali.com\" \/>\n<meta property=\"article:publisher\" content=\"https:\/\/www.facebook.com\/nettalicom\" \/>\n<meta property=\"article:published_time\" content=\"2022-07-09T17:03:09+00:00\" \/>\n<meta property=\"article:modified_time\" content=\"2022-07-09T19:29:13+00:00\" \/>\n<meta property=\"og:image\" content=\"https:\/\/www.nettali.com\/wp-content\/uploads\/2022\/07\/sri-lanka-crisis-afp.jpg\" \/>\n\t<meta property=\"og:image:width\" content=\"1200\" \/>\n\t<meta property=\"og:image:height\" content=\"900\" \/>\n<meta name=\"twitter:card\" content=\"summary_large_image\" \/>\n<meta name=\"twitter:label1\" content=\"\u00c9crit par\" \/>\n\t<meta name=\"twitter:data1\" content=\"Ibrahima\" \/>\n\t<meta name=\"twitter:label2\" content=\"Dur\u00e9e de lecture estim\u00e9e\" \/>\n\t<meta name=\"twitter:data2\" content=\"4 minutes\" \/>\n<script type=\"application\/ld+json\" class=\"yoast-schema-graph\">{\"@context\":\"https:\/\/schema.org\",\"@graph\":[{\"@type\":\"WebSite\",\"@id\":\"https:\/\/www.nettali.com\/#website\",\"url\":\"https:\/\/www.nettali.com\/\",\"name\":\"Nettali.com\",\"description\":\"Le rendez-vous critique du Net\",\"potentialAction\":[{\"@type\":\"SearchAction\",\"target\":{\"@type\":\"EntryPoint\",\"urlTemplate\":\"https:\/\/www.nettali.com\/?s={search_term_string}\"},\"query-input\":\"required name=search_term_string\"}],\"inLanguage\":\"fr-FR\"},{\"@type\":\"ImageObject\",\"@id\":\"https:\/\/www.nettali.com\/2022\/07\/09\/sri-lanka-le-president-en-fuite-sa-residence-prise-dassaut-par-des-manifestants\/#primaryimage\",\"inLanguage\":\"fr-FR\",\"url\":\"https:\/\/www.nettali.com\/wp-content\/uploads\/2022\/07\/sri-lanka-crisis-afp.jpg\",\"contentUrl\":\"https:\/\/www.nettali.com\/wp-content\/uploads\/2022\/07\/sri-lanka-crisis-afp.jpg\",\"width\":1200,\"height\":900},{\"@type\":\"WebPage\",\"@id\":\"https:\/\/www.nettali.com\/2022\/07\/09\/sri-lanka-le-president-en-fuite-sa-residence-prise-dassaut-par-des-manifestants\/#webpage\",\"url\":\"https:\/\/www.nettali.com\/2022\/07\/09\/sri-lanka-le-president-en-fuite-sa-residence-prise-dassaut-par-des-manifestants\/\",\"name\":\"SRI LANKA - Le pr\\u00e9sident en fuite, sa r\\u00e9sidence prise d'assaut par des manifestants | Nettali.com\",\"isPartOf\":{\"@id\":\"https:\/\/www.nettali.com\/#website\"},\"primaryImageOfPage\":{\"@id\":\"https:\/\/www.nettali.com\/2022\/07\/09\/sri-lanka-le-president-en-fuite-sa-residence-prise-dassaut-par-des-manifestants\/#primaryimage\"},\"datePublished\":\"2022-07-09T17:03:09+00:00\",\"dateModified\":\"2022-07-09T19:29:13+00:00\",\"author\":{\"@id\":\"https:\/\/www.nettali.com\/#\/schema\/person\/bb147657c2986240405a608162b9bb23\"},\"breadcrumb\":{\"@id\":\"https:\/\/www.nettali.com\/2022\/07\/09\/sri-lanka-le-president-en-fuite-sa-residence-prise-dassaut-par-des-manifestants\/#breadcrumb\"},\"inLanguage\":\"fr-FR\",\"potentialAction\":[{\"@type\":\"ReadAction\",\"target\":[\"https:\/\/www.nettali.com\/2022\/07\/09\/sri-lanka-le-president-en-fuite-sa-residence-prise-dassaut-par-des-manifestants\/\"]}]},{\"@type\":\"BreadcrumbList\",\"@id\":\"https:\/\/www.nettali.com\/2022\/07\/09\/sri-lanka-le-president-en-fuite-sa-residence-prise-dassaut-par-des-manifestants\/#breadcrumb\",\"itemListElement\":[{\"@type\":\"ListItem\",\"position\":1,\"name\":\"Accueil\",\"item\":\"https:\/\/www.nettali.com\/\"},{\"@type\":\"ListItem\",\"position\":2,\"name\":\"SRI LANKA - Le pr\\u00e9sident en fuite, sa r\\u00e9sidence prise d'assaut par des manifestants\"}]},{\"@type\":\"Person\",\"@id\":\"https:\/\/www.nettali.com\/#\/schema\/person\/bb147657c2986240405a608162b9bb23\",\"name\":\"Ibrahima\",\"image\":{\"@type\":\"ImageObject\",\"@id\":\"https:\/\/www.nettali.com\/#personlogo\",\"inLanguage\":\"fr-FR\",\"url\":\"https:\/\/secure.gravatar.com\/avatar\/26a8a81f09f0dd7624c9d5c36c9ba3a2?s=96&d=mm&r=g\",\"contentUrl\":\"https:\/\/secure.gravatar.com\/avatar\/26a8a81f09f0dd7624c9d5c36c9ba3a2?s=96&d=mm&r=g\",\"caption\":\"Ibrahima\"},\"sameAs\":[\"https:\/\/www.nettali.com\"]}]}<\/script>\n<!-- \/ Yoast SEO Premium plugin. -->","yoast_head_json":{"title":"SRI LANKA - Le pr\u00e9sident en fuite, sa r\u00e9sidence prise d'assaut par des manifestants | Nettali.com","robots":{"index":"index","follow":"follow","max-snippet":"max-snippet:-1","max-image-preview":"max-image-preview:large","max-video-preview":"max-video-preview:-1"},"canonical":"https:\/\/www.nettali.com\/2022\/07\/09\/sri-lanka-le-president-en-fuite-sa-residence-prise-dassaut-par-des-manifestants\/","og_locale":"fr_FR","og_type":"article","og_title":"SRI LANKA - Le pr\u00e9sident en fuite, sa r\u00e9sidence prise d'assaut par des manifestants","og_description":"NETTALI.COM - Des dizaines de milliers de manifestants anti-gouvernementaux ont envahi, samedi, la r\u00e9sidence du pr\u00e9sident sri lankais, Gotabaya Rajapaksa, le contraignant \u00e0 prendre la fuite avant leur arriv\u00e9e. Le pays, en proie \u00e0 une grave crise \u00e9conomique, est sujet \u00e0 d'importants mouvements de contestation depuis des mois. Le pr\u00e9sident du Sri Lanka, Gotabaya Rajapaksa, [&hellip;]","og_url":"https:\/\/www.nettali.com\/2022\/07\/09\/sri-lanka-le-president-en-fuite-sa-residence-prise-dassaut-par-des-manifestants\/","og_site_name":"Nettali.com","article_publisher":"https:\/\/www.facebook.com\/nettalicom","article_published_time":"2022-07-09T17:03:09+00:00","article_modified_time":"2022-07-09T19:29:13+00:00","og_image":[{"width":1200,"height":900,"url":"https:\/\/www.nettali.com\/wp-content\/uploads\/2022\/07\/sri-lanka-crisis-afp.jpg","type":"image\/jpeg"}],"twitter_card":"summary_large_image","twitter_misc":{"\u00c9crit par":"Ibrahima","Dur\u00e9e de lecture estim\u00e9e":"4 minutes"},"schema":{"@context":"https:\/\/schema.org","@graph":[{"@type":"WebSite","@id":"https:\/\/www.nettali.com\/#website","url":"https:\/\/www.nettali.com\/","name":"Nettali.com","description":"Le rendez-vous critique du Net","potentialAction":[{"@type":"SearchAction","target":{"@type":"EntryPoint","urlTemplate":"https:\/\/www.nettali.com\/?s={search_term_string}"},"query-input":"required name=search_term_string"}],"inLanguage":"fr-FR"},{"@type":"ImageObject","@id":"https:\/\/www.nettali.com\/2022\/07\/09\/sri-lanka-le-president-en-fuite-sa-residence-prise-dassaut-par-des-manifestants\/#primaryimage","inLanguage":"fr-FR","url":"https:\/\/www.nettali.com\/wp-content\/uploads\/2022\/07\/sri-lanka-crisis-afp.jpg","contentUrl":"https:\/\/www.nettali.com\/wp-content\/uploads\/2022\/07\/sri-lanka-crisis-afp.jpg","width":1200,"height":900},{"@type":"WebPage","@id":"https:\/\/www.nettali.com\/2022\/07\/09\/sri-lanka-le-president-en-fuite-sa-residence-prise-dassaut-par-des-manifestants\/#webpage","url":"https:\/\/www.nettali.com\/2022\/07\/09\/sri-lanka-le-president-en-fuite-sa-residence-prise-dassaut-par-des-manifestants\/","name":"SRI LANKA - Le pr\u00e9sident en fuite, sa r\u00e9sidence prise d'assaut par des manifestants | Nettali.com","isPartOf":{"@id":"https:\/\/www.nettali.com\/#website"},"primaryImageOfPage":{"@id":"https:\/\/www.nettali.com\/2022\/07\/09\/sri-lanka-le-president-en-fuite-sa-residence-prise-dassaut-par-des-manifestants\/#primaryimage"},"datePublished":"2022-07-09T17:03:09+00:00","dateModified":"2022-07-09T19:29:13+00:00","author":{"@id":"https:\/\/www.nettali.com\/#\/schema\/person\/bb147657c2986240405a608162b9bb23"},"breadcrumb":{"@id":"https:\/\/www.nettali.com\/2022\/07\/09\/sri-lanka-le-president-en-fuite-sa-residence-prise-dassaut-par-des-manifestants\/#breadcrumb"},"inLanguage":"fr-FR","potentialAction":[{"@type":"ReadAction","target":["https:\/\/www.nettali.com\/2022\/07\/09\/sri-lanka-le-president-en-fuite-sa-residence-prise-dassaut-par-des-manifestants\/"]}]},{"@type":"BreadcrumbList","@id":"https:\/\/www.nettali.com\/2022\/07\/09\/sri-lanka-le-president-en-fuite-sa-residence-prise-dassaut-par-des-manifestants\/#breadcrumb","itemListElement":[{"@type":"ListItem","position":1,"name":"Accueil","item":"https:\/\/www.nettali.com\/"},{"@type":"ListItem","position":2,"name":"SRI LANKA - Le pr\u00e9sident en fuite, sa r\u00e9sidence prise d'assaut par des manifestants"}]},{"@type":"Person","@id":"https:\/\/www.nettali.com\/#\/schema\/person\/bb147657c2986240405a608162b9bb23","name":"Ibrahima","image":{"@type":"ImageObject","@id":"https:\/\/www.nettali.com\/#personlogo","inLanguage":"fr-FR","url":"https:\/\/secure.gravatar.com\/avatar\/26a8a81f09f0dd7624c9d5c36c9ba3a2?s=96&d=mm&r=g","contentUrl":"https:\/\/secure.gravatar.com\/avatar\/26a8a81f09f0dd7624c9d5c36c9ba3a2?s=96&d=mm&r=g","caption":"Ibrahima"},"sameAs":["https:\/\/www.nettali.com"]}]}},"_links":{"self":[{"href":"https:\/\/www.nettali.com\/rest\/wp\/v2\/posts\/89504"}],"collection":[{"href":"https:\/\/www.nettali.com\/rest\/wp\/v2\/posts"}],"about":[{"href":"https:\/\/www.nettali.com\/rest\/wp\/v2\/types\/post"}],"author":[{"embeddable":true,"href":"https:\/\/www.nettali.com\/rest\/wp\/v2\/users\/5"}],"replies":[{"embeddable":true,"href":"https:\/\/www.nettali.com\/rest\/wp\/v2\/comments?post=89504"}],"version-history":[{"count":1,"href":"https:\/\/www.nettali.com\/rest\/wp\/v2\/posts\/89504\/revisions"}],"predecessor-version":[{"id":89506,"href":"https:\/\/www.nettali.com\/rest\/wp\/v2\/posts\/89504\/revisions\/89506"}],"wp:featuredmedia":[{"embeddable":true,"href":"https:\/\/www.nettali.com\/rest\/wp\/v2\/media\/89505"}],"wp:attachment":[{"href":"https:\/\/www.nettali.com\/rest\/wp\/v2\/media?parent=89504"}],"wp:term":[{"taxonomy":"category","embeddable":true,"href":"https:\/\/www.nettali.com\/rest\/wp\/v2\/categories?post=89504"},{"taxonomy":"post_tag","embeddable":true,"href":"https:\/\/www.nettali.com\/rest\/wp\/v2\/tags?post=89504"}],"curies":[{"name":"wp","href":"https:\/\/api.w.org\/{rel}","templated":true}]}}