{"id":89439,"date":"2022-07-08T12:16:07","date_gmt":"2022-07-08T12:16:07","guid":{"rendered":"https:\/\/www.nettali.com\/?p=89439"},"modified":"2022-07-08T15:03:18","modified_gmt":"2022-07-08T15:03:18","slug":"derniere-minute-cheikh-abdou-bara-doly-libre","status":"publish","type":"post","link":"https:\/\/www.nettali.com\/2022\/07\/08\/derniere-minute-cheikh-abdou-bara-doly-libre\/","title":{"rendered":"DERNIERE MINUTE - Cheikh Abdou Bara Doly libre"},"content":{"rendered":"<p><strong>NETTALI.COM - Le d\u00e9put\u00e9 Cheikh Abdou Bara Doly est libre. Selon son avocat, le juge lui a effectivement accord\u00e9 la libert\u00e9 provisoire ce vendredi.\u00a0<\/strong><\/p>\n<p>Cette fois-ci, c'est la bonne. Le d\u00e9put\u00e9 Cheikh Abdou Bara Doly Mback\u00e9 obtient la libert\u00e9 provisoire. Une information confirm\u00e9e par son avocat, Me Ndiaye. La libert\u00e9 provisoire de la t\u00eate de liste de Wallu S\u00e9n\u00e9gal \u00e0 Mback\u00e9 \u00e9tait annonc\u00e9e depuis jeudi suite \u00e0 l'audition sur le fond par le juge d'instruction. Mais il fallait attendre d'abord la position du procureur de la R\u00e9publique. Finalement, comme annonc\u00e9 dans la presse, le parquet ne s'est pas oppos\u00e9 \u00e0 la lib\u00e9ration du parlementaire.<\/p>\n<p>Cheikh Abdou Bara Doly Mback\u00e9 \u00e9tait en d\u00e9tention pr\u00e9ventive depuis le 9 juin dernier. Il avait \u00e9t\u00e9 arr\u00eat\u00e9 suite \u00e0 des propos d\u00e9sobligeants tenus \u00e0 l'endroit du chef de l'Etat lors d'un rassemblement de la coalition Yewwi askan wi. Il \u00e9tait poursuivi notamment pour offense au chef de l'Etat et diffusion de fausses nouvelles. Selon la presse de ce vendredi, il a exprim\u00e9 ses regrets lors de son audition par le doyen des juges.<\/p>\n<div class='share-to-whatsapp-wrapper'><div class='share-on-whsp'>PARTAGER SUR : <\/div><a data-text='DERNIERE MINUTE - Cheikh Abdou Bara Doly libre' data-link='https:\/\/www.nettali.com\/2022\/07\/08\/derniere-minute-cheikh-abdou-bara-doly-libre\/' class='whatsapp-button whatsapp-share'>WhatsApp<\/a><div class='clear '><\/div><\/div>","protected":false},"excerpt":{"rendered":"<p>NETTALI.COM - Le d\u00e9put\u00e9 Cheikh Abdou Bara Doly est libre. Selon son avocat, le juge lui a effectivement accord\u00e9 la libert\u00e9 provisoire ce vendredi.\u00a0 Cette fois-ci, c'est la bonne. Le d\u00e9put\u00e9 Cheikh Abdou Bara Doly Mback\u00e9 obtient la libert\u00e9 provisoire. Une information confirm\u00e9e par son avocat, Me Ndiaye. La libert\u00e9 provisoire de la t\u00eate de [&hellip;]<\/p>\n","protected":false},"author":3,"featured_media":89448,"comment_status":"open","ping_status":"open","sticky":false,"template":"","format":"standard","meta":{"_et_pb_use_builder":"","_et_pb_old_content":""},"categories":[2],"tags":[],"yoast_head":"<!-- This site is optimized with the Yoast SEO Premium plugin v17.8 (Yoast SEO v17.8) - https:\/\/yoast.com\/wordpress\/plugins\/seo\/ -->\n<title>DERNIERE MINUTE - Cheikh Abdou Bara Doly libre | Nettali.com<\/title>\n<meta name=\"robots\" content=\"index, follow, max-snippet:-1, max-image-preview:large, max-video-preview:-1\" \/>\n<link rel=\"canonical\" href=\"https:\/\/www.nettali.com\/2022\/07\/08\/derniere-minute-cheikh-abdou-bara-doly-libre\/\" \/>\n<meta property=\"og:locale\" content=\"fr_FR\" \/>\n<meta property=\"og:type\" content=\"article\" \/>\n<meta property=\"og:title\" content=\"DERNIERE MINUTE - Cheikh Abdou Bara Doly libre\" \/>\n<meta property=\"og:description\" content=\"NETTALI.COM - Le d\u00e9put\u00e9 Cheikh Abdou Bara Doly est libre. Selon son avocat, le juge lui a effectivement accord\u00e9 la libert\u00e9 provisoire ce vendredi.\u00a0 Cette fois-ci, c&#039;est la bonne. Le d\u00e9put\u00e9 Cheikh Abdou Bara Doly Mback\u00e9 obtient la libert\u00e9 provisoire. Une information confirm\u00e9e par son avocat, Me Ndiaye. La libert\u00e9 provisoire de la t\u00eate de [&hellip;]\" \/>\n<meta property=\"og:url\" content=\"https:\/\/www.nettali.com\/2022\/07\/08\/derniere-minute-cheikh-abdou-bara-doly-libre\/\" \/>\n<meta property=\"og:site_name\" content=\"Nettali.com\" \/>\n<meta property=\"article:publisher\" content=\"https:\/\/www.facebook.com\/nettalicom\" \/>\n<meta property=\"article:published_time\" content=\"2022-07-08T12:16:07+00:00\" \/>\n<meta property=\"article:modified_time\" content=\"2022-07-08T15:03:18+00:00\" \/>\n<meta property=\"og:image\" content=\"https:\/\/www.nettali.com\/wp-content\/uploads\/2022\/07\/52671029-40089948.jpg\" \/>\n\t<meta property=\"og:image:width\" content=\"1024\" \/>\n\t<meta property=\"og:image:height\" content=\"576\" \/>\n<meta name=\"twitter:card\" content=\"summary_large_image\" \/>\n<meta name=\"twitter:label1\" content=\"\u00c9crit par\" \/>\n\t<meta name=\"twitter:data1\" content=\"Moustapha\" \/>\n\t<meta name=\"twitter:label2\" content=\"Dur\u00e9e de lecture estim\u00e9e\" \/>\n\t<meta name=\"twitter:data2\" content=\"1 minute\" \/>\n<script type=\"application\/ld+json\" class=\"yoast-schema-graph\">{\"@context\":\"https:\/\/schema.org\",\"@graph\":[{\"@type\":\"WebSite\",\"@id\":\"https:\/\/www.nettali.com\/#website\",\"url\":\"https:\/\/www.nettali.com\/\",\"name\":\"Nettali.com\",\"description\":\"Le rendez-vous critique du Net\",\"potentialAction\":[{\"@type\":\"SearchAction\",\"target\":{\"@type\":\"EntryPoint\",\"urlTemplate\":\"https:\/\/www.nettali.com\/?s={search_term_string}\"},\"query-input\":\"required name=search_term_string\"}],\"inLanguage\":\"fr-FR\"},{\"@type\":\"ImageObject\",\"@id\":\"https:\/\/www.nettali.com\/2022\/07\/08\/derniere-minute-cheikh-abdou-bara-doly-libre\/#primaryimage\",\"inLanguage\":\"fr-FR\",\"url\":\"https:\/\/www.nettali.com\/wp-content\/uploads\/2022\/07\/52671029-40089948.jpg\",\"contentUrl\":\"https:\/\/www.nettali.com\/wp-content\/uploads\/2022\/07\/52671029-40089948.jpg\",\"width\":1024,\"height\":576},{\"@type\":\"WebPage\",\"@id\":\"https:\/\/www.nettali.com\/2022\/07\/08\/derniere-minute-cheikh-abdou-bara-doly-libre\/#webpage\",\"url\":\"https:\/\/www.nettali.com\/2022\/07\/08\/derniere-minute-cheikh-abdou-bara-doly-libre\/\",\"name\":\"DERNIERE MINUTE - Cheikh Abdou Bara Doly libre | Nettali.com\",\"isPartOf\":{\"@id\":\"https:\/\/www.nettali.com\/#website\"},\"primaryImageOfPage\":{\"@id\":\"https:\/\/www.nettali.com\/2022\/07\/08\/derniere-minute-cheikh-abdou-bara-doly-libre\/#primaryimage\"},\"datePublished\":\"2022-07-08T12:16:07+00:00\",\"dateModified\":\"2022-07-08T15:03:18+00:00\",\"author\":{\"@id\":\"https:\/\/www.nettali.com\/#\/schema\/person\/7962a12a6e0267f88f0ffa544c36469a\"},\"breadcrumb\":{\"@id\":\"https:\/\/www.nettali.com\/2022\/07\/08\/derniere-minute-cheikh-abdou-bara-doly-libre\/#breadcrumb\"},\"inLanguage\":\"fr-FR\",\"potentialAction\":[{\"@type\":\"ReadAction\",\"target\":[\"https:\/\/www.nettali.com\/2022\/07\/08\/derniere-minute-cheikh-abdou-bara-doly-libre\/\"]}]},{\"@type\":\"BreadcrumbList\",\"@id\":\"https:\/\/www.nettali.com\/2022\/07\/08\/derniere-minute-cheikh-abdou-bara-doly-libre\/#breadcrumb\",\"itemListElement\":[{\"@type\":\"ListItem\",\"position\":1,\"name\":\"Accueil\",\"item\":\"https:\/\/www.nettali.com\/\"},{\"@type\":\"ListItem\",\"position\":2,\"name\":\"DERNIERE MINUTE - Cheikh Abdou Bara Doly libre\"}]},{\"@type\":\"Person\",\"@id\":\"https:\/\/www.nettali.com\/#\/schema\/person\/7962a12a6e0267f88f0ffa544c36469a\",\"name\":\"Moustapha\",\"image\":{\"@type\":\"ImageObject\",\"@id\":\"https:\/\/www.nettali.com\/#personlogo\",\"inLanguage\":\"fr-FR\",\"url\":\"https:\/\/secure.gravatar.com\/avatar\/10fdf6a071cccdcf374e3dbe45159590?s=96&d=mm&r=g\",\"contentUrl\":\"https:\/\/secure.gravatar.com\/avatar\/10fdf6a071cccdcf374e3dbe45159590?s=96&d=mm&r=g\",\"caption\":\"Moustapha\"},\"sameAs\":[\"https:\/\/www.nettali.com\"]}]}<\/script>\n<!-- \/ Yoast SEO Premium plugin. -->","yoast_head_json":{"title":"DERNIERE MINUTE - Cheikh Abdou Bara Doly libre | Nettali.com","robots":{"index":"index","follow":"follow","max-snippet":"max-snippet:-1","max-image-preview":"max-image-preview:large","max-video-preview":"max-video-preview:-1"},"canonical":"https:\/\/www.nettali.com\/2022\/07\/08\/derniere-minute-cheikh-abdou-bara-doly-libre\/","og_locale":"fr_FR","og_type":"article","og_title":"DERNIERE MINUTE - Cheikh Abdou Bara Doly libre","og_description":"NETTALI.COM - Le d\u00e9put\u00e9 Cheikh Abdou Bara Doly est libre. Selon son avocat, le juge lui a effectivement accord\u00e9 la libert\u00e9 provisoire ce vendredi.\u00a0 Cette fois-ci, c'est la bonne. Le d\u00e9put\u00e9 Cheikh Abdou Bara Doly Mback\u00e9 obtient la libert\u00e9 provisoire. Une information confirm\u00e9e par son avocat, Me Ndiaye. La libert\u00e9 provisoire de la t\u00eate de [&hellip;]","og_url":"https:\/\/www.nettali.com\/2022\/07\/08\/derniere-minute-cheikh-abdou-bara-doly-libre\/","og_site_name":"Nettali.com","article_publisher":"https:\/\/www.facebook.com\/nettalicom","article_published_time":"2022-07-08T12:16:07+00:00","article_modified_time":"2022-07-08T15:03:18+00:00","og_image":[{"width":1024,"height":576,"url":"https:\/\/www.nettali.com\/wp-content\/uploads\/2022\/07\/52671029-40089948.jpg","type":"image\/jpeg"}],"twitter_card":"summary_large_image","twitter_misc":{"\u00c9crit par":"Moustapha","Dur\u00e9e de lecture estim\u00e9e":"1 minute"},"schema":{"@context":"https:\/\/schema.org","@graph":[{"@type":"WebSite","@id":"https:\/\/www.nettali.com\/#website","url":"https:\/\/www.nettali.com\/","name":"Nettali.com","description":"Le rendez-vous critique du Net","potentialAction":[{"@type":"SearchAction","target":{"@type":"EntryPoint","urlTemplate":"https:\/\/www.nettali.com\/?s={search_term_string}"},"query-input":"required name=search_term_string"}],"inLanguage":"fr-FR"},{"@type":"ImageObject","@id":"https:\/\/www.nettali.com\/2022\/07\/08\/derniere-minute-cheikh-abdou-bara-doly-libre\/#primaryimage","inLanguage":"fr-FR","url":"https:\/\/www.nettali.com\/wp-content\/uploads\/2022\/07\/52671029-40089948.jpg","contentUrl":"https:\/\/www.nettali.com\/wp-content\/uploads\/2022\/07\/52671029-40089948.jpg","width":1024,"height":576},{"@type":"WebPage","@id":"https:\/\/www.nettali.com\/2022\/07\/08\/derniere-minute-cheikh-abdou-bara-doly-libre\/#webpage","url":"https:\/\/www.nettali.com\/2022\/07\/08\/derniere-minute-cheikh-abdou-bara-doly-libre\/","name":"DERNIERE MINUTE - Cheikh Abdou Bara Doly libre | Nettali.com","isPartOf":{"@id":"https:\/\/www.nettali.com\/#website"},"primaryImageOfPage":{"@id":"https:\/\/www.nettali.com\/2022\/07\/08\/derniere-minute-cheikh-abdou-bara-doly-libre\/#primaryimage"},"datePublished":"2022-07-08T12:16:07+00:00","dateModified":"2022-07-08T15:03:18+00:00","author":{"@id":"https:\/\/www.nettali.com\/#\/schema\/person\/7962a12a6e0267f88f0ffa544c36469a"},"breadcrumb":{"@id":"https:\/\/www.nettali.com\/2022\/07\/08\/derniere-minute-cheikh-abdou-bara-doly-libre\/#breadcrumb"},"inLanguage":"fr-FR","potentialAction":[{"@type":"ReadAction","target":["https:\/\/www.nettali.com\/2022\/07\/08\/derniere-minute-cheikh-abdou-bara-doly-libre\/"]}]},{"@type":"BreadcrumbList","@id":"https:\/\/www.nettali.com\/2022\/07\/08\/derniere-minute-cheikh-abdou-bara-doly-libre\/#breadcrumb","itemListElement":[{"@type":"ListItem","position":1,"name":"Accueil","item":"https:\/\/www.nettali.com\/"},{"@type":"ListItem","position":2,"name":"DERNIERE MINUTE - Cheikh Abdou Bara Doly libre"}]},{"@type":"Person","@id":"https:\/\/www.nettali.com\/#\/schema\/person\/7962a12a6e0267f88f0ffa544c36469a","name":"Moustapha","image":{"@type":"ImageObject","@id":"https:\/\/www.nettali.com\/#personlogo","inLanguage":"fr-FR","url":"https:\/\/secure.gravatar.com\/avatar\/10fdf6a071cccdcf374e3dbe45159590?s=96&d=mm&r=g","contentUrl":"https:\/\/secure.gravatar.com\/avatar\/10fdf6a071cccdcf374e3dbe45159590?s=96&d=mm&r=g","caption":"Moustapha"},"sameAs":["https:\/\/www.nettali.com"]}]}},"_links":{"self":[{"href":"https:\/\/www.nettali.com\/rest\/wp\/v2\/posts\/89439"}],"collection":[{"href":"https:\/\/www.nettali.com\/rest\/wp\/v2\/posts"}],"about":[{"href":"https:\/\/www.nettali.com\/rest\/wp\/v2\/types\/post"}],"author":[{"embeddable":true,"href":"https:\/\/www.nettali.com\/rest\/wp\/v2\/users\/3"}],"replies":[{"embeddable":true,"href":"https:\/\/www.nettali.com\/rest\/wp\/v2\/comments?post=89439"}],"version-history":[{"count":3,"href":"https:\/\/www.nettali.com\/rest\/wp\/v2\/posts\/89439\/revisions"}],"predecessor-version":[{"id":89449,"href":"https:\/\/www.nettali.com\/rest\/wp\/v2\/posts\/89439\/revisions\/89449"}],"wp:featuredmedia":[{"embeddable":true,"href":"https:\/\/www.nettali.com\/rest\/wp\/v2\/media\/89448"}],"wp:attachment":[{"href":"https:\/\/www.nettali.com\/rest\/wp\/v2\/media?parent=89439"}],"wp:term":[{"taxonomy":"category","embeddable":true,"href":"https:\/\/www.nettali.com\/rest\/wp\/v2\/categories?post=89439"},{"taxonomy":"post_tag","embeddable":true,"href":"https:\/\/www.nettali.com\/rest\/wp\/v2\/tags?post=89439"}],"curies":[{"name":"wp","href":"https:\/\/api.w.org\/{rel}","templated":true}]}}