{"id":89418,"date":"2022-07-08T09:30:48","date_gmt":"2022-07-08T09:30:48","guid":{"rendered":"https:\/\/www.nettali.com\/?p=89418"},"modified":"2022-07-08T09:30:48","modified_gmt":"2022-07-08T09:30:48","slug":"justice-cheikh-abdou-mbacke-bara-doly-change-de-fusil-depaule","status":"publish","type":"post","link":"https:\/\/www.nettali.com\/2022\/07\/08\/justice-cheikh-abdou-mbacke-bara-doly-change-de-fusil-depaule\/","title":{"rendered":"JUSTICE - Cheikh Abdou Mback\u00e9 Bara Doly change de fusil d'\u00e9paule"},"content":{"rendered":"<p><strong>NETTALI.COM - Dans le collimateur de la justice pour offense au chef de l\u2019Etat et diffusion de fausses nouvelles. le marabout-politicien Cheikh Abdou Mback\u00e9 Bara Doly a \u00e9t\u00e9 entendu par le Doyen des juges. Il d\u00e9clare au'il entend par \"souf\" les terres de l\u2019h\u00f4pital Aristide Le Dantec et de Lat Dior qui seraient brad\u00e9es.<\/strong><\/p>\n<p>Cheikh Abdou Mback\u00e9 Bara Doly a \u00e9t\u00e9 entendu par le Doyen des juges hier, jeudi, sur le fond du dossier le concernant. Pour m\u00e9moire, il a \u00e9t\u00e9 plac\u00e9 sous mandat de d\u00e9p\u00f4t, le 10 juin dernier, pour offense au chef de l\u2019Etat et diffusion de fausses nouvelles. Le d\u00e9put\u00e9 avait tenu des propos jug\u00e9s malveillants \u00e0 l\u2019endroit du Pr\u00e9sident Macky Sall lors de la manifestation de Yewwi Askan Wi, le 8 juin dernier.<\/p>\n<p>Abdou Mback\u00e9 Bara Doly a plaid\u00e9 l\u2019incompr\u00e9hension, selon les informations de Lib\u00e9ration. Le journal rapporte que le d\u00e9put\u00e9 a confi\u00e9 au Doyen des juges que lorsqu\u2019il parlait de \u00absouf\u00bb, il faisait r\u00e9f\u00e9rence aux terres de l\u2019h\u00f4pital Aristide Le Dantec et de Lat Dior qui seraient brad\u00e9es. \u00abJe suis un r\u00e9publicain\u00bb, a-t-il martel\u00e9.<\/p>\n<p>Quoi qu\u2019il en soit, le journal informe que son avocat, Me Abdy Nar Ndiaye, a d\u00e9clar\u00e9 que si les propos de son client \u00abont port\u00e9 atteinte au Pr\u00e9sident de la R\u00e9publique, il fait amende honorable et pr\u00e9sente ses excuses au pr\u00e9sident de la R\u00e9publique et aux populations\u00bb.<\/p>\n<p>Ainsi, le conseil de Abdou Mback\u00e9 Bara Doly a introduit une demande de libert\u00e9 provisoire. Lib\u00e9ration parie que le parquet ne devrait pas s\u2019opposer \u00e0 cette requ\u00eate.<\/p>\n<p>Toutefois, le journal pr\u00e9cise que son avocat, Me Abdy Nar Ndiaye, a d\u00e9clar\u00e9 que si les propos de son client \u00abont port\u00e9 atteinte au Pr\u00e9sident de la R\u00e9publique, il fait amende honorable et pr\u00e9sente ses excuses au pr\u00e9sident de la R\u00e9publique et aux populations\u00bb.<\/p>\n<div class='share-to-whatsapp-wrapper'><div class='share-on-whsp'>PARTAGER SUR : <\/div><a data-text='JUSTICE - Cheikh Abdou Mback\u00e9 Bara Doly change de fusil d'\u00e9paule' data-link='https:\/\/www.nettali.com\/2022\/07\/08\/justice-cheikh-abdou-mbacke-bara-doly-change-de-fusil-depaule\/' class='whatsapp-button whatsapp-share'>WhatsApp<\/a><div class='clear '><\/div><\/div>","protected":false},"excerpt":{"rendered":"<p>NETTALI.COM - Dans le collimateur de la justice pour offense au chef de l\u2019Etat et diffusion de fausses nouvelles. le marabout-politicien Cheikh Abdou Mback\u00e9 Bara Doly a \u00e9t\u00e9 entendu par le Doyen des juges. Il d\u00e9clare au'il entend par \"souf\" les terres de l\u2019h\u00f4pital Aristide Le Dantec et de Lat Dior qui seraient brad\u00e9es. Cheikh [&hellip;]<\/p>\n","protected":false},"author":11,"featured_media":60519,"comment_status":"open","ping_status":"open","sticky":false,"template":"","format":"standard","meta":{"_et_pb_use_builder":"","_et_pb_old_content":""},"categories":[2],"tags":[],"yoast_head":"<!-- This site is optimized with the Yoast SEO Premium plugin v17.8 (Yoast SEO v17.8) - https:\/\/yoast.com\/wordpress\/plugins\/seo\/ -->\n<title>JUSTICE - Cheikh Abdou Mback\u00e9 Bara Doly change de fusil d&#039;\u00e9paule | Nettali.com<\/title>\n<meta name=\"robots\" content=\"index, follow, max-snippet:-1, max-image-preview:large, max-video-preview:-1\" \/>\n<link rel=\"canonical\" href=\"https:\/\/www.nettali.com\/2022\/07\/08\/justice-cheikh-abdou-mbacke-bara-doly-change-de-fusil-depaule\/\" \/>\n<meta property=\"og:locale\" content=\"fr_FR\" \/>\n<meta property=\"og:type\" content=\"article\" \/>\n<meta property=\"og:title\" content=\"JUSTICE - Cheikh Abdou Mback\u00e9 Bara Doly change de fusil d&#039;\u00e9paule\" \/>\n<meta property=\"og:description\" content=\"NETTALI.COM - Dans le collimateur de la justice pour offense au chef de l\u2019Etat et diffusion de fausses nouvelles. le marabout-politicien Cheikh Abdou Mback\u00e9 Bara Doly a \u00e9t\u00e9 entendu par le Doyen des juges. Il d\u00e9clare au&#039;il entend par &quot;souf&quot; les terres de l\u2019h\u00f4pital Aristide Le Dantec et de Lat Dior qui seraient brad\u00e9es. Cheikh [&hellip;]\" \/>\n<meta property=\"og:url\" content=\"https:\/\/www.nettali.com\/2022\/07\/08\/justice-cheikh-abdou-mbacke-bara-doly-change-de-fusil-depaule\/\" \/>\n<meta property=\"og:site_name\" content=\"Nettali.com\" \/>\n<meta property=\"article:publisher\" content=\"https:\/\/www.facebook.com\/nettalicom\" \/>\n<meta property=\"article:published_time\" content=\"2022-07-08T09:30:48+00:00\" \/>\n<meta property=\"og:image\" content=\"https:\/\/www.nettali.com\/wp-content\/uploads\/2021\/03\/Cheikh-Abdou-Bara-Dolly-Mbacke.jpg\" \/>\n\t<meta property=\"og:image:width\" content=\"640\" \/>\n\t<meta property=\"og:image:height\" content=\"345\" \/>\n<meta name=\"twitter:card\" content=\"summary_large_image\" \/>\n<meta name=\"twitter:label1\" content=\"\u00c9crit par\" \/>\n\t<meta name=\"twitter:data1\" content=\"Thierno Diop\" \/>\n\t<meta name=\"twitter:label2\" content=\"Dur\u00e9e de lecture estim\u00e9e\" \/>\n\t<meta name=\"twitter:data2\" content=\"2 minutes\" \/>\n<script type=\"application\/ld+json\" class=\"yoast-schema-graph\">{\"@context\":\"https:\/\/schema.org\",\"@graph\":[{\"@type\":\"WebSite\",\"@id\":\"https:\/\/www.nettali.com\/#website\",\"url\":\"https:\/\/www.nettali.com\/\",\"name\":\"Nettali.com\",\"description\":\"Le rendez-vous critique du Net\",\"potentialAction\":[{\"@type\":\"SearchAction\",\"target\":{\"@type\":\"EntryPoint\",\"urlTemplate\":\"https:\/\/www.nettali.com\/?s={search_term_string}\"},\"query-input\":\"required name=search_term_string\"}],\"inLanguage\":\"fr-FR\"},{\"@type\":\"ImageObject\",\"@id\":\"https:\/\/www.nettali.com\/2022\/07\/08\/justice-cheikh-abdou-mbacke-bara-doly-change-de-fusil-depaule\/#primaryimage\",\"inLanguage\":\"fr-FR\",\"url\":\"https:\/\/www.nettali.com\/wp-content\/uploads\/2021\/03\/Cheikh-Abdou-Bara-Dolly-Mbacke.jpg\",\"contentUrl\":\"https:\/\/www.nettali.com\/wp-content\/uploads\/2021\/03\/Cheikh-Abdou-Bara-Dolly-Mbacke.jpg\",\"width\":640,\"height\":345},{\"@type\":\"WebPage\",\"@id\":\"https:\/\/www.nettali.com\/2022\/07\/08\/justice-cheikh-abdou-mbacke-bara-doly-change-de-fusil-depaule\/#webpage\",\"url\":\"https:\/\/www.nettali.com\/2022\/07\/08\/justice-cheikh-abdou-mbacke-bara-doly-change-de-fusil-depaule\/\",\"name\":\"JUSTICE - Cheikh Abdou Mback\\u00e9 Bara Doly change de fusil d'\\u00e9paule | Nettali.com\",\"isPartOf\":{\"@id\":\"https:\/\/www.nettali.com\/#website\"},\"primaryImageOfPage\":{\"@id\":\"https:\/\/www.nettali.com\/2022\/07\/08\/justice-cheikh-abdou-mbacke-bara-doly-change-de-fusil-depaule\/#primaryimage\"},\"datePublished\":\"2022-07-08T09:30:48+00:00\",\"dateModified\":\"2022-07-08T09:30:48+00:00\",\"author\":{\"@id\":\"https:\/\/www.nettali.com\/#\/schema\/person\/8a06c6bd7b19304cf4bf985862900b5b\"},\"breadcrumb\":{\"@id\":\"https:\/\/www.nettali.com\/2022\/07\/08\/justice-cheikh-abdou-mbacke-bara-doly-change-de-fusil-depaule\/#breadcrumb\"},\"inLanguage\":\"fr-FR\",\"potentialAction\":[{\"@type\":\"ReadAction\",\"target\":[\"https:\/\/www.nettali.com\/2022\/07\/08\/justice-cheikh-abdou-mbacke-bara-doly-change-de-fusil-depaule\/\"]}]},{\"@type\":\"BreadcrumbList\",\"@id\":\"https:\/\/www.nettali.com\/2022\/07\/08\/justice-cheikh-abdou-mbacke-bara-doly-change-de-fusil-depaule\/#breadcrumb\",\"itemListElement\":[{\"@type\":\"ListItem\",\"position\":1,\"name\":\"Accueil\",\"item\":\"https:\/\/www.nettali.com\/\"},{\"@type\":\"ListItem\",\"position\":2,\"name\":\"JUSTICE - Cheikh Abdou Mback\\u00e9 Bara Doly change de fusil d'\\u00e9paule\"}]},{\"@type\":\"Person\",\"@id\":\"https:\/\/www.nettali.com\/#\/schema\/person\/8a06c6bd7b19304cf4bf985862900b5b\",\"name\":\"Thierno Diop\",\"image\":{\"@type\":\"ImageObject\",\"@id\":\"https:\/\/www.nettali.com\/#personlogo\",\"inLanguage\":\"fr-FR\",\"url\":\"https:\/\/secure.gravatar.com\/avatar\/c8ca58550c94fd2ac856d27391a6c866?s=96&d=mm&r=g\",\"contentUrl\":\"https:\/\/secure.gravatar.com\/avatar\/c8ca58550c94fd2ac856d27391a6c866?s=96&d=mm&r=g\",\"caption\":\"Thierno Diop\"},\"sameAs\":[\"https:\/\/nettali.com\"]}]}<\/script>\n<!-- \/ Yoast SEO Premium plugin. -->","yoast_head_json":{"title":"JUSTICE - Cheikh Abdou Mback\u00e9 Bara Doly change de fusil d'\u00e9paule | Nettali.com","robots":{"index":"index","follow":"follow","max-snippet":"max-snippet:-1","max-image-preview":"max-image-preview:large","max-video-preview":"max-video-preview:-1"},"canonical":"https:\/\/www.nettali.com\/2022\/07\/08\/justice-cheikh-abdou-mbacke-bara-doly-change-de-fusil-depaule\/","og_locale":"fr_FR","og_type":"article","og_title":"JUSTICE - Cheikh Abdou Mback\u00e9 Bara Doly change de fusil d'\u00e9paule","og_description":"NETTALI.COM - Dans le collimateur de la justice pour offense au chef de l\u2019Etat et diffusion de fausses nouvelles. le marabout-politicien Cheikh Abdou Mback\u00e9 Bara Doly a \u00e9t\u00e9 entendu par le Doyen des juges. Il d\u00e9clare au'il entend par \"souf\" les terres de l\u2019h\u00f4pital Aristide Le Dantec et de Lat Dior qui seraient brad\u00e9es. Cheikh [&hellip;]","og_url":"https:\/\/www.nettali.com\/2022\/07\/08\/justice-cheikh-abdou-mbacke-bara-doly-change-de-fusil-depaule\/","og_site_name":"Nettali.com","article_publisher":"https:\/\/www.facebook.com\/nettalicom","article_published_time":"2022-07-08T09:30:48+00:00","og_image":[{"width":640,"height":345,"url":"https:\/\/www.nettali.com\/wp-content\/uploads\/2021\/03\/Cheikh-Abdou-Bara-Dolly-Mbacke.jpg","type":"image\/jpeg"}],"twitter_card":"summary_large_image","twitter_misc":{"\u00c9crit par":"Thierno Diop","Dur\u00e9e de lecture estim\u00e9e":"2 minutes"},"schema":{"@context":"https:\/\/schema.org","@graph":[{"@type":"WebSite","@id":"https:\/\/www.nettali.com\/#website","url":"https:\/\/www.nettali.com\/","name":"Nettali.com","description":"Le rendez-vous critique du Net","potentialAction":[{"@type":"SearchAction","target":{"@type":"EntryPoint","urlTemplate":"https:\/\/www.nettali.com\/?s={search_term_string}"},"query-input":"required name=search_term_string"}],"inLanguage":"fr-FR"},{"@type":"ImageObject","@id":"https:\/\/www.nettali.com\/2022\/07\/08\/justice-cheikh-abdou-mbacke-bara-doly-change-de-fusil-depaule\/#primaryimage","inLanguage":"fr-FR","url":"https:\/\/www.nettali.com\/wp-content\/uploads\/2021\/03\/Cheikh-Abdou-Bara-Dolly-Mbacke.jpg","contentUrl":"https:\/\/www.nettali.com\/wp-content\/uploads\/2021\/03\/Cheikh-Abdou-Bara-Dolly-Mbacke.jpg","width":640,"height":345},{"@type":"WebPage","@id":"https:\/\/www.nettali.com\/2022\/07\/08\/justice-cheikh-abdou-mbacke-bara-doly-change-de-fusil-depaule\/#webpage","url":"https:\/\/www.nettali.com\/2022\/07\/08\/justice-cheikh-abdou-mbacke-bara-doly-change-de-fusil-depaule\/","name":"JUSTICE - Cheikh Abdou Mback\u00e9 Bara Doly change de fusil d'\u00e9paule | Nettali.com","isPartOf":{"@id":"https:\/\/www.nettali.com\/#website"},"primaryImageOfPage":{"@id":"https:\/\/www.nettali.com\/2022\/07\/08\/justice-cheikh-abdou-mbacke-bara-doly-change-de-fusil-depaule\/#primaryimage"},"datePublished":"2022-07-08T09:30:48+00:00","dateModified":"2022-07-08T09:30:48+00:00","author":{"@id":"https:\/\/www.nettali.com\/#\/schema\/person\/8a06c6bd7b19304cf4bf985862900b5b"},"breadcrumb":{"@id":"https:\/\/www.nettali.com\/2022\/07\/08\/justice-cheikh-abdou-mbacke-bara-doly-change-de-fusil-depaule\/#breadcrumb"},"inLanguage":"fr-FR","potentialAction":[{"@type":"ReadAction","target":["https:\/\/www.nettali.com\/2022\/07\/08\/justice-cheikh-abdou-mbacke-bara-doly-change-de-fusil-depaule\/"]}]},{"@type":"BreadcrumbList","@id":"https:\/\/www.nettali.com\/2022\/07\/08\/justice-cheikh-abdou-mbacke-bara-doly-change-de-fusil-depaule\/#breadcrumb","itemListElement":[{"@type":"ListItem","position":1,"name":"Accueil","item":"https:\/\/www.nettali.com\/"},{"@type":"ListItem","position":2,"name":"JUSTICE - Cheikh Abdou Mback\u00e9 Bara Doly change de fusil d'\u00e9paule"}]},{"@type":"Person","@id":"https:\/\/www.nettali.com\/#\/schema\/person\/8a06c6bd7b19304cf4bf985862900b5b","name":"Thierno Diop","image":{"@type":"ImageObject","@id":"https:\/\/www.nettali.com\/#personlogo","inLanguage":"fr-FR","url":"https:\/\/secure.gravatar.com\/avatar\/c8ca58550c94fd2ac856d27391a6c866?s=96&d=mm&r=g","contentUrl":"https:\/\/secure.gravatar.com\/avatar\/c8ca58550c94fd2ac856d27391a6c866?s=96&d=mm&r=g","caption":"Thierno Diop"},"sameAs":["https:\/\/nettali.com"]}]}},"_links":{"self":[{"href":"https:\/\/www.nettali.com\/rest\/wp\/v2\/posts\/89418"}],"collection":[{"href":"https:\/\/www.nettali.com\/rest\/wp\/v2\/posts"}],"about":[{"href":"https:\/\/www.nettali.com\/rest\/wp\/v2\/types\/post"}],"author":[{"embeddable":true,"href":"https:\/\/www.nettali.com\/rest\/wp\/v2\/users\/11"}],"replies":[{"embeddable":true,"href":"https:\/\/www.nettali.com\/rest\/wp\/v2\/comments?post=89418"}],"version-history":[{"count":1,"href":"https:\/\/www.nettali.com\/rest\/wp\/v2\/posts\/89418\/revisions"}],"predecessor-version":[{"id":89419,"href":"https:\/\/www.nettali.com\/rest\/wp\/v2\/posts\/89418\/revisions\/89419"}],"wp:featuredmedia":[{"embeddable":true,"href":"https:\/\/www.nettali.com\/rest\/wp\/v2\/media\/60519"}],"wp:attachment":[{"href":"https:\/\/www.nettali.com\/rest\/wp\/v2\/media?parent=89418"}],"wp:term":[{"taxonomy":"category","embeddable":true,"href":"https:\/\/www.nettali.com\/rest\/wp\/v2\/categories?post=89418"},{"taxonomy":"post_tag","embeddable":true,"href":"https:\/\/www.nettali.com\/rest\/wp\/v2\/tags?post=89418"}],"curies":[{"name":"wp","href":"https:\/\/api.w.org\/{rel}","templated":true}]}}