{"id":89323,"date":"2022-07-06T20:11:26","date_gmt":"2022-07-06T20:11:26","guid":{"rendered":"https:\/\/www.nettali.com\/?p=89323"},"modified":"2022-07-07T15:49:41","modified_gmt":"2022-07-07T15:49:41","slug":"casamance-ce-que-ousmane-sonko-et-cie-ont-dit-aux-familles-des-victimes-de-la-manif-du-17-juin","status":"publish","type":"post","link":"https:\/\/www.nettali.com\/2022\/07\/06\/casamance-ce-que-ousmane-sonko-et-cie-ont-dit-aux-familles-des-victimes-de-la-manif-du-17-juin\/","title":{"rendered":"CASAMANCE \u2013 Ce que Ousmane Sonko et Cie ont dit aux familles des victimes de la manif\u00a0 du 17 juin"},"content":{"rendered":"<p><strong>NETTALI.COM- Les leaders de \u00abYewwi Askan Wi\u00bb \u00e9taient en Casamance pour pr\u00e9senter des condol\u00e9ances aux deux familles des jeunes ayant perdu la vie lors de la manifestation interdite du 17 juin dernier. Occasion saisie pour Ousmane Sonko et Cie de dire tout le mal qu\u2019ils savent de Macky Sall et son r\u00e9gime.<\/strong><\/p>\n<p>En Casamance o\u00f9 ils se sont d\u00e9plac\u00e9s pour pr\u00e9senter des condol\u00e9ances aux familles des deux jeunes de Ziguinchor (Abdoulaye Diatta) et Bignona (Idrissa Goudiaby) morts le 17 juin dernier \u00e0 l\u2019occasion de la manifestation interdite de l\u2019opposition visant \u00e0 d\u00e9crier la \u00abforfaiture du minist\u00e8re de l\u2019Int\u00e9rieur et du Conseil constitutionnel\u00bb concernant ses listes aux L\u00e9gislatives, les leaders de la coalition Yewwi Askan Wi se sont d\u00e9foul\u00e9s sur le Pr\u00e9sident Macky Sall et son r\u00e9gime. Ils exigent que toute la lumi\u00e8re soit faite sur les cas de d\u00e9c\u00e8s des jeunes Abdoulaye Diatta et Idrissa Goudiaby.<\/p>\n<p>Khalifa Ababacar Sall et ses coll\u00e8gues leaders de Yewwi ont d\u00e9nonc\u00e9 des drames \u00abinnommables\u00bb v\u00e9cus par les deux familles de Ziguinchor et Bignona et celle de Dakar qui a vu tomber aussi un de ses fils le 17 juin \u00e0 cause des d\u00e9rives du pouvoir en place. Ils ont fustig\u00e9 \u00e9galement les arrestations des responsables politiques et des militants de l\u2019opposition, surtout les brimades et s\u00e9vices dont ils sont victimes de la part des forces de d\u00e9fense et de s\u00e9curit\u00e9. <em>\u00abC\u2019est honteux, c\u2019est inacceptable. Certains de ces citoyens arr\u00eat\u00e9s ont \u00e9t\u00e9 maltrait\u00e9s, bastonn\u00e9s et ils n\u2019ont pas envie de laisser passer. Ils n\u2019ont pas envie de supporter sans d\u00e9noncer cela. Ils n\u2019ont pas envie d\u2019accepter sans r\u00e9agir. Toutes leurs initiatives seront soutenues par la Conf\u00e9rence des leaders de Yewwi\u00bb<\/em>, ont fait savoir Khalifa Sall et Cie. Pour eux, le combat qu\u2019ils ont d\u00e9marr\u00e9 \u00e0 partir de Ziguinchor n\u2019est que le d\u00e9but d\u2019un processus qui ira tr\u00e8s loin. Ils promettent de faire vivre \u00e0 Macky Sall et son r\u00e9gime des moments difficiles jusqu\u2019en 2024.<\/p>\n<p>\u00abTrop, c\u2019est trop. On n\u2019acceptera plus que des vies tombent lors des manifestations et que l\u2019on viole les droits et les libert\u00e9s des S\u00e9n\u00e9galais. Nous sommes en face d\u2019un pouvoir qui interpr\u00e8te les lois comme il veut. Et \u00e0 chaque fois, la Justice qui devait \u00eatre le rempart, donne toujours raison au pouvoir\u00bb, se d\u00e9solent les leaders de Yewwi qui n\u2019entendent pas laisser perdurer cette situation de violation des droits et de la d\u00e9mocratie au S\u00e9n\u00e9gal sous le r\u00e9gime de Macky Sall.<\/p>\n<p>Ousmane Sonko et Cie n\u2019ont pas non plus rat\u00e9 le ministre de l\u2019Int\u00e9rieur, Antoine F\u00e9lix Diome, le procureur de la R\u00e9publique, Amady Diouf, et le Conseil constitutionnel, qu\u2019ils qualifient de bras arm\u00e9s du Pr\u00e9sident Macky Sall. Cheikh Ahmed Tidiane Youm du Pur a exprim\u00e9 le m\u00e9contentement de la coalition Yewwi Askan Wi par rapport au processus \u00e9lectoral actuel. Le r\u00e9gime et les Pr\u00e9fets, dit-il, n\u2019ont pas trouv\u00e9 mieux que d\u2019interdire, avec des arguments faux et fallacieux, leur manifestation du 17 juin dernier, juste pour vouloir que le S\u00e9n\u00e9gal entre dans un chaos.<\/p>\n<p><em>\u00abDeux de nos fr\u00e8res ont \u00e9t\u00e9 assassin\u00e9s \u00e0 Ziguinchor et Bignona. On ne peut pas comprendre que ces deux fr\u00e8res soient tu\u00e9s et que le procureur de la R\u00e9publique s\u2019empresse de tenir une conf\u00e9rence de presse pour d\u00e9clarer qu\u2019une autopsie a \u00e9t\u00e9 faite et que les conclusions s\u2019av\u00e8rent que notre fr\u00e8re Abdoulaye Diatta, d\u00e9c\u00e9d\u00e9 \u00e0 Ziguinchor, a \u00e9t\u00e9 tu\u00e9 par des objets contendants ou tranchants. A Bignona, c\u2019est silence radio sur la mort d\u2019Idrissa Goudiaby. Aucun certificat de genre de mort n\u2019a \u00e9t\u00e9 produit pour ces deux jeunes tu\u00e9s. Les familles ayant compris les stratag\u00e8mes du pouvoir, ont voulu une contre-expertise, ce qui n\u2019arrange pas le r\u00e9gime en place et tous ses corolaires. C\u2019est la raison pour laquelle, ils ont encore kidnapp\u00e9s les deux corps de ces jeunes de Ziguinchor et Bignona et refusent de les donner aux familles. Cela montre encore une fois de plus l\u2019injustice que nos fr\u00e8res et s\u0153urs de la Casamance continuent de vivre\u00bb<\/em>, se lamente Cheikh Ahmed Tidiane Youm.<\/p>\n<p>Pour le responsable du Pur, il faudrait que le Pr\u00e9sident Macky Sall sache que ces deux familles ayant perdu leurs enfants comptent aller jusqu\u2019au bout pour que la v\u00e9rit\u00e9 \u00e9clate. <em>\u00abLa duperie et la triche que Macky Sall nous a habitu\u00e9es depuis 2012 ne va plus perdurer. Avec la coalition Yewwi Askan Wi, nous ferons tout pour que la v\u00e9rit\u00e9 \u00e9clate\u00bb<\/em>, pr\u00e9vient M. Youm. Avant de signaler qu\u2019un expert a \u00e9t\u00e9 missionn\u00e9 pour qu\u2019une contre-expertise soit faite sur les corps des deux jeunes tu\u00e9s en Casamance le 17 juin dernier. <em>\u00abCet expert fera triompher la v\u00e9rit\u00e9. Et cette v\u00e9rit\u00e9, nous l\u2019aurons les jours \u00e0 venir. Ce n\u2019est pas un combat de ces deux familles, mais celui de tout le S\u00e9n\u00e9gal. Il est temps que les injustices \u00e9pisodiques s\u2019arr\u00eatent. C\u2019est le d\u00e9but du combat\u00bb<\/em>, a fait savoir Cheikh Ahmed Tidiane Youm.<\/p>\n<p>Yewwi Askan Wi reste optimiste en direction des L\u00e9gislatives du 31 juillet 2022. Ousmane Sonko et Cie sont s\u00fbrs de remporter ces joutes \u00e9lectorales, car, disent-ils, les S\u00e9n\u00e9galais sont avec eux et ont fini de vomir le pouvoir en place. <em>\u00abMacky Sall et son r\u00e9gime vont partir. C\u2019est la volont\u00e9 du peuple. Il faudrait qu\u2019ils s\u2019en rendent compte avant qu\u2019il ne soit trop tard. Ils ne peuvent pas aller \u00e0 l\u2019encontre de la volont\u00e9 du peuple\u00bb,<\/em> avise Cheikh Ahmed Tidiane Youm. Avant d\u2019ajouter <em>\u00abqu\u2019il est temps que le projet mortif\u00e8re de Macky Sall s\u2019arr\u00eate. S\u2019il n\u2019est pas capable de g\u00e9rer correctement nos derniers publics, il n\u2019a qu\u2019\u00e0 partir. Et on le fera partir s\u2019il ne le fait pas de son propre chef\u00bb<\/em>.<\/p>\n<p>Les leaders de Yewwi Askan Wi annoncent une plainte contre le procureur de la R\u00e9publique qui, lors de sa conf\u00e9rence de presse, <em>\u00ab\u00e9tait tout sauf un procureur de la R\u00e9publique, mais un militant de la coalition Benno bokk yaakaar\u00bb<\/em> en consid\u00e9rant que leur rassemblent du 17 juin \u00e9tait une \u00abinsurrection\u00bb. \u00c9galement, une autre plainte sera d\u00e9pos\u00e9e contre l\u2019Etat du S\u00e9n\u00e9gal pour le kidnapping des d\u00e9put\u00e9s de Yewwi et d\u2019autres militants renvoy\u00e9s aux fins de poursuite. <em>\u00abNous sommes m\u00eame en train d\u2019\u00e9tudier la possibilit\u00e9 de saisir le Groupe du travail des Nations Unies contre la d\u00e9tention arbitraire. Il faut que Macky Sall et son Gouvernement sachent que la r\u00e9cr\u00e9ation est finie\u00bb<\/em>, a signal\u00e9 Cheikh Ahmed Tidiane Youm.<\/p>\n<p>&nbsp;<\/p>\n<div class='share-to-whatsapp-wrapper'><div class='share-on-whsp'>PARTAGER SUR : <\/div><a data-text='CASAMANCE \u2013 Ce que Ousmane Sonko et Cie ont dit aux familles des victimes de la manif\u00a0 du 17 juin' data-link='https:\/\/www.nettali.com\/2022\/07\/06\/casamance-ce-que-ousmane-sonko-et-cie-ont-dit-aux-familles-des-victimes-de-la-manif-du-17-juin\/' class='whatsapp-button whatsapp-share'>WhatsApp<\/a><div class='clear '><\/div><\/div>","protected":false},"excerpt":{"rendered":"<p>NETTALI.COM- Les leaders de \u00abYewwi Askan Wi\u00bb \u00e9taient en Casamance pour pr\u00e9senter des condol\u00e9ances aux deux familles des jeunes ayant perdu la vie lors de la manifestation interdite du 17 juin dernier. Occasion saisie pour Ousmane Sonko et Cie de dire tout le mal qu\u2019ils savent de Macky Sall et son r\u00e9gime. En Casamance o\u00f9 [&hellip;]<\/p>\n","protected":false},"author":4,"featured_media":85245,"comment_status":"open","ping_status":"open","sticky":false,"template":"","format":"standard","meta":{"_et_pb_use_builder":"","_et_pb_old_content":""},"categories":[2],"tags":[],"yoast_head":"<!-- This site is optimized with the Yoast SEO Premium plugin v17.8 (Yoast SEO v17.8) - https:\/\/yoast.com\/wordpress\/plugins\/seo\/ -->\n<title>CASAMANCE \u2013 Ce que Ousmane Sonko et Cie ont dit aux familles des victimes de la manif\u00a0 du 17 juin | Nettali.com<\/title>\n<meta name=\"robots\" content=\"index, follow, max-snippet:-1, max-image-preview:large, max-video-preview:-1\" \/>\n<link rel=\"canonical\" href=\"https:\/\/www.nettali.com\/2022\/07\/06\/casamance-ce-que-ousmane-sonko-et-cie-ont-dit-aux-familles-des-victimes-de-la-manif-du-17-juin\/\" \/>\n<meta property=\"og:locale\" content=\"fr_FR\" \/>\n<meta property=\"og:type\" content=\"article\" \/>\n<meta property=\"og:title\" content=\"CASAMANCE \u2013 Ce que Ousmane Sonko et Cie ont dit aux familles des victimes de la manif\u00a0 du 17 juin\" \/>\n<meta property=\"og:description\" content=\"NETTALI.COM- Les leaders de \u00abYewwi Askan Wi\u00bb \u00e9taient en Casamance pour pr\u00e9senter des condol\u00e9ances aux deux familles des jeunes ayant perdu la vie lors de la manifestation interdite du 17 juin dernier. Occasion saisie pour Ousmane Sonko et Cie de dire tout le mal qu\u2019ils savent de Macky Sall et son r\u00e9gime. En Casamance o\u00f9 [&hellip;]\" \/>\n<meta property=\"og:url\" content=\"https:\/\/www.nettali.com\/2022\/07\/06\/casamance-ce-que-ousmane-sonko-et-cie-ont-dit-aux-familles-des-victimes-de-la-manif-du-17-juin\/\" \/>\n<meta property=\"og:site_name\" content=\"Nettali.com\" \/>\n<meta property=\"article:publisher\" content=\"https:\/\/www.facebook.com\/nettalicom\" \/>\n<meta property=\"article:published_time\" content=\"2022-07-06T20:11:26+00:00\" \/>\n<meta property=\"article:modified_time\" content=\"2022-07-07T15:49:41+00:00\" \/>\n<meta property=\"og:image\" content=\"https:\/\/www.nettali.com\/wp-content\/uploads\/2022\/04\/Yewwi-Askanwi.jpg\" \/>\n\t<meta property=\"og:image:width\" content=\"1200\" \/>\n\t<meta property=\"og:image:height\" content=\"900\" \/>\n<meta name=\"twitter:card\" content=\"summary_large_image\" \/>\n<meta name=\"twitter:label1\" content=\"\u00c9crit par\" \/>\n\t<meta name=\"twitter:data1\" content=\"Daouda\" \/>\n\t<meta name=\"twitter:label2\" content=\"Dur\u00e9e de lecture estim\u00e9e\" \/>\n\t<meta name=\"twitter:data2\" content=\"6 minutes\" \/>\n<script type=\"application\/ld+json\" class=\"yoast-schema-graph\">{\"@context\":\"https:\/\/schema.org\",\"@graph\":[{\"@type\":\"WebSite\",\"@id\":\"https:\/\/www.nettali.com\/#website\",\"url\":\"https:\/\/www.nettali.com\/\",\"name\":\"Nettali.com\",\"description\":\"Le rendez-vous critique du Net\",\"potentialAction\":[{\"@type\":\"SearchAction\",\"target\":{\"@type\":\"EntryPoint\",\"urlTemplate\":\"https:\/\/www.nettali.com\/?s={search_term_string}\"},\"query-input\":\"required name=search_term_string\"}],\"inLanguage\":\"fr-FR\"},{\"@type\":\"ImageObject\",\"@id\":\"https:\/\/www.nettali.com\/2022\/07\/06\/casamance-ce-que-ousmane-sonko-et-cie-ont-dit-aux-familles-des-victimes-de-la-manif-du-17-juin\/#primaryimage\",\"inLanguage\":\"fr-FR\",\"url\":\"https:\/\/www.nettali.com\/wp-content\/uploads\/2022\/04\/Yewwi-Askanwi.jpg\",\"contentUrl\":\"https:\/\/www.nettali.com\/wp-content\/uploads\/2022\/04\/Yewwi-Askanwi.jpg\",\"width\":1200,\"height\":900},{\"@type\":\"WebPage\",\"@id\":\"https:\/\/www.nettali.com\/2022\/07\/06\/casamance-ce-que-ousmane-sonko-et-cie-ont-dit-aux-familles-des-victimes-de-la-manif-du-17-juin\/#webpage\",\"url\":\"https:\/\/www.nettali.com\/2022\/07\/06\/casamance-ce-que-ousmane-sonko-et-cie-ont-dit-aux-familles-des-victimes-de-la-manif-du-17-juin\/\",\"name\":\"CASAMANCE \\u2013 Ce que Ousmane Sonko et Cie ont dit aux familles des victimes de la manif\\u00a0 du 17 juin | Nettali.com\",\"isPartOf\":{\"@id\":\"https:\/\/www.nettali.com\/#website\"},\"primaryImageOfPage\":{\"@id\":\"https:\/\/www.nettali.com\/2022\/07\/06\/casamance-ce-que-ousmane-sonko-et-cie-ont-dit-aux-familles-des-victimes-de-la-manif-du-17-juin\/#primaryimage\"},\"datePublished\":\"2022-07-06T20:11:26+00:00\",\"dateModified\":\"2022-07-07T15:49:41+00:00\",\"author\":{\"@id\":\"https:\/\/www.nettali.com\/#\/schema\/person\/3317e0bb3aa1da309fbf7b2780901bf4\"},\"breadcrumb\":{\"@id\":\"https:\/\/www.nettali.com\/2022\/07\/06\/casamance-ce-que-ousmane-sonko-et-cie-ont-dit-aux-familles-des-victimes-de-la-manif-du-17-juin\/#breadcrumb\"},\"inLanguage\":\"fr-FR\",\"potentialAction\":[{\"@type\":\"ReadAction\",\"target\":[\"https:\/\/www.nettali.com\/2022\/07\/06\/casamance-ce-que-ousmane-sonko-et-cie-ont-dit-aux-familles-des-victimes-de-la-manif-du-17-juin\/\"]}]},{\"@type\":\"BreadcrumbList\",\"@id\":\"https:\/\/www.nettali.com\/2022\/07\/06\/casamance-ce-que-ousmane-sonko-et-cie-ont-dit-aux-familles-des-victimes-de-la-manif-du-17-juin\/#breadcrumb\",\"itemListElement\":[{\"@type\":\"ListItem\",\"position\":1,\"name\":\"Accueil\",\"item\":\"https:\/\/www.nettali.com\/\"},{\"@type\":\"ListItem\",\"position\":2,\"name\":\"CASAMANCE \\u2013 Ce que Ousmane Sonko et Cie ont dit aux familles des victimes de la manif\\u00a0 du 17 juin\"}]},{\"@type\":\"Person\",\"@id\":\"https:\/\/www.nettali.com\/#\/schema\/person\/3317e0bb3aa1da309fbf7b2780901bf4\",\"name\":\"Daouda\",\"image\":{\"@type\":\"ImageObject\",\"@id\":\"https:\/\/www.nettali.com\/#personlogo\",\"inLanguage\":\"fr-FR\",\"url\":\"https:\/\/secure.gravatar.com\/avatar\/8d143b5a49345098ddcfee1c49c2f47c?s=96&d=mm&r=g\",\"contentUrl\":\"https:\/\/secure.gravatar.com\/avatar\/8d143b5a49345098ddcfee1c49c2f47c?s=96&d=mm&r=g\",\"caption\":\"Daouda\"},\"sameAs\":[\"https:\/\/www.nettali.com\"]}]}<\/script>\n<!-- \/ Yoast SEO Premium plugin. -->","yoast_head_json":{"title":"CASAMANCE \u2013 Ce que Ousmane Sonko et Cie ont dit aux familles des victimes de la manif\u00a0 du 17 juin | Nettali.com","robots":{"index":"index","follow":"follow","max-snippet":"max-snippet:-1","max-image-preview":"max-image-preview:large","max-video-preview":"max-video-preview:-1"},"canonical":"https:\/\/www.nettali.com\/2022\/07\/06\/casamance-ce-que-ousmane-sonko-et-cie-ont-dit-aux-familles-des-victimes-de-la-manif-du-17-juin\/","og_locale":"fr_FR","og_type":"article","og_title":"CASAMANCE \u2013 Ce que Ousmane Sonko et Cie ont dit aux familles des victimes de la manif\u00a0 du 17 juin","og_description":"NETTALI.COM- Les leaders de \u00abYewwi Askan Wi\u00bb \u00e9taient en Casamance pour pr\u00e9senter des condol\u00e9ances aux deux familles des jeunes ayant perdu la vie lors de la manifestation interdite du 17 juin dernier. Occasion saisie pour Ousmane Sonko et Cie de dire tout le mal qu\u2019ils savent de Macky Sall et son r\u00e9gime. En Casamance o\u00f9 [&hellip;]","og_url":"https:\/\/www.nettali.com\/2022\/07\/06\/casamance-ce-que-ousmane-sonko-et-cie-ont-dit-aux-familles-des-victimes-de-la-manif-du-17-juin\/","og_site_name":"Nettali.com","article_publisher":"https:\/\/www.facebook.com\/nettalicom","article_published_time":"2022-07-06T20:11:26+00:00","article_modified_time":"2022-07-07T15:49:41+00:00","og_image":[{"width":1200,"height":900,"url":"https:\/\/www.nettali.com\/wp-content\/uploads\/2022\/04\/Yewwi-Askanwi.jpg","type":"image\/jpeg"}],"twitter_card":"summary_large_image","twitter_misc":{"\u00c9crit par":"Daouda","Dur\u00e9e de lecture estim\u00e9e":"6 minutes"},"schema":{"@context":"https:\/\/schema.org","@graph":[{"@type":"WebSite","@id":"https:\/\/www.nettali.com\/#website","url":"https:\/\/www.nettali.com\/","name":"Nettali.com","description":"Le rendez-vous critique du Net","potentialAction":[{"@type":"SearchAction","target":{"@type":"EntryPoint","urlTemplate":"https:\/\/www.nettali.com\/?s={search_term_string}"},"query-input":"required name=search_term_string"}],"inLanguage":"fr-FR"},{"@type":"ImageObject","@id":"https:\/\/www.nettali.com\/2022\/07\/06\/casamance-ce-que-ousmane-sonko-et-cie-ont-dit-aux-familles-des-victimes-de-la-manif-du-17-juin\/#primaryimage","inLanguage":"fr-FR","url":"https:\/\/www.nettali.com\/wp-content\/uploads\/2022\/04\/Yewwi-Askanwi.jpg","contentUrl":"https:\/\/www.nettali.com\/wp-content\/uploads\/2022\/04\/Yewwi-Askanwi.jpg","width":1200,"height":900},{"@type":"WebPage","@id":"https:\/\/www.nettali.com\/2022\/07\/06\/casamance-ce-que-ousmane-sonko-et-cie-ont-dit-aux-familles-des-victimes-de-la-manif-du-17-juin\/#webpage","url":"https:\/\/www.nettali.com\/2022\/07\/06\/casamance-ce-que-ousmane-sonko-et-cie-ont-dit-aux-familles-des-victimes-de-la-manif-du-17-juin\/","name":"CASAMANCE \u2013 Ce que Ousmane Sonko et Cie ont dit aux familles des victimes de la manif\u00a0 du 17 juin | Nettali.com","isPartOf":{"@id":"https:\/\/www.nettali.com\/#website"},"primaryImageOfPage":{"@id":"https:\/\/www.nettali.com\/2022\/07\/06\/casamance-ce-que-ousmane-sonko-et-cie-ont-dit-aux-familles-des-victimes-de-la-manif-du-17-juin\/#primaryimage"},"datePublished":"2022-07-06T20:11:26+00:00","dateModified":"2022-07-07T15:49:41+00:00","author":{"@id":"https:\/\/www.nettali.com\/#\/schema\/person\/3317e0bb3aa1da309fbf7b2780901bf4"},"breadcrumb":{"@id":"https:\/\/www.nettali.com\/2022\/07\/06\/casamance-ce-que-ousmane-sonko-et-cie-ont-dit-aux-familles-des-victimes-de-la-manif-du-17-juin\/#breadcrumb"},"inLanguage":"fr-FR","potentialAction":[{"@type":"ReadAction","target":["https:\/\/www.nettali.com\/2022\/07\/06\/casamance-ce-que-ousmane-sonko-et-cie-ont-dit-aux-familles-des-victimes-de-la-manif-du-17-juin\/"]}]},{"@type":"BreadcrumbList","@id":"https:\/\/www.nettali.com\/2022\/07\/06\/casamance-ce-que-ousmane-sonko-et-cie-ont-dit-aux-familles-des-victimes-de-la-manif-du-17-juin\/#breadcrumb","itemListElement":[{"@type":"ListItem","position":1,"name":"Accueil","item":"https:\/\/www.nettali.com\/"},{"@type":"ListItem","position":2,"name":"CASAMANCE \u2013 Ce que Ousmane Sonko et Cie ont dit aux familles des victimes de la manif\u00a0 du 17 juin"}]},{"@type":"Person","@id":"https:\/\/www.nettali.com\/#\/schema\/person\/3317e0bb3aa1da309fbf7b2780901bf4","name":"Daouda","image":{"@type":"ImageObject","@id":"https:\/\/www.nettali.com\/#personlogo","inLanguage":"fr-FR","url":"https:\/\/secure.gravatar.com\/avatar\/8d143b5a49345098ddcfee1c49c2f47c?s=96&d=mm&r=g","contentUrl":"https:\/\/secure.gravatar.com\/avatar\/8d143b5a49345098ddcfee1c49c2f47c?s=96&d=mm&r=g","caption":"Daouda"},"sameAs":["https:\/\/www.nettali.com"]}]}},"_links":{"self":[{"href":"https:\/\/www.nettali.com\/rest\/wp\/v2\/posts\/89323"}],"collection":[{"href":"https:\/\/www.nettali.com\/rest\/wp\/v2\/posts"}],"about":[{"href":"https:\/\/www.nettali.com\/rest\/wp\/v2\/types\/post"}],"author":[{"embeddable":true,"href":"https:\/\/www.nettali.com\/rest\/wp\/v2\/users\/4"}],"replies":[{"embeddable":true,"href":"https:\/\/www.nettali.com\/rest\/wp\/v2\/comments?post=89323"}],"version-history":[{"count":1,"href":"https:\/\/www.nettali.com\/rest\/wp\/v2\/posts\/89323\/revisions"}],"predecessor-version":[{"id":89324,"href":"https:\/\/www.nettali.com\/rest\/wp\/v2\/posts\/89323\/revisions\/89324"}],"wp:featuredmedia":[{"embeddable":true,"href":"https:\/\/www.nettali.com\/rest\/wp\/v2\/media\/85245"}],"wp:attachment":[{"href":"https:\/\/www.nettali.com\/rest\/wp\/v2\/media?parent=89323"}],"wp:term":[{"taxonomy":"category","embeddable":true,"href":"https:\/\/www.nettali.com\/rest\/wp\/v2\/categories?post=89323"},{"taxonomy":"post_tag","embeddable":true,"href":"https:\/\/www.nettali.com\/rest\/wp\/v2\/tags?post=89323"}],"curies":[{"name":"wp","href":"https:\/\/api.w.org\/{rel}","templated":true}]}}