{"id":89232,"date":"2022-07-05T01:03:31","date_gmt":"2022-07-05T01:03:31","guid":{"rendered":"https:\/\/www.nettali.com\/?p=89232"},"modified":"2022-07-05T01:03:31","modified_gmt":"2022-07-05T01:03:31","slug":"mercato-igor-tudor-le-nouvel-entraineur-de-lom","status":"publish","type":"post","link":"https:\/\/www.nettali.com\/2022\/07\/05\/mercato-igor-tudor-le-nouvel-entraineur-de-lom\/","title":{"rendered":"MERCATO - Igor Tudor le nouvel entra\u00eeneur de l'OM"},"content":{"rendered":"<p><strong>NETTALI.COM - L'Olympique de Marseille a officialis\u00e9 ce lundi l'arriv\u00e9e d'Igor Tudor au poste d'entra\u00eeneur. Le technicien croate de 55 ans \u00e9tait libre depuis la fin de son contrat avec l'Hellas V\u00e9rone au mois de juin. Il succ\u00e8de \u00e0 Jorge Sampaoli. Tudor s'est engag\u00e9 avec l'OM pour deux saisons.<\/strong><\/p>\n<p>L'OM a d\u00e9finitivement tourn\u00e9 la page Jorge Sampaoli. Trois jours apr\u00e8s l'annonce du\u00a0d\u00e9part du technicien argentin, le club phoc\u00e9en a annonc\u00e9 le nom de son successeur. Sans surprise, il s'agit d'Igor Tudor, qui \u00e9tait fortement pressenti pour le poste ces derni\u00e8res heures. Libre de tout contrat depuis la fin de son exp\u00e9rience avec l'Hellas Verone, le technicien croate s'est engag\u00e9 pour deux ans \u00e0 Marseille.<\/p>\n<div class='share-to-whatsapp-wrapper'><div class='share-on-whsp'>PARTAGER SUR : <\/div><a data-text='MERCATO - Igor Tudor le nouvel entra\u00eeneur de l'OM' data-link='https:\/\/www.nettali.com\/2022\/07\/05\/mercato-igor-tudor-le-nouvel-entraineur-de-lom\/' class='whatsapp-button whatsapp-share'>WhatsApp<\/a><div class='clear '><\/div><\/div>","protected":false},"excerpt":{"rendered":"<p>NETTALI.COM - L'Olympique de Marseille a officialis\u00e9 ce lundi l'arriv\u00e9e d'Igor Tudor au poste d'entra\u00eeneur. Le technicien croate de 55 ans \u00e9tait libre depuis la fin de son contrat avec l'Hellas V\u00e9rone au mois de juin. Il succ\u00e8de \u00e0 Jorge Sampaoli. Tudor s'est engag\u00e9 avec l'OM pour deux saisons. L'OM a d\u00e9finitivement tourn\u00e9 la page [&hellip;]<\/p>\n","protected":false},"author":5,"featured_media":89233,"comment_status":"open","ping_status":"open","sticky":false,"template":"","format":"standard","meta":{"_et_pb_use_builder":"","_et_pb_old_content":""},"categories":[6],"tags":[],"yoast_head":"<!-- This site is optimized with the Yoast SEO Premium plugin v17.8 (Yoast SEO v17.8) - https:\/\/yoast.com\/wordpress\/plugins\/seo\/ -->\n<title>MERCATO - Igor Tudor le nouvel entra\u00eeneur de l&#039;OM | Nettali.com<\/title>\n<meta name=\"robots\" content=\"index, follow, max-snippet:-1, max-image-preview:large, max-video-preview:-1\" \/>\n<link rel=\"canonical\" href=\"https:\/\/www.nettali.com\/2022\/07\/05\/mercato-igor-tudor-le-nouvel-entraineur-de-lom\/\" \/>\n<meta property=\"og:locale\" content=\"fr_FR\" \/>\n<meta property=\"og:type\" content=\"article\" \/>\n<meta property=\"og:title\" content=\"MERCATO - Igor Tudor le nouvel entra\u00eeneur de l&#039;OM\" \/>\n<meta property=\"og:description\" content=\"NETTALI.COM - L&#039;Olympique de Marseille a officialis\u00e9 ce lundi l&#039;arriv\u00e9e d&#039;Igor Tudor au poste d&#039;entra\u00eeneur. Le technicien croate de 55 ans \u00e9tait libre depuis la fin de son contrat avec l&#039;Hellas V\u00e9rone au mois de juin. Il succ\u00e8de \u00e0 Jorge Sampaoli. Tudor s&#039;est engag\u00e9 avec l&#039;OM pour deux saisons. L&#039;OM a d\u00e9finitivement tourn\u00e9 la page [&hellip;]\" \/>\n<meta property=\"og:url\" content=\"https:\/\/www.nettali.com\/2022\/07\/05\/mercato-igor-tudor-le-nouvel-entraineur-de-lom\/\" \/>\n<meta property=\"og:site_name\" content=\"Nettali.com\" \/>\n<meta property=\"article:publisher\" content=\"https:\/\/www.facebook.com\/nettalicom\" \/>\n<meta property=\"article:published_time\" content=\"2022-07-05T01:03:31+00:00\" \/>\n<meta property=\"og:image\" content=\"https:\/\/www.nettali.com\/wp-content\/uploads\/2022\/07\/allenatori-860x538-1.jpg\" \/>\n\t<meta property=\"og:image:width\" content=\"860\" \/>\n\t<meta property=\"og:image:height\" content=\"538\" \/>\n<meta name=\"twitter:card\" content=\"summary_large_image\" \/>\n<meta name=\"twitter:label1\" content=\"\u00c9crit par\" \/>\n\t<meta name=\"twitter:data1\" content=\"Ibrahima\" \/>\n\t<meta name=\"twitter:label2\" content=\"Dur\u00e9e de lecture estim\u00e9e\" \/>\n\t<meta name=\"twitter:data2\" content=\"1 minute\" \/>\n<script type=\"application\/ld+json\" class=\"yoast-schema-graph\">{\"@context\":\"https:\/\/schema.org\",\"@graph\":[{\"@type\":\"WebSite\",\"@id\":\"https:\/\/www.nettali.com\/#website\",\"url\":\"https:\/\/www.nettali.com\/\",\"name\":\"Nettali.com\",\"description\":\"Le rendez-vous critique du Net\",\"potentialAction\":[{\"@type\":\"SearchAction\",\"target\":{\"@type\":\"EntryPoint\",\"urlTemplate\":\"https:\/\/www.nettali.com\/?s={search_term_string}\"},\"query-input\":\"required name=search_term_string\"}],\"inLanguage\":\"fr-FR\"},{\"@type\":\"ImageObject\",\"@id\":\"https:\/\/www.nettali.com\/2022\/07\/05\/mercato-igor-tudor-le-nouvel-entraineur-de-lom\/#primaryimage\",\"inLanguage\":\"fr-FR\",\"url\":\"https:\/\/www.nettali.com\/wp-content\/uploads\/2022\/07\/allenatori-860x538-1.jpg\",\"contentUrl\":\"https:\/\/www.nettali.com\/wp-content\/uploads\/2022\/07\/allenatori-860x538-1.jpg\",\"width\":860,\"height\":538},{\"@type\":\"WebPage\",\"@id\":\"https:\/\/www.nettali.com\/2022\/07\/05\/mercato-igor-tudor-le-nouvel-entraineur-de-lom\/#webpage\",\"url\":\"https:\/\/www.nettali.com\/2022\/07\/05\/mercato-igor-tudor-le-nouvel-entraineur-de-lom\/\",\"name\":\"MERCATO - Igor Tudor le nouvel entra\\u00eeneur de l'OM | Nettali.com\",\"isPartOf\":{\"@id\":\"https:\/\/www.nettali.com\/#website\"},\"primaryImageOfPage\":{\"@id\":\"https:\/\/www.nettali.com\/2022\/07\/05\/mercato-igor-tudor-le-nouvel-entraineur-de-lom\/#primaryimage\"},\"datePublished\":\"2022-07-05T01:03:31+00:00\",\"dateModified\":\"2022-07-05T01:03:31+00:00\",\"author\":{\"@id\":\"https:\/\/www.nettali.com\/#\/schema\/person\/bb147657c2986240405a608162b9bb23\"},\"breadcrumb\":{\"@id\":\"https:\/\/www.nettali.com\/2022\/07\/05\/mercato-igor-tudor-le-nouvel-entraineur-de-lom\/#breadcrumb\"},\"inLanguage\":\"fr-FR\",\"potentialAction\":[{\"@type\":\"ReadAction\",\"target\":[\"https:\/\/www.nettali.com\/2022\/07\/05\/mercato-igor-tudor-le-nouvel-entraineur-de-lom\/\"]}]},{\"@type\":\"BreadcrumbList\",\"@id\":\"https:\/\/www.nettali.com\/2022\/07\/05\/mercato-igor-tudor-le-nouvel-entraineur-de-lom\/#breadcrumb\",\"itemListElement\":[{\"@type\":\"ListItem\",\"position\":1,\"name\":\"Accueil\",\"item\":\"https:\/\/www.nettali.com\/\"},{\"@type\":\"ListItem\",\"position\":2,\"name\":\"MERCATO - Igor Tudor le nouvel entra\\u00eeneur de l'OM\"}]},{\"@type\":\"Person\",\"@id\":\"https:\/\/www.nettali.com\/#\/schema\/person\/bb147657c2986240405a608162b9bb23\",\"name\":\"Ibrahima\",\"image\":{\"@type\":\"ImageObject\",\"@id\":\"https:\/\/www.nettali.com\/#personlogo\",\"inLanguage\":\"fr-FR\",\"url\":\"https:\/\/secure.gravatar.com\/avatar\/26a8a81f09f0dd7624c9d5c36c9ba3a2?s=96&d=mm&r=g\",\"contentUrl\":\"https:\/\/secure.gravatar.com\/avatar\/26a8a81f09f0dd7624c9d5c36c9ba3a2?s=96&d=mm&r=g\",\"caption\":\"Ibrahima\"},\"sameAs\":[\"https:\/\/www.nettali.com\"]}]}<\/script>\n<!-- \/ Yoast SEO Premium plugin. -->","yoast_head_json":{"title":"MERCATO - Igor Tudor le nouvel entra\u00eeneur de l'OM | Nettali.com","robots":{"index":"index","follow":"follow","max-snippet":"max-snippet:-1","max-image-preview":"max-image-preview:large","max-video-preview":"max-video-preview:-1"},"canonical":"https:\/\/www.nettali.com\/2022\/07\/05\/mercato-igor-tudor-le-nouvel-entraineur-de-lom\/","og_locale":"fr_FR","og_type":"article","og_title":"MERCATO - Igor Tudor le nouvel entra\u00eeneur de l'OM","og_description":"NETTALI.COM - L'Olympique de Marseille a officialis\u00e9 ce lundi l'arriv\u00e9e d'Igor Tudor au poste d'entra\u00eeneur. Le technicien croate de 55 ans \u00e9tait libre depuis la fin de son contrat avec l'Hellas V\u00e9rone au mois de juin. Il succ\u00e8de \u00e0 Jorge Sampaoli. Tudor s'est engag\u00e9 avec l'OM pour deux saisons. L'OM a d\u00e9finitivement tourn\u00e9 la page [&hellip;]","og_url":"https:\/\/www.nettali.com\/2022\/07\/05\/mercato-igor-tudor-le-nouvel-entraineur-de-lom\/","og_site_name":"Nettali.com","article_publisher":"https:\/\/www.facebook.com\/nettalicom","article_published_time":"2022-07-05T01:03:31+00:00","og_image":[{"width":860,"height":538,"url":"https:\/\/www.nettali.com\/wp-content\/uploads\/2022\/07\/allenatori-860x538-1.jpg","type":"image\/jpeg"}],"twitter_card":"summary_large_image","twitter_misc":{"\u00c9crit par":"Ibrahima","Dur\u00e9e de lecture estim\u00e9e":"1 minute"},"schema":{"@context":"https:\/\/schema.org","@graph":[{"@type":"WebSite","@id":"https:\/\/www.nettali.com\/#website","url":"https:\/\/www.nettali.com\/","name":"Nettali.com","description":"Le rendez-vous critique du Net","potentialAction":[{"@type":"SearchAction","target":{"@type":"EntryPoint","urlTemplate":"https:\/\/www.nettali.com\/?s={search_term_string}"},"query-input":"required name=search_term_string"}],"inLanguage":"fr-FR"},{"@type":"ImageObject","@id":"https:\/\/www.nettali.com\/2022\/07\/05\/mercato-igor-tudor-le-nouvel-entraineur-de-lom\/#primaryimage","inLanguage":"fr-FR","url":"https:\/\/www.nettali.com\/wp-content\/uploads\/2022\/07\/allenatori-860x538-1.jpg","contentUrl":"https:\/\/www.nettali.com\/wp-content\/uploads\/2022\/07\/allenatori-860x538-1.jpg","width":860,"height":538},{"@type":"WebPage","@id":"https:\/\/www.nettali.com\/2022\/07\/05\/mercato-igor-tudor-le-nouvel-entraineur-de-lom\/#webpage","url":"https:\/\/www.nettali.com\/2022\/07\/05\/mercato-igor-tudor-le-nouvel-entraineur-de-lom\/","name":"MERCATO - Igor Tudor le nouvel entra\u00eeneur de l'OM | Nettali.com","isPartOf":{"@id":"https:\/\/www.nettali.com\/#website"},"primaryImageOfPage":{"@id":"https:\/\/www.nettali.com\/2022\/07\/05\/mercato-igor-tudor-le-nouvel-entraineur-de-lom\/#primaryimage"},"datePublished":"2022-07-05T01:03:31+00:00","dateModified":"2022-07-05T01:03:31+00:00","author":{"@id":"https:\/\/www.nettali.com\/#\/schema\/person\/bb147657c2986240405a608162b9bb23"},"breadcrumb":{"@id":"https:\/\/www.nettali.com\/2022\/07\/05\/mercato-igor-tudor-le-nouvel-entraineur-de-lom\/#breadcrumb"},"inLanguage":"fr-FR","potentialAction":[{"@type":"ReadAction","target":["https:\/\/www.nettali.com\/2022\/07\/05\/mercato-igor-tudor-le-nouvel-entraineur-de-lom\/"]}]},{"@type":"BreadcrumbList","@id":"https:\/\/www.nettali.com\/2022\/07\/05\/mercato-igor-tudor-le-nouvel-entraineur-de-lom\/#breadcrumb","itemListElement":[{"@type":"ListItem","position":1,"name":"Accueil","item":"https:\/\/www.nettali.com\/"},{"@type":"ListItem","position":2,"name":"MERCATO - Igor Tudor le nouvel entra\u00eeneur de l'OM"}]},{"@type":"Person","@id":"https:\/\/www.nettali.com\/#\/schema\/person\/bb147657c2986240405a608162b9bb23","name":"Ibrahima","image":{"@type":"ImageObject","@id":"https:\/\/www.nettali.com\/#personlogo","inLanguage":"fr-FR","url":"https:\/\/secure.gravatar.com\/avatar\/26a8a81f09f0dd7624c9d5c36c9ba3a2?s=96&d=mm&r=g","contentUrl":"https:\/\/secure.gravatar.com\/avatar\/26a8a81f09f0dd7624c9d5c36c9ba3a2?s=96&d=mm&r=g","caption":"Ibrahima"},"sameAs":["https:\/\/www.nettali.com"]}]}},"_links":{"self":[{"href":"https:\/\/www.nettali.com\/rest\/wp\/v2\/posts\/89232"}],"collection":[{"href":"https:\/\/www.nettali.com\/rest\/wp\/v2\/posts"}],"about":[{"href":"https:\/\/www.nettali.com\/rest\/wp\/v2\/types\/post"}],"author":[{"embeddable":true,"href":"https:\/\/www.nettali.com\/rest\/wp\/v2\/users\/5"}],"replies":[{"embeddable":true,"href":"https:\/\/www.nettali.com\/rest\/wp\/v2\/comments?post=89232"}],"version-history":[{"count":1,"href":"https:\/\/www.nettali.com\/rest\/wp\/v2\/posts\/89232\/revisions"}],"predecessor-version":[{"id":89234,"href":"https:\/\/www.nettali.com\/rest\/wp\/v2\/posts\/89232\/revisions\/89234"}],"wp:featuredmedia":[{"embeddable":true,"href":"https:\/\/www.nettali.com\/rest\/wp\/v2\/media\/89233"}],"wp:attachment":[{"href":"https:\/\/www.nettali.com\/rest\/wp\/v2\/media?parent=89232"}],"wp:term":[{"taxonomy":"category","embeddable":true,"href":"https:\/\/www.nettali.com\/rest\/wp\/v2\/categories?post=89232"},{"taxonomy":"post_tag","embeddable":true,"href":"https:\/\/www.nettali.com\/rest\/wp\/v2\/tags?post=89232"}],"curies":[{"name":"wp","href":"https:\/\/api.w.org\/{rel}","templated":true}]}}