{"id":89009,"date":"2022-07-01T00:48:44","date_gmt":"2022-07-01T00:48:44","guid":{"rendered":"https:\/\/www.nettali.com\/?p=89009"},"modified":"2022-07-01T00:48:44","modified_gmt":"2022-07-01T00:48:44","slug":"derniere-session-de-lassemblee-nationale-les-adieux-de-moustapha-niasse-aux-deputes","status":"publish","type":"post","link":"https:\/\/www.nettali.com\/2022\/07\/01\/derniere-session-de-lassemblee-nationale-les-adieux-de-moustapha-niasse-aux-deputes\/","title":{"rendered":"DERNIERE SESSION DE L'ASSEMBLEE NATIONALE- Les adieux de Moustapha Niasse aux d\u00e9put\u00e9s"},"content":{"rendered":"<p><strong>NETTALI.COM- La treizi\u00e8me l\u00e9gislature a tenu sa derni\u00e8re s\u00e9ance ce jeudi 30 juin 2022. Moustapha Niass qui a pr\u00e9sid\u00e9 la s\u00e9ance, notamment sa derni\u00e8re a fait ses adieux, apr\u00e8s 10 ans pass\u00e9s \u00e0 la t\u00eate de l\u2019institution parlementaire.<\/strong><\/p>\n<p>L\u2019Assembl\u00e9e nationale du S\u00e9n\u00e9gal a tenu ce jeudi 30 juin 2022 sa session ordinaire annuelle. Ainsi les d\u00e9put\u00e9s de la treizi\u00e8me l\u00e9gislature ont-ils tenu leur derni\u00e8re session avec le d\u00e9bat d\u2019orientation budg\u00e9taire 2022, en pr\u00e9sence du ministre des Finances et du Budget, Abdoulaye Daouda Diallo. A l'occasion, Moustapha Niasse a fait ses adieux apr\u00e8s 10 ans \u00e0 la t\u00eate de la pr\u00e9sidence de l\u2019h\u00e9micycle.<\/p>\n<p>\u00ab<em> Je vous quitte sans vous quitter.\u00a0Le c\u0153ur sera toujours avec moi. Donc, vous d\u00e9put\u00e9s de l\u2019opposition et de la majorit\u00e9, vous serez toujours dans mon c\u0153ur. Je serai toujours avec vous tant que je vivrai. La retraite n\u2019est pas la fin d\u2019une vie. Au contraire, c\u2019est une nouvelle vie qui commence et qui est aliment\u00e9e \u00e0 la fontaine in\u00e9puisable de l\u2019exp\u00e9rience, du savoir et surtout de l\u2019ouverture pour aider tous ceux qui en auront besoin<\/em> \u00bb, a d\u00e9clar\u00e9 Moustapha Niasse sous les applaudissements nourris des d\u00e9put\u00e9s de la majorit\u00e9 pr\u00e9sidentielle, l\u2019opposition parlementaire \u00e9tant absente \u00e0 l\u2019exception de Serigne Moustapha Sy Djamil.<\/p>\n<p>Poursuivant son discours, la seconde personnalit\u00e9 du pays a rendu un hommage au pr\u00e9sident de la R\u00e9publique, Macky Sall. Tout en magnifiant la confiance qu\u2019il lui a toujours accord\u00e9e, Moustapha Niasse soutient\u00a0: \u00ab <em>je lui renouvelle mon amiti\u00e9, je lui renouvelle ma confiance et mon engagement dans le combat qu\u2019il m\u00e8ne chaque jour pour le S\u00e9n\u00e9gal et les S\u00e9n\u00e9galais. Le Pr\u00e9sident de la r\u00e9publique est une institution et c\u2019est Dieu qui lui accord\u00e9. Il n\u2019y a que Lui qui peut reprendre le pouvoir<\/em> \u00bb.<\/p>\n<p>Par ailleurs, Moustapha Niasse s\u2019est prononc\u00e9 sur la situation politique. Il a d\u2019abord relev\u00e9 que \u00ab<em>\u00a0la d\u00e9mocratie implique qu\u2019on \u00e9coute tout le monde, que l\u2019on tienne compte des avis des uns et des autres dans l\u2019ouverture, dans la transparence et dans le calme et la s\u00e9r\u00e9nit\u00e9<\/em>\u00a0\u00bb. Aussi s\u2019est-il r\u00e9joui des diff\u00e9rentes m\u00e9diations qui ont pouss\u00e9 les membres de l\u2019opposition r\u00e9unis autour de la coalition Yewwi Askan Wi \u00e0 renoncer \u00e0 leur manifestation annonc\u00e9e mercredi dernier.<\/p>\n<p>Dans la m\u00eame veine, il a pri\u00e9 pour des \u00e9lections l\u00e9gislatives calmes non sans souligner que le dernier mot revient au peuple. \u00ab<em> C\u2019est le peuple qui d\u00e9cidera et qui choisira mais, je ne souhaite pas qu\u2019il ait une assembl\u00e9e monocolore. L\u2019assembl\u00e9e doit \u00eatre plurielle avec une majorit\u00e9 parlementaire.\u00a0 L\u2019opposant n\u2019est pas un ennemi. Nous devons nous respecter mutuellement<\/em> \u00bb, d\u00e9clare M. Niass tout en souhaitant la victoire \u00e0 la majorit\u00e9 pr\u00e9sidentielle.<\/p>\n<div class='share-to-whatsapp-wrapper'><div class='share-on-whsp'>PARTAGER SUR : <\/div><a data-text='DERNIERE SESSION DE L'ASSEMBLEE NATIONALE- Les adieux de Moustapha Niasse aux d\u00e9put\u00e9s' data-link='https:\/\/www.nettali.com\/2022\/07\/01\/derniere-session-de-lassemblee-nationale-les-adieux-de-moustapha-niasse-aux-deputes\/' class='whatsapp-button whatsapp-share'>WhatsApp<\/a><div class='clear '><\/div><\/div>","protected":false},"excerpt":{"rendered":"<p>NETTALI.COM- La treizi\u00e8me l\u00e9gislature a tenu sa derni\u00e8re s\u00e9ance ce jeudi 30 juin 2022. Moustapha Niass qui a pr\u00e9sid\u00e9 la s\u00e9ance, notamment sa derni\u00e8re a fait ses adieux, apr\u00e8s 10 ans pass\u00e9s \u00e0 la t\u00eate de l\u2019institution parlementaire. L\u2019Assembl\u00e9e nationale du S\u00e9n\u00e9gal a tenu ce jeudi 30 juin 2022 sa session ordinaire annuelle. Ainsi les [&hellip;]<\/p>\n","protected":false},"author":6,"featured_media":48217,"comment_status":"open","ping_status":"open","sticky":false,"template":"","format":"standard","meta":{"_et_pb_use_builder":"","_et_pb_old_content":""},"categories":[2],"tags":[],"yoast_head":"<!-- This site is optimized with the Yoast SEO Premium plugin v17.8 (Yoast SEO v17.8) - https:\/\/yoast.com\/wordpress\/plugins\/seo\/ -->\n<title>DERNIERE SESSION DE L&#039;ASSEMBLEE NATIONALE- Les adieux de Moustapha Niasse aux d\u00e9put\u00e9s | Nettali.com<\/title>\n<meta name=\"robots\" content=\"index, follow, max-snippet:-1, max-image-preview:large, max-video-preview:-1\" \/>\n<link rel=\"canonical\" href=\"https:\/\/www.nettali.com\/2022\/07\/01\/derniere-session-de-lassemblee-nationale-les-adieux-de-moustapha-niasse-aux-deputes\/\" \/>\n<meta property=\"og:locale\" content=\"fr_FR\" \/>\n<meta property=\"og:type\" content=\"article\" \/>\n<meta property=\"og:title\" content=\"DERNIERE SESSION DE L&#039;ASSEMBLEE NATIONALE- Les adieux de Moustapha Niasse aux d\u00e9put\u00e9s\" \/>\n<meta property=\"og:description\" content=\"NETTALI.COM- La treizi\u00e8me l\u00e9gislature a tenu sa derni\u00e8re s\u00e9ance ce jeudi 30 juin 2022. Moustapha Niass qui a pr\u00e9sid\u00e9 la s\u00e9ance, notamment sa derni\u00e8re a fait ses adieux, apr\u00e8s 10 ans pass\u00e9s \u00e0 la t\u00eate de l\u2019institution parlementaire. L\u2019Assembl\u00e9e nationale du S\u00e9n\u00e9gal a tenu ce jeudi 30 juin 2022 sa session ordinaire annuelle. Ainsi les [&hellip;]\" \/>\n<meta property=\"og:url\" content=\"https:\/\/www.nettali.com\/2022\/07\/01\/derniere-session-de-lassemblee-nationale-les-adieux-de-moustapha-niasse-aux-deputes\/\" \/>\n<meta property=\"og:site_name\" content=\"Nettali.com\" \/>\n<meta property=\"article:publisher\" content=\"https:\/\/www.facebook.com\/nettalicom\" \/>\n<meta property=\"article:published_time\" content=\"2022-07-01T00:48:44+00:00\" \/>\n<meta property=\"og:image\" content=\"https:\/\/www.nettali.com\/wp-content\/uploads\/2020\/10\/niasse_assemblee_2_0.jpg\" \/>\n\t<meta property=\"og:image:width\" content=\"600\" \/>\n\t<meta property=\"og:image:height\" content=\"400\" \/>\n<meta name=\"twitter:card\" content=\"summary_large_image\" \/>\n<meta name=\"twitter:label1\" content=\"\u00c9crit par\" \/>\n\t<meta name=\"twitter:data1\" content=\"Fatou\" \/>\n\t<meta name=\"twitter:label2\" content=\"Dur\u00e9e de lecture estim\u00e9e\" \/>\n\t<meta name=\"twitter:data2\" content=\"3 minutes\" \/>\n<script type=\"application\/ld+json\" class=\"yoast-schema-graph\">{\"@context\":\"https:\/\/schema.org\",\"@graph\":[{\"@type\":\"WebSite\",\"@id\":\"https:\/\/www.nettali.com\/#website\",\"url\":\"https:\/\/www.nettali.com\/\",\"name\":\"Nettali.com\",\"description\":\"Le rendez-vous critique du Net\",\"potentialAction\":[{\"@type\":\"SearchAction\",\"target\":{\"@type\":\"EntryPoint\",\"urlTemplate\":\"https:\/\/www.nettali.com\/?s={search_term_string}\"},\"query-input\":\"required name=search_term_string\"}],\"inLanguage\":\"fr-FR\"},{\"@type\":\"ImageObject\",\"@id\":\"https:\/\/www.nettali.com\/2022\/07\/01\/derniere-session-de-lassemblee-nationale-les-adieux-de-moustapha-niasse-aux-deputes\/#primaryimage\",\"inLanguage\":\"fr-FR\",\"url\":\"https:\/\/www.nettali.com\/wp-content\/uploads\/2020\/10\/niasse_assemblee_2_0.jpg\",\"contentUrl\":\"https:\/\/www.nettali.com\/wp-content\/uploads\/2020\/10\/niasse_assemblee_2_0.jpg\",\"width\":600,\"height\":400},{\"@type\":\"WebPage\",\"@id\":\"https:\/\/www.nettali.com\/2022\/07\/01\/derniere-session-de-lassemblee-nationale-les-adieux-de-moustapha-niasse-aux-deputes\/#webpage\",\"url\":\"https:\/\/www.nettali.com\/2022\/07\/01\/derniere-session-de-lassemblee-nationale-les-adieux-de-moustapha-niasse-aux-deputes\/\",\"name\":\"DERNIERE SESSION DE L'ASSEMBLEE NATIONALE- Les adieux de Moustapha Niasse aux d\\u00e9put\\u00e9s | Nettali.com\",\"isPartOf\":{\"@id\":\"https:\/\/www.nettali.com\/#website\"},\"primaryImageOfPage\":{\"@id\":\"https:\/\/www.nettali.com\/2022\/07\/01\/derniere-session-de-lassemblee-nationale-les-adieux-de-moustapha-niasse-aux-deputes\/#primaryimage\"},\"datePublished\":\"2022-07-01T00:48:44+00:00\",\"dateModified\":\"2022-07-01T00:48:44+00:00\",\"author\":{\"@id\":\"https:\/\/www.nettali.com\/#\/schema\/person\/418274a86bdf87caff7a3ef476bd0bbf\"},\"breadcrumb\":{\"@id\":\"https:\/\/www.nettali.com\/2022\/07\/01\/derniere-session-de-lassemblee-nationale-les-adieux-de-moustapha-niasse-aux-deputes\/#breadcrumb\"},\"inLanguage\":\"fr-FR\",\"potentialAction\":[{\"@type\":\"ReadAction\",\"target\":[\"https:\/\/www.nettali.com\/2022\/07\/01\/derniere-session-de-lassemblee-nationale-les-adieux-de-moustapha-niasse-aux-deputes\/\"]}]},{\"@type\":\"BreadcrumbList\",\"@id\":\"https:\/\/www.nettali.com\/2022\/07\/01\/derniere-session-de-lassemblee-nationale-les-adieux-de-moustapha-niasse-aux-deputes\/#breadcrumb\",\"itemListElement\":[{\"@type\":\"ListItem\",\"position\":1,\"name\":\"Accueil\",\"item\":\"https:\/\/www.nettali.com\/\"},{\"@type\":\"ListItem\",\"position\":2,\"name\":\"DERNIERE SESSION DE L'ASSEMBLEE NATIONALE- Les adieux de Moustapha Niasse aux d\\u00e9put\\u00e9s\"}]},{\"@type\":\"Person\",\"@id\":\"https:\/\/www.nettali.com\/#\/schema\/person\/418274a86bdf87caff7a3ef476bd0bbf\",\"name\":\"Fatou\",\"image\":{\"@type\":\"ImageObject\",\"@id\":\"https:\/\/www.nettali.com\/#personlogo\",\"inLanguage\":\"fr-FR\",\"url\":\"https:\/\/secure.gravatar.com\/avatar\/5a9442a2bee7b4dcf167cab035858e9a?s=96&d=mm&r=g\",\"contentUrl\":\"https:\/\/secure.gravatar.com\/avatar\/5a9442a2bee7b4dcf167cab035858e9a?s=96&d=mm&r=g\",\"caption\":\"Fatou\"},\"sameAs\":[\"https:\/\/www.nettali.com\"]}]}<\/script>\n<!-- \/ Yoast SEO Premium plugin. -->","yoast_head_json":{"title":"DERNIERE SESSION DE L'ASSEMBLEE NATIONALE- Les adieux de Moustapha Niasse aux d\u00e9put\u00e9s | Nettali.com","robots":{"index":"index","follow":"follow","max-snippet":"max-snippet:-1","max-image-preview":"max-image-preview:large","max-video-preview":"max-video-preview:-1"},"canonical":"https:\/\/www.nettali.com\/2022\/07\/01\/derniere-session-de-lassemblee-nationale-les-adieux-de-moustapha-niasse-aux-deputes\/","og_locale":"fr_FR","og_type":"article","og_title":"DERNIERE SESSION DE L'ASSEMBLEE NATIONALE- Les adieux de Moustapha Niasse aux d\u00e9put\u00e9s","og_description":"NETTALI.COM- La treizi\u00e8me l\u00e9gislature a tenu sa derni\u00e8re s\u00e9ance ce jeudi 30 juin 2022. Moustapha Niass qui a pr\u00e9sid\u00e9 la s\u00e9ance, notamment sa derni\u00e8re a fait ses adieux, apr\u00e8s 10 ans pass\u00e9s \u00e0 la t\u00eate de l\u2019institution parlementaire. L\u2019Assembl\u00e9e nationale du S\u00e9n\u00e9gal a tenu ce jeudi 30 juin 2022 sa session ordinaire annuelle. Ainsi les [&hellip;]","og_url":"https:\/\/www.nettali.com\/2022\/07\/01\/derniere-session-de-lassemblee-nationale-les-adieux-de-moustapha-niasse-aux-deputes\/","og_site_name":"Nettali.com","article_publisher":"https:\/\/www.facebook.com\/nettalicom","article_published_time":"2022-07-01T00:48:44+00:00","og_image":[{"width":600,"height":400,"url":"https:\/\/www.nettali.com\/wp-content\/uploads\/2020\/10\/niasse_assemblee_2_0.jpg","type":"image\/jpeg"}],"twitter_card":"summary_large_image","twitter_misc":{"\u00c9crit par":"Fatou","Dur\u00e9e de lecture estim\u00e9e":"3 minutes"},"schema":{"@context":"https:\/\/schema.org","@graph":[{"@type":"WebSite","@id":"https:\/\/www.nettali.com\/#website","url":"https:\/\/www.nettali.com\/","name":"Nettali.com","description":"Le rendez-vous critique du Net","potentialAction":[{"@type":"SearchAction","target":{"@type":"EntryPoint","urlTemplate":"https:\/\/www.nettali.com\/?s={search_term_string}"},"query-input":"required name=search_term_string"}],"inLanguage":"fr-FR"},{"@type":"ImageObject","@id":"https:\/\/www.nettali.com\/2022\/07\/01\/derniere-session-de-lassemblee-nationale-les-adieux-de-moustapha-niasse-aux-deputes\/#primaryimage","inLanguage":"fr-FR","url":"https:\/\/www.nettali.com\/wp-content\/uploads\/2020\/10\/niasse_assemblee_2_0.jpg","contentUrl":"https:\/\/www.nettali.com\/wp-content\/uploads\/2020\/10\/niasse_assemblee_2_0.jpg","width":600,"height":400},{"@type":"WebPage","@id":"https:\/\/www.nettali.com\/2022\/07\/01\/derniere-session-de-lassemblee-nationale-les-adieux-de-moustapha-niasse-aux-deputes\/#webpage","url":"https:\/\/www.nettali.com\/2022\/07\/01\/derniere-session-de-lassemblee-nationale-les-adieux-de-moustapha-niasse-aux-deputes\/","name":"DERNIERE SESSION DE L'ASSEMBLEE NATIONALE- Les adieux de Moustapha Niasse aux d\u00e9put\u00e9s | Nettali.com","isPartOf":{"@id":"https:\/\/www.nettali.com\/#website"},"primaryImageOfPage":{"@id":"https:\/\/www.nettali.com\/2022\/07\/01\/derniere-session-de-lassemblee-nationale-les-adieux-de-moustapha-niasse-aux-deputes\/#primaryimage"},"datePublished":"2022-07-01T00:48:44+00:00","dateModified":"2022-07-01T00:48:44+00:00","author":{"@id":"https:\/\/www.nettali.com\/#\/schema\/person\/418274a86bdf87caff7a3ef476bd0bbf"},"breadcrumb":{"@id":"https:\/\/www.nettali.com\/2022\/07\/01\/derniere-session-de-lassemblee-nationale-les-adieux-de-moustapha-niasse-aux-deputes\/#breadcrumb"},"inLanguage":"fr-FR","potentialAction":[{"@type":"ReadAction","target":["https:\/\/www.nettali.com\/2022\/07\/01\/derniere-session-de-lassemblee-nationale-les-adieux-de-moustapha-niasse-aux-deputes\/"]}]},{"@type":"BreadcrumbList","@id":"https:\/\/www.nettali.com\/2022\/07\/01\/derniere-session-de-lassemblee-nationale-les-adieux-de-moustapha-niasse-aux-deputes\/#breadcrumb","itemListElement":[{"@type":"ListItem","position":1,"name":"Accueil","item":"https:\/\/www.nettali.com\/"},{"@type":"ListItem","position":2,"name":"DERNIERE SESSION DE L'ASSEMBLEE NATIONALE- Les adieux de Moustapha Niasse aux d\u00e9put\u00e9s"}]},{"@type":"Person","@id":"https:\/\/www.nettali.com\/#\/schema\/person\/418274a86bdf87caff7a3ef476bd0bbf","name":"Fatou","image":{"@type":"ImageObject","@id":"https:\/\/www.nettali.com\/#personlogo","inLanguage":"fr-FR","url":"https:\/\/secure.gravatar.com\/avatar\/5a9442a2bee7b4dcf167cab035858e9a?s=96&d=mm&r=g","contentUrl":"https:\/\/secure.gravatar.com\/avatar\/5a9442a2bee7b4dcf167cab035858e9a?s=96&d=mm&r=g","caption":"Fatou"},"sameAs":["https:\/\/www.nettali.com"]}]}},"_links":{"self":[{"href":"https:\/\/www.nettali.com\/rest\/wp\/v2\/posts\/89009"}],"collection":[{"href":"https:\/\/www.nettali.com\/rest\/wp\/v2\/posts"}],"about":[{"href":"https:\/\/www.nettali.com\/rest\/wp\/v2\/types\/post"}],"author":[{"embeddable":true,"href":"https:\/\/www.nettali.com\/rest\/wp\/v2\/users\/6"}],"replies":[{"embeddable":true,"href":"https:\/\/www.nettali.com\/rest\/wp\/v2\/comments?post=89009"}],"version-history":[{"count":3,"href":"https:\/\/www.nettali.com\/rest\/wp\/v2\/posts\/89009\/revisions"}],"predecessor-version":[{"id":89012,"href":"https:\/\/www.nettali.com\/rest\/wp\/v2\/posts\/89009\/revisions\/89012"}],"wp:featuredmedia":[{"embeddable":true,"href":"https:\/\/www.nettali.com\/rest\/wp\/v2\/media\/48217"}],"wp:attachment":[{"href":"https:\/\/www.nettali.com\/rest\/wp\/v2\/media?parent=89009"}],"wp:term":[{"taxonomy":"category","embeddable":true,"href":"https:\/\/www.nettali.com\/rest\/wp\/v2\/categories?post=89009"},{"taxonomy":"post_tag","embeddable":true,"href":"https:\/\/www.nettali.com\/rest\/wp\/v2\/tags?post=89009"}],"curies":[{"name":"wp","href":"https:\/\/api.w.org\/{rel}","templated":true}]}}