{"id":88970,"date":"2022-06-30T10:37:25","date_gmt":"2022-06-30T10:37:25","guid":{"rendered":"https:\/\/www.nettali.com\/?p=88970"},"modified":"2022-07-01T06:42:40","modified_gmt":"2022-07-01T06:42:40","slug":"contentieux-pre-electoral-babacar-ngom-au-coeur-de-la-mediation","status":"publish","type":"post","link":"https:\/\/www.nettali.com\/2022\/06\/30\/contentieux-pre-electoral-babacar-ngom-au-coeur-de-la-mediation\/","title":{"rendered":"CONTENTIEUX PRE-ELECTORAL \u2013 Babacar Ngom au c\u0153ur de la m\u00e9diation"},"content":{"rendered":"<p><b>NETTALI.COM - La pr\u00e9sence de l'homme d'affaires Babacar Ngom, hier 29 juin, \u00e0 la conf\u00e9rence de presse de Yewwi askan wi a charri\u00e9 quelque suspicion. Cependant, un d\u00e9voilement progressif de la v\u00e9rit\u00e9\u00a0 \u00e0 ce sujet fait savoir qu'en fait, le patron de la Sedima y \u00e9tait en m\u00e9diateur, tout comme Alioune Tine et d\u2019autres. Selon les informations de emedia, ils ont rencontr\u00e9 une haute autorit\u00e9 religieuse dont le message a pes\u00e9 sur la balance. Aussi, se sont-ils entretenus avec le ministre de l\u2019Int\u00e9rieur et les leaders de Yewwi.<\/b><\/p>\n<p>Si Yewwi askan wi a vite fait, par la voix de Ousmane Sonko, de calmer le jeu en assurant \u00e0 ses hommes qu\u2019il n\u2019y a rien \u00e0 craindre, c\u2019est qu\u2019il y a eu de bonnes volont\u00e9s, soucieuses de pr\u00e9server la paix qui ont pris leur b\u00e2ton de p\u00e8lerin. La r\u00e9v\u00e9lation est port\u00e9e par le site du groupe EMEDIA.<\/p>\n<p>Parmi eux, renseigne-t-on, il y a Babacar Ngom et Alioune Tine. Selon notre source, ils n\u2019ont m\u00e9nag\u00e9 aucun effort pour que le 29 juin ne soit pas ce que tout le monde, ou presque, craignait. Aucune option n\u2019a \u00e9t\u00e9 n\u00e9glig\u00e9e pour convaincre, ou dissuader, les deux parties, mais surtout Ousmane Sonko et Cie. \"Les m\u00e9diateurs se sont entour\u00e9s de toute la discr\u00e9tion requise pour ne rien laisser suinter de leurs d\u00e9marches, leurs contacts, leurs r\u00e9sultats. Et c\u2019est sans surprise, puisque les deux ont d\u00e9j\u00e0 le profil pour cette t\u00e2che si d\u00e9licate, si sensible. Qui donc serait mieux plac\u00e9 que le patron de Sedima pour \u00ab couver \u00bb, comme ses poussins, des politiques agit\u00e9s, pour faire \u00e9clore la paix ? Qui donc serait plus outill\u00e9 que l\u2019ic\u00f4ne de la soci\u00e9t\u00e9 civile s\u00e9n\u00e9galaise, Alioune Tine, qui a souvent jou\u00e9 un r\u00f4le d\u00e9terminant au S\u00e9n\u00e9gal et en Afrique entre des oppositions et des r\u00e9gimes au pouvoir ?\", s'interroge le journal.<\/p>\n<p>Poursuivant son r\u00e9cit, emedia pr\u00e9cise : \"C\u2019est ainsi que Ngom, Tine et d\u2019autres ont fait valoir leur r\u00e9putation, leur poids, leurs carnets d\u2019adresses, pour baisser la tension. Ils ont \u00e9t\u00e9 ces derniers jours entre plusieurs zones. De sources concordantes, ils ont \u00e9t\u00e9 re\u00e7us nuitamment, lundi, loin des yeux et des oreilles des plus proches par une haute autorit\u00e9 religieuse. L\u2019on ignore le contenu des \u00e9changes, mais ce qui est clair, c\u2019est qu\u2019ils ont eu la b\u00e9n\u00e9diction du chef religieux. Et \u00e0 la limite, c\u2019\u00e9tait un message \u00e0 transmettre aux leaders de l\u2019opposition et aux autorit\u00e9s \u00e9tatiques\".<\/p>\n<p><strong>Rencontres avec le ministre de l\u2019Int\u00e9rieur, puis avec Yewwi<\/strong><\/p>\n<p>\"L\u2019influence des religieux, pr\u00e9cise-t-on encore, ne serait pas surprenante d\u2019autant plus que lors des \u00e9v\u00e9nements de mars 2021, ils avaient jou\u00e9 un r\u00f4le \u00e9minent pour mettre fin aux violentes manifestations qui avaient caus\u00e9 la mort de 14 personnes. A l\u2019\u00e9poque, le khalife g\u00e9n\u00e9ral des mourides s\u2019\u00e9tait particuli\u00e8rement distingu\u00e9 par son sens de la paix. Et \u00e0 chaque r\u00e9union du Mouvement pour la d\u00e9fense de la d\u00e9mocratie (M2D), qui d\u00e9fendait Ousmane Sonko, Serigne Mountakha a envoy\u00e9 des \u00e9missaires pour porter son message. C\u2019est dans la m\u00eame veine que les m\u00e9diateurs ont rencontr\u00e9 le ministre de l\u2019Int\u00e9rieur, Antoine Diome. Il \u00e9tait sans doute plus difficile pour l\u2019Etat, de reculer apr\u00e8s avoir mis en avant l\u2019article L. 61 pour interdire la manifestation du 17 juin. Et les arguments de \u00ab risques r\u00e9els \u00bb ou \u00ab graves \u00bb de troubles \u00e0 l\u2019ordre public auraient \u00e9t\u00e9 pris en compte\".<\/p>\n<p>\"Apr\u00e8s Place Washington, Babacar Ngom, Alioune Tine et Cie ont rencontr\u00e9 Yewwi askan wi peu avant sa conf\u00e9rence de presse pour officialiser le report de la manifestation pr\u00e9vue \u00e0 15h. Mais il se dit que l\u2019accord de principe \u00e9tait acquis. Cette m\u00e9diation concluante de MM. Ngom et Tine, qui a abouti au report de la manifestation de Yewwi et \u00e0 son acceptation d\u2019aller aux L\u00e9gislatives avec leur liste de suppl\u00e9ants, pourrait aller plus loin. En effet, les m\u00e9diateurs n\u2019excluent pas de rencontrer le chef de l\u2019Etat lui-m\u00eame pour consolider ce climat pacifique retrouv\u00e9, mais aussi pour obtenir, peut-\u00eatre, des concessions que l\u2019opposition pourraient poser sur la table des n\u00e9gociations\", a ajout\u00e9 notre source.<\/p>\n<div class='share-to-whatsapp-wrapper'><div class='share-on-whsp'>PARTAGER SUR : <\/div><a data-text='CONTENTIEUX PRE-ELECTORAL \u2013 Babacar Ngom au c\u0153ur de la m\u00e9diation' data-link='https:\/\/www.nettali.com\/2022\/06\/30\/contentieux-pre-electoral-babacar-ngom-au-coeur-de-la-mediation\/' class='whatsapp-button whatsapp-share'>WhatsApp<\/a><div class='clear '><\/div><\/div>","protected":false},"excerpt":{"rendered":"<p>NETTALI.COM - La pr\u00e9sence de l'homme d'affaires Babacar Ngom, hier 29 juin, \u00e0 la conf\u00e9rence de presse de Yewwi askan wi a charri\u00e9 quelque suspicion. Cependant, un d\u00e9voilement progressif de la v\u00e9rit\u00e9\u00a0 \u00e0 ce sujet fait savoir qu'en fait, le patron de la Sedima y \u00e9tait en m\u00e9diateur, tout comme Alioune Tine et d\u2019autres. Selon [&hellip;]<\/p>\n","protected":false},"author":11,"featured_media":88971,"comment_status":"open","ping_status":"open","sticky":false,"template":"","format":"standard","meta":{"_et_pb_use_builder":"","_et_pb_old_content":""},"categories":[2],"tags":[],"yoast_head":"<!-- This site is optimized with the Yoast SEO Premium plugin v17.8 (Yoast SEO v17.8) - https:\/\/yoast.com\/wordpress\/plugins\/seo\/ -->\n<title>CONTENTIEUX PRE-ELECTORAL \u2013 Babacar Ngom au c\u0153ur de la m\u00e9diation | Nettali.com<\/title>\n<meta name=\"robots\" content=\"index, follow, max-snippet:-1, max-image-preview:large, max-video-preview:-1\" \/>\n<link rel=\"canonical\" href=\"https:\/\/www.nettali.com\/2022\/06\/30\/contentieux-pre-electoral-babacar-ngom-au-coeur-de-la-mediation\/\" \/>\n<meta property=\"og:locale\" content=\"fr_FR\" \/>\n<meta property=\"og:type\" content=\"article\" \/>\n<meta property=\"og:title\" content=\"CONTENTIEUX PRE-ELECTORAL \u2013 Babacar Ngom au c\u0153ur de la m\u00e9diation\" \/>\n<meta property=\"og:description\" content=\"NETTALI.COM - La pr\u00e9sence de l&#039;homme d&#039;affaires Babacar Ngom, hier 29 juin, \u00e0 la conf\u00e9rence de presse de Yewwi askan wi a charri\u00e9 quelque suspicion. Cependant, un d\u00e9voilement progressif de la v\u00e9rit\u00e9\u00a0 \u00e0 ce sujet fait savoir qu&#039;en fait, le patron de la Sedima y \u00e9tait en m\u00e9diateur, tout comme Alioune Tine et d\u2019autres. Selon [&hellip;]\" \/>\n<meta property=\"og:url\" content=\"https:\/\/www.nettali.com\/2022\/06\/30\/contentieux-pre-electoral-babacar-ngom-au-coeur-de-la-mediation\/\" \/>\n<meta property=\"og:site_name\" content=\"Nettali.com\" \/>\n<meta property=\"article:publisher\" content=\"https:\/\/www.facebook.com\/nettalicom\" \/>\n<meta property=\"article:published_time\" content=\"2022-06-30T10:37:25+00:00\" \/>\n<meta property=\"article:modified_time\" content=\"2022-07-01T06:42:40+00:00\" \/>\n<meta property=\"og:image\" content=\"https:\/\/www.nettali.com\/wp-content\/uploads\/2022\/06\/sedi.jpg\" \/>\n\t<meta property=\"og:image:width\" content=\"755\" \/>\n\t<meta property=\"og:image:height\" content=\"449\" \/>\n<meta name=\"twitter:card\" content=\"summary_large_image\" \/>\n<meta name=\"twitter:label1\" content=\"\u00c9crit par\" \/>\n\t<meta name=\"twitter:data1\" content=\"Thierno Diop\" \/>\n\t<meta name=\"twitter:label2\" content=\"Dur\u00e9e de lecture estim\u00e9e\" \/>\n\t<meta name=\"twitter:data2\" content=\"4 minutes\" \/>\n<script type=\"application\/ld+json\" class=\"yoast-schema-graph\">{\"@context\":\"https:\/\/schema.org\",\"@graph\":[{\"@type\":\"WebSite\",\"@id\":\"https:\/\/www.nettali.com\/#website\",\"url\":\"https:\/\/www.nettali.com\/\",\"name\":\"Nettali.com\",\"description\":\"Le rendez-vous critique du Net\",\"potentialAction\":[{\"@type\":\"SearchAction\",\"target\":{\"@type\":\"EntryPoint\",\"urlTemplate\":\"https:\/\/www.nettali.com\/?s={search_term_string}\"},\"query-input\":\"required name=search_term_string\"}],\"inLanguage\":\"fr-FR\"},{\"@type\":\"ImageObject\",\"@id\":\"https:\/\/www.nettali.com\/2022\/06\/30\/contentieux-pre-electoral-babacar-ngom-au-coeur-de-la-mediation\/#primaryimage\",\"inLanguage\":\"fr-FR\",\"url\":\"https:\/\/www.nettali.com\/wp-content\/uploads\/2022\/06\/sedi.jpg\",\"contentUrl\":\"https:\/\/www.nettali.com\/wp-content\/uploads\/2022\/06\/sedi.jpg\",\"width\":755,\"height\":449},{\"@type\":\"WebPage\",\"@id\":\"https:\/\/www.nettali.com\/2022\/06\/30\/contentieux-pre-electoral-babacar-ngom-au-coeur-de-la-mediation\/#webpage\",\"url\":\"https:\/\/www.nettali.com\/2022\/06\/30\/contentieux-pre-electoral-babacar-ngom-au-coeur-de-la-mediation\/\",\"name\":\"CONTENTIEUX PRE-ELECTORAL \\u2013 Babacar Ngom au c\\u0153ur de la m\\u00e9diation | Nettali.com\",\"isPartOf\":{\"@id\":\"https:\/\/www.nettali.com\/#website\"},\"primaryImageOfPage\":{\"@id\":\"https:\/\/www.nettali.com\/2022\/06\/30\/contentieux-pre-electoral-babacar-ngom-au-coeur-de-la-mediation\/#primaryimage\"},\"datePublished\":\"2022-06-30T10:37:25+00:00\",\"dateModified\":\"2022-07-01T06:42:40+00:00\",\"author\":{\"@id\":\"https:\/\/www.nettali.com\/#\/schema\/person\/8a06c6bd7b19304cf4bf985862900b5b\"},\"breadcrumb\":{\"@id\":\"https:\/\/www.nettali.com\/2022\/06\/30\/contentieux-pre-electoral-babacar-ngom-au-coeur-de-la-mediation\/#breadcrumb\"},\"inLanguage\":\"fr-FR\",\"potentialAction\":[{\"@type\":\"ReadAction\",\"target\":[\"https:\/\/www.nettali.com\/2022\/06\/30\/contentieux-pre-electoral-babacar-ngom-au-coeur-de-la-mediation\/\"]}]},{\"@type\":\"BreadcrumbList\",\"@id\":\"https:\/\/www.nettali.com\/2022\/06\/30\/contentieux-pre-electoral-babacar-ngom-au-coeur-de-la-mediation\/#breadcrumb\",\"itemListElement\":[{\"@type\":\"ListItem\",\"position\":1,\"name\":\"Accueil\",\"item\":\"https:\/\/www.nettali.com\/\"},{\"@type\":\"ListItem\",\"position\":2,\"name\":\"CONTENTIEUX PRE-ELECTORAL \\u2013 Babacar Ngom au c\\u0153ur de la m\\u00e9diation\"}]},{\"@type\":\"Person\",\"@id\":\"https:\/\/www.nettali.com\/#\/schema\/person\/8a06c6bd7b19304cf4bf985862900b5b\",\"name\":\"Thierno Diop\",\"image\":{\"@type\":\"ImageObject\",\"@id\":\"https:\/\/www.nettali.com\/#personlogo\",\"inLanguage\":\"fr-FR\",\"url\":\"https:\/\/secure.gravatar.com\/avatar\/c8ca58550c94fd2ac856d27391a6c866?s=96&d=mm&r=g\",\"contentUrl\":\"https:\/\/secure.gravatar.com\/avatar\/c8ca58550c94fd2ac856d27391a6c866?s=96&d=mm&r=g\",\"caption\":\"Thierno Diop\"},\"sameAs\":[\"https:\/\/nettali.com\"]}]}<\/script>\n<!-- \/ Yoast SEO Premium plugin. -->","yoast_head_json":{"title":"CONTENTIEUX PRE-ELECTORAL \u2013 Babacar Ngom au c\u0153ur de la m\u00e9diation | Nettali.com","robots":{"index":"index","follow":"follow","max-snippet":"max-snippet:-1","max-image-preview":"max-image-preview:large","max-video-preview":"max-video-preview:-1"},"canonical":"https:\/\/www.nettali.com\/2022\/06\/30\/contentieux-pre-electoral-babacar-ngom-au-coeur-de-la-mediation\/","og_locale":"fr_FR","og_type":"article","og_title":"CONTENTIEUX PRE-ELECTORAL \u2013 Babacar Ngom au c\u0153ur de la m\u00e9diation","og_description":"NETTALI.COM - La pr\u00e9sence de l'homme d'affaires Babacar Ngom, hier 29 juin, \u00e0 la conf\u00e9rence de presse de Yewwi askan wi a charri\u00e9 quelque suspicion. Cependant, un d\u00e9voilement progressif de la v\u00e9rit\u00e9\u00a0 \u00e0 ce sujet fait savoir qu'en fait, le patron de la Sedima y \u00e9tait en m\u00e9diateur, tout comme Alioune Tine et d\u2019autres. Selon [&hellip;]","og_url":"https:\/\/www.nettali.com\/2022\/06\/30\/contentieux-pre-electoral-babacar-ngom-au-coeur-de-la-mediation\/","og_site_name":"Nettali.com","article_publisher":"https:\/\/www.facebook.com\/nettalicom","article_published_time":"2022-06-30T10:37:25+00:00","article_modified_time":"2022-07-01T06:42:40+00:00","og_image":[{"width":755,"height":449,"url":"https:\/\/www.nettali.com\/wp-content\/uploads\/2022\/06\/sedi.jpg","type":"image\/jpeg"}],"twitter_card":"summary_large_image","twitter_misc":{"\u00c9crit par":"Thierno Diop","Dur\u00e9e de lecture estim\u00e9e":"4 minutes"},"schema":{"@context":"https:\/\/schema.org","@graph":[{"@type":"WebSite","@id":"https:\/\/www.nettali.com\/#website","url":"https:\/\/www.nettali.com\/","name":"Nettali.com","description":"Le rendez-vous critique du Net","potentialAction":[{"@type":"SearchAction","target":{"@type":"EntryPoint","urlTemplate":"https:\/\/www.nettali.com\/?s={search_term_string}"},"query-input":"required name=search_term_string"}],"inLanguage":"fr-FR"},{"@type":"ImageObject","@id":"https:\/\/www.nettali.com\/2022\/06\/30\/contentieux-pre-electoral-babacar-ngom-au-coeur-de-la-mediation\/#primaryimage","inLanguage":"fr-FR","url":"https:\/\/www.nettali.com\/wp-content\/uploads\/2022\/06\/sedi.jpg","contentUrl":"https:\/\/www.nettali.com\/wp-content\/uploads\/2022\/06\/sedi.jpg","width":755,"height":449},{"@type":"WebPage","@id":"https:\/\/www.nettali.com\/2022\/06\/30\/contentieux-pre-electoral-babacar-ngom-au-coeur-de-la-mediation\/#webpage","url":"https:\/\/www.nettali.com\/2022\/06\/30\/contentieux-pre-electoral-babacar-ngom-au-coeur-de-la-mediation\/","name":"CONTENTIEUX PRE-ELECTORAL \u2013 Babacar Ngom au c\u0153ur de la m\u00e9diation | Nettali.com","isPartOf":{"@id":"https:\/\/www.nettali.com\/#website"},"primaryImageOfPage":{"@id":"https:\/\/www.nettali.com\/2022\/06\/30\/contentieux-pre-electoral-babacar-ngom-au-coeur-de-la-mediation\/#primaryimage"},"datePublished":"2022-06-30T10:37:25+00:00","dateModified":"2022-07-01T06:42:40+00:00","author":{"@id":"https:\/\/www.nettali.com\/#\/schema\/person\/8a06c6bd7b19304cf4bf985862900b5b"},"breadcrumb":{"@id":"https:\/\/www.nettali.com\/2022\/06\/30\/contentieux-pre-electoral-babacar-ngom-au-coeur-de-la-mediation\/#breadcrumb"},"inLanguage":"fr-FR","potentialAction":[{"@type":"ReadAction","target":["https:\/\/www.nettali.com\/2022\/06\/30\/contentieux-pre-electoral-babacar-ngom-au-coeur-de-la-mediation\/"]}]},{"@type":"BreadcrumbList","@id":"https:\/\/www.nettali.com\/2022\/06\/30\/contentieux-pre-electoral-babacar-ngom-au-coeur-de-la-mediation\/#breadcrumb","itemListElement":[{"@type":"ListItem","position":1,"name":"Accueil","item":"https:\/\/www.nettali.com\/"},{"@type":"ListItem","position":2,"name":"CONTENTIEUX PRE-ELECTORAL \u2013 Babacar Ngom au c\u0153ur de la m\u00e9diation"}]},{"@type":"Person","@id":"https:\/\/www.nettali.com\/#\/schema\/person\/8a06c6bd7b19304cf4bf985862900b5b","name":"Thierno Diop","image":{"@type":"ImageObject","@id":"https:\/\/www.nettali.com\/#personlogo","inLanguage":"fr-FR","url":"https:\/\/secure.gravatar.com\/avatar\/c8ca58550c94fd2ac856d27391a6c866?s=96&d=mm&r=g","contentUrl":"https:\/\/secure.gravatar.com\/avatar\/c8ca58550c94fd2ac856d27391a6c866?s=96&d=mm&r=g","caption":"Thierno Diop"},"sameAs":["https:\/\/nettali.com"]}]}},"_links":{"self":[{"href":"https:\/\/www.nettali.com\/rest\/wp\/v2\/posts\/88970"}],"collection":[{"href":"https:\/\/www.nettali.com\/rest\/wp\/v2\/posts"}],"about":[{"href":"https:\/\/www.nettali.com\/rest\/wp\/v2\/types\/post"}],"author":[{"embeddable":true,"href":"https:\/\/www.nettali.com\/rest\/wp\/v2\/users\/11"}],"replies":[{"embeddable":true,"href":"https:\/\/www.nettali.com\/rest\/wp\/v2\/comments?post=88970"}],"version-history":[{"count":1,"href":"https:\/\/www.nettali.com\/rest\/wp\/v2\/posts\/88970\/revisions"}],"predecessor-version":[{"id":88973,"href":"https:\/\/www.nettali.com\/rest\/wp\/v2\/posts\/88970\/revisions\/88973"}],"wp:featuredmedia":[{"embeddable":true,"href":"https:\/\/www.nettali.com\/rest\/wp\/v2\/media\/88971"}],"wp:attachment":[{"href":"https:\/\/www.nettali.com\/rest\/wp\/v2\/media?parent=88970"}],"wp:term":[{"taxonomy":"category","embeddable":true,"href":"https:\/\/www.nettali.com\/rest\/wp\/v2\/categories?post=88970"},{"taxonomy":"post_tag","embeddable":true,"href":"https:\/\/www.nettali.com\/rest\/wp\/v2\/tags?post=88970"}],"curies":[{"name":"wp","href":"https:\/\/api.w.org\/{rel}","templated":true}]}}