{"id":88967,"date":"2022-06-30T09:58:27","date_gmt":"2022-06-30T09:58:27","guid":{"rendered":"https:\/\/www.nettali.com\/?p=88967"},"modified":"2022-06-30T10:48:10","modified_gmt":"2022-06-30T10:48:10","slug":"complot-contre-letat-les-membres-de-la-force-speciale-envoyes-a-rebeuss","status":"publish","type":"post","link":"https:\/\/www.nettali.com\/2022\/06\/30\/complot-contre-letat-les-membres-de-la-force-speciale-envoyes-a-rebeuss\/","title":{"rendered":"COMPLOT CONTRE L'ETAT - Les membres de la \"Force sp\u00e9ciale\" envoy\u00e9s \u00e0 Rebeuss"},"content":{"rendered":"<p><strong>NETTALI.COM - Accus\u00e9s d\u2019avoir voulu semer le chaos \u00e0 Dakar en marge de la manifestation interdite de Yewwi Askan Wi, vendredi 17 juin, les membres de la fameuse bande dite \u00ab\u00a0Force sp\u00e9ciale\u00a0\u00bb sont envoy\u00e9s en prison.<\/strong><\/p>\n<p>Suivant le r\u00e9quisitoire du procureur de la R\u00e9publique, juge du deuxi\u00e8me cabinet a plac\u00e9 sous mandat de d\u00e9p\u00f4t hier, mercredi, dix des onze membres de la \u00abForce sp\u00e9ciale\u00bb. Ces derniers sont accus\u00e9s d\u2019avoir voulu semer le chaos \u00e0 Dakar en marge de la manifestation interdite de Yewwi Askan Wi, vendredi 17 juin.<\/p>\n<p>En clair, rapporte la publication de ce jeudi 30 juin du quotidien L\u2019Observateur, le onzi\u00e8me membre de la bande, Fran\u00e7ois Mancabou, est en soin \u00e0 l\u2019h\u00f4pital. Selon le journal, il est le seul \u00e9l\u00e9ment de la \u00abForce sp\u00e9ciale\u00bb \u00e0 n\u2019avoir pas \u00e9t\u00e9 pr\u00e9sent\u00e9 au procureur de la R\u00e9publique.<\/p>\n<p>A en croire la m\u00eame source, les mis en cause sont poursuivis pour complot contre l\u2019autorit\u00e9 de l\u2019Etat, acte de nature \u00e0 occasionner des troubles politiques graves, association de malfaiteurs en vue d\u2019organiser des bandes en leur fournissant des armes, munitions, dans le but de s\u2019attaquer \u00e0 la force publique, d\u00e9tention et transport de produits et substances incendiaires en vue de compromettre la s\u00e9curit\u00e9 publique et d\u00e9tention ill\u00e9gale d\u2019armes \u00e0 feu.<\/p>\n<div class='share-to-whatsapp-wrapper'><div class='share-on-whsp'>PARTAGER SUR : <\/div><a data-text='COMPLOT CONTRE L'ETAT - Les membres de la \"Force sp\u00e9ciale\" envoy\u00e9s \u00e0 Rebeuss' data-link='https:\/\/www.nettali.com\/2022\/06\/30\/complot-contre-letat-les-membres-de-la-force-speciale-envoyes-a-rebeuss\/' class='whatsapp-button whatsapp-share'>WhatsApp<\/a><div class='clear '><\/div><\/div>","protected":false},"excerpt":{"rendered":"<p>NETTALI.COM - Accus\u00e9s d\u2019avoir voulu semer le chaos \u00e0 Dakar en marge de la manifestation interdite de Yewwi Askan Wi, vendredi 17 juin, les membres de la fameuse bande dite \u00ab\u00a0Force sp\u00e9ciale\u00a0\u00bb sont envoy\u00e9s en prison. Suivant le r\u00e9quisitoire du procureur de la R\u00e9publique, juge du deuxi\u00e8me cabinet a plac\u00e9 sous mandat de d\u00e9p\u00f4t hier, [&hellip;]<\/p>\n","protected":false},"author":11,"featured_media":88968,"comment_status":"open","ping_status":"open","sticky":false,"template":"","format":"standard","meta":{"_et_pb_use_builder":"","_et_pb_old_content":""},"categories":[2],"tags":[],"yoast_head":"<!-- This site is optimized with the Yoast SEO Premium plugin v17.8 (Yoast SEO v17.8) - https:\/\/yoast.com\/wordpress\/plugins\/seo\/ -->\n<title>COMPLOT CONTRE L&#039;ETAT - Les membres de la &quot;Force sp\u00e9ciale&quot; envoy\u00e9s \u00e0 Rebeuss | Nettali.com<\/title>\n<meta name=\"robots\" content=\"index, follow, max-snippet:-1, max-image-preview:large, max-video-preview:-1\" \/>\n<link rel=\"canonical\" href=\"https:\/\/www.nettali.com\/2022\/06\/30\/complot-contre-letat-les-membres-de-la-force-speciale-envoyes-a-rebeuss\/\" \/>\n<meta property=\"og:locale\" content=\"fr_FR\" \/>\n<meta property=\"og:type\" content=\"article\" \/>\n<meta property=\"og:title\" content=\"COMPLOT CONTRE L&#039;ETAT - Les membres de la &quot;Force sp\u00e9ciale&quot; envoy\u00e9s \u00e0 Rebeuss\" \/>\n<meta property=\"og:description\" content=\"NETTALI.COM - Accus\u00e9s d\u2019avoir voulu semer le chaos \u00e0 Dakar en marge de la manifestation interdite de Yewwi Askan Wi, vendredi 17 juin, les membres de la fameuse bande dite \u00ab\u00a0Force sp\u00e9ciale\u00a0\u00bb sont envoy\u00e9s en prison. Suivant le r\u00e9quisitoire du procureur de la R\u00e9publique, juge du deuxi\u00e8me cabinet a plac\u00e9 sous mandat de d\u00e9p\u00f4t hier, [&hellip;]\" \/>\n<meta property=\"og:url\" content=\"https:\/\/www.nettali.com\/2022\/06\/30\/complot-contre-letat-les-membres-de-la-force-speciale-envoyes-a-rebeuss\/\" \/>\n<meta property=\"og:site_name\" content=\"Nettali.com\" \/>\n<meta property=\"article:publisher\" content=\"https:\/\/www.facebook.com\/nettalicom\" \/>\n<meta property=\"article:published_time\" content=\"2022-06-30T09:58:27+00:00\" \/>\n<meta property=\"article:modified_time\" content=\"2022-06-30T10:48:10+00:00\" \/>\n<meta property=\"og:image\" content=\"https:\/\/www.nettali.com\/wp-content\/uploads\/2022\/06\/manca.jpg\" \/>\n\t<meta property=\"og:image:width\" content=\"1280\" \/>\n\t<meta property=\"og:image:height\" content=\"960\" \/>\n<meta name=\"twitter:card\" content=\"summary_large_image\" \/>\n<meta name=\"twitter:label1\" content=\"\u00c9crit par\" \/>\n\t<meta name=\"twitter:data1\" content=\"Thierno Diop\" \/>\n\t<meta name=\"twitter:label2\" content=\"Dur\u00e9e de lecture estim\u00e9e\" \/>\n\t<meta name=\"twitter:data2\" content=\"2 minutes\" \/>\n<script type=\"application\/ld+json\" class=\"yoast-schema-graph\">{\"@context\":\"https:\/\/schema.org\",\"@graph\":[{\"@type\":\"WebSite\",\"@id\":\"https:\/\/www.nettali.com\/#website\",\"url\":\"https:\/\/www.nettali.com\/\",\"name\":\"Nettali.com\",\"description\":\"Le rendez-vous critique du Net\",\"potentialAction\":[{\"@type\":\"SearchAction\",\"target\":{\"@type\":\"EntryPoint\",\"urlTemplate\":\"https:\/\/www.nettali.com\/?s={search_term_string}\"},\"query-input\":\"required name=search_term_string\"}],\"inLanguage\":\"fr-FR\"},{\"@type\":\"ImageObject\",\"@id\":\"https:\/\/www.nettali.com\/2022\/06\/30\/complot-contre-letat-les-membres-de-la-force-speciale-envoyes-a-rebeuss\/#primaryimage\",\"inLanguage\":\"fr-FR\",\"url\":\"https:\/\/www.nettali.com\/wp-content\/uploads\/2022\/06\/manca.jpg\",\"contentUrl\":\"https:\/\/www.nettali.com\/wp-content\/uploads\/2022\/06\/manca.jpg\",\"width\":1280,\"height\":960},{\"@type\":\"WebPage\",\"@id\":\"https:\/\/www.nettali.com\/2022\/06\/30\/complot-contre-letat-les-membres-de-la-force-speciale-envoyes-a-rebeuss\/#webpage\",\"url\":\"https:\/\/www.nettali.com\/2022\/06\/30\/complot-contre-letat-les-membres-de-la-force-speciale-envoyes-a-rebeuss\/\",\"name\":\"COMPLOT CONTRE L'ETAT - Les membres de la \\\"Force sp\\u00e9ciale\\\" envoy\\u00e9s \\u00e0 Rebeuss | Nettali.com\",\"isPartOf\":{\"@id\":\"https:\/\/www.nettali.com\/#website\"},\"primaryImageOfPage\":{\"@id\":\"https:\/\/www.nettali.com\/2022\/06\/30\/complot-contre-letat-les-membres-de-la-force-speciale-envoyes-a-rebeuss\/#primaryimage\"},\"datePublished\":\"2022-06-30T09:58:27+00:00\",\"dateModified\":\"2022-06-30T10:48:10+00:00\",\"author\":{\"@id\":\"https:\/\/www.nettali.com\/#\/schema\/person\/8a06c6bd7b19304cf4bf985862900b5b\"},\"breadcrumb\":{\"@id\":\"https:\/\/www.nettali.com\/2022\/06\/30\/complot-contre-letat-les-membres-de-la-force-speciale-envoyes-a-rebeuss\/#breadcrumb\"},\"inLanguage\":\"fr-FR\",\"potentialAction\":[{\"@type\":\"ReadAction\",\"target\":[\"https:\/\/www.nettali.com\/2022\/06\/30\/complot-contre-letat-les-membres-de-la-force-speciale-envoyes-a-rebeuss\/\"]}]},{\"@type\":\"BreadcrumbList\",\"@id\":\"https:\/\/www.nettali.com\/2022\/06\/30\/complot-contre-letat-les-membres-de-la-force-speciale-envoyes-a-rebeuss\/#breadcrumb\",\"itemListElement\":[{\"@type\":\"ListItem\",\"position\":1,\"name\":\"Accueil\",\"item\":\"https:\/\/www.nettali.com\/\"},{\"@type\":\"ListItem\",\"position\":2,\"name\":\"COMPLOT CONTRE L'ETAT - Les membres de la \\\"Force sp\\u00e9ciale\\\" envoy\\u00e9s \\u00e0 Rebeuss\"}]},{\"@type\":\"Person\",\"@id\":\"https:\/\/www.nettali.com\/#\/schema\/person\/8a06c6bd7b19304cf4bf985862900b5b\",\"name\":\"Thierno Diop\",\"image\":{\"@type\":\"ImageObject\",\"@id\":\"https:\/\/www.nettali.com\/#personlogo\",\"inLanguage\":\"fr-FR\",\"url\":\"https:\/\/secure.gravatar.com\/avatar\/c8ca58550c94fd2ac856d27391a6c866?s=96&d=mm&r=g\",\"contentUrl\":\"https:\/\/secure.gravatar.com\/avatar\/c8ca58550c94fd2ac856d27391a6c866?s=96&d=mm&r=g\",\"caption\":\"Thierno Diop\"},\"sameAs\":[\"https:\/\/nettali.com\"]}]}<\/script>\n<!-- \/ Yoast SEO Premium plugin. -->","yoast_head_json":{"title":"COMPLOT CONTRE L'ETAT - Les membres de la \"Force sp\u00e9ciale\" envoy\u00e9s \u00e0 Rebeuss | Nettali.com","robots":{"index":"index","follow":"follow","max-snippet":"max-snippet:-1","max-image-preview":"max-image-preview:large","max-video-preview":"max-video-preview:-1"},"canonical":"https:\/\/www.nettali.com\/2022\/06\/30\/complot-contre-letat-les-membres-de-la-force-speciale-envoyes-a-rebeuss\/","og_locale":"fr_FR","og_type":"article","og_title":"COMPLOT CONTRE L'ETAT - Les membres de la \"Force sp\u00e9ciale\" envoy\u00e9s \u00e0 Rebeuss","og_description":"NETTALI.COM - Accus\u00e9s d\u2019avoir voulu semer le chaos \u00e0 Dakar en marge de la manifestation interdite de Yewwi Askan Wi, vendredi 17 juin, les membres de la fameuse bande dite \u00ab\u00a0Force sp\u00e9ciale\u00a0\u00bb sont envoy\u00e9s en prison. Suivant le r\u00e9quisitoire du procureur de la R\u00e9publique, juge du deuxi\u00e8me cabinet a plac\u00e9 sous mandat de d\u00e9p\u00f4t hier, [&hellip;]","og_url":"https:\/\/www.nettali.com\/2022\/06\/30\/complot-contre-letat-les-membres-de-la-force-speciale-envoyes-a-rebeuss\/","og_site_name":"Nettali.com","article_publisher":"https:\/\/www.facebook.com\/nettalicom","article_published_time":"2022-06-30T09:58:27+00:00","article_modified_time":"2022-06-30T10:48:10+00:00","og_image":[{"width":1280,"height":960,"url":"https:\/\/www.nettali.com\/wp-content\/uploads\/2022\/06\/manca.jpg","type":"image\/jpeg"}],"twitter_card":"summary_large_image","twitter_misc":{"\u00c9crit par":"Thierno Diop","Dur\u00e9e de lecture estim\u00e9e":"2 minutes"},"schema":{"@context":"https:\/\/schema.org","@graph":[{"@type":"WebSite","@id":"https:\/\/www.nettali.com\/#website","url":"https:\/\/www.nettali.com\/","name":"Nettali.com","description":"Le rendez-vous critique du Net","potentialAction":[{"@type":"SearchAction","target":{"@type":"EntryPoint","urlTemplate":"https:\/\/www.nettali.com\/?s={search_term_string}"},"query-input":"required name=search_term_string"}],"inLanguage":"fr-FR"},{"@type":"ImageObject","@id":"https:\/\/www.nettali.com\/2022\/06\/30\/complot-contre-letat-les-membres-de-la-force-speciale-envoyes-a-rebeuss\/#primaryimage","inLanguage":"fr-FR","url":"https:\/\/www.nettali.com\/wp-content\/uploads\/2022\/06\/manca.jpg","contentUrl":"https:\/\/www.nettali.com\/wp-content\/uploads\/2022\/06\/manca.jpg","width":1280,"height":960},{"@type":"WebPage","@id":"https:\/\/www.nettali.com\/2022\/06\/30\/complot-contre-letat-les-membres-de-la-force-speciale-envoyes-a-rebeuss\/#webpage","url":"https:\/\/www.nettali.com\/2022\/06\/30\/complot-contre-letat-les-membres-de-la-force-speciale-envoyes-a-rebeuss\/","name":"COMPLOT CONTRE L'ETAT - Les membres de la \"Force sp\u00e9ciale\" envoy\u00e9s \u00e0 Rebeuss | Nettali.com","isPartOf":{"@id":"https:\/\/www.nettali.com\/#website"},"primaryImageOfPage":{"@id":"https:\/\/www.nettali.com\/2022\/06\/30\/complot-contre-letat-les-membres-de-la-force-speciale-envoyes-a-rebeuss\/#primaryimage"},"datePublished":"2022-06-30T09:58:27+00:00","dateModified":"2022-06-30T10:48:10+00:00","author":{"@id":"https:\/\/www.nettali.com\/#\/schema\/person\/8a06c6bd7b19304cf4bf985862900b5b"},"breadcrumb":{"@id":"https:\/\/www.nettali.com\/2022\/06\/30\/complot-contre-letat-les-membres-de-la-force-speciale-envoyes-a-rebeuss\/#breadcrumb"},"inLanguage":"fr-FR","potentialAction":[{"@type":"ReadAction","target":["https:\/\/www.nettali.com\/2022\/06\/30\/complot-contre-letat-les-membres-de-la-force-speciale-envoyes-a-rebeuss\/"]}]},{"@type":"BreadcrumbList","@id":"https:\/\/www.nettali.com\/2022\/06\/30\/complot-contre-letat-les-membres-de-la-force-speciale-envoyes-a-rebeuss\/#breadcrumb","itemListElement":[{"@type":"ListItem","position":1,"name":"Accueil","item":"https:\/\/www.nettali.com\/"},{"@type":"ListItem","position":2,"name":"COMPLOT CONTRE L'ETAT - Les membres de la \"Force sp\u00e9ciale\" envoy\u00e9s \u00e0 Rebeuss"}]},{"@type":"Person","@id":"https:\/\/www.nettali.com\/#\/schema\/person\/8a06c6bd7b19304cf4bf985862900b5b","name":"Thierno Diop","image":{"@type":"ImageObject","@id":"https:\/\/www.nettali.com\/#personlogo","inLanguage":"fr-FR","url":"https:\/\/secure.gravatar.com\/avatar\/c8ca58550c94fd2ac856d27391a6c866?s=96&d=mm&r=g","contentUrl":"https:\/\/secure.gravatar.com\/avatar\/c8ca58550c94fd2ac856d27391a6c866?s=96&d=mm&r=g","caption":"Thierno Diop"},"sameAs":["https:\/\/nettali.com"]}]}},"_links":{"self":[{"href":"https:\/\/www.nettali.com\/rest\/wp\/v2\/posts\/88967"}],"collection":[{"href":"https:\/\/www.nettali.com\/rest\/wp\/v2\/posts"}],"about":[{"href":"https:\/\/www.nettali.com\/rest\/wp\/v2\/types\/post"}],"author":[{"embeddable":true,"href":"https:\/\/www.nettali.com\/rest\/wp\/v2\/users\/11"}],"replies":[{"embeddable":true,"href":"https:\/\/www.nettali.com\/rest\/wp\/v2\/comments?post=88967"}],"version-history":[{"count":2,"href":"https:\/\/www.nettali.com\/rest\/wp\/v2\/posts\/88967\/revisions"}],"predecessor-version":[{"id":88975,"href":"https:\/\/www.nettali.com\/rest\/wp\/v2\/posts\/88967\/revisions\/88975"}],"wp:featuredmedia":[{"embeddable":true,"href":"https:\/\/www.nettali.com\/rest\/wp\/v2\/media\/88968"}],"wp:attachment":[{"href":"https:\/\/www.nettali.com\/rest\/wp\/v2\/media?parent=88967"}],"wp:term":[{"taxonomy":"category","embeddable":true,"href":"https:\/\/www.nettali.com\/rest\/wp\/v2\/categories?post=88967"},{"taxonomy":"post_tag","embeddable":true,"href":"https:\/\/www.nettali.com\/rest\/wp\/v2\/tags?post=88967"}],"curies":[{"name":"wp","href":"https:\/\/api.w.org\/{rel}","templated":true}]}}