{"id":88873,"date":"2022-06-28T22:49:39","date_gmt":"2022-06-28T22:49:39","guid":{"rendered":"https:\/\/www.nettali.com\/?p=88873"},"modified":"2022-06-29T15:19:31","modified_gmt":"2022-06-29T15:19:31","slug":"ousmane-sonko-a-ses-militants-il-ny-a-rien-a-craindre-ce-soir-ni-demain","status":"publish","type":"post","link":"https:\/\/www.nettali.com\/2022\/06\/28\/ousmane-sonko-a-ses-militants-il-ny-a-rien-a-craindre-ce-soir-ni-demain\/","title":{"rendered":"OUSMANE SONKO A SES MILITANTS  - \"Il n\u2019y a rien \u00e0 craindre ce soir, ni demain\""},"content":{"rendered":"<p><strong>NETTALI.COM\u00a0 - Ousmane Sonko rassure ses militants. Dans une note publi\u00e9e sur sa page Facebook, le leader de Pastef rassure qu'il n'y a rien \u00e0 craindre.<\/strong><\/p>\n<p>Des inconditionnels du leader de Pastef avaient pr\u00e9vu de passer la nuit devant son domicile pour veiller sur sa s\u00e9curit\u00e9 \u00e0 quelques heures de la manifestation que Yewwi askan wi avait pr\u00e9vu de tenir ce mercredi 29 juin. Mais Ousmane Sonko tient \u00e0 les rassurer.<\/p>\n<p>\"<em>Je demande \u00e0 tous les militants qui comptaient venir passer une nuit de veille devant ma maison d\u2019y renoncer et \u00e0 ceux qui sont d\u00e9j\u00e0 l\u00e0 de retourner se reposer chez eux. Je suis tr\u00e8s touch\u00e9 par cet engagement, mais je les rassure : il n\u2019y a rien \u00e0 craindre ce soir, ni demain<\/em>\", a post\u00e9 Ousmane Sonko sur sa page Facebook. D'ailleurs, tout indique que Yewwi askan wi n'a pas l'intention de d\u00e9fier les forces de l'ordre ce mercredi. Et c'est Sonko, lui-m\u00eame, qui semble l'indiquer. \"<em>Enfin, nous donnons rendez-vous au peuple s\u00e9n\u00e9galais demain \u00e0 11h pour un point de presse de la Conf\u00e9rence des leaders de Yewwi askan wi<\/em>\", \u00e9crit-il.<\/p>\n<p>En outre, le leader de Pastef a tenu \u00e0\u00a0\u00e0 rendre hommage aux membres de sa s\u00e9curit\u00e9 \"<em>qui ont \u00e9t\u00e9 kidnapp\u00e9s par les Forces de d\u00e9fense et de s\u00e9curit\u00e9 et ill\u00e9galement retenus par le procureur de Macky pendant 10 jours avant d\u2019\u00eatre totalement d\u00e9charg\u00e9s hier de toute poursuite<\/em>\". \"<em>Je rends hommage \u00e0 l'ensemble des membres de ma s\u00e9curit\u00e9, qui consentent \u00e9norm\u00e9ment de sacrifices pour ma s\u00e9curit\u00e9 et pour le projet, jusqu'au sacrifice ultime pour certains. Paix \u00e0 leur \u00e2mes.\u00a0Ces hommes sont devenus des fr\u00e8res et sont \u00e0 mes c\u00f4t\u00e9s dans les situations les plus compliqu\u00e9es et avec un d\u00e9vouement sans faille<\/em>\", souligne-t-il. Avant de poursuivre : \"<em>C\u2019est ce qui leur vaut ce ciblage et cet acharnement de l'\u00c9tat qui proc\u00e8de syst\u00e9matiquement \u00e0 des arrestations arbitraires et quelques fois m\u00eame \u00e0 des exactions contre leurs personnes.<\/em>\"<\/p>\n<p>\"<em>Je rends \u00e9galement hommage aux leaders, aux militants et aux sympathisants victimes de la folie dictatoriale du r\u00e9gime qui, \u00e0 Dakar, Guediawaye, S\u00e9bikotane et Ziguinchor, ont support\u00e9, et continuent \u00e0 supporter pour certains, tr\u00e8s sto\u00efquement la d\u00e9tention et tout en faisant courageusement face \u00e0 la justice, ou encore on subit des repr\u00e9sailles de toute nature<\/em>\", a \u00e9galement \u00e9crit Ousmane Sonko.<\/p>\n<div class='share-to-whatsapp-wrapper'><div class='share-on-whsp'>PARTAGER SUR : <\/div><a data-text='OUSMANE SONKO A SES MILITANTS  - \"Il n\u2019y a rien \u00e0 craindre ce soir, ni demain\"' data-link='https:\/\/www.nettali.com\/2022\/06\/28\/ousmane-sonko-a-ses-militants-il-ny-a-rien-a-craindre-ce-soir-ni-demain\/' class='whatsapp-button whatsapp-share'>WhatsApp<\/a><div class='clear '><\/div><\/div>","protected":false},"excerpt":{"rendered":"<p>NETTALI.COM\u00a0 - Ousmane Sonko rassure ses militants. Dans une note publi\u00e9e sur sa page Facebook, le leader de Pastef rassure qu'il n'y a rien \u00e0 craindre. Des inconditionnels du leader de Pastef avaient pr\u00e9vu de passer la nuit devant son domicile pour veiller sur sa s\u00e9curit\u00e9 \u00e0 quelques heures de la manifestation que Yewwi askan [&hellip;]<\/p>\n","protected":false},"author":3,"featured_media":88877,"comment_status":"open","ping_status":"open","sticky":false,"template":"","format":"standard","meta":{"_et_pb_use_builder":"","_et_pb_old_content":""},"categories":[2],"tags":[],"yoast_head":"<!-- This site is optimized with the Yoast SEO Premium plugin v17.8 (Yoast SEO v17.8) - https:\/\/yoast.com\/wordpress\/plugins\/seo\/ -->\n<title>OUSMANE SONKO A SES MILITANTS - &quot;Il n\u2019y a rien \u00e0 craindre ce soir, ni demain&quot; | Nettali.com<\/title>\n<meta name=\"robots\" content=\"index, follow, max-snippet:-1, max-image-preview:large, max-video-preview:-1\" \/>\n<link rel=\"canonical\" href=\"https:\/\/www.nettali.com\/2022\/06\/28\/ousmane-sonko-a-ses-militants-il-ny-a-rien-a-craindre-ce-soir-ni-demain\/\" \/>\n<meta property=\"og:locale\" content=\"fr_FR\" \/>\n<meta property=\"og:type\" content=\"article\" \/>\n<meta property=\"og:title\" content=\"OUSMANE SONKO A SES MILITANTS - &quot;Il n\u2019y a rien \u00e0 craindre ce soir, ni demain&quot;\" \/>\n<meta property=\"og:description\" content=\"NETTALI.COM\u00a0 - Ousmane Sonko rassure ses militants. Dans une note publi\u00e9e sur sa page Facebook, le leader de Pastef rassure qu&#039;il n&#039;y a rien \u00e0 craindre. Des inconditionnels du leader de Pastef avaient pr\u00e9vu de passer la nuit devant son domicile pour veiller sur sa s\u00e9curit\u00e9 \u00e0 quelques heures de la manifestation que Yewwi askan [&hellip;]\" \/>\n<meta property=\"og:url\" content=\"https:\/\/www.nettali.com\/2022\/06\/28\/ousmane-sonko-a-ses-militants-il-ny-a-rien-a-craindre-ce-soir-ni-demain\/\" \/>\n<meta property=\"og:site_name\" content=\"Nettali.com\" \/>\n<meta property=\"article:publisher\" content=\"https:\/\/www.facebook.com\/nettalicom\" \/>\n<meta property=\"article:published_time\" content=\"2022-06-28T22:49:39+00:00\" \/>\n<meta property=\"article:modified_time\" content=\"2022-06-29T15:19:31+00:00\" \/>\n<meta property=\"og:image\" content=\"https:\/\/www.nettali.com\/wp-content\/uploads\/2022\/06\/FB_IMG_1656456548918.jpg\" \/>\n\t<meta property=\"og:image:width\" content=\"720\" \/>\n\t<meta property=\"og:image:height\" content=\"540\" \/>\n<meta name=\"twitter:card\" content=\"summary_large_image\" \/>\n<meta name=\"twitter:label1\" content=\"\u00c9crit par\" \/>\n\t<meta name=\"twitter:data1\" content=\"Moustapha\" \/>\n\t<meta name=\"twitter:label2\" content=\"Dur\u00e9e de lecture estim\u00e9e\" \/>\n\t<meta name=\"twitter:data2\" content=\"2 minutes\" \/>\n<script type=\"application\/ld+json\" class=\"yoast-schema-graph\">{\"@context\":\"https:\/\/schema.org\",\"@graph\":[{\"@type\":\"WebSite\",\"@id\":\"https:\/\/www.nettali.com\/#website\",\"url\":\"https:\/\/www.nettali.com\/\",\"name\":\"Nettali.com\",\"description\":\"Le rendez-vous critique du Net\",\"potentialAction\":[{\"@type\":\"SearchAction\",\"target\":{\"@type\":\"EntryPoint\",\"urlTemplate\":\"https:\/\/www.nettali.com\/?s={search_term_string}\"},\"query-input\":\"required name=search_term_string\"}],\"inLanguage\":\"fr-FR\"},{\"@type\":\"ImageObject\",\"@id\":\"https:\/\/www.nettali.com\/2022\/06\/28\/ousmane-sonko-a-ses-militants-il-ny-a-rien-a-craindre-ce-soir-ni-demain\/#primaryimage\",\"inLanguage\":\"fr-FR\",\"url\":\"https:\/\/www.nettali.com\/wp-content\/uploads\/2022\/06\/FB_IMG_1656456548918.jpg\",\"contentUrl\":\"https:\/\/www.nettali.com\/wp-content\/uploads\/2022\/06\/FB_IMG_1656456548918.jpg\",\"width\":720,\"height\":540},{\"@type\":\"WebPage\",\"@id\":\"https:\/\/www.nettali.com\/2022\/06\/28\/ousmane-sonko-a-ses-militants-il-ny-a-rien-a-craindre-ce-soir-ni-demain\/#webpage\",\"url\":\"https:\/\/www.nettali.com\/2022\/06\/28\/ousmane-sonko-a-ses-militants-il-ny-a-rien-a-craindre-ce-soir-ni-demain\/\",\"name\":\"OUSMANE SONKO A SES MILITANTS - \\\"Il n\\u2019y a rien \\u00e0 craindre ce soir, ni demain\\\" | Nettali.com\",\"isPartOf\":{\"@id\":\"https:\/\/www.nettali.com\/#website\"},\"primaryImageOfPage\":{\"@id\":\"https:\/\/www.nettali.com\/2022\/06\/28\/ousmane-sonko-a-ses-militants-il-ny-a-rien-a-craindre-ce-soir-ni-demain\/#primaryimage\"},\"datePublished\":\"2022-06-28T22:49:39+00:00\",\"dateModified\":\"2022-06-29T15:19:31+00:00\",\"author\":{\"@id\":\"https:\/\/www.nettali.com\/#\/schema\/person\/7962a12a6e0267f88f0ffa544c36469a\"},\"breadcrumb\":{\"@id\":\"https:\/\/www.nettali.com\/2022\/06\/28\/ousmane-sonko-a-ses-militants-il-ny-a-rien-a-craindre-ce-soir-ni-demain\/#breadcrumb\"},\"inLanguage\":\"fr-FR\",\"potentialAction\":[{\"@type\":\"ReadAction\",\"target\":[\"https:\/\/www.nettali.com\/2022\/06\/28\/ousmane-sonko-a-ses-militants-il-ny-a-rien-a-craindre-ce-soir-ni-demain\/\"]}]},{\"@type\":\"BreadcrumbList\",\"@id\":\"https:\/\/www.nettali.com\/2022\/06\/28\/ousmane-sonko-a-ses-militants-il-ny-a-rien-a-craindre-ce-soir-ni-demain\/#breadcrumb\",\"itemListElement\":[{\"@type\":\"ListItem\",\"position\":1,\"name\":\"Accueil\",\"item\":\"https:\/\/www.nettali.com\/\"},{\"@type\":\"ListItem\",\"position\":2,\"name\":\"OUSMANE SONKO A SES MILITANTS - \\\"Il n\\u2019y a rien \\u00e0 craindre ce soir, ni demain\\\"\"}]},{\"@type\":\"Person\",\"@id\":\"https:\/\/www.nettali.com\/#\/schema\/person\/7962a12a6e0267f88f0ffa544c36469a\",\"name\":\"Moustapha\",\"image\":{\"@type\":\"ImageObject\",\"@id\":\"https:\/\/www.nettali.com\/#personlogo\",\"inLanguage\":\"fr-FR\",\"url\":\"https:\/\/secure.gravatar.com\/avatar\/10fdf6a071cccdcf374e3dbe45159590?s=96&d=mm&r=g\",\"contentUrl\":\"https:\/\/secure.gravatar.com\/avatar\/10fdf6a071cccdcf374e3dbe45159590?s=96&d=mm&r=g\",\"caption\":\"Moustapha\"},\"sameAs\":[\"https:\/\/www.nettali.com\"]}]}<\/script>\n<!-- \/ Yoast SEO Premium plugin. -->","yoast_head_json":{"title":"OUSMANE SONKO A SES MILITANTS - \"Il n\u2019y a rien \u00e0 craindre ce soir, ni demain\" | Nettali.com","robots":{"index":"index","follow":"follow","max-snippet":"max-snippet:-1","max-image-preview":"max-image-preview:large","max-video-preview":"max-video-preview:-1"},"canonical":"https:\/\/www.nettali.com\/2022\/06\/28\/ousmane-sonko-a-ses-militants-il-ny-a-rien-a-craindre-ce-soir-ni-demain\/","og_locale":"fr_FR","og_type":"article","og_title":"OUSMANE SONKO A SES MILITANTS - \"Il n\u2019y a rien \u00e0 craindre ce soir, ni demain\"","og_description":"NETTALI.COM\u00a0 - Ousmane Sonko rassure ses militants. Dans une note publi\u00e9e sur sa page Facebook, le leader de Pastef rassure qu'il n'y a rien \u00e0 craindre. Des inconditionnels du leader de Pastef avaient pr\u00e9vu de passer la nuit devant son domicile pour veiller sur sa s\u00e9curit\u00e9 \u00e0 quelques heures de la manifestation que Yewwi askan [&hellip;]","og_url":"https:\/\/www.nettali.com\/2022\/06\/28\/ousmane-sonko-a-ses-militants-il-ny-a-rien-a-craindre-ce-soir-ni-demain\/","og_site_name":"Nettali.com","article_publisher":"https:\/\/www.facebook.com\/nettalicom","article_published_time":"2022-06-28T22:49:39+00:00","article_modified_time":"2022-06-29T15:19:31+00:00","og_image":[{"width":720,"height":540,"url":"https:\/\/www.nettali.com\/wp-content\/uploads\/2022\/06\/FB_IMG_1656456548918.jpg","type":"image\/jpeg"}],"twitter_card":"summary_large_image","twitter_misc":{"\u00c9crit par":"Moustapha","Dur\u00e9e de lecture estim\u00e9e":"2 minutes"},"schema":{"@context":"https:\/\/schema.org","@graph":[{"@type":"WebSite","@id":"https:\/\/www.nettali.com\/#website","url":"https:\/\/www.nettali.com\/","name":"Nettali.com","description":"Le rendez-vous critique du Net","potentialAction":[{"@type":"SearchAction","target":{"@type":"EntryPoint","urlTemplate":"https:\/\/www.nettali.com\/?s={search_term_string}"},"query-input":"required name=search_term_string"}],"inLanguage":"fr-FR"},{"@type":"ImageObject","@id":"https:\/\/www.nettali.com\/2022\/06\/28\/ousmane-sonko-a-ses-militants-il-ny-a-rien-a-craindre-ce-soir-ni-demain\/#primaryimage","inLanguage":"fr-FR","url":"https:\/\/www.nettali.com\/wp-content\/uploads\/2022\/06\/FB_IMG_1656456548918.jpg","contentUrl":"https:\/\/www.nettali.com\/wp-content\/uploads\/2022\/06\/FB_IMG_1656456548918.jpg","width":720,"height":540},{"@type":"WebPage","@id":"https:\/\/www.nettali.com\/2022\/06\/28\/ousmane-sonko-a-ses-militants-il-ny-a-rien-a-craindre-ce-soir-ni-demain\/#webpage","url":"https:\/\/www.nettali.com\/2022\/06\/28\/ousmane-sonko-a-ses-militants-il-ny-a-rien-a-craindre-ce-soir-ni-demain\/","name":"OUSMANE SONKO A SES MILITANTS - \"Il n\u2019y a rien \u00e0 craindre ce soir, ni demain\" | Nettali.com","isPartOf":{"@id":"https:\/\/www.nettali.com\/#website"},"primaryImageOfPage":{"@id":"https:\/\/www.nettali.com\/2022\/06\/28\/ousmane-sonko-a-ses-militants-il-ny-a-rien-a-craindre-ce-soir-ni-demain\/#primaryimage"},"datePublished":"2022-06-28T22:49:39+00:00","dateModified":"2022-06-29T15:19:31+00:00","author":{"@id":"https:\/\/www.nettali.com\/#\/schema\/person\/7962a12a6e0267f88f0ffa544c36469a"},"breadcrumb":{"@id":"https:\/\/www.nettali.com\/2022\/06\/28\/ousmane-sonko-a-ses-militants-il-ny-a-rien-a-craindre-ce-soir-ni-demain\/#breadcrumb"},"inLanguage":"fr-FR","potentialAction":[{"@type":"ReadAction","target":["https:\/\/www.nettali.com\/2022\/06\/28\/ousmane-sonko-a-ses-militants-il-ny-a-rien-a-craindre-ce-soir-ni-demain\/"]}]},{"@type":"BreadcrumbList","@id":"https:\/\/www.nettali.com\/2022\/06\/28\/ousmane-sonko-a-ses-militants-il-ny-a-rien-a-craindre-ce-soir-ni-demain\/#breadcrumb","itemListElement":[{"@type":"ListItem","position":1,"name":"Accueil","item":"https:\/\/www.nettali.com\/"},{"@type":"ListItem","position":2,"name":"OUSMANE SONKO A SES MILITANTS - \"Il n\u2019y a rien \u00e0 craindre ce soir, ni demain\""}]},{"@type":"Person","@id":"https:\/\/www.nettali.com\/#\/schema\/person\/7962a12a6e0267f88f0ffa544c36469a","name":"Moustapha","image":{"@type":"ImageObject","@id":"https:\/\/www.nettali.com\/#personlogo","inLanguage":"fr-FR","url":"https:\/\/secure.gravatar.com\/avatar\/10fdf6a071cccdcf374e3dbe45159590?s=96&d=mm&r=g","contentUrl":"https:\/\/secure.gravatar.com\/avatar\/10fdf6a071cccdcf374e3dbe45159590?s=96&d=mm&r=g","caption":"Moustapha"},"sameAs":["https:\/\/www.nettali.com"]}]}},"_links":{"self":[{"href":"https:\/\/www.nettali.com\/rest\/wp\/v2\/posts\/88873"}],"collection":[{"href":"https:\/\/www.nettali.com\/rest\/wp\/v2\/posts"}],"about":[{"href":"https:\/\/www.nettali.com\/rest\/wp\/v2\/types\/post"}],"author":[{"embeddable":true,"href":"https:\/\/www.nettali.com\/rest\/wp\/v2\/users\/3"}],"replies":[{"embeddable":true,"href":"https:\/\/www.nettali.com\/rest\/wp\/v2\/comments?post=88873"}],"version-history":[{"count":1,"href":"https:\/\/www.nettali.com\/rest\/wp\/v2\/posts\/88873\/revisions"}],"predecessor-version":[{"id":88878,"href":"https:\/\/www.nettali.com\/rest\/wp\/v2\/posts\/88873\/revisions\/88878"}],"wp:featuredmedia":[{"embeddable":true,"href":"https:\/\/www.nettali.com\/rest\/wp\/v2\/media\/88877"}],"wp:attachment":[{"href":"https:\/\/www.nettali.com\/rest\/wp\/v2\/media?parent=88873"}],"wp:term":[{"taxonomy":"category","embeddable":true,"href":"https:\/\/www.nettali.com\/rest\/wp\/v2\/categories?post=88873"},{"taxonomy":"post_tag","embeddable":true,"href":"https:\/\/www.nettali.com\/rest\/wp\/v2\/tags?post=88873"}],"curies":[{"name":"wp","href":"https:\/\/api.w.org\/{rel}","templated":true}]}}