{"id":88749,"date":"2022-06-27T09:24:54","date_gmt":"2022-06-27T09:24:54","guid":{"rendered":"https:\/\/www.nettali.com\/?p=88749"},"modified":"2022-06-27T09:24:54","modified_gmt":"2022-06-27T09:24:54","slug":"psg-messi-au-barca-les-revelations-du-clan-mane","status":"publish","type":"post","link":"https:\/\/www.nettali.com\/2022\/06\/27\/psg-messi-au-barca-les-revelations-du-clan-mane\/","title":{"rendered":"PSG, MESSI AU BAR\u00c7A - Les r\u00e9v\u00e9lations du clan Man\u00e9"},"content":{"rendered":"<p><strong>NETTALI.COM - Officiellement recrut\u00e9 par le Bayern Munich mercredi en provenance de Liverpool, Sadio Man\u00e9 aurait bel et bien pu prendre la direction du Paris Saint-Germain cet \u00e9t\u00e9. Invit\u00e9 ce dimanche sur les ondes de RMC, Bacary Ciss\u00e9, conseiller de l\u2019attaquant s\u00e9n\u00e9galais, a ainsi confirm\u00e9 des contacts avec le PSG tout en expliquant que l\u2019incertitude dans l\u2019organigramme du club de la capitale a pos\u00e9 probl\u00e8me. <\/strong><\/p>\n<p>\"<em>Oui, le PSG a bel et bien \u2018attaqu\u00e9\u2019 Sadio. Leonardo a eu plusieurs contacts avec l\u2019agent allemand, ils se sont vus, ils ont discut\u00e9 des tenants et aboutissants d\u2019un \u00e9ventuel transfert de Sadio au PSG, mais \u00e7a s\u2019est arr\u00eat\u00e9 l\u00e0. Tout le monde sait que Leonardo \u00e9tait sur un si\u00e8ge \u00e9jectable, il fallait attendre<\/em>\", a mis en avant le repr\u00e9sentant.<\/p>\n<p>Autre r\u00e9v\u00e9lation faite par Bacary Ciss\u00e9 : Lionel Messi a tent\u00e9 \u2018d\u2019imposer\u2019 Man\u00e9 au FC Barcelone \u00e0 l\u2019\u00e9t\u00e9 2021 quelques semaines avant son d\u00e9part. \"<em>L\u2019ann\u00e9e derni\u00e8re \u00e7a aurait pu le faire aussi avec le FC Barcelone. C\u2019est Lionel Messi qui avait impos\u00e9 Sadio Man\u00e9 dans le deal quand il \u00e9tait question qu\u2019il prolonge au Bar\u00e7a. Il avait donn\u00e9 deux noms : Sadio Man\u00e9 et un d\u00e9fenseur central argentin<\/em>\", a expliqu\u00e9 le conseiller.<\/p>\n<p>&nbsp;<\/p>\n<div class='share-to-whatsapp-wrapper'><div class='share-on-whsp'>PARTAGER SUR : <\/div><a data-text='PSG, MESSI AU BAR\u00c7A - Les r\u00e9v\u00e9lations du clan Man\u00e9' data-link='https:\/\/www.nettali.com\/2022\/06\/27\/psg-messi-au-barca-les-revelations-du-clan-mane\/' class='whatsapp-button whatsapp-share'>WhatsApp<\/a><div class='clear '><\/div><\/div>","protected":false},"excerpt":{"rendered":"<p>NETTALI.COM - Officiellement recrut\u00e9 par le Bayern Munich mercredi en provenance de Liverpool, Sadio Man\u00e9 aurait bel et bien pu prendre la direction du Paris Saint-Germain cet \u00e9t\u00e9. Invit\u00e9 ce dimanche sur les ondes de RMC, Bacary Ciss\u00e9, conseiller de l\u2019attaquant s\u00e9n\u00e9galais, a ainsi confirm\u00e9 des contacts avec le PSG tout en expliquant que l\u2019incertitude [&hellip;]<\/p>\n","protected":false},"author":2,"featured_media":88325,"comment_status":"open","ping_status":"open","sticky":false,"template":"","format":"standard","meta":{"_et_pb_use_builder":"","_et_pb_old_content":""},"categories":[6],"tags":[],"yoast_head":"<!-- This site is optimized with the Yoast SEO Premium plugin v17.8 (Yoast SEO v17.8) - https:\/\/yoast.com\/wordpress\/plugins\/seo\/ -->\n<title>PSG, MESSI AU BAR\u00c7A - Les r\u00e9v\u00e9lations du clan Man\u00e9 | Nettali.com<\/title>\n<meta name=\"robots\" content=\"index, follow, max-snippet:-1, max-image-preview:large, max-video-preview:-1\" \/>\n<link rel=\"canonical\" href=\"https:\/\/www.nettali.com\/2022\/06\/27\/psg-messi-au-barca-les-revelations-du-clan-mane\/\" \/>\n<meta property=\"og:locale\" content=\"fr_FR\" \/>\n<meta property=\"og:type\" content=\"article\" \/>\n<meta property=\"og:title\" content=\"PSG, MESSI AU BAR\u00c7A - Les r\u00e9v\u00e9lations du clan Man\u00e9\" \/>\n<meta property=\"og:description\" content=\"NETTALI.COM - Officiellement recrut\u00e9 par le Bayern Munich mercredi en provenance de Liverpool, Sadio Man\u00e9 aurait bel et bien pu prendre la direction du Paris Saint-Germain cet \u00e9t\u00e9. Invit\u00e9 ce dimanche sur les ondes de RMC, Bacary Ciss\u00e9, conseiller de l\u2019attaquant s\u00e9n\u00e9galais, a ainsi confirm\u00e9 des contacts avec le PSG tout en expliquant que l\u2019incertitude [&hellip;]\" \/>\n<meta property=\"og:url\" content=\"https:\/\/www.nettali.com\/2022\/06\/27\/psg-messi-au-barca-les-revelations-du-clan-mane\/\" \/>\n<meta property=\"og:site_name\" content=\"Nettali.com\" \/>\n<meta property=\"article:publisher\" content=\"https:\/\/www.facebook.com\/nettalicom\" \/>\n<meta property=\"article:published_time\" content=\"2022-06-27T09:24:54+00:00\" \/>\n<meta property=\"og:image\" content=\"https:\/\/www.nettali.com\/wp-content\/uploads\/2022\/06\/resize-2.jpeg\" \/>\n\t<meta property=\"og:image:width\" content=\"720\" \/>\n\t<meta property=\"og:image:height\" content=\"405\" \/>\n<meta name=\"twitter:card\" content=\"summary_large_image\" \/>\n<meta name=\"twitter:label1\" content=\"\u00c9crit par\" \/>\n\t<meta name=\"twitter:data1\" content=\"CK\" \/>\n\t<meta name=\"twitter:label2\" content=\"Dur\u00e9e de lecture estim\u00e9e\" \/>\n\t<meta name=\"twitter:data2\" content=\"1 minute\" \/>\n<script type=\"application\/ld+json\" class=\"yoast-schema-graph\">{\"@context\":\"https:\/\/schema.org\",\"@graph\":[{\"@type\":\"WebSite\",\"@id\":\"https:\/\/www.nettali.com\/#website\",\"url\":\"https:\/\/www.nettali.com\/\",\"name\":\"Nettali.com\",\"description\":\"Le rendez-vous critique du Net\",\"potentialAction\":[{\"@type\":\"SearchAction\",\"target\":{\"@type\":\"EntryPoint\",\"urlTemplate\":\"https:\/\/www.nettali.com\/?s={search_term_string}\"},\"query-input\":\"required name=search_term_string\"}],\"inLanguage\":\"fr-FR\"},{\"@type\":\"ImageObject\",\"@id\":\"https:\/\/www.nettali.com\/2022\/06\/27\/psg-messi-au-barca-les-revelations-du-clan-mane\/#primaryimage\",\"inLanguage\":\"fr-FR\",\"url\":\"https:\/\/www.nettali.com\/wp-content\/uploads\/2022\/06\/resize-2.jpeg\",\"contentUrl\":\"https:\/\/www.nettali.com\/wp-content\/uploads\/2022\/06\/resize-2.jpeg\",\"width\":720,\"height\":405},{\"@type\":\"WebPage\",\"@id\":\"https:\/\/www.nettali.com\/2022\/06\/27\/psg-messi-au-barca-les-revelations-du-clan-mane\/#webpage\",\"url\":\"https:\/\/www.nettali.com\/2022\/06\/27\/psg-messi-au-barca-les-revelations-du-clan-mane\/\",\"name\":\"PSG, MESSI AU BAR\\u00c7A - Les r\\u00e9v\\u00e9lations du clan Man\\u00e9 | Nettali.com\",\"isPartOf\":{\"@id\":\"https:\/\/www.nettali.com\/#website\"},\"primaryImageOfPage\":{\"@id\":\"https:\/\/www.nettali.com\/2022\/06\/27\/psg-messi-au-barca-les-revelations-du-clan-mane\/#primaryimage\"},\"datePublished\":\"2022-06-27T09:24:54+00:00\",\"dateModified\":\"2022-06-27T09:24:54+00:00\",\"author\":{\"@id\":\"https:\/\/www.nettali.com\/#\/schema\/person\/d8ac7b7e27ddad43f1c0d2ef090d7f71\"},\"breadcrumb\":{\"@id\":\"https:\/\/www.nettali.com\/2022\/06\/27\/psg-messi-au-barca-les-revelations-du-clan-mane\/#breadcrumb\"},\"inLanguage\":\"fr-FR\",\"potentialAction\":[{\"@type\":\"ReadAction\",\"target\":[\"https:\/\/www.nettali.com\/2022\/06\/27\/psg-messi-au-barca-les-revelations-du-clan-mane\/\"]}]},{\"@type\":\"BreadcrumbList\",\"@id\":\"https:\/\/www.nettali.com\/2022\/06\/27\/psg-messi-au-barca-les-revelations-du-clan-mane\/#breadcrumb\",\"itemListElement\":[{\"@type\":\"ListItem\",\"position\":1,\"name\":\"Accueil\",\"item\":\"https:\/\/www.nettali.com\/\"},{\"@type\":\"ListItem\",\"position\":2,\"name\":\"PSG, MESSI AU BAR\\u00c7A - Les r\\u00e9v\\u00e9lations du clan Man\\u00e9\"}]},{\"@type\":\"Person\",\"@id\":\"https:\/\/www.nettali.com\/#\/schema\/person\/d8ac7b7e27ddad43f1c0d2ef090d7f71\",\"name\":\"CK\",\"image\":{\"@type\":\"ImageObject\",\"@id\":\"https:\/\/www.nettali.com\/#personlogo\",\"inLanguage\":\"fr-FR\",\"url\":\"https:\/\/secure.gravatar.com\/avatar\/1d8d5118b9327d94da7cd4ce7f17fec2?s=96&d=mm&r=g\",\"contentUrl\":\"https:\/\/secure.gravatar.com\/avatar\/1d8d5118b9327d94da7cd4ce7f17fec2?s=96&d=mm&r=g\",\"caption\":\"CK\"},\"sameAs\":[\"https:\/\/www.nettali.com\"]}]}<\/script>\n<!-- \/ Yoast SEO Premium plugin. -->","yoast_head_json":{"title":"PSG, MESSI AU BAR\u00c7A - Les r\u00e9v\u00e9lations du clan Man\u00e9 | Nettali.com","robots":{"index":"index","follow":"follow","max-snippet":"max-snippet:-1","max-image-preview":"max-image-preview:large","max-video-preview":"max-video-preview:-1"},"canonical":"https:\/\/www.nettali.com\/2022\/06\/27\/psg-messi-au-barca-les-revelations-du-clan-mane\/","og_locale":"fr_FR","og_type":"article","og_title":"PSG, MESSI AU BAR\u00c7A - Les r\u00e9v\u00e9lations du clan Man\u00e9","og_description":"NETTALI.COM - Officiellement recrut\u00e9 par le Bayern Munich mercredi en provenance de Liverpool, Sadio Man\u00e9 aurait bel et bien pu prendre la direction du Paris Saint-Germain cet \u00e9t\u00e9. Invit\u00e9 ce dimanche sur les ondes de RMC, Bacary Ciss\u00e9, conseiller de l\u2019attaquant s\u00e9n\u00e9galais, a ainsi confirm\u00e9 des contacts avec le PSG tout en expliquant que l\u2019incertitude [&hellip;]","og_url":"https:\/\/www.nettali.com\/2022\/06\/27\/psg-messi-au-barca-les-revelations-du-clan-mane\/","og_site_name":"Nettali.com","article_publisher":"https:\/\/www.facebook.com\/nettalicom","article_published_time":"2022-06-27T09:24:54+00:00","og_image":[{"width":720,"height":405,"url":"https:\/\/www.nettali.com\/wp-content\/uploads\/2022\/06\/resize-2.jpeg","type":"image\/jpeg"}],"twitter_card":"summary_large_image","twitter_misc":{"\u00c9crit par":"CK","Dur\u00e9e de lecture estim\u00e9e":"1 minute"},"schema":{"@context":"https:\/\/schema.org","@graph":[{"@type":"WebSite","@id":"https:\/\/www.nettali.com\/#website","url":"https:\/\/www.nettali.com\/","name":"Nettali.com","description":"Le rendez-vous critique du Net","potentialAction":[{"@type":"SearchAction","target":{"@type":"EntryPoint","urlTemplate":"https:\/\/www.nettali.com\/?s={search_term_string}"},"query-input":"required name=search_term_string"}],"inLanguage":"fr-FR"},{"@type":"ImageObject","@id":"https:\/\/www.nettali.com\/2022\/06\/27\/psg-messi-au-barca-les-revelations-du-clan-mane\/#primaryimage","inLanguage":"fr-FR","url":"https:\/\/www.nettali.com\/wp-content\/uploads\/2022\/06\/resize-2.jpeg","contentUrl":"https:\/\/www.nettali.com\/wp-content\/uploads\/2022\/06\/resize-2.jpeg","width":720,"height":405},{"@type":"WebPage","@id":"https:\/\/www.nettali.com\/2022\/06\/27\/psg-messi-au-barca-les-revelations-du-clan-mane\/#webpage","url":"https:\/\/www.nettali.com\/2022\/06\/27\/psg-messi-au-barca-les-revelations-du-clan-mane\/","name":"PSG, MESSI AU BAR\u00c7A - Les r\u00e9v\u00e9lations du clan Man\u00e9 | Nettali.com","isPartOf":{"@id":"https:\/\/www.nettali.com\/#website"},"primaryImageOfPage":{"@id":"https:\/\/www.nettali.com\/2022\/06\/27\/psg-messi-au-barca-les-revelations-du-clan-mane\/#primaryimage"},"datePublished":"2022-06-27T09:24:54+00:00","dateModified":"2022-06-27T09:24:54+00:00","author":{"@id":"https:\/\/www.nettali.com\/#\/schema\/person\/d8ac7b7e27ddad43f1c0d2ef090d7f71"},"breadcrumb":{"@id":"https:\/\/www.nettali.com\/2022\/06\/27\/psg-messi-au-barca-les-revelations-du-clan-mane\/#breadcrumb"},"inLanguage":"fr-FR","potentialAction":[{"@type":"ReadAction","target":["https:\/\/www.nettali.com\/2022\/06\/27\/psg-messi-au-barca-les-revelations-du-clan-mane\/"]}]},{"@type":"BreadcrumbList","@id":"https:\/\/www.nettali.com\/2022\/06\/27\/psg-messi-au-barca-les-revelations-du-clan-mane\/#breadcrumb","itemListElement":[{"@type":"ListItem","position":1,"name":"Accueil","item":"https:\/\/www.nettali.com\/"},{"@type":"ListItem","position":2,"name":"PSG, MESSI AU BAR\u00c7A - Les r\u00e9v\u00e9lations du clan Man\u00e9"}]},{"@type":"Person","@id":"https:\/\/www.nettali.com\/#\/schema\/person\/d8ac7b7e27ddad43f1c0d2ef090d7f71","name":"CK","image":{"@type":"ImageObject","@id":"https:\/\/www.nettali.com\/#personlogo","inLanguage":"fr-FR","url":"https:\/\/secure.gravatar.com\/avatar\/1d8d5118b9327d94da7cd4ce7f17fec2?s=96&d=mm&r=g","contentUrl":"https:\/\/secure.gravatar.com\/avatar\/1d8d5118b9327d94da7cd4ce7f17fec2?s=96&d=mm&r=g","caption":"CK"},"sameAs":["https:\/\/www.nettali.com"]}]}},"_links":{"self":[{"href":"https:\/\/www.nettali.com\/rest\/wp\/v2\/posts\/88749"}],"collection":[{"href":"https:\/\/www.nettali.com\/rest\/wp\/v2\/posts"}],"about":[{"href":"https:\/\/www.nettali.com\/rest\/wp\/v2\/types\/post"}],"author":[{"embeddable":true,"href":"https:\/\/www.nettali.com\/rest\/wp\/v2\/users\/2"}],"replies":[{"embeddable":true,"href":"https:\/\/www.nettali.com\/rest\/wp\/v2\/comments?post=88749"}],"version-history":[{"count":1,"href":"https:\/\/www.nettali.com\/rest\/wp\/v2\/posts\/88749\/revisions"}],"predecessor-version":[{"id":88751,"href":"https:\/\/www.nettali.com\/rest\/wp\/v2\/posts\/88749\/revisions\/88751"}],"wp:featuredmedia":[{"embeddable":true,"href":"https:\/\/www.nettali.com\/rest\/wp\/v2\/media\/88325"}],"wp:attachment":[{"href":"https:\/\/www.nettali.com\/rest\/wp\/v2\/media?parent=88749"}],"wp:term":[{"taxonomy":"category","embeddable":true,"href":"https:\/\/www.nettali.com\/rest\/wp\/v2\/categories?post=88749"},{"taxonomy":"post_tag","embeddable":true,"href":"https:\/\/www.nettali.com\/rest\/wp\/v2\/tags?post=88749"}],"curies":[{"name":"wp","href":"https:\/\/api.w.org\/{rel}","templated":true}]}}