{"id":88699,"date":"2022-06-25T10:29:40","date_gmt":"2022-06-25T10:29:40","guid":{"rendered":"https:\/\/www.nettali.com\/?p=88699"},"modified":"2022-06-25T10:29:40","modified_gmt":"2022-06-25T10:29:40","slug":"arrestations-arbitraires-yaw-saisit-le-haut-commissaire-des-nations-unies-aux-droits-de-lhomme","status":"publish","type":"post","link":"https:\/\/www.nettali.com\/2022\/06\/25\/arrestations-arbitraires-yaw-saisit-le-haut-commissaire-des-nations-unies-aux-droits-de-lhomme\/","title":{"rendered":"ARRESTATIONS \u201cARBITRAIRES\u2019\u2019 - YAW saisit le Haut-Commissaire des Nations-Unies aux Droits de l\u2019Homme"},"content":{"rendered":"<p><strong>NETTALI.COM - Yewwi Askan Wi a saisi le Haut-Commissaire des Nations-Unies aux Droits de l\u2019Homme, Micheline Bachelet. Cela, pour obtenir la lib\u00e9ration des manifestants arr\u00eat\u00e9s le 17 juin dernier.<\/strong><\/p>\n<p>Yewwi Askan Wi a saisi le Haut-Commissaire des Nations-Unies aux Droits de l\u2019Homme, Micheline Bachelet, pour lui demander d\u2019interpeler le Gouvernement du S\u00e9n\u00e9gal sur \u201cles violations massives des Droits de l\u2019Homme, les arrestations arbitraires de manifestants pacifiques ainsi que d\u2019\u00e9lus et les pertes en vies humaines rest\u00e9es impunies\u201d. Cette saisine vise la lib\u00e9ration des manifestants arr\u00eat\u00e9s le 17 juin dernier.<\/p>\n<p>Selon Ousmane Sonko et Cie , cette missive est identique \u00e0 celle que Macky Sall, opposant, avait envoy\u00e9 aux Nations-Unies en 2011. \u201cPreuve qu\u2019il utilise les m\u00e9thodes qu\u2019il d\u00e9non\u00e7ait et qu\u2019il a trahi les pro messes faites au peuple s\u00e9n\u00e9galais lorsqu\u2019il briguait leurs suffrages\u201d, lit-on dans un communiqu\u00e9 rendu public par la coalition Yewwi Askan Wi.<\/p>\n<p>En outre, la coalition Yewwi askan wi, promet de poser encore, dans les prochains jours, d\u2019autres actions en direction de la Cedeao et de l\u2019Union africaine dont Macky Sall est le Pr\u00e9sident.<\/p>\n<p>&nbsp;<\/p>\n<p>&nbsp;<\/p>\n<p>&nbsp;<\/p>\n<div class='share-to-whatsapp-wrapper'><div class='share-on-whsp'>PARTAGER SUR : <\/div><a data-text='ARRESTATIONS \u201cARBITRAIRES\u2019\u2019 - YAW saisit le Haut-Commissaire des Nations-Unies aux Droits de l\u2019Homme' data-link='https:\/\/www.nettali.com\/2022\/06\/25\/arrestations-arbitraires-yaw-saisit-le-haut-commissaire-des-nations-unies-aux-droits-de-lhomme\/' class='whatsapp-button whatsapp-share'>WhatsApp<\/a><div class='clear '><\/div><\/div>","protected":false},"excerpt":{"rendered":"<p>NETTALI.COM - Yewwi Askan Wi a saisi le Haut-Commissaire des Nations-Unies aux Droits de l\u2019Homme, Micheline Bachelet. Cela, pour obtenir la lib\u00e9ration des manifestants arr\u00eat\u00e9s le 17 juin dernier. Yewwi Askan Wi a saisi le Haut-Commissaire des Nations-Unies aux Droits de l\u2019Homme, Micheline Bachelet, pour lui demander d\u2019interpeler le Gouvernement du S\u00e9n\u00e9gal sur \u201cles violations [&hellip;]<\/p>\n","protected":false},"author":11,"featured_media":88321,"comment_status":"open","ping_status":"open","sticky":false,"template":"","format":"standard","meta":{"_et_pb_use_builder":"","_et_pb_old_content":""},"categories":[2],"tags":[],"yoast_head":"<!-- This site is optimized with the Yoast SEO Premium plugin v17.8 (Yoast SEO v17.8) - https:\/\/yoast.com\/wordpress\/plugins\/seo\/ -->\n<title>ARRESTATIONS \u201cARBITRAIRES\u2019\u2019 - YAW saisit le Haut-Commissaire des Nations-Unies aux Droits de l\u2019Homme | Nettali.com<\/title>\n<meta name=\"robots\" content=\"index, follow, max-snippet:-1, max-image-preview:large, max-video-preview:-1\" \/>\n<link rel=\"canonical\" href=\"https:\/\/www.nettali.com\/2022\/06\/25\/arrestations-arbitraires-yaw-saisit-le-haut-commissaire-des-nations-unies-aux-droits-de-lhomme\/\" \/>\n<meta property=\"og:locale\" content=\"fr_FR\" \/>\n<meta property=\"og:type\" content=\"article\" \/>\n<meta property=\"og:title\" content=\"ARRESTATIONS \u201cARBITRAIRES\u2019\u2019 - YAW saisit le Haut-Commissaire des Nations-Unies aux Droits de l\u2019Homme\" \/>\n<meta property=\"og:description\" content=\"NETTALI.COM - Yewwi Askan Wi a saisi le Haut-Commissaire des Nations-Unies aux Droits de l\u2019Homme, Micheline Bachelet. Cela, pour obtenir la lib\u00e9ration des manifestants arr\u00eat\u00e9s le 17 juin dernier. Yewwi Askan Wi a saisi le Haut-Commissaire des Nations-Unies aux Droits de l\u2019Homme, Micheline Bachelet, pour lui demander d\u2019interpeler le Gouvernement du S\u00e9n\u00e9gal sur \u201cles violations [&hellip;]\" \/>\n<meta property=\"og:url\" content=\"https:\/\/www.nettali.com\/2022\/06\/25\/arrestations-arbitraires-yaw-saisit-le-haut-commissaire-des-nations-unies-aux-droits-de-lhomme\/\" \/>\n<meta property=\"og:site_name\" content=\"Nettali.com\" \/>\n<meta property=\"article:publisher\" content=\"https:\/\/www.facebook.com\/nettalicom\" \/>\n<meta property=\"article:published_time\" content=\"2022-06-25T10:29:40+00:00\" \/>\n<meta property=\"og:image\" content=\"https:\/\/www.nettali.com\/wp-content\/uploads\/2022\/06\/WhatsApp-Image-2022-06-17-at-20.36.38.jpeg\" \/>\n\t<meta property=\"og:image:width\" content=\"1080\" \/>\n\t<meta property=\"og:image:height\" content=\"715\" \/>\n<meta name=\"twitter:card\" content=\"summary_large_image\" \/>\n<meta name=\"twitter:label1\" content=\"\u00c9crit par\" \/>\n\t<meta name=\"twitter:data1\" content=\"Thierno Diop\" \/>\n\t<meta name=\"twitter:label2\" content=\"Dur\u00e9e de lecture estim\u00e9e\" \/>\n\t<meta name=\"twitter:data2\" content=\"1 minute\" \/>\n<script type=\"application\/ld+json\" class=\"yoast-schema-graph\">{\"@context\":\"https:\/\/schema.org\",\"@graph\":[{\"@type\":\"WebSite\",\"@id\":\"https:\/\/www.nettali.com\/#website\",\"url\":\"https:\/\/www.nettali.com\/\",\"name\":\"Nettali.com\",\"description\":\"Le rendez-vous critique du Net\",\"potentialAction\":[{\"@type\":\"SearchAction\",\"target\":{\"@type\":\"EntryPoint\",\"urlTemplate\":\"https:\/\/www.nettali.com\/?s={search_term_string}\"},\"query-input\":\"required name=search_term_string\"}],\"inLanguage\":\"fr-FR\"},{\"@type\":\"ImageObject\",\"@id\":\"https:\/\/www.nettali.com\/2022\/06\/25\/arrestations-arbitraires-yaw-saisit-le-haut-commissaire-des-nations-unies-aux-droits-de-lhomme\/#primaryimage\",\"inLanguage\":\"fr-FR\",\"url\":\"https:\/\/www.nettali.com\/wp-content\/uploads\/2022\/06\/WhatsApp-Image-2022-06-17-at-20.36.38.jpeg\",\"contentUrl\":\"https:\/\/www.nettali.com\/wp-content\/uploads\/2022\/06\/WhatsApp-Image-2022-06-17-at-20.36.38.jpeg\",\"width\":1080,\"height\":715},{\"@type\":\"WebPage\",\"@id\":\"https:\/\/www.nettali.com\/2022\/06\/25\/arrestations-arbitraires-yaw-saisit-le-haut-commissaire-des-nations-unies-aux-droits-de-lhomme\/#webpage\",\"url\":\"https:\/\/www.nettali.com\/2022\/06\/25\/arrestations-arbitraires-yaw-saisit-le-haut-commissaire-des-nations-unies-aux-droits-de-lhomme\/\",\"name\":\"ARRESTATIONS \\u201cARBITRAIRES\\u2019\\u2019 - YAW saisit le Haut-Commissaire des Nations-Unies aux Droits de l\\u2019Homme | Nettali.com\",\"isPartOf\":{\"@id\":\"https:\/\/www.nettali.com\/#website\"},\"primaryImageOfPage\":{\"@id\":\"https:\/\/www.nettali.com\/2022\/06\/25\/arrestations-arbitraires-yaw-saisit-le-haut-commissaire-des-nations-unies-aux-droits-de-lhomme\/#primaryimage\"},\"datePublished\":\"2022-06-25T10:29:40+00:00\",\"dateModified\":\"2022-06-25T10:29:40+00:00\",\"author\":{\"@id\":\"https:\/\/www.nettali.com\/#\/schema\/person\/8a06c6bd7b19304cf4bf985862900b5b\"},\"breadcrumb\":{\"@id\":\"https:\/\/www.nettali.com\/2022\/06\/25\/arrestations-arbitraires-yaw-saisit-le-haut-commissaire-des-nations-unies-aux-droits-de-lhomme\/#breadcrumb\"},\"inLanguage\":\"fr-FR\",\"potentialAction\":[{\"@type\":\"ReadAction\",\"target\":[\"https:\/\/www.nettali.com\/2022\/06\/25\/arrestations-arbitraires-yaw-saisit-le-haut-commissaire-des-nations-unies-aux-droits-de-lhomme\/\"]}]},{\"@type\":\"BreadcrumbList\",\"@id\":\"https:\/\/www.nettali.com\/2022\/06\/25\/arrestations-arbitraires-yaw-saisit-le-haut-commissaire-des-nations-unies-aux-droits-de-lhomme\/#breadcrumb\",\"itemListElement\":[{\"@type\":\"ListItem\",\"position\":1,\"name\":\"Accueil\",\"item\":\"https:\/\/www.nettali.com\/\"},{\"@type\":\"ListItem\",\"position\":2,\"name\":\"ARRESTATIONS \\u201cARBITRAIRES\\u2019\\u2019 - YAW saisit le Haut-Commissaire des Nations-Unies aux Droits de l\\u2019Homme\"}]},{\"@type\":\"Person\",\"@id\":\"https:\/\/www.nettali.com\/#\/schema\/person\/8a06c6bd7b19304cf4bf985862900b5b\",\"name\":\"Thierno Diop\",\"image\":{\"@type\":\"ImageObject\",\"@id\":\"https:\/\/www.nettali.com\/#personlogo\",\"inLanguage\":\"fr-FR\",\"url\":\"https:\/\/secure.gravatar.com\/avatar\/c8ca58550c94fd2ac856d27391a6c866?s=96&d=mm&r=g\",\"contentUrl\":\"https:\/\/secure.gravatar.com\/avatar\/c8ca58550c94fd2ac856d27391a6c866?s=96&d=mm&r=g\",\"caption\":\"Thierno Diop\"},\"sameAs\":[\"https:\/\/nettali.com\"]}]}<\/script>\n<!-- \/ Yoast SEO Premium plugin. -->","yoast_head_json":{"title":"ARRESTATIONS \u201cARBITRAIRES\u2019\u2019 - YAW saisit le Haut-Commissaire des Nations-Unies aux Droits de l\u2019Homme | Nettali.com","robots":{"index":"index","follow":"follow","max-snippet":"max-snippet:-1","max-image-preview":"max-image-preview:large","max-video-preview":"max-video-preview:-1"},"canonical":"https:\/\/www.nettali.com\/2022\/06\/25\/arrestations-arbitraires-yaw-saisit-le-haut-commissaire-des-nations-unies-aux-droits-de-lhomme\/","og_locale":"fr_FR","og_type":"article","og_title":"ARRESTATIONS \u201cARBITRAIRES\u2019\u2019 - YAW saisit le Haut-Commissaire des Nations-Unies aux Droits de l\u2019Homme","og_description":"NETTALI.COM - Yewwi Askan Wi a saisi le Haut-Commissaire des Nations-Unies aux Droits de l\u2019Homme, Micheline Bachelet. Cela, pour obtenir la lib\u00e9ration des manifestants arr\u00eat\u00e9s le 17 juin dernier. Yewwi Askan Wi a saisi le Haut-Commissaire des Nations-Unies aux Droits de l\u2019Homme, Micheline Bachelet, pour lui demander d\u2019interpeler le Gouvernement du S\u00e9n\u00e9gal sur \u201cles violations [&hellip;]","og_url":"https:\/\/www.nettali.com\/2022\/06\/25\/arrestations-arbitraires-yaw-saisit-le-haut-commissaire-des-nations-unies-aux-droits-de-lhomme\/","og_site_name":"Nettali.com","article_publisher":"https:\/\/www.facebook.com\/nettalicom","article_published_time":"2022-06-25T10:29:40+00:00","og_image":[{"width":1080,"height":715,"url":"https:\/\/www.nettali.com\/wp-content\/uploads\/2022\/06\/WhatsApp-Image-2022-06-17-at-20.36.38.jpeg","type":"image\/jpeg"}],"twitter_card":"summary_large_image","twitter_misc":{"\u00c9crit par":"Thierno Diop","Dur\u00e9e de lecture estim\u00e9e":"1 minute"},"schema":{"@context":"https:\/\/schema.org","@graph":[{"@type":"WebSite","@id":"https:\/\/www.nettali.com\/#website","url":"https:\/\/www.nettali.com\/","name":"Nettali.com","description":"Le rendez-vous critique du Net","potentialAction":[{"@type":"SearchAction","target":{"@type":"EntryPoint","urlTemplate":"https:\/\/www.nettali.com\/?s={search_term_string}"},"query-input":"required name=search_term_string"}],"inLanguage":"fr-FR"},{"@type":"ImageObject","@id":"https:\/\/www.nettali.com\/2022\/06\/25\/arrestations-arbitraires-yaw-saisit-le-haut-commissaire-des-nations-unies-aux-droits-de-lhomme\/#primaryimage","inLanguage":"fr-FR","url":"https:\/\/www.nettali.com\/wp-content\/uploads\/2022\/06\/WhatsApp-Image-2022-06-17-at-20.36.38.jpeg","contentUrl":"https:\/\/www.nettali.com\/wp-content\/uploads\/2022\/06\/WhatsApp-Image-2022-06-17-at-20.36.38.jpeg","width":1080,"height":715},{"@type":"WebPage","@id":"https:\/\/www.nettali.com\/2022\/06\/25\/arrestations-arbitraires-yaw-saisit-le-haut-commissaire-des-nations-unies-aux-droits-de-lhomme\/#webpage","url":"https:\/\/www.nettali.com\/2022\/06\/25\/arrestations-arbitraires-yaw-saisit-le-haut-commissaire-des-nations-unies-aux-droits-de-lhomme\/","name":"ARRESTATIONS \u201cARBITRAIRES\u2019\u2019 - YAW saisit le Haut-Commissaire des Nations-Unies aux Droits de l\u2019Homme | Nettali.com","isPartOf":{"@id":"https:\/\/www.nettali.com\/#website"},"primaryImageOfPage":{"@id":"https:\/\/www.nettali.com\/2022\/06\/25\/arrestations-arbitraires-yaw-saisit-le-haut-commissaire-des-nations-unies-aux-droits-de-lhomme\/#primaryimage"},"datePublished":"2022-06-25T10:29:40+00:00","dateModified":"2022-06-25T10:29:40+00:00","author":{"@id":"https:\/\/www.nettali.com\/#\/schema\/person\/8a06c6bd7b19304cf4bf985862900b5b"},"breadcrumb":{"@id":"https:\/\/www.nettali.com\/2022\/06\/25\/arrestations-arbitraires-yaw-saisit-le-haut-commissaire-des-nations-unies-aux-droits-de-lhomme\/#breadcrumb"},"inLanguage":"fr-FR","potentialAction":[{"@type":"ReadAction","target":["https:\/\/www.nettali.com\/2022\/06\/25\/arrestations-arbitraires-yaw-saisit-le-haut-commissaire-des-nations-unies-aux-droits-de-lhomme\/"]}]},{"@type":"BreadcrumbList","@id":"https:\/\/www.nettali.com\/2022\/06\/25\/arrestations-arbitraires-yaw-saisit-le-haut-commissaire-des-nations-unies-aux-droits-de-lhomme\/#breadcrumb","itemListElement":[{"@type":"ListItem","position":1,"name":"Accueil","item":"https:\/\/www.nettali.com\/"},{"@type":"ListItem","position":2,"name":"ARRESTATIONS \u201cARBITRAIRES\u2019\u2019 - YAW saisit le Haut-Commissaire des Nations-Unies aux Droits de l\u2019Homme"}]},{"@type":"Person","@id":"https:\/\/www.nettali.com\/#\/schema\/person\/8a06c6bd7b19304cf4bf985862900b5b","name":"Thierno Diop","image":{"@type":"ImageObject","@id":"https:\/\/www.nettali.com\/#personlogo","inLanguage":"fr-FR","url":"https:\/\/secure.gravatar.com\/avatar\/c8ca58550c94fd2ac856d27391a6c866?s=96&d=mm&r=g","contentUrl":"https:\/\/secure.gravatar.com\/avatar\/c8ca58550c94fd2ac856d27391a6c866?s=96&d=mm&r=g","caption":"Thierno Diop"},"sameAs":["https:\/\/nettali.com"]}]}},"_links":{"self":[{"href":"https:\/\/www.nettali.com\/rest\/wp\/v2\/posts\/88699"}],"collection":[{"href":"https:\/\/www.nettali.com\/rest\/wp\/v2\/posts"}],"about":[{"href":"https:\/\/www.nettali.com\/rest\/wp\/v2\/types\/post"}],"author":[{"embeddable":true,"href":"https:\/\/www.nettali.com\/rest\/wp\/v2\/users\/11"}],"replies":[{"embeddable":true,"href":"https:\/\/www.nettali.com\/rest\/wp\/v2\/comments?post=88699"}],"version-history":[{"count":1,"href":"https:\/\/www.nettali.com\/rest\/wp\/v2\/posts\/88699\/revisions"}],"predecessor-version":[{"id":88700,"href":"https:\/\/www.nettali.com\/rest\/wp\/v2\/posts\/88699\/revisions\/88700"}],"wp:featuredmedia":[{"embeddable":true,"href":"https:\/\/www.nettali.com\/rest\/wp\/v2\/media\/88321"}],"wp:attachment":[{"href":"https:\/\/www.nettali.com\/rest\/wp\/v2\/media?parent=88699"}],"wp:term":[{"taxonomy":"category","embeddable":true,"href":"https:\/\/www.nettali.com\/rest\/wp\/v2\/categories?post=88699"},{"taxonomy":"post_tag","embeddable":true,"href":"https:\/\/www.nettali.com\/rest\/wp\/v2\/tags?post=88699"}],"curies":[{"name":"wp","href":"https:\/\/api.w.org\/{rel}","templated":true}]}}