{"id":88595,"date":"2022-06-23T14:10:24","date_gmt":"2022-06-23T14:10:24","guid":{"rendered":"https:\/\/www.nettali.com\/?p=88595"},"modified":"2022-06-23T14:10:24","modified_gmt":"2022-06-23T14:10:24","slug":"bayern-munich-julian-nagelsmann-sous-le-charme-de-sadio-mane","status":"publish","type":"post","link":"https:\/\/www.nettali.com\/2022\/06\/23\/bayern-munich-julian-nagelsmann-sous-le-charme-de-sadio-mane\/","title":{"rendered":"BAYERN MUNICH - Julian Nagelsmann sous le charme de Sadio Man\u00e9"},"content":{"rendered":"<p><strong>NETTALI.COM - Recrut\u00e9 par le Bayern Munich contre un ch\u00e8que de 40 millions d'euros, Sadio Man\u00e9 est li\u00e9 au club de la Bavi\u00e8re pour les trois prochaines saisons. Une tr\u00e8s belle op\u00e9ration pour Julian Nagelsmann qui a amplement appr\u00e9ci\u00e9 l'arriv\u00e9e de l'enfant de Bambali chez les Munichois.<\/strong><\/p>\n<p>\"<em>Je suis tr\u00e8s excit\u00e9 (par la signature de Sadio Man\u00e9). D\u00e8s la premi\u00e8re conversation, il a montr\u00e9 une humilit\u00e9 tr\u00e8s int\u00e9ressante, ce qui est extraordinaire pour un joueur avec un si grand nom. Il a dit, assez modestement, qu\u2019il peut s\u2019imaginer dans n\u2019importe quelle position. C\u2019est rare de voir que dans les premi\u00e8res conversations qu\u2019un joueur se mette compl\u00e8tement au service du club et de l\u2019entra\u00eeneur. Cela a rendu notre envie de le signer encore plus forte<\/em>\", a fait savoir Nagelsmann.<\/p>\n<p>Il a poursuivi en \u00e9voquant notamment sa r\u00e9action apr\u00e8s l\u2019aboutissement des n\u00e9gociations mais surtout l\u2019officialisation du transfert.<br \/>\n\"<em>Nous sommes le Bayern Munich, nous avons toujours la possibilit\u00e9 d\u2019ench\u00e9rir pour de grandes stars. Parfois, nous atteignons des limites financi\u00e8res, en particulier avec des joueurs qui jouent en Angleterre. Mais c\u2019\u00e9tait diff\u00e9rent avec Sadio car il a un grand d\u00e9sir pour notre projet, notre club et ses co\u00e9quipiers. J\u2019\u00e9tais ravi<\/em>\", dit-il.<\/p>\n<p>Interrog\u00e9 sur le positionnement de Sadio Man\u00e9, Julian Nagelsmann a indiqu\u00e9 attendre les d\u00e9buts des hostilit\u00e9s sur le terrain avec l\u2019attaquant s\u00e9n\u00e9galais de 30 ans.<br \/>\n\"<em>Nous ne pouvons pas encore le dire avec certitude (o\u00f9\u00a0jouera Sadio Man\u00e9). Nous devons attendre et voir ce qui se\u00a0passe sur le march\u00e9 des transferts. Mais Sadio est un joueur qui peut facilement jouer \u00e0 quatre ou cinq positions et peut \u00e9galement se repositionner pendant le match<\/em>\", a r\u00e9agi le coach de 34 ans.<\/p>\n<div class='share-to-whatsapp-wrapper'><div class='share-on-whsp'>PARTAGER SUR : <\/div><a data-text='BAYERN MUNICH - Julian Nagelsmann sous le charme de Sadio Man\u00e9' data-link='https:\/\/www.nettali.com\/2022\/06\/23\/bayern-munich-julian-nagelsmann-sous-le-charme-de-sadio-mane\/' class='whatsapp-button whatsapp-share'>WhatsApp<\/a><div class='clear '><\/div><\/div>","protected":false},"excerpt":{"rendered":"<p>NETTALI.COM - Recrut\u00e9 par le Bayern Munich contre un ch\u00e8que de 40 millions d'euros, Sadio Man\u00e9 est li\u00e9 au club de la Bavi\u00e8re pour les trois prochaines saisons. Une tr\u00e8s belle op\u00e9ration pour Julian Nagelsmann qui a amplement appr\u00e9ci\u00e9 l'arriv\u00e9e de l'enfant de Bambali chez les Munichois. \"Je suis tr\u00e8s excit\u00e9 (par la signature de [&hellip;]<\/p>\n","protected":false},"author":5,"featured_media":88596,"comment_status":"open","ping_status":"open","sticky":false,"template":"","format":"standard","meta":{"_et_pb_use_builder":"","_et_pb_old_content":""},"categories":[6],"tags":[],"yoast_head":"<!-- This site is optimized with the Yoast SEO Premium plugin v17.8 (Yoast SEO v17.8) - https:\/\/yoast.com\/wordpress\/plugins\/seo\/ -->\n<title>BAYERN MUNICH - Julian Nagelsmann sous le charme de Sadio Man\u00e9 | Nettali.com<\/title>\n<meta name=\"robots\" content=\"index, follow, max-snippet:-1, max-image-preview:large, max-video-preview:-1\" \/>\n<link rel=\"canonical\" href=\"https:\/\/www.nettali.com\/2022\/06\/23\/bayern-munich-julian-nagelsmann-sous-le-charme-de-sadio-mane\/\" \/>\n<meta property=\"og:locale\" content=\"fr_FR\" \/>\n<meta property=\"og:type\" content=\"article\" \/>\n<meta property=\"og:title\" content=\"BAYERN MUNICH - Julian Nagelsmann sous le charme de Sadio Man\u00e9\" \/>\n<meta property=\"og:description\" content=\"NETTALI.COM - Recrut\u00e9 par le Bayern Munich contre un ch\u00e8que de 40 millions d&#039;euros, Sadio Man\u00e9 est li\u00e9 au club de la Bavi\u00e8re pour les trois prochaines saisons. Une tr\u00e8s belle op\u00e9ration pour Julian Nagelsmann qui a amplement appr\u00e9ci\u00e9 l&#039;arriv\u00e9e de l&#039;enfant de Bambali chez les Munichois. &quot;Je suis tr\u00e8s excit\u00e9 (par la signature de [&hellip;]\" \/>\n<meta property=\"og:url\" content=\"https:\/\/www.nettali.com\/2022\/06\/23\/bayern-munich-julian-nagelsmann-sous-le-charme-de-sadio-mane\/\" \/>\n<meta property=\"og:site_name\" content=\"Nettali.com\" \/>\n<meta property=\"article:publisher\" content=\"https:\/\/www.facebook.com\/nettalicom\" \/>\n<meta property=\"article:published_time\" content=\"2022-06-23T14:10:24+00:00\" \/>\n<meta property=\"og:image\" content=\"https:\/\/www.nettali.com\/wp-content\/uploads\/2022\/06\/Icon_220622-99-760290_dpai-685x450_1.jpg\" \/>\n\t<meta property=\"og:image:width\" content=\"685\" \/>\n\t<meta property=\"og:image:height\" content=\"411\" \/>\n<meta name=\"twitter:card\" content=\"summary_large_image\" \/>\n<meta name=\"twitter:label1\" content=\"\u00c9crit par\" \/>\n\t<meta name=\"twitter:data1\" content=\"Ibrahima\" \/>\n\t<meta name=\"twitter:label2\" content=\"Dur\u00e9e de lecture estim\u00e9e\" \/>\n\t<meta name=\"twitter:data2\" content=\"2 minutes\" \/>\n<script type=\"application\/ld+json\" class=\"yoast-schema-graph\">{\"@context\":\"https:\/\/schema.org\",\"@graph\":[{\"@type\":\"WebSite\",\"@id\":\"https:\/\/www.nettali.com\/#website\",\"url\":\"https:\/\/www.nettali.com\/\",\"name\":\"Nettali.com\",\"description\":\"Le rendez-vous critique du Net\",\"potentialAction\":[{\"@type\":\"SearchAction\",\"target\":{\"@type\":\"EntryPoint\",\"urlTemplate\":\"https:\/\/www.nettali.com\/?s={search_term_string}\"},\"query-input\":\"required name=search_term_string\"}],\"inLanguage\":\"fr-FR\"},{\"@type\":\"ImageObject\",\"@id\":\"https:\/\/www.nettali.com\/2022\/06\/23\/bayern-munich-julian-nagelsmann-sous-le-charme-de-sadio-mane\/#primaryimage\",\"inLanguage\":\"fr-FR\",\"url\":\"https:\/\/www.nettali.com\/wp-content\/uploads\/2022\/06\/Icon_220622-99-760290_dpai-685x450_1.jpg\",\"contentUrl\":\"https:\/\/www.nettali.com\/wp-content\/uploads\/2022\/06\/Icon_220622-99-760290_dpai-685x450_1.jpg\",\"width\":685,\"height\":411},{\"@type\":\"WebPage\",\"@id\":\"https:\/\/www.nettali.com\/2022\/06\/23\/bayern-munich-julian-nagelsmann-sous-le-charme-de-sadio-mane\/#webpage\",\"url\":\"https:\/\/www.nettali.com\/2022\/06\/23\/bayern-munich-julian-nagelsmann-sous-le-charme-de-sadio-mane\/\",\"name\":\"BAYERN MUNICH - Julian Nagelsmann sous le charme de Sadio Man\\u00e9 | Nettali.com\",\"isPartOf\":{\"@id\":\"https:\/\/www.nettali.com\/#website\"},\"primaryImageOfPage\":{\"@id\":\"https:\/\/www.nettali.com\/2022\/06\/23\/bayern-munich-julian-nagelsmann-sous-le-charme-de-sadio-mane\/#primaryimage\"},\"datePublished\":\"2022-06-23T14:10:24+00:00\",\"dateModified\":\"2022-06-23T14:10:24+00:00\",\"author\":{\"@id\":\"https:\/\/www.nettali.com\/#\/schema\/person\/bb147657c2986240405a608162b9bb23\"},\"breadcrumb\":{\"@id\":\"https:\/\/www.nettali.com\/2022\/06\/23\/bayern-munich-julian-nagelsmann-sous-le-charme-de-sadio-mane\/#breadcrumb\"},\"inLanguage\":\"fr-FR\",\"potentialAction\":[{\"@type\":\"ReadAction\",\"target\":[\"https:\/\/www.nettali.com\/2022\/06\/23\/bayern-munich-julian-nagelsmann-sous-le-charme-de-sadio-mane\/\"]}]},{\"@type\":\"BreadcrumbList\",\"@id\":\"https:\/\/www.nettali.com\/2022\/06\/23\/bayern-munich-julian-nagelsmann-sous-le-charme-de-sadio-mane\/#breadcrumb\",\"itemListElement\":[{\"@type\":\"ListItem\",\"position\":1,\"name\":\"Accueil\",\"item\":\"https:\/\/www.nettali.com\/\"},{\"@type\":\"ListItem\",\"position\":2,\"name\":\"BAYERN MUNICH - Julian Nagelsmann sous le charme de Sadio Man\\u00e9\"}]},{\"@type\":\"Person\",\"@id\":\"https:\/\/www.nettali.com\/#\/schema\/person\/bb147657c2986240405a608162b9bb23\",\"name\":\"Ibrahima\",\"image\":{\"@type\":\"ImageObject\",\"@id\":\"https:\/\/www.nettali.com\/#personlogo\",\"inLanguage\":\"fr-FR\",\"url\":\"https:\/\/secure.gravatar.com\/avatar\/26a8a81f09f0dd7624c9d5c36c9ba3a2?s=96&d=mm&r=g\",\"contentUrl\":\"https:\/\/secure.gravatar.com\/avatar\/26a8a81f09f0dd7624c9d5c36c9ba3a2?s=96&d=mm&r=g\",\"caption\":\"Ibrahima\"},\"sameAs\":[\"https:\/\/www.nettali.com\"]}]}<\/script>\n<!-- \/ Yoast SEO Premium plugin. -->","yoast_head_json":{"title":"BAYERN MUNICH - Julian Nagelsmann sous le charme de Sadio Man\u00e9 | Nettali.com","robots":{"index":"index","follow":"follow","max-snippet":"max-snippet:-1","max-image-preview":"max-image-preview:large","max-video-preview":"max-video-preview:-1"},"canonical":"https:\/\/www.nettali.com\/2022\/06\/23\/bayern-munich-julian-nagelsmann-sous-le-charme-de-sadio-mane\/","og_locale":"fr_FR","og_type":"article","og_title":"BAYERN MUNICH - Julian Nagelsmann sous le charme de Sadio Man\u00e9","og_description":"NETTALI.COM - Recrut\u00e9 par le Bayern Munich contre un ch\u00e8que de 40 millions d'euros, Sadio Man\u00e9 est li\u00e9 au club de la Bavi\u00e8re pour les trois prochaines saisons. Une tr\u00e8s belle op\u00e9ration pour Julian Nagelsmann qui a amplement appr\u00e9ci\u00e9 l'arriv\u00e9e de l'enfant de Bambali chez les Munichois. \"Je suis tr\u00e8s excit\u00e9 (par la signature de [&hellip;]","og_url":"https:\/\/www.nettali.com\/2022\/06\/23\/bayern-munich-julian-nagelsmann-sous-le-charme-de-sadio-mane\/","og_site_name":"Nettali.com","article_publisher":"https:\/\/www.facebook.com\/nettalicom","article_published_time":"2022-06-23T14:10:24+00:00","og_image":[{"width":685,"height":411,"url":"https:\/\/www.nettali.com\/wp-content\/uploads\/2022\/06\/Icon_220622-99-760290_dpai-685x450_1.jpg","type":"image\/jpeg"}],"twitter_card":"summary_large_image","twitter_misc":{"\u00c9crit par":"Ibrahima","Dur\u00e9e de lecture estim\u00e9e":"2 minutes"},"schema":{"@context":"https:\/\/schema.org","@graph":[{"@type":"WebSite","@id":"https:\/\/www.nettali.com\/#website","url":"https:\/\/www.nettali.com\/","name":"Nettali.com","description":"Le rendez-vous critique du Net","potentialAction":[{"@type":"SearchAction","target":{"@type":"EntryPoint","urlTemplate":"https:\/\/www.nettali.com\/?s={search_term_string}"},"query-input":"required name=search_term_string"}],"inLanguage":"fr-FR"},{"@type":"ImageObject","@id":"https:\/\/www.nettali.com\/2022\/06\/23\/bayern-munich-julian-nagelsmann-sous-le-charme-de-sadio-mane\/#primaryimage","inLanguage":"fr-FR","url":"https:\/\/www.nettali.com\/wp-content\/uploads\/2022\/06\/Icon_220622-99-760290_dpai-685x450_1.jpg","contentUrl":"https:\/\/www.nettali.com\/wp-content\/uploads\/2022\/06\/Icon_220622-99-760290_dpai-685x450_1.jpg","width":685,"height":411},{"@type":"WebPage","@id":"https:\/\/www.nettali.com\/2022\/06\/23\/bayern-munich-julian-nagelsmann-sous-le-charme-de-sadio-mane\/#webpage","url":"https:\/\/www.nettali.com\/2022\/06\/23\/bayern-munich-julian-nagelsmann-sous-le-charme-de-sadio-mane\/","name":"BAYERN MUNICH - Julian Nagelsmann sous le charme de Sadio Man\u00e9 | Nettali.com","isPartOf":{"@id":"https:\/\/www.nettali.com\/#website"},"primaryImageOfPage":{"@id":"https:\/\/www.nettali.com\/2022\/06\/23\/bayern-munich-julian-nagelsmann-sous-le-charme-de-sadio-mane\/#primaryimage"},"datePublished":"2022-06-23T14:10:24+00:00","dateModified":"2022-06-23T14:10:24+00:00","author":{"@id":"https:\/\/www.nettali.com\/#\/schema\/person\/bb147657c2986240405a608162b9bb23"},"breadcrumb":{"@id":"https:\/\/www.nettali.com\/2022\/06\/23\/bayern-munich-julian-nagelsmann-sous-le-charme-de-sadio-mane\/#breadcrumb"},"inLanguage":"fr-FR","potentialAction":[{"@type":"ReadAction","target":["https:\/\/www.nettali.com\/2022\/06\/23\/bayern-munich-julian-nagelsmann-sous-le-charme-de-sadio-mane\/"]}]},{"@type":"BreadcrumbList","@id":"https:\/\/www.nettali.com\/2022\/06\/23\/bayern-munich-julian-nagelsmann-sous-le-charme-de-sadio-mane\/#breadcrumb","itemListElement":[{"@type":"ListItem","position":1,"name":"Accueil","item":"https:\/\/www.nettali.com\/"},{"@type":"ListItem","position":2,"name":"BAYERN MUNICH - Julian Nagelsmann sous le charme de Sadio Man\u00e9"}]},{"@type":"Person","@id":"https:\/\/www.nettali.com\/#\/schema\/person\/bb147657c2986240405a608162b9bb23","name":"Ibrahima","image":{"@type":"ImageObject","@id":"https:\/\/www.nettali.com\/#personlogo","inLanguage":"fr-FR","url":"https:\/\/secure.gravatar.com\/avatar\/26a8a81f09f0dd7624c9d5c36c9ba3a2?s=96&d=mm&r=g","contentUrl":"https:\/\/secure.gravatar.com\/avatar\/26a8a81f09f0dd7624c9d5c36c9ba3a2?s=96&d=mm&r=g","caption":"Ibrahima"},"sameAs":["https:\/\/www.nettali.com"]}]}},"_links":{"self":[{"href":"https:\/\/www.nettali.com\/rest\/wp\/v2\/posts\/88595"}],"collection":[{"href":"https:\/\/www.nettali.com\/rest\/wp\/v2\/posts"}],"about":[{"href":"https:\/\/www.nettali.com\/rest\/wp\/v2\/types\/post"}],"author":[{"embeddable":true,"href":"https:\/\/www.nettali.com\/rest\/wp\/v2\/users\/5"}],"replies":[{"embeddable":true,"href":"https:\/\/www.nettali.com\/rest\/wp\/v2\/comments?post=88595"}],"version-history":[{"count":1,"href":"https:\/\/www.nettali.com\/rest\/wp\/v2\/posts\/88595\/revisions"}],"predecessor-version":[{"id":88597,"href":"https:\/\/www.nettali.com\/rest\/wp\/v2\/posts\/88595\/revisions\/88597"}],"wp:featuredmedia":[{"embeddable":true,"href":"https:\/\/www.nettali.com\/rest\/wp\/v2\/media\/88596"}],"wp:attachment":[{"href":"https:\/\/www.nettali.com\/rest\/wp\/v2\/media?parent=88595"}],"wp:term":[{"taxonomy":"category","embeddable":true,"href":"https:\/\/www.nettali.com\/rest\/wp\/v2\/categories?post=88595"},{"taxonomy":"post_tag","embeddable":true,"href":"https:\/\/www.nettali.com\/rest\/wp\/v2\/tags?post=88595"}],"curies":[{"name":"wp","href":"https:\/\/api.w.org\/{rel}","templated":true}]}}