{"id":88538,"date":"2022-06-22T10:29:56","date_gmt":"2022-06-22T10:29:56","guid":{"rendered":"https:\/\/www.nettali.com\/?p=88538"},"modified":"2022-06-22T10:29:56","modified_gmt":"2022-06-22T10:29:56","slug":"lentourage-de-macron-enterre-lidee-dun-gouvernement-dunion-elargi","status":"publish","type":"post","link":"https:\/\/www.nettali.com\/2022\/06\/22\/lentourage-de-macron-enterre-lidee-dun-gouvernement-dunion-elargi\/","title":{"rendered":"L'entourage de Macron enterre l'id\u00e9e d'un gouvernement d'union \u00e9largi"},"content":{"rendered":"<p><strong>NETTALI.COM - Les ministres des Relations avec le Parlement, Olivier V\u00e9ran, et de l'Europe, Cl\u00e9ment Beaune, ont exclu mercredi toute alliance avec l'extr\u00eame droite et l'extr\u00eame gauche pour donner au camp du pr\u00e9sident Emmanuel Macron la majorit\u00e9 absolue qu'il a perdue apr\u00e8s les \u00e9lections l\u00e9gislatives de dimanche.<\/strong><\/p>\n<p>Plusieurs t\u00e9nors du camp pr\u00e9sidentiel ont sem\u00e9 le trouble en sugg\u00e9rant mardi la formation d'un gouvernement d'union nationale ou d'une \"grande coalition\", id\u00e9e qu'Emmanuel Macron aurait lui-m\u00eame \u00e9voqu\u00e9e lors d'entretiens avec les dirigeants des partis repr\u00e9sent\u00e9s \u00e0 l'Assembl\u00e9e nationale, selon le communiste Fabien Roussel.<\/p>\n<p>Ensemble!, l'alliance constitu\u00e9e autour du chef de l'Etat, regroupant Renaissance (ex-La R\u00e9publique en marche), le MoDem de Fran\u00e7ois Bayrou et Horizons d'Edouard Philippe, n'a obtenu que de 245 d\u00e9put\u00e9s, soit 44 de moins que la majorit\u00e9 absolue, et devra donc soit constituer un gouvernement de coalition, soit obtenir une majorit\u00e9 au \"cas par cas\" pour faire adopter ses projets de loi.<\/p>\n<p>Bien qu'aucun parti d'opposition ne se soit publiquement dit pr\u00eat \u00e0 servir d'appoint \u00e0 l'alliance pr\u00e9sidentielle, l'hypoth\u00e8se d'un gouvernement d'union \u00e9voqu\u00e9e mardi par Fran\u00e7ois Bayrou et Edouard Philippe a pos\u00e9 la question de savoir si une alliance pourrait inclure le Rassemblement national (RN) de Marine Le Pen ou la France insoumise (LFI) de Jean-Luc M\u00e9lenchon, cibles de virulentes attaques d'Emmanuel Macron lors des r\u00e9cents scrutins.<\/p>\n<p>Le ministre d\u00e9l\u00e9gu\u00e9 charg\u00e9 de l'Europe, Cl\u00e9ment Beaune, un tr\u00e8s proche du chef de l'Etat, a cat\u00e9goriquement rejet\u00e9 cette id\u00e9e mercredi.<\/p>\n<p>\"Il ne peut pas y avoir une alliance, m\u00eame de circonstances, avec le Rassemblement national\", dont le socle de valeurs n'est pas compatible avec celui de la coalition pr\u00e9sidentielle, a expliqu\u00e9 Cl\u00e9ment Beaune sur Europe 1.<\/p>\n<p>\"Nous n'irons pas chercher un accord politique avec le Rassemblement national\", a-t-il insist\u00e9.<\/p>\n<p><strong>\"PROJET PAR PROJET\"<\/strong><\/p>\n<p>Son coll\u00e8gue aux Relations avec le Parlement et ancien ministre de la Sant\u00e9, Olivier V\u00e9ran, a \u00e9galement exclu toute alliance avec l'extr\u00eame gauche.<\/p>\n<p>\"On ne se mettra pas en situation de d\u00e9pendre des voix du RN, ni de LFI\", a-t-il assur\u00e9 sur BFMTV.<\/p>\n<p>\"Nous avons la volont\u00e9 de tendre la main, de travailler dans l'int\u00e9r\u00eat g\u00e9n\u00e9ral\", a expliqu\u00e9 Olivier V\u00e9ran, en \u00e9voquant par exemple \"un syst\u00e8me de majorit\u00e9 projet par projet, tant\u00f4t avec la gauche, tant\u00f4t avec la droite\".<\/p>\n<p>En revanche, \"faire le calcul par anticipation que gr\u00e2ce aux voix du RN nous passerions un texte que nous ne passerions pas sans eux, c'est non, ni d'ailleurs avec les LFI\", a insist\u00e9 le ministre.<\/p>\n<p>Emmanuel Macron, qui termine ce mercredi ses consultations politiques, en recevant notamment un repr\u00e9sentant des Insoumis \u00e0 l'Elys\u00e9e, n'a fait aucune d\u00e9claration depuis l'\u00e9chec subi par son camp aux l\u00e9gislatives, et n'a livr\u00e9 aucune indication sur ses intentions pour la suite de son quinquennat.<\/p>\n<p>La position du chef de l'Etat est d'autant plus d\u00e9licate que Les R\u00e9publicains (LR) et l'UDI, ses alli\u00e9s les plus \"naturels\" au sein de l'opposition pour mener \u00e0 bien son programme de r\u00e9formes, dont celle du syst\u00e8me de retraites, ne cessent de r\u00e9p\u00e9ter qu'ils ne veulent pas participer \u00e0 un gouvernement de coalition alors que leur soixantaine d'\u00e9lus suffiraient \u00e0 constituer une majorit\u00e9 stable.<\/p>\n<p>En attendant d'y voir plus clair, Emmanuel Macron a refus\u00e9 mardi la d\u00e9mission de le Premi\u00e8re ministre Elisabeth Borne et lui a demand\u00e9 d'exp\u00e9dier les affaires courantes, sans que son maintien en poste soit assur\u00e9 \u00e0 moyenne \u00e9ch\u00e9ance.<\/p>\n<p>Le temps presse pourtant pour le pr\u00e9sident de la R\u00e9publique s'il veut apporter un peu de clart\u00e9 politique avant d'entamer jeudi une s\u00e9quence internationale qui le verra participer \u00e0 un Conseil europ\u00e9en \u00e0 Bruxelles, un sommet du G7 en Allemagne, un autre de l'Otan \u00e0 Madrid, puis une conf\u00e9rence de l'Onu \u00e0 Lisbonne.<\/p>\n<p>(Avec Reuters)<\/p>\n<div class='share-to-whatsapp-wrapper'><div class='share-on-whsp'>PARTAGER SUR : <\/div><a data-text='L'entourage de Macron enterre l'id\u00e9e d'un gouvernement d'union \u00e9largi' data-link='https:\/\/www.nettali.com\/2022\/06\/22\/lentourage-de-macron-enterre-lidee-dun-gouvernement-dunion-elargi\/' class='whatsapp-button whatsapp-share'>WhatsApp<\/a><div class='clear '><\/div><\/div>","protected":false},"excerpt":{"rendered":"<p>NETTALI.COM - Les ministres des Relations avec le Parlement, Olivier V\u00e9ran, et de l'Europe, Cl\u00e9ment Beaune, ont exclu mercredi toute alliance avec l'extr\u00eame droite et l'extr\u00eame gauche pour donner au camp du pr\u00e9sident Emmanuel Macron la majorit\u00e9 absolue qu'il a perdue apr\u00e8s les \u00e9lections l\u00e9gislatives de dimanche. Plusieurs t\u00e9nors du camp pr\u00e9sidentiel ont sem\u00e9 le [&hellip;]<\/p>\n","protected":false},"author":11,"featured_media":84230,"comment_status":"open","ping_status":"open","sticky":false,"template":"","format":"standard","meta":{"_et_pb_use_builder":"","_et_pb_old_content":""},"categories":[8],"tags":[],"yoast_head":"<!-- This site is optimized with the Yoast SEO Premium plugin v17.8 (Yoast SEO v17.8) - https:\/\/yoast.com\/wordpress\/plugins\/seo\/ -->\n<title>L&#039;entourage de Macron enterre l&#039;id\u00e9e d&#039;un gouvernement d&#039;union \u00e9largi | Nettali.com<\/title>\n<meta name=\"robots\" content=\"index, follow, max-snippet:-1, max-image-preview:large, max-video-preview:-1\" \/>\n<link rel=\"canonical\" href=\"https:\/\/www.nettali.com\/2022\/06\/22\/lentourage-de-macron-enterre-lidee-dun-gouvernement-dunion-elargi\/\" \/>\n<meta property=\"og:locale\" content=\"fr_FR\" \/>\n<meta property=\"og:type\" content=\"article\" \/>\n<meta property=\"og:title\" content=\"L&#039;entourage de Macron enterre l&#039;id\u00e9e d&#039;un gouvernement d&#039;union \u00e9largi\" \/>\n<meta property=\"og:description\" content=\"NETTALI.COM - Les ministres des Relations avec le Parlement, Olivier V\u00e9ran, et de l&#039;Europe, Cl\u00e9ment Beaune, ont exclu mercredi toute alliance avec l&#039;extr\u00eame droite et l&#039;extr\u00eame gauche pour donner au camp du pr\u00e9sident Emmanuel Macron la majorit\u00e9 absolue qu&#039;il a perdue apr\u00e8s les \u00e9lections l\u00e9gislatives de dimanche. Plusieurs t\u00e9nors du camp pr\u00e9sidentiel ont sem\u00e9 le [&hellip;]\" \/>\n<meta property=\"og:url\" content=\"https:\/\/www.nettali.com\/2022\/06\/22\/lentourage-de-macron-enterre-lidee-dun-gouvernement-dunion-elargi\/\" \/>\n<meta property=\"og:site_name\" content=\"Nettali.com\" \/>\n<meta property=\"article:publisher\" content=\"https:\/\/www.facebook.com\/nettalicom\" \/>\n<meta property=\"article:published_time\" content=\"2022-06-22T10:29:56+00:00\" \/>\n<meta property=\"og:image\" content=\"https:\/\/www.nettali.com\/wp-content\/uploads\/2022\/04\/airine-macron.jpg\" \/>\n\t<meta property=\"og:image:width\" content=\"1000\" \/>\n\t<meta property=\"og:image:height\" content=\"749\" \/>\n<meta name=\"twitter:card\" content=\"summary_large_image\" \/>\n<meta name=\"twitter:label1\" content=\"\u00c9crit par\" \/>\n\t<meta name=\"twitter:data1\" content=\"Thierno Diop\" \/>\n\t<meta name=\"twitter:label2\" content=\"Dur\u00e9e de lecture estim\u00e9e\" \/>\n\t<meta name=\"twitter:data2\" content=\"4 minutes\" \/>\n<script type=\"application\/ld+json\" class=\"yoast-schema-graph\">{\"@context\":\"https:\/\/schema.org\",\"@graph\":[{\"@type\":\"WebSite\",\"@id\":\"https:\/\/www.nettali.com\/#website\",\"url\":\"https:\/\/www.nettali.com\/\",\"name\":\"Nettali.com\",\"description\":\"Le rendez-vous critique du Net\",\"potentialAction\":[{\"@type\":\"SearchAction\",\"target\":{\"@type\":\"EntryPoint\",\"urlTemplate\":\"https:\/\/www.nettali.com\/?s={search_term_string}\"},\"query-input\":\"required name=search_term_string\"}],\"inLanguage\":\"fr-FR\"},{\"@type\":\"ImageObject\",\"@id\":\"https:\/\/www.nettali.com\/2022\/06\/22\/lentourage-de-macron-enterre-lidee-dun-gouvernement-dunion-elargi\/#primaryimage\",\"inLanguage\":\"fr-FR\",\"url\":\"https:\/\/www.nettali.com\/wp-content\/uploads\/2022\/04\/airine-macron.jpg\",\"contentUrl\":\"https:\/\/www.nettali.com\/wp-content\/uploads\/2022\/04\/airine-macron.jpg\",\"width\":1000,\"height\":749},{\"@type\":\"WebPage\",\"@id\":\"https:\/\/www.nettali.com\/2022\/06\/22\/lentourage-de-macron-enterre-lidee-dun-gouvernement-dunion-elargi\/#webpage\",\"url\":\"https:\/\/www.nettali.com\/2022\/06\/22\/lentourage-de-macron-enterre-lidee-dun-gouvernement-dunion-elargi\/\",\"name\":\"L'entourage de Macron enterre l'id\\u00e9e d'un gouvernement d'union \\u00e9largi | Nettali.com\",\"isPartOf\":{\"@id\":\"https:\/\/www.nettali.com\/#website\"},\"primaryImageOfPage\":{\"@id\":\"https:\/\/www.nettali.com\/2022\/06\/22\/lentourage-de-macron-enterre-lidee-dun-gouvernement-dunion-elargi\/#primaryimage\"},\"datePublished\":\"2022-06-22T10:29:56+00:00\",\"dateModified\":\"2022-06-22T10:29:56+00:00\",\"author\":{\"@id\":\"https:\/\/www.nettali.com\/#\/schema\/person\/8a06c6bd7b19304cf4bf985862900b5b\"},\"breadcrumb\":{\"@id\":\"https:\/\/www.nettali.com\/2022\/06\/22\/lentourage-de-macron-enterre-lidee-dun-gouvernement-dunion-elargi\/#breadcrumb\"},\"inLanguage\":\"fr-FR\",\"potentialAction\":[{\"@type\":\"ReadAction\",\"target\":[\"https:\/\/www.nettali.com\/2022\/06\/22\/lentourage-de-macron-enterre-lidee-dun-gouvernement-dunion-elargi\/\"]}]},{\"@type\":\"BreadcrumbList\",\"@id\":\"https:\/\/www.nettali.com\/2022\/06\/22\/lentourage-de-macron-enterre-lidee-dun-gouvernement-dunion-elargi\/#breadcrumb\",\"itemListElement\":[{\"@type\":\"ListItem\",\"position\":1,\"name\":\"Accueil\",\"item\":\"https:\/\/www.nettali.com\/\"},{\"@type\":\"ListItem\",\"position\":2,\"name\":\"L'entourage de Macron enterre l'id\\u00e9e d'un gouvernement d'union \\u00e9largi\"}]},{\"@type\":\"Person\",\"@id\":\"https:\/\/www.nettali.com\/#\/schema\/person\/8a06c6bd7b19304cf4bf985862900b5b\",\"name\":\"Thierno Diop\",\"image\":{\"@type\":\"ImageObject\",\"@id\":\"https:\/\/www.nettali.com\/#personlogo\",\"inLanguage\":\"fr-FR\",\"url\":\"https:\/\/secure.gravatar.com\/avatar\/c8ca58550c94fd2ac856d27391a6c866?s=96&d=mm&r=g\",\"contentUrl\":\"https:\/\/secure.gravatar.com\/avatar\/c8ca58550c94fd2ac856d27391a6c866?s=96&d=mm&r=g\",\"caption\":\"Thierno Diop\"},\"sameAs\":[\"https:\/\/nettali.com\"]}]}<\/script>\n<!-- \/ Yoast SEO Premium plugin. -->","yoast_head_json":{"title":"L'entourage de Macron enterre l'id\u00e9e d'un gouvernement d'union \u00e9largi | Nettali.com","robots":{"index":"index","follow":"follow","max-snippet":"max-snippet:-1","max-image-preview":"max-image-preview:large","max-video-preview":"max-video-preview:-1"},"canonical":"https:\/\/www.nettali.com\/2022\/06\/22\/lentourage-de-macron-enterre-lidee-dun-gouvernement-dunion-elargi\/","og_locale":"fr_FR","og_type":"article","og_title":"L'entourage de Macron enterre l'id\u00e9e d'un gouvernement d'union \u00e9largi","og_description":"NETTALI.COM - Les ministres des Relations avec le Parlement, Olivier V\u00e9ran, et de l'Europe, Cl\u00e9ment Beaune, ont exclu mercredi toute alliance avec l'extr\u00eame droite et l'extr\u00eame gauche pour donner au camp du pr\u00e9sident Emmanuel Macron la majorit\u00e9 absolue qu'il a perdue apr\u00e8s les \u00e9lections l\u00e9gislatives de dimanche. Plusieurs t\u00e9nors du camp pr\u00e9sidentiel ont sem\u00e9 le [&hellip;]","og_url":"https:\/\/www.nettali.com\/2022\/06\/22\/lentourage-de-macron-enterre-lidee-dun-gouvernement-dunion-elargi\/","og_site_name":"Nettali.com","article_publisher":"https:\/\/www.facebook.com\/nettalicom","article_published_time":"2022-06-22T10:29:56+00:00","og_image":[{"width":1000,"height":749,"url":"https:\/\/www.nettali.com\/wp-content\/uploads\/2022\/04\/airine-macron.jpg","type":"image\/jpeg"}],"twitter_card":"summary_large_image","twitter_misc":{"\u00c9crit par":"Thierno Diop","Dur\u00e9e de lecture estim\u00e9e":"4 minutes"},"schema":{"@context":"https:\/\/schema.org","@graph":[{"@type":"WebSite","@id":"https:\/\/www.nettali.com\/#website","url":"https:\/\/www.nettali.com\/","name":"Nettali.com","description":"Le rendez-vous critique du Net","potentialAction":[{"@type":"SearchAction","target":{"@type":"EntryPoint","urlTemplate":"https:\/\/www.nettali.com\/?s={search_term_string}"},"query-input":"required name=search_term_string"}],"inLanguage":"fr-FR"},{"@type":"ImageObject","@id":"https:\/\/www.nettali.com\/2022\/06\/22\/lentourage-de-macron-enterre-lidee-dun-gouvernement-dunion-elargi\/#primaryimage","inLanguage":"fr-FR","url":"https:\/\/www.nettali.com\/wp-content\/uploads\/2022\/04\/airine-macron.jpg","contentUrl":"https:\/\/www.nettali.com\/wp-content\/uploads\/2022\/04\/airine-macron.jpg","width":1000,"height":749},{"@type":"WebPage","@id":"https:\/\/www.nettali.com\/2022\/06\/22\/lentourage-de-macron-enterre-lidee-dun-gouvernement-dunion-elargi\/#webpage","url":"https:\/\/www.nettali.com\/2022\/06\/22\/lentourage-de-macron-enterre-lidee-dun-gouvernement-dunion-elargi\/","name":"L'entourage de Macron enterre l'id\u00e9e d'un gouvernement d'union \u00e9largi | Nettali.com","isPartOf":{"@id":"https:\/\/www.nettali.com\/#website"},"primaryImageOfPage":{"@id":"https:\/\/www.nettali.com\/2022\/06\/22\/lentourage-de-macron-enterre-lidee-dun-gouvernement-dunion-elargi\/#primaryimage"},"datePublished":"2022-06-22T10:29:56+00:00","dateModified":"2022-06-22T10:29:56+00:00","author":{"@id":"https:\/\/www.nettali.com\/#\/schema\/person\/8a06c6bd7b19304cf4bf985862900b5b"},"breadcrumb":{"@id":"https:\/\/www.nettali.com\/2022\/06\/22\/lentourage-de-macron-enterre-lidee-dun-gouvernement-dunion-elargi\/#breadcrumb"},"inLanguage":"fr-FR","potentialAction":[{"@type":"ReadAction","target":["https:\/\/www.nettali.com\/2022\/06\/22\/lentourage-de-macron-enterre-lidee-dun-gouvernement-dunion-elargi\/"]}]},{"@type":"BreadcrumbList","@id":"https:\/\/www.nettali.com\/2022\/06\/22\/lentourage-de-macron-enterre-lidee-dun-gouvernement-dunion-elargi\/#breadcrumb","itemListElement":[{"@type":"ListItem","position":1,"name":"Accueil","item":"https:\/\/www.nettali.com\/"},{"@type":"ListItem","position":2,"name":"L'entourage de Macron enterre l'id\u00e9e d'un gouvernement d'union \u00e9largi"}]},{"@type":"Person","@id":"https:\/\/www.nettali.com\/#\/schema\/person\/8a06c6bd7b19304cf4bf985862900b5b","name":"Thierno Diop","image":{"@type":"ImageObject","@id":"https:\/\/www.nettali.com\/#personlogo","inLanguage":"fr-FR","url":"https:\/\/secure.gravatar.com\/avatar\/c8ca58550c94fd2ac856d27391a6c866?s=96&d=mm&r=g","contentUrl":"https:\/\/secure.gravatar.com\/avatar\/c8ca58550c94fd2ac856d27391a6c866?s=96&d=mm&r=g","caption":"Thierno Diop"},"sameAs":["https:\/\/nettali.com"]}]}},"_links":{"self":[{"href":"https:\/\/www.nettali.com\/rest\/wp\/v2\/posts\/88538"}],"collection":[{"href":"https:\/\/www.nettali.com\/rest\/wp\/v2\/posts"}],"about":[{"href":"https:\/\/www.nettali.com\/rest\/wp\/v2\/types\/post"}],"author":[{"embeddable":true,"href":"https:\/\/www.nettali.com\/rest\/wp\/v2\/users\/11"}],"replies":[{"embeddable":true,"href":"https:\/\/www.nettali.com\/rest\/wp\/v2\/comments?post=88538"}],"version-history":[{"count":1,"href":"https:\/\/www.nettali.com\/rest\/wp\/v2\/posts\/88538\/revisions"}],"predecessor-version":[{"id":88539,"href":"https:\/\/www.nettali.com\/rest\/wp\/v2\/posts\/88538\/revisions\/88539"}],"wp:featuredmedia":[{"embeddable":true,"href":"https:\/\/www.nettali.com\/rest\/wp\/v2\/media\/84230"}],"wp:attachment":[{"href":"https:\/\/www.nettali.com\/rest\/wp\/v2\/media?parent=88538"}],"wp:term":[{"taxonomy":"category","embeddable":true,"href":"https:\/\/www.nettali.com\/rest\/wp\/v2\/categories?post=88538"},{"taxonomy":"post_tag","embeddable":true,"href":"https:\/\/www.nettali.com\/rest\/wp\/v2\/tags?post=88538"}],"curies":[{"name":"wp","href":"https:\/\/api.w.org\/{rel}","templated":true}]}}