{"id":88536,"date":"2022-06-22T10:23:40","date_gmt":"2022-06-22T10:23:40","guid":{"rendered":"https:\/\/www.nettali.com\/?p=88536"},"modified":"2022-06-22T20:15:41","modified_gmt":"2022-06-22T20:15:41","slug":"tribunal-de-dakar-dethie-fall-mame-diarra-fam-et-cie-juges-le-27-juin-prochain-en-audience-speciale","status":"publish","type":"post","link":"https:\/\/www.nettali.com\/2022\/06\/22\/tribunal-de-dakar-dethie-fall-mame-diarra-fam-et-cie-juges-le-27-juin-prochain-en-audience-speciale\/","title":{"rendered":"TRIBUNAL DE DAKAR - D\u00e9thi\u00e9 Fall, Mame Diarra Fam et Cie jug\u00e9s le 27 juin prochain en audience sp\u00e9ciale"},"content":{"rendered":"<p><strong>NETTALI.COM - Initialement pr\u00e9vu aujourd\u2019hui, le proc\u00e8s de D\u00e9thi\u00e9 Fall, \u00a0Mame Diarra Fam et des autres d\u00e9tenus, plac\u00e9s en garde n\u2019a pas \u00e9t\u00e9 retenu. Il est renvoy\u00e9 au 27 juin prochain en audience sp\u00e9ciale. <\/strong><\/p>\n<p>Selon le juge, la salle 1 du palais de justice de Dakar ne peut pas contenir 84 d\u00e9tenus. Ainsi, pense-t-il, un dispositif sp\u00e9cial devrait \u00eatre am\u00e9nag\u00e9 afin que le proc\u00e8s puisse se tenir dans les meilleures conditions.<\/p>\n<p>Il faut rappeler que les deux parlementaires, arr\u00eat\u00e9s le 17 juin dernier lors de la manifestation interdite d\u2019une partie de l\u2019opposition, ont \u00e9t\u00e9 pr\u00e9sent\u00e9s au procureur lundi dernier. Apr\u00e8s leur audition au fond, ils ont \u00e9t\u00e9 inculp\u00e9s pour tentative de participation \u00e0 une manifestation ill\u00e9gale, provocation d\u2019un attroupement et trouble \u00e0 l\u2019ordre public.<\/p>\n<div class='share-to-whatsapp-wrapper'><div class='share-on-whsp'>PARTAGER SUR : <\/div><a data-text='TRIBUNAL DE DAKAR - D\u00e9thi\u00e9 Fall, Mame Diarra Fam et Cie jug\u00e9s le 27 juin prochain en audience sp\u00e9ciale' data-link='https:\/\/www.nettali.com\/2022\/06\/22\/tribunal-de-dakar-dethie-fall-mame-diarra-fam-et-cie-juges-le-27-juin-prochain-en-audience-speciale\/' class='whatsapp-button whatsapp-share'>WhatsApp<\/a><div class='clear '><\/div><\/div>","protected":false},"excerpt":{"rendered":"<p>NETTALI.COM - Initialement pr\u00e9vu aujourd\u2019hui, le proc\u00e8s de D\u00e9thi\u00e9 Fall, \u00a0Mame Diarra Fam et des autres d\u00e9tenus, plac\u00e9s en garde n\u2019a pas \u00e9t\u00e9 retenu. Il est renvoy\u00e9 au 27 juin prochain en audience sp\u00e9ciale. Selon le juge, la salle 1 du palais de justice de Dakar ne peut pas contenir 84 d\u00e9tenus. Ainsi, pense-t-il, un [&hellip;]<\/p>\n","protected":false},"author":11,"featured_media":88441,"comment_status":"open","ping_status":"open","sticky":false,"template":"","format":"standard","meta":{"_et_pb_use_builder":"","_et_pb_old_content":""},"categories":[2],"tags":[],"yoast_head":"<!-- This site is optimized with the Yoast SEO Premium plugin v17.8 (Yoast SEO v17.8) - https:\/\/yoast.com\/wordpress\/plugins\/seo\/ -->\n<title>TRIBUNAL DE DAKAR - D\u00e9thi\u00e9 Fall, Mame Diarra Fam et Cie jug\u00e9s le 27 juin prochain en audience sp\u00e9ciale | Nettali.com<\/title>\n<meta name=\"robots\" content=\"index, follow, max-snippet:-1, max-image-preview:large, max-video-preview:-1\" \/>\n<link rel=\"canonical\" href=\"https:\/\/www.nettali.com\/2022\/06\/22\/tribunal-de-dakar-dethie-fall-mame-diarra-fam-et-cie-juges-le-27-juin-prochain-en-audience-speciale\/\" \/>\n<meta property=\"og:locale\" content=\"fr_FR\" \/>\n<meta property=\"og:type\" content=\"article\" \/>\n<meta property=\"og:title\" content=\"TRIBUNAL DE DAKAR - D\u00e9thi\u00e9 Fall, Mame Diarra Fam et Cie jug\u00e9s le 27 juin prochain en audience sp\u00e9ciale\" \/>\n<meta property=\"og:description\" content=\"NETTALI.COM - Initialement pr\u00e9vu aujourd\u2019hui, le proc\u00e8s de D\u00e9thi\u00e9 Fall, \u00a0Mame Diarra Fam et des autres d\u00e9tenus, plac\u00e9s en garde n\u2019a pas \u00e9t\u00e9 retenu. Il est renvoy\u00e9 au 27 juin prochain en audience sp\u00e9ciale. Selon le juge, la salle 1 du palais de justice de Dakar ne peut pas contenir 84 d\u00e9tenus. Ainsi, pense-t-il, un [&hellip;]\" \/>\n<meta property=\"og:url\" content=\"https:\/\/www.nettali.com\/2022\/06\/22\/tribunal-de-dakar-dethie-fall-mame-diarra-fam-et-cie-juges-le-27-juin-prochain-en-audience-speciale\/\" \/>\n<meta property=\"og:site_name\" content=\"Nettali.com\" \/>\n<meta property=\"article:publisher\" content=\"https:\/\/www.facebook.com\/nettalicom\" \/>\n<meta property=\"article:published_time\" content=\"2022-06-22T10:23:40+00:00\" \/>\n<meta property=\"article:modified_time\" content=\"2022-06-22T20:15:41+00:00\" \/>\n<meta property=\"og:image\" content=\"https:\/\/www.nettali.com\/wp-content\/uploads\/2022\/06\/Capture-de\u0301cran-2022-06-20-a\u0300-18.25.53.png\" \/>\n\t<meta property=\"og:image:width\" content=\"598\" \/>\n\t<meta property=\"og:image:height\" content=\"296\" \/>\n<meta name=\"twitter:card\" content=\"summary_large_image\" \/>\n<meta name=\"twitter:label1\" content=\"\u00c9crit par\" \/>\n\t<meta name=\"twitter:data1\" content=\"Thierno Diop\" \/>\n\t<meta name=\"twitter:label2\" content=\"Dur\u00e9e de lecture estim\u00e9e\" \/>\n\t<meta name=\"twitter:data2\" content=\"1 minute\" \/>\n<script type=\"application\/ld+json\" class=\"yoast-schema-graph\">{\"@context\":\"https:\/\/schema.org\",\"@graph\":[{\"@type\":\"WebSite\",\"@id\":\"https:\/\/www.nettali.com\/#website\",\"url\":\"https:\/\/www.nettali.com\/\",\"name\":\"Nettali.com\",\"description\":\"Le rendez-vous critique du Net\",\"potentialAction\":[{\"@type\":\"SearchAction\",\"target\":{\"@type\":\"EntryPoint\",\"urlTemplate\":\"https:\/\/www.nettali.com\/?s={search_term_string}\"},\"query-input\":\"required name=search_term_string\"}],\"inLanguage\":\"fr-FR\"},{\"@type\":\"ImageObject\",\"@id\":\"https:\/\/www.nettali.com\/2022\/06\/22\/tribunal-de-dakar-dethie-fall-mame-diarra-fam-et-cie-juges-le-27-juin-prochain-en-audience-speciale\/#primaryimage\",\"inLanguage\":\"fr-FR\",\"url\":\"https:\/\/www.nettali.com\/wp-content\/uploads\/2022\/06\/Capture-de\\u0301cran-2022-06-20-a\\u0300-18.25.53.png\",\"contentUrl\":\"https:\/\/www.nettali.com\/wp-content\/uploads\/2022\/06\/Capture-de\\u0301cran-2022-06-20-a\\u0300-18.25.53.png\",\"width\":598,\"height\":296},{\"@type\":\"WebPage\",\"@id\":\"https:\/\/www.nettali.com\/2022\/06\/22\/tribunal-de-dakar-dethie-fall-mame-diarra-fam-et-cie-juges-le-27-juin-prochain-en-audience-speciale\/#webpage\",\"url\":\"https:\/\/www.nettali.com\/2022\/06\/22\/tribunal-de-dakar-dethie-fall-mame-diarra-fam-et-cie-juges-le-27-juin-prochain-en-audience-speciale\/\",\"name\":\"TRIBUNAL DE DAKAR - D\\u00e9thi\\u00e9 Fall, Mame Diarra Fam et Cie jug\\u00e9s le 27 juin prochain en audience sp\\u00e9ciale | Nettali.com\",\"isPartOf\":{\"@id\":\"https:\/\/www.nettali.com\/#website\"},\"primaryImageOfPage\":{\"@id\":\"https:\/\/www.nettali.com\/2022\/06\/22\/tribunal-de-dakar-dethie-fall-mame-diarra-fam-et-cie-juges-le-27-juin-prochain-en-audience-speciale\/#primaryimage\"},\"datePublished\":\"2022-06-22T10:23:40+00:00\",\"dateModified\":\"2022-06-22T20:15:41+00:00\",\"author\":{\"@id\":\"https:\/\/www.nettali.com\/#\/schema\/person\/8a06c6bd7b19304cf4bf985862900b5b\"},\"breadcrumb\":{\"@id\":\"https:\/\/www.nettali.com\/2022\/06\/22\/tribunal-de-dakar-dethie-fall-mame-diarra-fam-et-cie-juges-le-27-juin-prochain-en-audience-speciale\/#breadcrumb\"},\"inLanguage\":\"fr-FR\",\"potentialAction\":[{\"@type\":\"ReadAction\",\"target\":[\"https:\/\/www.nettali.com\/2022\/06\/22\/tribunal-de-dakar-dethie-fall-mame-diarra-fam-et-cie-juges-le-27-juin-prochain-en-audience-speciale\/\"]}]},{\"@type\":\"BreadcrumbList\",\"@id\":\"https:\/\/www.nettali.com\/2022\/06\/22\/tribunal-de-dakar-dethie-fall-mame-diarra-fam-et-cie-juges-le-27-juin-prochain-en-audience-speciale\/#breadcrumb\",\"itemListElement\":[{\"@type\":\"ListItem\",\"position\":1,\"name\":\"Accueil\",\"item\":\"https:\/\/www.nettali.com\/\"},{\"@type\":\"ListItem\",\"position\":2,\"name\":\"TRIBUNAL DE DAKAR - D\\u00e9thi\\u00e9 Fall, Mame Diarra Fam et Cie jug\\u00e9s le 27 juin prochain en audience sp\\u00e9ciale\"}]},{\"@type\":\"Person\",\"@id\":\"https:\/\/www.nettali.com\/#\/schema\/person\/8a06c6bd7b19304cf4bf985862900b5b\",\"name\":\"Thierno Diop\",\"image\":{\"@type\":\"ImageObject\",\"@id\":\"https:\/\/www.nettali.com\/#personlogo\",\"inLanguage\":\"fr-FR\",\"url\":\"https:\/\/secure.gravatar.com\/avatar\/c8ca58550c94fd2ac856d27391a6c866?s=96&d=mm&r=g\",\"contentUrl\":\"https:\/\/secure.gravatar.com\/avatar\/c8ca58550c94fd2ac856d27391a6c866?s=96&d=mm&r=g\",\"caption\":\"Thierno Diop\"},\"sameAs\":[\"https:\/\/nettali.com\"]}]}<\/script>\n<!-- \/ Yoast SEO Premium plugin. -->","yoast_head_json":{"title":"TRIBUNAL DE DAKAR - D\u00e9thi\u00e9 Fall, Mame Diarra Fam et Cie jug\u00e9s le 27 juin prochain en audience sp\u00e9ciale | Nettali.com","robots":{"index":"index","follow":"follow","max-snippet":"max-snippet:-1","max-image-preview":"max-image-preview:large","max-video-preview":"max-video-preview:-1"},"canonical":"https:\/\/www.nettali.com\/2022\/06\/22\/tribunal-de-dakar-dethie-fall-mame-diarra-fam-et-cie-juges-le-27-juin-prochain-en-audience-speciale\/","og_locale":"fr_FR","og_type":"article","og_title":"TRIBUNAL DE DAKAR - D\u00e9thi\u00e9 Fall, Mame Diarra Fam et Cie jug\u00e9s le 27 juin prochain en audience sp\u00e9ciale","og_description":"NETTALI.COM - Initialement pr\u00e9vu aujourd\u2019hui, le proc\u00e8s de D\u00e9thi\u00e9 Fall, \u00a0Mame Diarra Fam et des autres d\u00e9tenus, plac\u00e9s en garde n\u2019a pas \u00e9t\u00e9 retenu. Il est renvoy\u00e9 au 27 juin prochain en audience sp\u00e9ciale. Selon le juge, la salle 1 du palais de justice de Dakar ne peut pas contenir 84 d\u00e9tenus. Ainsi, pense-t-il, un [&hellip;]","og_url":"https:\/\/www.nettali.com\/2022\/06\/22\/tribunal-de-dakar-dethie-fall-mame-diarra-fam-et-cie-juges-le-27-juin-prochain-en-audience-speciale\/","og_site_name":"Nettali.com","article_publisher":"https:\/\/www.facebook.com\/nettalicom","article_published_time":"2022-06-22T10:23:40+00:00","article_modified_time":"2022-06-22T20:15:41+00:00","og_image":[{"width":598,"height":296,"url":"https:\/\/www.nettali.com\/wp-content\/uploads\/2022\/06\/Capture-de\u0301cran-2022-06-20-a\u0300-18.25.53.png","type":"image\/png"}],"twitter_card":"summary_large_image","twitter_misc":{"\u00c9crit par":"Thierno Diop","Dur\u00e9e de lecture estim\u00e9e":"1 minute"},"schema":{"@context":"https:\/\/schema.org","@graph":[{"@type":"WebSite","@id":"https:\/\/www.nettali.com\/#website","url":"https:\/\/www.nettali.com\/","name":"Nettali.com","description":"Le rendez-vous critique du Net","potentialAction":[{"@type":"SearchAction","target":{"@type":"EntryPoint","urlTemplate":"https:\/\/www.nettali.com\/?s={search_term_string}"},"query-input":"required name=search_term_string"}],"inLanguage":"fr-FR"},{"@type":"ImageObject","@id":"https:\/\/www.nettali.com\/2022\/06\/22\/tribunal-de-dakar-dethie-fall-mame-diarra-fam-et-cie-juges-le-27-juin-prochain-en-audience-speciale\/#primaryimage","inLanguage":"fr-FR","url":"https:\/\/www.nettali.com\/wp-content\/uploads\/2022\/06\/Capture-de\u0301cran-2022-06-20-a\u0300-18.25.53.png","contentUrl":"https:\/\/www.nettali.com\/wp-content\/uploads\/2022\/06\/Capture-de\u0301cran-2022-06-20-a\u0300-18.25.53.png","width":598,"height":296},{"@type":"WebPage","@id":"https:\/\/www.nettali.com\/2022\/06\/22\/tribunal-de-dakar-dethie-fall-mame-diarra-fam-et-cie-juges-le-27-juin-prochain-en-audience-speciale\/#webpage","url":"https:\/\/www.nettali.com\/2022\/06\/22\/tribunal-de-dakar-dethie-fall-mame-diarra-fam-et-cie-juges-le-27-juin-prochain-en-audience-speciale\/","name":"TRIBUNAL DE DAKAR - D\u00e9thi\u00e9 Fall, Mame Diarra Fam et Cie jug\u00e9s le 27 juin prochain en audience sp\u00e9ciale | Nettali.com","isPartOf":{"@id":"https:\/\/www.nettali.com\/#website"},"primaryImageOfPage":{"@id":"https:\/\/www.nettali.com\/2022\/06\/22\/tribunal-de-dakar-dethie-fall-mame-diarra-fam-et-cie-juges-le-27-juin-prochain-en-audience-speciale\/#primaryimage"},"datePublished":"2022-06-22T10:23:40+00:00","dateModified":"2022-06-22T20:15:41+00:00","author":{"@id":"https:\/\/www.nettali.com\/#\/schema\/person\/8a06c6bd7b19304cf4bf985862900b5b"},"breadcrumb":{"@id":"https:\/\/www.nettali.com\/2022\/06\/22\/tribunal-de-dakar-dethie-fall-mame-diarra-fam-et-cie-juges-le-27-juin-prochain-en-audience-speciale\/#breadcrumb"},"inLanguage":"fr-FR","potentialAction":[{"@type":"ReadAction","target":["https:\/\/www.nettali.com\/2022\/06\/22\/tribunal-de-dakar-dethie-fall-mame-diarra-fam-et-cie-juges-le-27-juin-prochain-en-audience-speciale\/"]}]},{"@type":"BreadcrumbList","@id":"https:\/\/www.nettali.com\/2022\/06\/22\/tribunal-de-dakar-dethie-fall-mame-diarra-fam-et-cie-juges-le-27-juin-prochain-en-audience-speciale\/#breadcrumb","itemListElement":[{"@type":"ListItem","position":1,"name":"Accueil","item":"https:\/\/www.nettali.com\/"},{"@type":"ListItem","position":2,"name":"TRIBUNAL DE DAKAR - D\u00e9thi\u00e9 Fall, Mame Diarra Fam et Cie jug\u00e9s le 27 juin prochain en audience sp\u00e9ciale"}]},{"@type":"Person","@id":"https:\/\/www.nettali.com\/#\/schema\/person\/8a06c6bd7b19304cf4bf985862900b5b","name":"Thierno Diop","image":{"@type":"ImageObject","@id":"https:\/\/www.nettali.com\/#personlogo","inLanguage":"fr-FR","url":"https:\/\/secure.gravatar.com\/avatar\/c8ca58550c94fd2ac856d27391a6c866?s=96&d=mm&r=g","contentUrl":"https:\/\/secure.gravatar.com\/avatar\/c8ca58550c94fd2ac856d27391a6c866?s=96&d=mm&r=g","caption":"Thierno Diop"},"sameAs":["https:\/\/nettali.com"]}]}},"_links":{"self":[{"href":"https:\/\/www.nettali.com\/rest\/wp\/v2\/posts\/88536"}],"collection":[{"href":"https:\/\/www.nettali.com\/rest\/wp\/v2\/posts"}],"about":[{"href":"https:\/\/www.nettali.com\/rest\/wp\/v2\/types\/post"}],"author":[{"embeddable":true,"href":"https:\/\/www.nettali.com\/rest\/wp\/v2\/users\/11"}],"replies":[{"embeddable":true,"href":"https:\/\/www.nettali.com\/rest\/wp\/v2\/comments?post=88536"}],"version-history":[{"count":2,"href":"https:\/\/www.nettali.com\/rest\/wp\/v2\/posts\/88536\/revisions"}],"predecessor-version":[{"id":88565,"href":"https:\/\/www.nettali.com\/rest\/wp\/v2\/posts\/88536\/revisions\/88565"}],"wp:featuredmedia":[{"embeddable":true,"href":"https:\/\/www.nettali.com\/rest\/wp\/v2\/media\/88441"}],"wp:attachment":[{"href":"https:\/\/www.nettali.com\/rest\/wp\/v2\/media?parent=88536"}],"wp:term":[{"taxonomy":"category","embeddable":true,"href":"https:\/\/www.nettali.com\/rest\/wp\/v2\/categories?post=88536"},{"taxonomy":"post_tag","embeddable":true,"href":"https:\/\/www.nettali.com\/rest\/wp\/v2\/tags?post=88536"}],"curies":[{"name":"wp","href":"https:\/\/api.w.org\/{rel}","templated":true}]}}