{"id":88453,"date":"2022-06-21T06:27:46","date_gmt":"2022-06-21T06:27:46","guid":{"rendered":"https:\/\/www.nettali.com\/?p=88453"},"modified":"2022-06-21T06:27:46","modified_gmt":"2022-06-21T06:27:46","slug":"om-bamba-dieng-veut-rester","status":"publish","type":"post","link":"https:\/\/www.nettali.com\/2022\/06\/21\/om-bamba-dieng-veut-rester\/","title":{"rendered":"OM - Bamba Dieng veut rester"},"content":{"rendered":"<p><strong>NETTALI.COM -<\/strong> Auteur d'une saison tr\u00e8s int\u00e9ressante avec l'Olympique de Marseille, le jeune attaquant Bamba Dieng (22 ans, 36 apparitions et 8 buts toutes comp\u00e9titions cette saison) compte bien poursuivre son apprentissage dans la cit\u00e9 phoc\u00e9enne. Selon La Provence, l'international s\u00e9n\u00e9galais veut rester \u00e0 l'OM cet \u00e9t\u00e9. Sa d\u00e9cision serait ferme et d\u00e9finitive, malgr\u00e9 l'int\u00e9r\u00eat de plusieurs clubs \u00e9trangers.<\/p>\n<p>Malgr\u00e9 l'envie du joueur, Marseille pourrait \u00eatre tent\u00e9 de le vendre si une belle offre se pr\u00e9sentait sur le bureau des dirigeants lors de ce mercato estival. Le club phoc\u00e9en devra alors convaincre le natif de Pikine de partir. Ce qui ne s'annonce donc pas simple.<\/p>\n<div class='share-to-whatsapp-wrapper'><div class='share-on-whsp'>PARTAGER SUR : <\/div><a data-text='OM - Bamba Dieng veut rester' data-link='https:\/\/www.nettali.com\/2022\/06\/21\/om-bamba-dieng-veut-rester\/' class='whatsapp-button whatsapp-share'>WhatsApp<\/a><div class='clear '><\/div><\/div>","protected":false},"excerpt":{"rendered":"<p>NETTALI.COM - Auteur d'une saison tr\u00e8s int\u00e9ressante avec l'Olympique de Marseille, le jeune attaquant Bamba Dieng (22 ans, 36 apparitions et 8 buts toutes comp\u00e9titions cette saison) compte bien poursuivre son apprentissage dans la cit\u00e9 phoc\u00e9enne. Selon La Provence, l'international s\u00e9n\u00e9galais veut rester \u00e0 l'OM cet \u00e9t\u00e9. Sa d\u00e9cision serait ferme et d\u00e9finitive, malgr\u00e9 l'int\u00e9r\u00eat [&hellip;]<\/p>\n","protected":false},"author":2,"featured_media":88461,"comment_status":"open","ping_status":"open","sticky":false,"template":"","format":"standard","meta":{"_et_pb_use_builder":"","_et_pb_old_content":""},"categories":[6],"tags":[],"yoast_head":"<!-- This site is optimized with the Yoast SEO Premium plugin v17.8 (Yoast SEO v17.8) - https:\/\/yoast.com\/wordpress\/plugins\/seo\/ -->\n<title>OM - Bamba Dieng veut rester | Nettali.com<\/title>\n<meta name=\"robots\" content=\"index, follow, max-snippet:-1, max-image-preview:large, max-video-preview:-1\" \/>\n<link rel=\"canonical\" href=\"https:\/\/www.nettali.com\/2022\/06\/21\/om-bamba-dieng-veut-rester\/\" \/>\n<meta property=\"og:locale\" content=\"fr_FR\" \/>\n<meta property=\"og:type\" content=\"article\" \/>\n<meta property=\"og:title\" content=\"OM - Bamba Dieng veut rester\" \/>\n<meta property=\"og:description\" content=\"NETTALI.COM - Auteur d&#039;une saison tr\u00e8s int\u00e9ressante avec l&#039;Olympique de Marseille, le jeune attaquant Bamba Dieng (22 ans, 36 apparitions et 8 buts toutes comp\u00e9titions cette saison) compte bien poursuivre son apprentissage dans la cit\u00e9 phoc\u00e9enne. Selon La Provence, l&#039;international s\u00e9n\u00e9galais veut rester \u00e0 l&#039;OM cet \u00e9t\u00e9. Sa d\u00e9cision serait ferme et d\u00e9finitive, malgr\u00e9 l&#039;int\u00e9r\u00eat [&hellip;]\" \/>\n<meta property=\"og:url\" content=\"https:\/\/www.nettali.com\/2022\/06\/21\/om-bamba-dieng-veut-rester\/\" \/>\n<meta property=\"og:site_name\" content=\"Nettali.com\" \/>\n<meta property=\"article:publisher\" content=\"https:\/\/www.facebook.com\/nettalicom\" \/>\n<meta property=\"article:published_time\" content=\"2022-06-21T06:27:46+00:00\" \/>\n<meta property=\"og:image\" content=\"https:\/\/www.nettali.com\/wp-content\/uploads\/2022\/06\/10bf71d99f17063b5ff2bc48a7b54eda0fa011d4.jpg\" \/>\n\t<meta property=\"og:image:width\" content=\"612\" \/>\n\t<meta property=\"og:image:height\" content=\"298\" \/>\n<meta name=\"twitter:card\" content=\"summary_large_image\" \/>\n<meta name=\"twitter:label1\" content=\"\u00c9crit par\" \/>\n\t<meta name=\"twitter:data1\" content=\"CK\" \/>\n\t<meta name=\"twitter:label2\" content=\"Dur\u00e9e de lecture estim\u00e9e\" \/>\n\t<meta name=\"twitter:data2\" content=\"1 minute\" \/>\n<script type=\"application\/ld+json\" class=\"yoast-schema-graph\">{\"@context\":\"https:\/\/schema.org\",\"@graph\":[{\"@type\":\"WebSite\",\"@id\":\"https:\/\/www.nettali.com\/#website\",\"url\":\"https:\/\/www.nettali.com\/\",\"name\":\"Nettali.com\",\"description\":\"Le rendez-vous critique du Net\",\"potentialAction\":[{\"@type\":\"SearchAction\",\"target\":{\"@type\":\"EntryPoint\",\"urlTemplate\":\"https:\/\/www.nettali.com\/?s={search_term_string}\"},\"query-input\":\"required name=search_term_string\"}],\"inLanguage\":\"fr-FR\"},{\"@type\":\"ImageObject\",\"@id\":\"https:\/\/www.nettali.com\/2022\/06\/21\/om-bamba-dieng-veut-rester\/#primaryimage\",\"inLanguage\":\"fr-FR\",\"url\":\"https:\/\/www.nettali.com\/wp-content\/uploads\/2022\/06\/10bf71d99f17063b5ff2bc48a7b54eda0fa011d4.jpg\",\"contentUrl\":\"https:\/\/www.nettali.com\/wp-content\/uploads\/2022\/06\/10bf71d99f17063b5ff2bc48a7b54eda0fa011d4.jpg\",\"width\":612,\"height\":298},{\"@type\":\"WebPage\",\"@id\":\"https:\/\/www.nettali.com\/2022\/06\/21\/om-bamba-dieng-veut-rester\/#webpage\",\"url\":\"https:\/\/www.nettali.com\/2022\/06\/21\/om-bamba-dieng-veut-rester\/\",\"name\":\"OM - Bamba Dieng veut rester | Nettali.com\",\"isPartOf\":{\"@id\":\"https:\/\/www.nettali.com\/#website\"},\"primaryImageOfPage\":{\"@id\":\"https:\/\/www.nettali.com\/2022\/06\/21\/om-bamba-dieng-veut-rester\/#primaryimage\"},\"datePublished\":\"2022-06-21T06:27:46+00:00\",\"dateModified\":\"2022-06-21T06:27:46+00:00\",\"author\":{\"@id\":\"https:\/\/www.nettali.com\/#\/schema\/person\/d8ac7b7e27ddad43f1c0d2ef090d7f71\"},\"breadcrumb\":{\"@id\":\"https:\/\/www.nettali.com\/2022\/06\/21\/om-bamba-dieng-veut-rester\/#breadcrumb\"},\"inLanguage\":\"fr-FR\",\"potentialAction\":[{\"@type\":\"ReadAction\",\"target\":[\"https:\/\/www.nettali.com\/2022\/06\/21\/om-bamba-dieng-veut-rester\/\"]}]},{\"@type\":\"BreadcrumbList\",\"@id\":\"https:\/\/www.nettali.com\/2022\/06\/21\/om-bamba-dieng-veut-rester\/#breadcrumb\",\"itemListElement\":[{\"@type\":\"ListItem\",\"position\":1,\"name\":\"Accueil\",\"item\":\"https:\/\/www.nettali.com\/\"},{\"@type\":\"ListItem\",\"position\":2,\"name\":\"OM - Bamba Dieng veut rester\"}]},{\"@type\":\"Person\",\"@id\":\"https:\/\/www.nettali.com\/#\/schema\/person\/d8ac7b7e27ddad43f1c0d2ef090d7f71\",\"name\":\"CK\",\"image\":{\"@type\":\"ImageObject\",\"@id\":\"https:\/\/www.nettali.com\/#personlogo\",\"inLanguage\":\"fr-FR\",\"url\":\"https:\/\/secure.gravatar.com\/avatar\/1d8d5118b9327d94da7cd4ce7f17fec2?s=96&d=mm&r=g\",\"contentUrl\":\"https:\/\/secure.gravatar.com\/avatar\/1d8d5118b9327d94da7cd4ce7f17fec2?s=96&d=mm&r=g\",\"caption\":\"CK\"},\"sameAs\":[\"https:\/\/www.nettali.com\"]}]}<\/script>\n<!-- \/ Yoast SEO Premium plugin. -->","yoast_head_json":{"title":"OM - Bamba Dieng veut rester | Nettali.com","robots":{"index":"index","follow":"follow","max-snippet":"max-snippet:-1","max-image-preview":"max-image-preview:large","max-video-preview":"max-video-preview:-1"},"canonical":"https:\/\/www.nettali.com\/2022\/06\/21\/om-bamba-dieng-veut-rester\/","og_locale":"fr_FR","og_type":"article","og_title":"OM - Bamba Dieng veut rester","og_description":"NETTALI.COM - Auteur d'une saison tr\u00e8s int\u00e9ressante avec l'Olympique de Marseille, le jeune attaquant Bamba Dieng (22 ans, 36 apparitions et 8 buts toutes comp\u00e9titions cette saison) compte bien poursuivre son apprentissage dans la cit\u00e9 phoc\u00e9enne. Selon La Provence, l'international s\u00e9n\u00e9galais veut rester \u00e0 l'OM cet \u00e9t\u00e9. Sa d\u00e9cision serait ferme et d\u00e9finitive, malgr\u00e9 l'int\u00e9r\u00eat [&hellip;]","og_url":"https:\/\/www.nettali.com\/2022\/06\/21\/om-bamba-dieng-veut-rester\/","og_site_name":"Nettali.com","article_publisher":"https:\/\/www.facebook.com\/nettalicom","article_published_time":"2022-06-21T06:27:46+00:00","og_image":[{"width":612,"height":298,"url":"https:\/\/www.nettali.com\/wp-content\/uploads\/2022\/06\/10bf71d99f17063b5ff2bc48a7b54eda0fa011d4.jpg","type":"image\/jpeg"}],"twitter_card":"summary_large_image","twitter_misc":{"\u00c9crit par":"CK","Dur\u00e9e de lecture estim\u00e9e":"1 minute"},"schema":{"@context":"https:\/\/schema.org","@graph":[{"@type":"WebSite","@id":"https:\/\/www.nettali.com\/#website","url":"https:\/\/www.nettali.com\/","name":"Nettali.com","description":"Le rendez-vous critique du Net","potentialAction":[{"@type":"SearchAction","target":{"@type":"EntryPoint","urlTemplate":"https:\/\/www.nettali.com\/?s={search_term_string}"},"query-input":"required name=search_term_string"}],"inLanguage":"fr-FR"},{"@type":"ImageObject","@id":"https:\/\/www.nettali.com\/2022\/06\/21\/om-bamba-dieng-veut-rester\/#primaryimage","inLanguage":"fr-FR","url":"https:\/\/www.nettali.com\/wp-content\/uploads\/2022\/06\/10bf71d99f17063b5ff2bc48a7b54eda0fa011d4.jpg","contentUrl":"https:\/\/www.nettali.com\/wp-content\/uploads\/2022\/06\/10bf71d99f17063b5ff2bc48a7b54eda0fa011d4.jpg","width":612,"height":298},{"@type":"WebPage","@id":"https:\/\/www.nettali.com\/2022\/06\/21\/om-bamba-dieng-veut-rester\/#webpage","url":"https:\/\/www.nettali.com\/2022\/06\/21\/om-bamba-dieng-veut-rester\/","name":"OM - Bamba Dieng veut rester | Nettali.com","isPartOf":{"@id":"https:\/\/www.nettali.com\/#website"},"primaryImageOfPage":{"@id":"https:\/\/www.nettali.com\/2022\/06\/21\/om-bamba-dieng-veut-rester\/#primaryimage"},"datePublished":"2022-06-21T06:27:46+00:00","dateModified":"2022-06-21T06:27:46+00:00","author":{"@id":"https:\/\/www.nettali.com\/#\/schema\/person\/d8ac7b7e27ddad43f1c0d2ef090d7f71"},"breadcrumb":{"@id":"https:\/\/www.nettali.com\/2022\/06\/21\/om-bamba-dieng-veut-rester\/#breadcrumb"},"inLanguage":"fr-FR","potentialAction":[{"@type":"ReadAction","target":["https:\/\/www.nettali.com\/2022\/06\/21\/om-bamba-dieng-veut-rester\/"]}]},{"@type":"BreadcrumbList","@id":"https:\/\/www.nettali.com\/2022\/06\/21\/om-bamba-dieng-veut-rester\/#breadcrumb","itemListElement":[{"@type":"ListItem","position":1,"name":"Accueil","item":"https:\/\/www.nettali.com\/"},{"@type":"ListItem","position":2,"name":"OM - Bamba Dieng veut rester"}]},{"@type":"Person","@id":"https:\/\/www.nettali.com\/#\/schema\/person\/d8ac7b7e27ddad43f1c0d2ef090d7f71","name":"CK","image":{"@type":"ImageObject","@id":"https:\/\/www.nettali.com\/#personlogo","inLanguage":"fr-FR","url":"https:\/\/secure.gravatar.com\/avatar\/1d8d5118b9327d94da7cd4ce7f17fec2?s=96&d=mm&r=g","contentUrl":"https:\/\/secure.gravatar.com\/avatar\/1d8d5118b9327d94da7cd4ce7f17fec2?s=96&d=mm&r=g","caption":"CK"},"sameAs":["https:\/\/www.nettali.com"]}]}},"_links":{"self":[{"href":"https:\/\/www.nettali.com\/rest\/wp\/v2\/posts\/88453"}],"collection":[{"href":"https:\/\/www.nettali.com\/rest\/wp\/v2\/posts"}],"about":[{"href":"https:\/\/www.nettali.com\/rest\/wp\/v2\/types\/post"}],"author":[{"embeddable":true,"href":"https:\/\/www.nettali.com\/rest\/wp\/v2\/users\/2"}],"replies":[{"embeddable":true,"href":"https:\/\/www.nettali.com\/rest\/wp\/v2\/comments?post=88453"}],"version-history":[{"count":1,"href":"https:\/\/www.nettali.com\/rest\/wp\/v2\/posts\/88453\/revisions"}],"predecessor-version":[{"id":88454,"href":"https:\/\/www.nettali.com\/rest\/wp\/v2\/posts\/88453\/revisions\/88454"}],"wp:featuredmedia":[{"embeddable":true,"href":"https:\/\/www.nettali.com\/rest\/wp\/v2\/media\/88461"}],"wp:attachment":[{"href":"https:\/\/www.nettali.com\/rest\/wp\/v2\/media?parent=88453"}],"wp:term":[{"taxonomy":"category","embeddable":true,"href":"https:\/\/www.nettali.com\/rest\/wp\/v2\/categories?post=88453"},{"taxonomy":"post_tag","embeddable":true,"href":"https:\/\/www.nettali.com\/rest\/wp\/v2\/tags?post=88453"}],"curies":[{"name":"wp","href":"https:\/\/api.w.org\/{rel}","templated":true}]}}